{"id":15240,"date":"2019-08-22T00:05:00","date_gmt":"2019-08-22T03:05:00","guid":{"rendered":"https:\/\/adhilac.com.ar\/?p=15240"},"modified":"2020-08-17T17:35:54","modified_gmt":"2020-08-17T20:35:54","slug":"vindicacion-de-bolivar-de-jorge-ibarra","status":"publish","type":"post","link":"https:\/\/adhilac.com.ar\/?p=15240","title":{"rendered":"Vindicaci\u00f3n de Bol\u00edvar de Jorge Ibarra"},"content":{"rendered":"\n<div class=\"wp-block-media-text alignwide has-media-on-the-right is-stacked-on-mobile is-image-fill has-background\" style=\"background:linear-gradient(135deg,rgb(2,3,129) 0%,rgb(40,116,252) 71%)\"><figure class=\"wp-block-media-text__media\" style=\"background-image:url(https:\/\/adhilac.com.ar\/wp-content\/uploads\/2019\/08\/07-Jorge-Ibarra-1.jpg);background-position:75.5% 44.49999491373698%\"><img loading=\"lazy\" decoding=\"async\" width=\"1000\" height=\"600\" src=\"https:\/\/adhilac.com.ar\/wp-content\/uploads\/2019\/08\/07-Jorge-Ibarra-1.jpg\" alt=\"\" class=\"wp-image-15243\" srcset=\"https:\/\/adhilac.com.ar\/wp-content\/uploads\/2019\/08\/07-Jorge-Ibarra-1.jpg 1000w, https:\/\/adhilac.com.ar\/wp-content\/uploads\/2019\/08\/07-Jorge-Ibarra-1-300x180.jpg 300w, https:\/\/adhilac.com.ar\/wp-content\/uploads\/2019\/08\/07-Jorge-Ibarra-1-768x461.jpg 768w\" sizes=\"auto, (max-width: 1000px) 100vw, 1000px\" \/><\/figure><div class=\"wp-block-media-text__content\">\n<p class=\"has-text-align-center has-very-light-gray-color has-text-color wp-block-paragraph\" style=\"font-size:15px\"><strong>Por Sergio Guerra Vilaboy<\/strong><\/p>\n<\/div><\/div>\n\n\n\n<p class=\"wp-block-paragraph\">Jorge Ibarra Cuesta (1931-2017) fue el primer historiador cubano cuya obra se hizo despu\u00e9s del triunfo de la Revoluci\u00f3n, destac\u00e1ndose por sus brillantes aportaciones historiogr\u00e1ficas y sus dotes de polemista. En 1953 result\u00f3 electo presidente de la Federaci\u00f3n de Estudiantes Universitarios (FEU) en la Universidad de Oriente. Sobresali\u00f3 como valeroso luchador contra la dictadura de Fulgencio Batista en los a\u00f1os cincuenta del pasado siglo. Obligado a exiliarse en Costa Rica, Estados Unidos y M\u00e9xico, entre 1956 y 1958, se entren\u00f3 en tierras veracruzanas para volver a Cuba en una malograda expedici\u00f3n que le permitiera incorporarse a la lucha armada en la Sierra Maestra.<\/p>\n\n\n\n<!--more-->\n\n\n\n<p class=\"wp-block-paragraph\">Tras el triunfo de la Revoluci\u00f3n Cubana, y graduado de abogado, labor\u00f3 en diversas instituciones, entre ellas, la Academia de Ciencias, el Instituto de Historia y como profesor en la Facultad de Derecho de la Universidad de La Habana. Realiz\u00f3 una valiosa obra historiogr\u00e1fica, caracterizada por su car\u00e1cter renovador, rigor metodol\u00f3gico y profundidad anal\u00edtica, que comenz\u00f3 en los a\u00f1os sesenta con su <em>Manual de Historia de Cuba y que continu\u00f3 con Ideolog\u00eda mambisa<\/em> (1967); <em>Aproximaciones a Cl\u00edo<\/em> (1979); <em>Naci\u00f3n y cultura nacional<\/em> (1981); <em>Un an\u00e1lisis sicosocial del cubano: 1898-1925<\/em> (1985); <em>Cuba: 1898-1921, partidos pol\u00edticos y clases sociales<\/em> (1993); <em>Cuba: 1898-1958, estructuras y procesos sociales<\/em> (1996); <em>M\u00e1ximo G\u00f3mez contra el Imperio<\/em> (2000); <em>Varela, el precursor. Un estudio de \u00e9poca<\/em> (2004); <em>Patria, etnia y naci\u00f3n<\/em> (2007): <em>Marx y los historiadores ante la hacienda y la plantaci\u00f3n esclavista<\/em> (2008); <em>Encrucijadas de la guerra prolongada<\/em> (2012) y <em>De s\u00fabitos a ciudadanos (siglos XVII-XIX): el proceso de formaci\u00f3n de las comunidades criollas del Caribe hispano (Cuba, Puerto Rico y Santo Domingo)<\/em>, en tres tomos (2012-2015). Esta obra descomunal lo aval\u00f3 para obtener el doctorado en Ciencias Hist\u00f3ricas y para ser escogido por el Consejo de Estado de la Rep\u00fablica de Cuba para integrar el grupo gestor de la refundaci\u00f3n, en 2010, de la Academia de la Historia de Cuba.<\/p>\n\n\n\n<figure class=\"wp-block-image size-large is-resized\"><img loading=\"lazy\" decoding=\"async\" src=\"https:\/\/adhilac.com.ar\/wp-content\/uploads\/2019\/08\/07-Jorge-Ibarra.jpg\" alt=\"\" class=\"wp-image-15241\" width=\"471\" height=\"283\" srcset=\"https:\/\/adhilac.com.ar\/wp-content\/uploads\/2019\/08\/07-Jorge-Ibarra.jpg 1000w, https:\/\/adhilac.com.ar\/wp-content\/uploads\/2019\/08\/07-Jorge-Ibarra-300x180.jpg 300w, https:\/\/adhilac.com.ar\/wp-content\/uploads\/2019\/08\/07-Jorge-Ibarra-768x461.jpg 768w\" sizes=\"auto, (max-width: 471px) 100vw, 471px\" \/><\/figure>\n\n\n\n<p class=\"wp-block-paragraph\">La historia de su \u00faltimo libro, <em>Sim\u00f3n Bol\u00edvar, entre Escila y Caribdis<\/em>, tiene que ver conmigo, no s\u00f3lo porque gestion\u00e9 a trav\u00e9s de Jorge El\u00edas Caro su publicaci\u00f3n por la Universidad colombiana del Magdalena en 2018, sino por la singular g\u00e9nesis del mismo. Tres a\u00f1os antes, Jorge Ibarra se apareci\u00f3 en mi casa un domingo en la ma\u00f1ana, portando en la mano un manoseado ejemplar de una obra reci\u00e9n publicada en Espa\u00f1a que lo hab\u00eda sacado de sus casillas. Se trataba de <em>La guerra a muerte. Bol\u00edvar y la campa\u00f1a admirable, (1813-1814)<\/em>, elaborado por un historiador canario a quien hac\u00eda poco tiempo el propio Ibarra hab\u00eda elogiado en la Academia de la Historia de Cuba por su producci\u00f3n anterior. Se sent\u00eda defraudado y ansiaba, de alg\u00fan modo, manifestar su inconformidad y distanciarse de aquel autor que ahora optaba, en forma muy oportunista, por abandonar el rigor hist\u00f3rico para atacar sin contemplaciones la figura de Sim\u00f3n Bol\u00edvar, con el evidente prop\u00f3sito de erosionar uno de los pilares ideol\u00f3gicos de la Revoluci\u00f3n Bolivariana en Venezuela, sustentada en el legado del Libertador.<\/p>\n\n\n\n<p class=\"wp-block-paragraph\">A partir de ese instante, a pesar de que deb\u00eda dejar por el momento otras  investigaciones que le apasionaban, Ibarra se consagr\u00f3 a indagar en los temas \u201cdestapados\u201d por el historiador canario mediante una acuciosa labor en archivos y bibliotecas habaneros que continu\u00f3 en Estados Unidos. Con <em>Sim\u00f3n Bol\u00edvar, entre Escila y Caribdis<\/em> logra esclarecer la verdad hist\u00f3rica y desmontar todas las falacias tejidas por los enemigos del Libertador y fue una obra, que, a diferencia de la mayor parte de su producci\u00f3n, no aborda un tema cubano, sino de la atribulada historia latinoamericana.<\/p>\n\n\n\n<p class=\"wp-block-paragraph\">El primero de los historiadores cubanos, como algunos calificamos a Jorge Ibarra, falleci\u00f3 en La Habana el 7 de junio de 2017 a los 85 a\u00f1os de edad. Era miembro de honor de la Asociaci\u00f3n de Historiadores Latinoamericanos y del Caribe (ADHILAC) y de N\u00famero de la Academia de la Historia de Cuba. Hab\u00eda recibido importantes distinciones y condecoraciones, entre ellas el Premio Nacional de Ciencias Sociales y Human\u00edsticas y el Premio Nacional de Historia.<\/p>\n\n\n\n<p class=\"wp-block-paragraph\">Publicado en INFORME FRACTO.com\/Madre Am\u00e9rica-Cuba, 21 de agosto de 2019. <\/p>\n\n\n\n<p class=\"wp-block-paragraph\"><\/p>\n\n\n\n<p class=\"wp-block-paragraph\"><strong>Publicado por ADHILAC Internacional \u00a9 www.adhilac.com.ar<\/strong><\/p>\n\n\n\n<p class=\"wp-block-paragraph\">\nSi Ud. desea asociarse de acuerdo a los Estatutos de ADHILAC&nbsp;<a href=\"https:\/\/adhilac.com.ar\/?page_id=263\">(ver)<\/a> complete el siguiente formulario&nbsp;<a href=\"https:\/\/adhilac.com.ar\/?page_id=3194\">(ver)<\/a><\/p>\n\n\n\n<p class=\"wp-block-paragraph\"> E-mail:&nbsp;info@adhilac.com.ar <\/p>\n\n\n\n<p class=\"wp-block-paragraph\"> Twitter: @AdhilacInfo <\/p>\n\n\n\n<p class=\"has-very-light-gray-color has-vivid-cyan-blue-background-color has-text-color has-background wp-block-paragraph\"><strong>Publicado por ADHILAC Internacional \u00a9 www.adhilac.com.ar<\/strong><\/p>\n\n\n\n<p class=\"has-vivid-cyan-blue-color has-very-light-gray-background-color has-text-color has-background wp-block-paragraph\"> Si Ud. desea asociarse de acuerdo a los Estatutos de ADHILAC&nbsp;<a href=\"https:\/\/adhilac.com.ar\/?page_id=263\">(ver)<\/a> complete el siguiente formulario&nbsp;(<a href=\"https:\/\/adhilac.com.ar\/?page_id=4779\">ver<\/a>)<\/p>\n\n\n\n<p class=\"has-very-light-gray-color has-vivid-cyan-blue-background-color has-text-color has-background wp-block-paragraph\"> E-mail:&nbsp;info@adhilac.com.ar <\/p>\n\n\n\n<p class=\"has-very-light-gray-color has-vivid-cyan-blue-background-color has-text-color has-background wp-block-paragraph\"> Twitter: @AdhilacInfo <\/p>\n\n\n\n<div class=\"wp-block-image\"><figure class=\"aligncenter size-large\"><img loading=\"lazy\" decoding=\"async\" width=\"85\" height=\"85\" src=\"https:\/\/adhilac.com.ar\/wp-content\/uploads\/2015\/02\/Logo-ADHILAC-Internacional-PEQ.jpg\" alt=\"\" class=\"wp-image-10473\"\/><\/figure><\/div>\n\n\n\n<p class=\"wp-block-paragraph\">Ver <a href=\"https:\/\/adhilac.com.ar\/?page_id=541\">Presentaci\u00f3n de ADHILAC<\/a><\/p>\n\n\n\n<div class=\"wp-block-group\"><div class=\"wp-block-group__inner-container is-layout-flow wp-block-group-is-layout-flow\">\n<p class=\"has-text-align-center has-very-light-gray-color has-vivid-cyan-blue-background-color has-text-color has-background wp-block-paragraph\"><strong><a href=\"https:\/\/adhilac.com.ar\/?page_id=541\">QUIENES SOMOS<\/a><\/strong><\/p>\n\n\n\n<p class=\"has-text-align-center has-vivid-cyan-blue-color has-very-light-gray-background-color has-text-color has-background wp-block-paragraph\"><strong><a href=\"https:\/\/adhilac.com.ar\/?page_id=15507\">DIRECTIVA DE ADHILAC INTERNACIONAL<\/a><\/strong><\/p>\n\n\n\n<p class=\"has-text-align-center has-very-light-gray-color has-vivid-cyan-blue-background-color has-text-color has-background wp-block-paragraph\"><strong><a href=\"https:\/\/adhilac.com.ar\/?page_id=267\">Declaraci\u00f3n de Caracas de ADHILAC (2007)<\/a><\/strong><\/p>\n\n\n\n<p class=\"has-text-align-center has-vivid-cyan-blue-color has-very-light-gray-background-color has-text-color has-background wp-block-paragraph\"><strong><a href=\"https:\/\/adhilac.com.ar\/?page_id=15873\">ADHILAC: Historia &#8211; Historidorxs<\/a><\/strong><\/p>\n\n\n\n<p class=\"has-text-align-center has-very-light-gray-color has-vivid-cyan-blue-background-color has-text-color has-background wp-block-paragraph\"><strong><a href=\"https:\/\/adhilac.com.ar\/?page_id=15876\">ADHILAC 20 a\u00f1os despu\u00e9s (1974-1994)<\/a> <\/strong><\/p>\n\n\n\n<p class=\"has-text-align-center has-vivid-cyan-blue-color has-very-light-gray-background-color has-text-color has-background wp-block-paragraph\"><strong><a href=\"https:\/\/adhilac.com.ar\/?page_id=15861\">ADHILAC Breve Historia<\/a> <\/strong><\/p>\n\n\n\n<p class=\"has-text-align-center has-very-light-gray-color has-vivid-cyan-blue-background-color has-text-color has-background wp-block-paragraph\"><strong><a href=\"https:\/\/adhilac.com.ar\/?page_id=15887\">ADHILAC: Miembrxs fundadores<\/a><\/strong><\/p>\n\n\n\n<p class=\"has-text-align-center has-vivid-cyan-blue-color has-very-light-gray-background-color has-text-color has-background wp-block-paragraph\"><strong><a href=\"https:\/\/adhilac.com.ar\/?page_id=15943\">ADHILAC: Historiadorxs Destacadxs<\/a><\/strong><\/p>\n\n\n\n<p class=\"has-text-align-center has-very-light-gray-color has-vivid-cyan-blue-background-color has-text-color has-background wp-block-paragraph\"><strong><a href=\"https:\/\/adhilac.com.ar\/?page_id=4779\">SOCIXS<\/a><\/strong><\/p>\n\n\n\n<p class=\"has-text-align-center has-vivid-cyan-blue-color has-very-light-gray-background-color has-text-color has-background wp-block-paragraph\"><strong><a href=\"https:\/\/adhilac.com.ar\/?page_id=263\">Estatutos de ADHILAC<\/a><\/strong><\/p>\n\n\n\n<p class=\"has-text-align-center has-very-light-gray-color has-vivid-cyan-blue-background-color has-text-color has-background wp-block-paragraph\"><strong><a href=\"https:\/\/adhilac.com.ar\/?page_id=8220\">BICENTENARIO<\/a><\/strong><\/p>\n\n\n\n<p class=\"has-text-align-center has-vivid-cyan-blue-color has-very-light-gray-background-color has-text-color has-background wp-block-paragraph\"><strong><a href=\"https:\/\/adhilac.com.ar\/?page_id=8279\">BIBLIOTECA<\/a><\/strong><\/p>\n\n\n\n<p class=\"has-text-align-center has-very-light-gray-color has-vivid-cyan-blue-background-color has-text-color has-background wp-block-paragraph\"><strong><a href=\"https:\/\/adhilac.com.ar\/?page_id=1698\">ENLACES<\/a> <\/strong><\/p>\n\n\n\n<p class=\"has-text-align-center has-vivid-cyan-blue-color has-very-light-gray-background-color has-text-color has-background wp-block-paragraph\"><a href=\"http:\/\/www.ariadnatucma.com.ar\">VISITE ARIADNA TUCMA REVISTA LATINOAMERICANA<\/a><\/p>\n<\/div><\/div>\n","protected":false},"excerpt":{"rendered":"<p>Por Sergio Guerra Vilaboy Jorge Ibarra Cuesta (1931-2017) fue el primer historiador cubano cuya obra se hizo despu\u00e9s del triunfo de la Revoluci\u00f3n, destac\u00e1ndose por sus brillantes aportaciones historiogr\u00e1ficas y sus dotes de polemista. En 1953 result\u00f3 electo presidente de la Federaci\u00f3n de Estudiantes Universitarios (FEU) en la Universidad de Oriente. Sobresali\u00f3 como valeroso luchador [&hellip;]<\/p>\n","protected":false},"author":2,"featured_media":0,"comment_status":"closed","ping_status":"open","sticky":false,"template":"","format":"standard","meta":{"_crdt_document":"","footnotes":""},"categories":[15,351],"tags":[114,783],"class_list":["post-15240","post","type-post","status-publish","format-standard","hentry","category-historia","category-historiadores","tag-historiadores-latinoamericanistas","tag-jorge-ibarra-cuesta"],"_links":{"self":[{"href":"https:\/\/adhilac.com.ar\/index.php?rest_route=\/wp\/v2\/posts\/15240","targetHints":{"allow":["GET"]}}],"collection":[{"href":"https:\/\/adhilac.com.ar\/index.php?rest_route=\/wp\/v2\/posts"}],"about":[{"href":"https:\/\/adhilac.com.ar\/index.php?rest_route=\/wp\/v2\/types\/post"}],"author":[{"embeddable":true,"href":"https:\/\/adhilac.com.ar\/index.php?rest_route=\/wp\/v2\/users\/2"}],"replies":[{"embeddable":true,"href":"https:\/\/adhilac.com.ar\/index.php?rest_route=%2Fwp%2Fv2%2Fcomments&post=15240"}],"version-history":[{"count":6,"href":"https:\/\/adhilac.com.ar\/index.php?rest_route=\/wp\/v2\/posts\/15240\/revisions"}],"predecessor-version":[{"id":16984,"href":"https:\/\/adhilac.com.ar\/index.php?rest_route=\/wp\/v2\/posts\/15240\/revisions\/16984"}],"wp:attachment":[{"href":"https:\/\/adhilac.com.ar\/index.php?rest_route=%2Fwp%2Fv2%2Fmedia&parent=15240"}],"wp:term":[{"taxonomy":"category","embeddable":true,"href":"https:\/\/adhilac.com.ar\/index.php?rest_route=%2Fwp%2Fv2%2Fcategories&post=15240"},{"taxonomy":"post_tag","embeddable":true,"href":"https:\/\/adhilac.com.ar\/index.php?rest_route=%2Fwp%2Fv2%2Ftags&post=15240"}],"curies":[{"name":"wp","href":"https:\/\/api.w.org\/{rel}","templated":true}]}}