{"id":15245,"date":"2019-08-31T00:12:00","date_gmt":"2019-08-31T03:12:00","guid":{"rendered":"https:\/\/adhilac.com.ar\/?p=15245"},"modified":"2020-08-17T10:55:50","modified_gmt":"2020-08-17T13:55:50","slug":"jose-a-tabares-escuela-de-historia-y-la-adhilac","status":"publish","type":"post","link":"https:\/\/adhilac.com.ar\/?p=15245","title":{"rendered":"Jos\u00e9 A. Tabares, Escuela de Historia y la ADHILAC"},"content":{"rendered":"\n<div class=\"wp-block-media-text alignwide is-stacked-on-mobile is-image-fill has-background\" style=\"background:linear-gradient(135deg,rgba(252,185,0,1) 23%,rgba(255,105,0,1) 100%)\"><figure class=\"wp-block-media-text__media\" style=\"background-image:url(https:\/\/adhilac.com.ar\/wp-content\/uploads\/2019\/08\/08-Tabares-Jose-02-1.jpg);background-position:10% 51%\"><img loading=\"lazy\" decoding=\"async\" width=\"1000\" height=\"600\" src=\"https:\/\/adhilac.com.ar\/wp-content\/uploads\/2019\/08\/08-Tabares-Jose-02-1.jpg\" alt=\"\" class=\"wp-image-15249\" srcset=\"https:\/\/adhilac.com.ar\/wp-content\/uploads\/2019\/08\/08-Tabares-Jose-02-1.jpg 1000w, https:\/\/adhilac.com.ar\/wp-content\/uploads\/2019\/08\/08-Tabares-Jose-02-1-300x180.jpg 300w, https:\/\/adhilac.com.ar\/wp-content\/uploads\/2019\/08\/08-Tabares-Jose-02-1-768x461.jpg 768w\" sizes=\"auto, (max-width: 1000px) 100vw, 1000px\" \/><\/figure><div class=\"wp-block-media-text__content\">\n<p class=\"has-text-align-center has-vivid-red-color has-text-color wp-block-paragraph\" style=\"font-size:15px\"><strong>Por Sergio Guerra Vilaboy <\/strong><\/p>\n<\/div><\/div>\n\n\n\n<p class=\"wp-block-paragraph\">Vi por primera vez a Tabares en el Anfiteatro de la Escuela de Letras y Artes de la Universidad de La Habana en 1969, cuando nos lo presentaban como nuevo Director de la Escuela de Historia. De manera irreverente, nos habl\u00f3 sentado encima de la mesa del proscenio y con sus piernas cruzadas. Era su peculiar manera de anunciar que se propon\u00eda revolucionar la Escuela, lo que intent\u00f3 durante su breve mandato, apenas de un a\u00f1o, pues se granje\u00f3 la resistencia de parte del claustro.<\/p>\n\n\n\n<!--more-->\n\n\n\n<p class=\"wp-block-paragraph\"><\/p>\n\n\n\n<p class=\"wp-block-paragraph\">Tabares introdujo una serie de cambios para impulsar la divulgaci\u00f3n y la socializaci\u00f3n de los conocimientos hist\u00f3ricos, en correspondencia con la \u201cOfensiva Revolucionaria\u201d que entonces se desarrollaba en Cuba. Para ello, promovi\u00f3 la participaci\u00f3n de alumnos y docentes en labores comunitarias en f\u00e1bricas de az\u00facar y otras industrias, impuls\u00f3 las charlas y trabajos voluntarios en centros productivos y organiz\u00f3 conferencias p\u00fablicas en la Universidad impartidas en horario nocturno. Adem\u00e1s, promovi\u00f3 contactos con reconocidos historiadores \u2013Jorge Ibarra, Manuel Moreno Fraginals, Julio Le Riverend, etc.- y dio a los estudiantes amplia participaci\u00f3n en la direcci\u00f3n de la Escuela.<\/p>\n\n\n\n<figure class=\"wp-block-image size-large\"><img loading=\"lazy\" decoding=\"async\" width=\"1000\" height=\"600\" src=\"https:\/\/adhilac.com.ar\/wp-content\/uploads\/2019\/08\/08-Tabares-Jose-01.jpg\" alt=\"\" class=\"wp-image-15246\" srcset=\"https:\/\/adhilac.com.ar\/wp-content\/uploads\/2019\/08\/08-Tabares-Jose-01.jpg 1000w, https:\/\/adhilac.com.ar\/wp-content\/uploads\/2019\/08\/08-Tabares-Jose-01-300x180.jpg 300w, https:\/\/adhilac.com.ar\/wp-content\/uploads\/2019\/08\/08-Tabares-Jose-01-768x461.jpg 768w\" sizes=\"auto, (max-width: 1000px) 100vw, 1000px\" \/><\/figure>\n\n\n\n<p class=\"wp-block-paragraph\"><\/p>\n\n\n\n<p class=\"wp-block-paragraph\">La designaci\u00f3n de Jos\u00e9 A. Tabares del Real (1932-2001) en ese cargo ven\u00eda avalada por su labor revolucionaria y su vocaci\u00f3n de historiador. En 1955, cuando estudiaba para Contador P\u00fablico en la Universidad de La Habana se incorpor\u00f3 a la lucha contra Batista en el Movimiento 26 de julio. Tras el triunfo de la Revoluci\u00f3n fue fundador de la Revista <em>Verde Olivo<\/em>, de la primera escuela de instrucci\u00f3n revolucionaria, Embajador en Bolivia y tuvo responsabilidades en el Ministerio de Industrias y el Instituto Nacional de Reforma Agraria (INRA). Al asumir la direcci\u00f3n de la Escuela de Historia, dirig\u00eda el Archivo Nacional y la Comisi\u00f3n creada en La Habana por el centenario de las guerras de independencia. Ya hab\u00eda publicado en Chile su primer libro,<em> La Revoluci\u00f3n Cubana: ensayo de interpretaci\u00f3n<\/em> (1960), con pr\u00f3logo de Salvador Allende, fruto de sus conferencias en la tierra austral, y que circul\u00f3 en Cuba un a\u00f1o despu\u00e9s en edici\u00f3n del Patronato del Libro Popular.<\/p>\n\n\n\n<p class=\"wp-block-paragraph\">Despu\u00e9s dejar la Escuela de Historia, Tabares obtuvo su doctorado en Historia en la Universidad de Rostock (Alemania). En esos a\u00f1os labor\u00f3 en el peri\u00f3dico <em>Granma<\/em>, dirigi\u00f3 la Comisi\u00f3n de Orientaci\u00f3n Revolucionaria (COR) en Sancti Sp\u00edritus, fue vocero del Ministerio de Relaciones Exteriores, as\u00ed como Embajador en Hungr\u00eda y asesor en la Televisi\u00f3n Cubana. Por entonces ya hab\u00eda publicado sus conocidos libros: <em>La Revoluci\u00f3n del 30: sus dos \u00faltimos a\u00f1os<\/em> (1971), Premio del Concurso 26 de Julio de las Fuerzas Armadas Revolucionarias (FAR), y su biograf\u00eda <em>Guiteras<\/em> (1973), sobre el l\u00edder revolucionario cubano de los a\u00f1os treinta, as\u00ed como varios ensayos, sobre temas poco abordados como \u201cPol\u00edtica exterior del gobierno de Ram\u00f3n Grau San Mart\u00edn (1944-1948)\u201d y \u201cFulgencio Batista y la Asamblea Constituyente de 1940\u201d, este \u00faltimo un avance de su inconclusa biograf\u00eda del aborrecido dictador.<\/p>\n\n\n\n<div style=\"height:20px\" aria-hidden=\"true\" class=\"wp-block-spacer\"><\/div>\n\n\n\n<p class=\"wp-block-paragraph\">Reincorporado a la actividad acad\u00e9mica, en la Facultad Latinoamericana de Ciencias Sociales (FLACSO) y en la Casa de Altos Estudios Fernando Ortiz, ambas de la Universidad de La Habana, nos hicimos muy amigos, sobre todo desde que en 1996 ingresara a la directiva cubana de la Asociaci\u00f3n de Historiadores Latinoamericanos y del Caribe (ADHILAC). Una de las \u00faltimas veces que hablamos fue por tel\u00e9fono, cuando prepar\u00e1bamos el encuentro de ADHILAC en Pontevedra (Espa\u00f1a) de septiembre de 2001, para comunicarme que no podr\u00eda asistir, pues ya no se sent\u00eda bien, y s\u00f3lo tres meses despu\u00e9s falleci\u00f3. Desde entonces, la secci\u00f3n cubana de ADHILAC perdi\u00f3 su valiosa presencia, que coloreaba nuestras reuniones con un chispeante anecdotario, acompa\u00f1ado de un apetito voraz y su sed insaciable.<\/p>\n\n\n\n<div style=\"height:20px\" aria-hidden=\"true\" class=\"wp-block-spacer\"><\/div>\n\n\n\n<p class=\"wp-block-paragraph\">Publicado en  INFORME  FRACTO.com\/Madre Am\u00e9rica-Cuba,  Agosto 30, 2019.  <\/p>\n\n\n\n<p class=\"wp-block-paragraph\"><\/p>\n\n\n\n<p class=\"wp-block-paragraph\"><strong>Publicado por ADHILAC Internacional \u00a9 www.adhilac.com.ar<\/strong><\/p>\n\n\n\n<p class=\"wp-block-paragraph\">\nSi Ud. desea asociarse de acuerdo a los Estatutos de ADHILAC&nbsp;<a href=\"https:\/\/adhilac.com.ar\/?page_id=263\">(ver)<\/a> complete el siguiente formulario&nbsp;<a href=\"https:\/\/adhilac.com.ar\/?page_id=3194\">(ver)<\/a><\/p>\n\n\n\n<p class=\"wp-block-paragraph\"> E-mail:&nbsp;info@adhilac.com.ar <\/p>\n\n\n\n<p class=\"wp-block-paragraph\"> Twitter: @AdhilacInfo <\/p>\n\n\n\n<p class=\"has-very-light-gray-color has-vivid-cyan-blue-background-color has-text-color has-background wp-block-paragraph\"><strong>Publicado por ADHILAC Internacional \u00a9 www.adhilac.com.ar<\/strong><\/p>\n\n\n\n<p class=\"has-vivid-cyan-blue-color has-very-light-gray-background-color has-text-color has-background wp-block-paragraph\"> Si Ud. desea asociarse de acuerdo a los Estatutos de ADHILAC&nbsp;<a href=\"https:\/\/adhilac.com.ar\/?page_id=263\">(ver)<\/a> complete el siguiente formulario&nbsp;(<a href=\"https:\/\/adhilac.com.ar\/?page_id=4779\">ver<\/a>)<\/p>\n\n\n\n<p class=\"has-very-light-gray-color has-vivid-cyan-blue-background-color has-text-color has-background wp-block-paragraph\"> E-mail:&nbsp;info@adhilac.com.ar <\/p>\n\n\n\n<p class=\"has-very-light-gray-color has-vivid-cyan-blue-background-color has-text-color has-background wp-block-paragraph\"> Twitter: @AdhilacInfo <\/p>\n\n\n\n<div class=\"wp-block-image\"><figure class=\"aligncenter size-large\"><img loading=\"lazy\" decoding=\"async\" width=\"85\" height=\"85\" src=\"https:\/\/adhilac.com.ar\/wp-content\/uploads\/2015\/02\/Logo-ADHILAC-Internacional-PEQ.jpg\" alt=\"\" class=\"wp-image-10473\"\/><\/figure><\/div>\n\n\n\n<p class=\"wp-block-paragraph\">Ver <a href=\"https:\/\/adhilac.com.ar\/?page_id=541\">Presentaci\u00f3n de ADHILAC<\/a><\/p>\n\n\n\n<div class=\"wp-block-group\"><div class=\"wp-block-group__inner-container is-layout-flow wp-block-group-is-layout-flow\">\n<p class=\"has-text-align-center has-very-light-gray-color has-vivid-cyan-blue-background-color has-text-color has-background wp-block-paragraph\"><strong><a href=\"https:\/\/adhilac.com.ar\/?page_id=541\">QUIENES SOMOS<\/a><\/strong><\/p>\n\n\n\n<p class=\"has-text-align-center has-vivid-cyan-blue-color has-very-light-gray-background-color has-text-color has-background wp-block-paragraph\"><strong><a href=\"https:\/\/adhilac.com.ar\/?page_id=15507\">DIRECTIVA DE ADHILAC INTERNACIONAL<\/a><\/strong><\/p>\n\n\n\n<p class=\"has-text-align-center has-very-light-gray-color has-vivid-cyan-blue-background-color has-text-color has-background wp-block-paragraph\"><strong><a href=\"https:\/\/adhilac.com.ar\/?page_id=267\">Declaraci\u00f3n de Caracas de ADHILAC (2007)<\/a><\/strong><\/p>\n\n\n\n<p class=\"has-text-align-center has-vivid-cyan-blue-color has-very-light-gray-background-color has-text-color has-background wp-block-paragraph\"><strong><a href=\"https:\/\/adhilac.com.ar\/?page_id=15873\">ADHILAC: Historia &#8211; Historidorxs<\/a><\/strong><\/p>\n\n\n\n<p class=\"has-text-align-center has-very-light-gray-color has-vivid-cyan-blue-background-color has-text-color has-background wp-block-paragraph\"><strong><a href=\"https:\/\/adhilac.com.ar\/?page_id=15876\">ADHILAC 20 a\u00f1os despu\u00e9s (1974-1994)<\/a> <\/strong><\/p>\n\n\n\n<p class=\"has-text-align-center has-vivid-cyan-blue-color has-very-light-gray-background-color has-text-color has-background wp-block-paragraph\"><strong><a href=\"https:\/\/adhilac.com.ar\/?page_id=15861\">ADHILAC Breve Historia<\/a> <\/strong><\/p>\n\n\n\n<p class=\"has-text-align-center has-very-light-gray-color has-vivid-cyan-blue-background-color has-text-color has-background wp-block-paragraph\"><strong><a href=\"https:\/\/adhilac.com.ar\/?page_id=15887\">ADHILAC: Miembrxs fundadores<\/a><\/strong><\/p>\n\n\n\n<p class=\"has-text-align-center has-vivid-cyan-blue-color has-very-light-gray-background-color has-text-color has-background wp-block-paragraph\"><strong><a href=\"https:\/\/adhilac.com.ar\/?page_id=15943\">ADHILAC: Historiadorxs Destacadxs<\/a><\/strong><\/p>\n\n\n\n<p class=\"has-text-align-center has-very-light-gray-color has-vivid-cyan-blue-background-color has-text-color has-background wp-block-paragraph\"><strong><a href=\"https:\/\/adhilac.com.ar\/?page_id=4779\">SOCIXS<\/a><\/strong><\/p>\n\n\n\n<p class=\"has-text-align-center has-vivid-cyan-blue-color has-very-light-gray-background-color has-text-color has-background wp-block-paragraph\"><strong><a href=\"https:\/\/adhilac.com.ar\/?page_id=263\">Estatutos de ADHILAC<\/a><\/strong><\/p>\n\n\n\n<p class=\"has-text-align-center has-very-light-gray-color has-vivid-cyan-blue-background-color has-text-color has-background wp-block-paragraph\"><strong><a href=\"https:\/\/adhilac.com.ar\/?page_id=8220\">BICENTENARIO<\/a><\/strong><\/p>\n\n\n\n<p class=\"has-text-align-center has-vivid-cyan-blue-color has-very-light-gray-background-color has-text-color has-background wp-block-paragraph\"><strong><a href=\"https:\/\/adhilac.com.ar\/?page_id=8279\">BIBLIOTECA<\/a><\/strong><\/p>\n\n\n\n<p class=\"has-text-align-center has-very-light-gray-color has-vivid-cyan-blue-background-color has-text-color has-background wp-block-paragraph\"><strong><a href=\"https:\/\/adhilac.com.ar\/?page_id=1698\">ENLACES<\/a> <\/strong><\/p>\n\n\n\n<p class=\"has-text-align-center has-vivid-cyan-blue-color has-very-light-gray-background-color has-text-color has-background wp-block-paragraph\"><a href=\"http:\/\/www.ariadnatucma.com.ar\">VISITE ARIADNA TUCMA REVISTA LATINOAMERICANA<\/a><\/p>\n<\/div><\/div>\n","protected":false},"excerpt":{"rendered":"<p>Por Sergio Guerra Vilaboy Vi por primera vez a Tabares en el Anfiteatro de la Escuela de Letras y Artes de la Universidad de La Habana en 1969, cuando nos lo presentaban como nuevo Director de la Escuela de Historia. De manera irreverente, nos habl\u00f3 sentado encima de la mesa del proscenio y con sus [&hellip;]<\/p>\n","protected":false},"author":2,"featured_media":0,"comment_status":"closed","ping_status":"closed","sticky":false,"template":"","format":"standard","meta":{"_crdt_document":"","footnotes":""},"categories":[15,351],"tags":[114,900],"class_list":["post-15245","post","type-post","status-publish","format-standard","hentry","category-historia","category-historiadores","tag-historiadores-latinoamericanistas","tag-jose-a-tabares"],"_links":{"self":[{"href":"https:\/\/adhilac.com.ar\/index.php?rest_route=\/wp\/v2\/posts\/15245","targetHints":{"allow":["GET"]}}],"collection":[{"href":"https:\/\/adhilac.com.ar\/index.php?rest_route=\/wp\/v2\/posts"}],"about":[{"href":"https:\/\/adhilac.com.ar\/index.php?rest_route=\/wp\/v2\/types\/post"}],"author":[{"embeddable":true,"href":"https:\/\/adhilac.com.ar\/index.php?rest_route=\/wp\/v2\/users\/2"}],"replies":[{"embeddable":true,"href":"https:\/\/adhilac.com.ar\/index.php?rest_route=%2Fwp%2Fv2%2Fcomments&post=15245"}],"version-history":[{"count":7,"href":"https:\/\/adhilac.com.ar\/index.php?rest_route=\/wp\/v2\/posts\/15245\/revisions"}],"predecessor-version":[{"id":16940,"href":"https:\/\/adhilac.com.ar\/index.php?rest_route=\/wp\/v2\/posts\/15245\/revisions\/16940"}],"wp:attachment":[{"href":"https:\/\/adhilac.com.ar\/index.php?rest_route=%2Fwp%2Fv2%2Fmedia&parent=15245"}],"wp:term":[{"taxonomy":"category","embeddable":true,"href":"https:\/\/adhilac.com.ar\/index.php?rest_route=%2Fwp%2Fv2%2Fcategories&post=15245"},{"taxonomy":"post_tag","embeddable":true,"href":"https:\/\/adhilac.com.ar\/index.php?rest_route=%2Fwp%2Fv2%2Ftags&post=15245"}],"curies":[{"name":"wp","href":"https:\/\/api.w.org\/{rel}","templated":true}]}}