{"id":15263,"date":"2019-08-14T00:50:00","date_gmt":"2019-08-14T03:50:00","guid":{"rendered":"https:\/\/adhilac.com.ar\/?p=15263"},"modified":"2020-08-17T17:41:26","modified_gmt":"2020-08-17T20:41:26","slug":"elixio-villaverde-gallego-que-amo-a-la-madre-america","status":"publish","type":"post","link":"https:\/\/adhilac.com.ar\/?p=15263","title":{"rendered":"Elixio Villaverde, gallego que am\u00f3 a la Madre Am\u00e9rica"},"content":{"rendered":"\n<div class=\"wp-block-media-text alignwide has-media-on-the-right is-stacked-on-mobile is-image-fill has-pale-ocean-gradient-background has-background\" style=\"grid-template-columns:auto 57%\"><figure class=\"wp-block-media-text__media\" style=\"background-image:url(https:\/\/adhilac.com.ar\/wp-content\/uploads\/2019\/08\/06-Elixio-01.jpg);background-position:57.99999999999999% 50.333328247070305%\"><img loading=\"lazy\" decoding=\"async\" width=\"1000\" height=\"600\" src=\"https:\/\/adhilac.com.ar\/wp-content\/uploads\/2019\/08\/06-Elixio-01.jpg\" alt=\"\" class=\"wp-image-15261\" srcset=\"https:\/\/adhilac.com.ar\/wp-content\/uploads\/2019\/08\/06-Elixio-01.jpg 1000w, https:\/\/adhilac.com.ar\/wp-content\/uploads\/2019\/08\/06-Elixio-01-300x180.jpg 300w, https:\/\/adhilac.com.ar\/wp-content\/uploads\/2019\/08\/06-Elixio-01-768x461.jpg 768w\" sizes=\"auto, (max-width: 1000px) 100vw, 1000px\" \/><\/figure><div class=\"wp-block-media-text__content\">\n<p class=\"has-text-align-center has-vivid-purple-color has-text-color wp-block-paragraph\" style=\"font-size:15px\"><strong>Por Sergio Guerra Vilaboy<\/strong><\/p>\n<\/div><\/div>\n\n\n\n<p class=\"wp-block-paragraph\">Elixio Villaverde Garc\u00eda, fue un historiador gallego cuyo entusiasmo por la emigraci\u00f3n de Galicia a Cuba y Yucat\u00e1n, lo convirti\u00f3 en amigo de muchos y puente solidario entre su tierra y la Madre Am\u00e9rica.<\/p>\n\n\n\n<!--more-->\n\n\n\n<p class=\"wp-block-paragraph\">Elixio Villaverde Garc\u00eda (1954-2018) fue sin duda un hombre irrepetible. Se me present\u00f3 en La Habana cuando realizaba sus estudios sobre la inmigraci\u00f3n gallega a M\u00e9xico. De inmediato hicimos buenas migas, como \u00e9l mismo relat\u00f3 en <em>Chacmool, cuadernos de trabajo cubano-mexicanos<\/em> (2003): \u201cConoc\u00ed tambi\u00e9n en aquellos d\u00edas de julio de 1994 a los coordinadores de esta publicaci\u00f3n, al profesor Carlos Boj\u00f3rquez Urzaiz, con el que intercambi\u00e9 unas breves impresiones acerca de mi investigaci\u00f3n en la Universidad Aut\u00f3noma de Yucat\u00e1n y unos d\u00edas antes al Profesor Sergio Guerra Vilaboy, de ascendencia galaica, en La Habana, donde me obsequi\u00f3 con una comida t\u00edpica cubana que compart\u00ed con su esposa e hijas despu\u00e9s de una larga faena investigadora en la Biblioteca Nacional Jos\u00e9 Mart\u00ed y de varias incursiones por el puerto habanero y por el de Regla entrevistando a marineros gallegos que pescaran toda su vida en Yucat\u00e1n, desde Campeche a Progreso, de aqu\u00ed a Isla Mujeres y desde el actual Canc\u00fan a Chetumal.\u201d<\/p>\n\n\n\n<figure class=\"wp-block-image size-large is-resized\"><img loading=\"lazy\" decoding=\"async\" src=\"https:\/\/adhilac.com.ar\/wp-content\/uploads\/2019\/08\/06-Elixio-01.jpg\" alt=\"\" class=\"wp-image-15261\" width=\"557\" height=\"334\" srcset=\"https:\/\/adhilac.com.ar\/wp-content\/uploads\/2019\/08\/06-Elixio-01.jpg 1000w, https:\/\/adhilac.com.ar\/wp-content\/uploads\/2019\/08\/06-Elixio-01-300x180.jpg 300w, https:\/\/adhilac.com.ar\/wp-content\/uploads\/2019\/08\/06-Elixio-01-768x461.jpg 768w\" sizes=\"auto, (max-width: 557px) 100vw, 557px\" \/><\/figure>\n\n\n\n<p class=\"wp-block-paragraph\"><\/p>\n\n\n\n<figure class=\"wp-block-image size-large is-resized\"><img loading=\"lazy\" decoding=\"async\" src=\"https:\/\/adhilac.com.ar\/wp-content\/uploads\/2019\/08\/06-Elixio-02.jpg\" alt=\"\" class=\"wp-image-15264\" width=\"562\" height=\"337\" srcset=\"https:\/\/adhilac.com.ar\/wp-content\/uploads\/2019\/08\/06-Elixio-02.jpg 1000w, https:\/\/adhilac.com.ar\/wp-content\/uploads\/2019\/08\/06-Elixio-02-300x180.jpg 300w, https:\/\/adhilac.com.ar\/wp-content\/uploads\/2019\/08\/06-Elixio-02-768x461.jpg 768w\" sizes=\"auto, (max-width: 562px) 100vw, 562px\" \/><\/figure>\n\n\n\n<p class=\"wp-block-paragraph\">Desde entonces, Elixio no falt\u00f3 en los congresos de la Asociaci\u00f3n de Historiadores Latinoamericanos y del Caribe (ADHILAC) y los eventos de la Asociaci\u00f3n por la Unidad de Nuestra Am\u00e9rica (AUNA), estos \u00faltimos organizadas por Carlos Oliva. Recuerdo su emoci\u00f3n al estar en Caracas (2004) en la constituci\u00f3n de la Red de Intelectuales en Defensa de la Humanidad, y su tremenda impresi\u00f3n al encontrarse en persona al presidente Hugo Ch\u00e1vez, a quien calific\u00f3 de \u201cacojonante\u201d.<\/p>\n\n\n\n<p class=\"wp-block-paragraph\"><\/p>\n\n\n\n<p class=\"wp-block-paragraph\">Doctor en Historia por la Universidad de Santiago de Compostela, Elixio Villaverde fue profesor en escuelas secundarias de Orense, labor que combinaba con la investigaci\u00f3n. Colabor\u00f3 con <em>La Voz de Galicia<\/em>, <em>El Ideal Gallego<\/em>, <em>El Correo Galego<\/em>, <em>La Regi\u00f3n<\/em> y <em>Excelsior de M\u00e9xico<\/em>. Public\u00f3 art\u00edculos en la <em>Gran Enciclopedia Gallega<\/em>, <em>Oll\u00e1paro<\/em>, <em>Grial<\/em> y <em>A Trabe de Ouro<\/em>. Desde 1973 promovi\u00f3 diversas actividades como presidente de los <em>Xoves Culturais do Barbanza<\/em> (1988-1992). Escribi\u00f3 ensayos y libros, entre ellos: <em>A Terra de Orcell\u00f3n e O Irixo<\/em>, (1986); <em>Ram\u00f3n Mart\u00ednez L\u00f3pez. Pola universalidade de Galicia<\/em>, (1992), junto a Xos\u00e9 Amancio Li\u00f1ares Giraut; <em>Heroes e M\u00e1rtires. A II\u00aa Rep\u00fablica e a Guerra Civil no Barbanza<\/em> (1996); <em>Pioneiros na corrente do golfo, A primeira emigraci\u00f3n galega a M\u00e9xico <\/em>(1837-1936), editado en 2001, y Gallegos en M\u00e9xico (1878-1936). <em>Inmigraci\u00f3n e sociedade no al\u00e9n mar<\/em> (2003).<\/p>\n\n\n\n<p class=\"wp-block-paragraph\">Elixio nos desbordaba por la pasi\u00f3n que pon\u00eda en todo los asuntos en que se involucraba. Con los cubanos fue especialmente solidario. Una vez trajo a La Habana un voluminoso donativo para los ni\u00f1os, sin cumplir ninguno de los requisitos establecidos, teniendo que pasar un d\u00eda entero, junto a mi yerno Leovanis Gonz\u00e1lez y el fallecido historiador veracruzano Feliciano Garc\u00eda, sorteando los tr\u00e1mites aduaneros. En otra ocasi\u00f3n, cuando con Carlos Oliva realiz\u00e1bamos una visita a Coru\u00f1a, fue nuestro espont\u00e1neo anfitri\u00f3n, organiz\u00e1ndonos un intenso programa de conferencias, encuentros, entrevistas, etc. Le rogu\u00e9 nos dejara libre el \u00faltimo d\u00eda, para poder recorrer con tranquilidad el bello centro hist\u00f3rico de Santiago de Compostela. Pese a ello, temprano en la ma\u00f1ana llam\u00f3 por tel\u00e9fono para que vi\u00e9ramos en el ayuntamiento, \u201cs\u00f3lo por unos minutos\u201d, a un concejal amigo suyo. A rega\u00f1adientes fuimos a verlo y lo despachamos r\u00e1pidamente, pero el edil nos dijo que el Alcalde nos esperaba. Resignados, pasamos a un lujoso sal\u00f3n del Palacio Consistorial e intercambiamos palabras con el Alcalde de Santiago y, al intentar despedirnos, nos indic\u00f3 que no pod\u00edamos marcharnos todav\u00eda, pues estaba convocada una rueda de prensa con la televisi\u00f3n. No en balde al ser develada una placa en su casa natal en O Irixo, donde se le consideraba hijo predilecto, la principal autoridad de esta localidad gallega declarara a la prensa que fue \u201cel vecino m\u00e1s emblem\u00e1tico que ha tenido el pueblo y ha de ser recordado como una persona que hizo mucho por nosotros\u201d.<\/p>\n\n\n\n<div style=\"height:20px\" aria-hidden=\"true\" class=\"wp-block-spacer\"><\/div>\n\n\n\n<p class=\"wp-block-paragraph\">Publicado en INFORME  FRACTO.com\/Madre Am\u00e9rica-Cuba, 13 de agosto de 2019.<\/p>\n\n\n\n<p class=\"wp-block-paragraph\"><br \/><br \/><\/p>\n\n\n\n<p class=\"has-very-light-gray-color has-vivid-cyan-blue-background-color has-text-color has-background wp-block-paragraph\"><strong>Publicado por ADHILAC Internacional \u00a9 www.adhilac.com.ar<\/strong><\/p>\n\n\n\n<p class=\"has-vivid-cyan-blue-color has-very-light-gray-background-color has-text-color has-background wp-block-paragraph\"> Si Ud. desea asociarse de acuerdo a los Estatutos de ADHILAC&nbsp;<a href=\"https:\/\/adhilac.com.ar\/?page_id=263\">(ver)<\/a> complete el siguiente formulario&nbsp;(<a href=\"https:\/\/adhilac.com.ar\/?page_id=4779\">ver<\/a>)<\/p>\n\n\n\n<p class=\"has-very-light-gray-color has-vivid-cyan-blue-background-color has-text-color has-background wp-block-paragraph\"> E-mail:&nbsp;info@adhilac.com.ar <\/p>\n\n\n\n<p class=\"has-very-light-gray-color has-vivid-cyan-blue-background-color has-text-color has-background wp-block-paragraph\"> Twitter: @AdhilacInfo <\/p>\n\n\n\n<div class=\"wp-block-image\"><figure class=\"aligncenter size-large\"><img loading=\"lazy\" decoding=\"async\" width=\"85\" height=\"85\" src=\"https:\/\/adhilac.com.ar\/wp-content\/uploads\/2015\/02\/Logo-ADHILAC-Internacional-PEQ.jpg\" alt=\"\" class=\"wp-image-10473\"\/><\/figure><\/div>\n\n\n\n<p class=\"wp-block-paragraph\">Ver <a href=\"https:\/\/adhilac.com.ar\/?page_id=541\">Presentaci\u00f3n de ADHILAC<\/a><\/p>\n\n\n\n<div class=\"wp-block-group\"><div class=\"wp-block-group__inner-container is-layout-flow wp-block-group-is-layout-flow\">\n<p class=\"has-text-align-center has-very-light-gray-color has-vivid-cyan-blue-background-color has-text-color has-background wp-block-paragraph\"><strong><a href=\"https:\/\/adhilac.com.ar\/?page_id=541\">QUIENES SOMOS<\/a><\/strong><\/p>\n\n\n\n<p class=\"has-text-align-center has-vivid-cyan-blue-color has-very-light-gray-background-color has-text-color has-background wp-block-paragraph\"><strong><a href=\"https:\/\/adhilac.com.ar\/?page_id=15507\">DIRECTIVA DE ADHILAC INTERNACIONAL<\/a><\/strong><\/p>\n\n\n\n<p class=\"has-text-align-center has-very-light-gray-color has-vivid-cyan-blue-background-color has-text-color has-background wp-block-paragraph\"><strong><a href=\"https:\/\/adhilac.com.ar\/?page_id=267\">Declaraci\u00f3n de Caracas de ADHILAC (2007)<\/a><\/strong><\/p>\n\n\n\n<p class=\"has-text-align-center has-vivid-cyan-blue-color has-very-light-gray-background-color has-text-color has-background wp-block-paragraph\"><strong><a href=\"https:\/\/adhilac.com.ar\/?page_id=15873\">ADHILAC: Historia &#8211; Historidorxs<\/a><\/strong><\/p>\n\n\n\n<p class=\"has-text-align-center has-very-light-gray-color has-vivid-cyan-blue-background-color has-text-color has-background wp-block-paragraph\"><strong><a href=\"https:\/\/adhilac.com.ar\/?page_id=15876\">ADHILAC 20 a\u00f1os despu\u00e9s (1974-1994)<\/a> <\/strong><\/p>\n\n\n\n<p class=\"has-text-align-center has-vivid-cyan-blue-color has-very-light-gray-background-color has-text-color has-background wp-block-paragraph\"><strong><a href=\"https:\/\/adhilac.com.ar\/?page_id=15861\">ADHILAC Breve Historia<\/a> <\/strong><\/p>\n\n\n\n<p class=\"has-text-align-center has-very-light-gray-color has-vivid-cyan-blue-background-color has-text-color has-background wp-block-paragraph\"><strong><a href=\"https:\/\/adhilac.com.ar\/?page_id=15887\">ADHILAC: Miembrxs fundadores<\/a><\/strong><\/p>\n\n\n\n<p class=\"has-text-align-center has-vivid-cyan-blue-color has-very-light-gray-background-color has-text-color has-background wp-block-paragraph\"><strong><a href=\"https:\/\/adhilac.com.ar\/?page_id=15943\">ADHILAC: Historiadorxs Destacadxs<\/a><\/strong><\/p>\n\n\n\n<p class=\"has-text-align-center has-very-light-gray-color has-vivid-cyan-blue-background-color has-text-color has-background wp-block-paragraph\"><strong><a href=\"https:\/\/adhilac.com.ar\/?page_id=4779\">SOCIXS<\/a><\/strong><\/p>\n\n\n\n<p class=\"has-text-align-center has-vivid-cyan-blue-color has-very-light-gray-background-color has-text-color has-background wp-block-paragraph\"><strong><a href=\"https:\/\/adhilac.com.ar\/?page_id=263\">Estatutos de ADHILAC<\/a><\/strong><\/p>\n\n\n\n<p class=\"has-text-align-center has-very-light-gray-color has-vivid-cyan-blue-background-color has-text-color has-background wp-block-paragraph\"><strong><a href=\"https:\/\/adhilac.com.ar\/?page_id=8220\">BICENTENARIO<\/a><\/strong><\/p>\n\n\n\n<p class=\"has-text-align-center has-vivid-cyan-blue-color has-very-light-gray-background-color has-text-color has-background wp-block-paragraph\"><strong><a href=\"https:\/\/adhilac.com.ar\/?page_id=8279\">BIBLIOTECA<\/a><\/strong><\/p>\n\n\n\n<p class=\"has-text-align-center has-very-light-gray-color has-vivid-cyan-blue-background-color has-text-color has-background wp-block-paragraph\"><strong><a href=\"https:\/\/adhilac.com.ar\/?page_id=1698\">ENLACES<\/a> <\/strong><\/p>\n\n\n\n<p class=\"has-text-align-center has-vivid-cyan-blue-color has-very-light-gray-background-color has-text-color has-background wp-block-paragraph\"><a href=\"http:\/\/www.ariadnatucma.com.ar\">VISITE ARIADNA TUCMA REVISTA LATINOAMERICANA<\/a><\/p>\n<\/div><\/div>\n","protected":false},"excerpt":{"rendered":"<p>Por Sergio Guerra Vilaboy Elixio Villaverde Garc\u00eda, fue un historiador gallego cuyo entusiasmo por la emigraci\u00f3n de Galicia a Cuba y Yucat\u00e1n, lo convirti\u00f3 en amigo de muchos y puente solidario entre su tierra y la Madre Am\u00e9rica.<\/p>\n","protected":false},"author":2,"featured_media":0,"comment_status":"closed","ping_status":"closed","sticky":false,"template":"","format":"standard","meta":{"_crdt_document":"","footnotes":""},"categories":[15,351],"tags":[897,114],"class_list":["post-15263","post","type-post","status-publish","format-standard","hentry","category-historia","category-historiadores","tag-elixeo-villaverde","tag-historiadores-latinoamericanistas"],"_links":{"self":[{"href":"https:\/\/adhilac.com.ar\/index.php?rest_route=\/wp\/v2\/posts\/15263","targetHints":{"allow":["GET"]}}],"collection":[{"href":"https:\/\/adhilac.com.ar\/index.php?rest_route=\/wp\/v2\/posts"}],"about":[{"href":"https:\/\/adhilac.com.ar\/index.php?rest_route=\/wp\/v2\/types\/post"}],"author":[{"embeddable":true,"href":"https:\/\/adhilac.com.ar\/index.php?rest_route=\/wp\/v2\/users\/2"}],"replies":[{"embeddable":true,"href":"https:\/\/adhilac.com.ar\/index.php?rest_route=%2Fwp%2Fv2%2Fcomments&post=15263"}],"version-history":[{"count":8,"href":"https:\/\/adhilac.com.ar\/index.php?rest_route=\/wp\/v2\/posts\/15263\/revisions"}],"predecessor-version":[{"id":16987,"href":"https:\/\/adhilac.com.ar\/index.php?rest_route=\/wp\/v2\/posts\/15263\/revisions\/16987"}],"wp:attachment":[{"href":"https:\/\/adhilac.com.ar\/index.php?rest_route=%2Fwp%2Fv2%2Fmedia&parent=15263"}],"wp:term":[{"taxonomy":"category","embeddable":true,"href":"https:\/\/adhilac.com.ar\/index.php?rest_route=%2Fwp%2Fv2%2Fcategories&post=15263"},{"taxonomy":"post_tag","embeddable":true,"href":"https:\/\/adhilac.com.ar\/index.php?rest_route=%2Fwp%2Fv2%2Ftags&post=15263"}],"curies":[{"name":"wp","href":"https:\/\/api.w.org\/{rel}","templated":true}]}}