{"id":15345,"date":"2019-06-25T22:41:00","date_gmt":"2019-06-26T01:41:00","guid":{"rendered":"https:\/\/adhilac.com.ar\/?p=15345"},"modified":"2020-08-18T17:03:37","modified_gmt":"2020-08-18T20:03:37","slug":"manuel-galich-el-verbo-de-la-revolucion-guatemalteca","status":"publish","type":"post","link":"https:\/\/adhilac.com.ar\/?p=15345","title":{"rendered":"Manuel Galich: el verbo de la Revoluci\u00f3n Guatemalteca"},"content":{"rendered":"\n<div class=\"wp-block-media-text alignwide has-media-on-the-right is-stacked-on-mobile is-image-fill has-pale-ocean-gradient-background has-background\" style=\"grid-template-columns:auto 56%\"><figure class=\"wp-block-media-text__media\" style=\"background-image:url(https:\/\/adhilac.com.ar\/wp-content\/uploads\/2019\/08\/02-02-Manuel-Galich.jpg);background-position:44.5% 53.66666158040364%\"><img loading=\"lazy\" decoding=\"async\" width=\"1000\" height=\"600\" src=\"https:\/\/adhilac.com.ar\/wp-content\/uploads\/2019\/08\/02-02-Manuel-Galich.jpg\" alt=\"\" class=\"wp-image-15346\" srcset=\"https:\/\/adhilac.com.ar\/wp-content\/uploads\/2019\/08\/02-02-Manuel-Galich.jpg 1000w, https:\/\/adhilac.com.ar\/wp-content\/uploads\/2019\/08\/02-02-Manuel-Galich-300x180.jpg 300w, https:\/\/adhilac.com.ar\/wp-content\/uploads\/2019\/08\/02-02-Manuel-Galich-768x461.jpg 768w\" sizes=\"auto, (max-width: 1000px) 100vw, 1000px\" \/><\/figure><div class=\"wp-block-media-text__content\">\n<p class=\"has-text-align-center has-pale-pink-color has-text-color wp-block-paragraph\" style=\"font-size:15px\"><strong> Por Sergio Guerra Vilaboy<\/strong> <\/p>\n<\/div><\/div>\n\n\n\n<p class=\"wp-block-paragraph\">El guatemalteco Manuel Galich L\u00f3pez (1913-1984) ya era muy conocido cuando se estableci\u00f3 en Cuba en 1962, despu\u00e9s de obtener el Premio Casa de las Am\u00e9ricas el a\u00f1o anterior con su obra de teatro El Pescado Indigesto. Se hab\u00eda dado a conocer como dramaturgo desde fines de los a\u00f1os treinta con piezas como Papa Natas, el Canciller Cadejo o Entre cuatro Paredes, en las que se val\u00eda de una fina iron\u00eda y el juego de palabras. Desde su exilio en la Argentina sus piezas de teatro afinaron su filo pol\u00edtico, ganando en lo sat\u00edrico y en la denuncia social, a la vez que incorporaba innovaciones conceptuales, formales y tem\u00e1ticas. Combinando la tragedia y la comedia, cre\u00f3 admirables di\u00e1logos y situaciones de marcada proyecci\u00f3n antimperialista y revolucionaria como puede apreciarse en El tren amarillo, drama del Caribe en tres actos (1955), Prohibido para menores (1956), La trata o El campan\u00f3logo (1959), El \u00faltimo cargo (1964), Mr. Tenor y yo (1975) y Teatrinos (1979).<\/p>\n\n\n\n<!--more-->\n\n\n\n<figure class=\"wp-block-image size-large is-resized\"><img loading=\"lazy\" decoding=\"async\" src=\"https:\/\/adhilac.com.ar\/wp-content\/uploads\/2019\/08\/02-02-02-Manuel-Galichx-Juan-David-1953-.jpg\" alt=\"\" class=\"wp-image-15347\" width=\"527\" height=\"316\" srcset=\"https:\/\/adhilac.com.ar\/wp-content\/uploads\/2019\/08\/02-02-02-Manuel-Galichx-Juan-David-1953-.jpg 1000w, https:\/\/adhilac.com.ar\/wp-content\/uploads\/2019\/08\/02-02-02-Manuel-Galichx-Juan-David-1953--300x180.jpg 300w, https:\/\/adhilac.com.ar\/wp-content\/uploads\/2019\/08\/02-02-02-Manuel-Galichx-Juan-David-1953--768x461.jpg 768w\" sizes=\"auto, (max-width: 527px) 100vw, 527px\" \/><figcaption>  Manuel Galich por Juan David 1953 <\/figcaption><\/figure>\n\n\n\n<p class=\"wp-block-paragraph\">Desde que estudiaba derecho en la Universidad de San Carlos de Guatemala, Galich sobresali\u00f3 por su oposici\u00f3n al r\u00e9gimen de Jorge Ubico, lo que lo oblig\u00f3 a exiliarse en El Salvador, acontecimientos que relata en Del p\u00e1nico al ataque (1949). Tras la ca\u00edda de la dictadura, Galich, apodado el Verbo de la Revoluci\u00f3n, devino figura de primer plano. Ocup\u00f3 altas responsabilidades, desde Presidente del Congreso Nacional y Ministro de Educaci\u00f3n del presidente Juan Jos\u00e9 Ar\u00e9valo hasta Canciller durante el mandato de Jacobo Arbenz, de quien tambi\u00e9n fue embajador en Argentina y Uruguay. En esta misi\u00f3n diplom\u00e1tica le sorprendi\u00f3 la invasi\u00f3n contrarrevolucionaria a Guatemala, preparada por la Agencia Central de Inteligencia (CIA) de Estados Unidos y que denunciara en Por qu\u00e9 lucha Guatemala. Ar\u00e9valo y Arbenz: dos hombres contra un imperio (1956).<\/p>\n\n\n\n<p class=\"wp-block-paragraph\"><\/p>\n\n\n\n<p class=\"wp-block-paragraph\">En Cuba, se convirti\u00f3 en figura central de la Casa de las Am\u00e9ricas y fue tambi\u00e9n el primer profesor de Historia de Am\u00e9rica en la reci\u00e9n fundada Escuela de Historia de la Universidad de La Habana (1962), materia que imparti\u00f3 por m\u00e1s de dos d\u00e9cadas, ofreciendo en sus cursos y conferencias una visi\u00f3n renovada del devenir continental, salpicado con sus simp\u00e1ticas an\u00e9cdotas. Reci\u00e9n graduado de esta carrera, tuve la suerte de tenerlo de profesor en los seminarios que dirig\u00eda para los j\u00f3venes docentes de Historia de Am\u00e9rica, que integrar\u00edamos desde 1974, bajo su impronta intelectual, el departamento hom\u00f3nimo en la Universidad de La Habana. A esa \u00e9poca corresponden sus textos Mapa hablado de la Am\u00e9rica Latina en el a\u00f1o del Moncada (1973), El libro precolombino (La Habana, 1974) y Nuestros Primeros Padres (1979), que conservo con su cari\u00f1osa dedicatoria.<\/p>\n\n\n\n<p class=\"wp-block-paragraph\"><\/p>\n\n\n\n<figure class=\"wp-block-image size-large is-resized\"><img loading=\"lazy\" decoding=\"async\" src=\"https:\/\/adhilac.com.ar\/wp-content\/uploads\/2019\/08\/02-02-Manuel-Galich.jpg\" alt=\"\" class=\"wp-image-15346\" width=\"540\" height=\"324\" srcset=\"https:\/\/adhilac.com.ar\/wp-content\/uploads\/2019\/08\/02-02-Manuel-Galich.jpg 1000w, https:\/\/adhilac.com.ar\/wp-content\/uploads\/2019\/08\/02-02-Manuel-Galich-300x180.jpg 300w, https:\/\/adhilac.com.ar\/wp-content\/uploads\/2019\/08\/02-02-Manuel-Galich-768x461.jpg 768w\" sizes=\"auto, (max-width: 540px) 100vw, 540px\" \/><figcaption>Manuel Galich y el presidente Jacobo Arbenz<\/figcaption><\/figure>\n\n\n\n<p class=\"wp-block-paragraph\">Recuerdo las muchas ocasiones que compartimos, como en las inolvidables sesiones del Congreso sobre el Pensamiento Pol\u00edtico Latinoamericano en Caracas, al conmemorarse el bicentenario del nacimiento del Libertador. Tampoco puedo olvidar aquella esplendida noche de agosto de 1983, en el balc\u00f3n de su casa en La Puntilla, cuando tuvo la generosidad de comentarme p\u00e1gina por p\u00e1gina, durante varias horas, paladeando tragos de ron, mi peque\u00f1o libro sobre la historia de Guatemala acabado de terminar.<\/p>\n\n\n\n<p class=\"wp-block-paragraph\">Nuestra \u00faltima conversaci\u00f3n tuvo lugar en su despacho de la Casa de las Am\u00e9ricas pocos d\u00edas antes de su repentina enfermedad. Hablamos de los resultados de un tribunal de categor\u00edas docentes en la que una colega no hab\u00eda salido bien, de su pr\u00f3ximo curso en la Licenciatura en Historia y del libro que escrib\u00eda sobre la historia de los pueblos centroamericanos, que qued\u00f3 inconcluso. En reconocimiento a este hombre excepcional de Nuestra Am\u00e9rica, poco antes de su fallecimiento, el 30 de agosto de 1984, la Universidad de La Habana le concedi\u00f3 el t\u00edtulo de Profesor Em\u00e9rito, que Manuel Galich acept\u00f3 en formidable discurso improvisado en el Aula Magna.<\/p>\n\n\n\n<p class=\"wp-block-paragraph\">Fuente: www.informefracto.com &#8211; 24 de junio de 2019<\/p>\n\n\n\n<p class=\"has-very-light-gray-color has-vivid-cyan-blue-background-color has-text-color has-background wp-block-paragraph\"><strong>Publicado por ADHILAC Internacional \u00a9 www.adhilac.com.ar<\/strong><\/p>\n\n\n\n<p class=\"has-vivid-cyan-blue-color has-very-light-gray-background-color has-text-color has-background wp-block-paragraph\"> Si Ud. desea asociarse de acuerdo a los Estatutos de ADHILAC&nbsp;<a href=\"https:\/\/adhilac.com.ar\/?page_id=263\">(ver)<\/a> complete el siguiente formulario&nbsp;(<a href=\"https:\/\/adhilac.com.ar\/?page_id=4779\">ver<\/a>)<\/p>\n\n\n\n<p class=\"has-very-light-gray-color has-vivid-cyan-blue-background-color has-text-color has-background wp-block-paragraph\"> E-mail:&nbsp;info@adhilac.com.ar <\/p>\n\n\n\n<p class=\"has-very-light-gray-color has-vivid-cyan-blue-background-color has-text-color has-background wp-block-paragraph\"> Twitter: @AdhilacInfo <\/p>\n\n\n\n<div class=\"wp-block-image\"><figure class=\"aligncenter size-large\"><img loading=\"lazy\" decoding=\"async\" width=\"85\" height=\"85\" src=\"https:\/\/adhilac.com.ar\/wp-content\/uploads\/2015\/02\/Logo-ADHILAC-Internacional-PEQ.jpg\" alt=\"\" class=\"wp-image-10473\"\/><\/figure><\/div>\n\n\n\n<p class=\"wp-block-paragraph\">Ver <a href=\"https:\/\/adhilac.com.ar\/?page_id=541\">Presentaci\u00f3n de ADHILAC<\/a><\/p>\n\n\n\n<div class=\"wp-block-group\"><div class=\"wp-block-group__inner-container is-layout-flow wp-block-group-is-layout-flow\">\n<p class=\"has-text-align-center has-very-light-gray-color has-vivid-cyan-blue-background-color has-text-color has-background wp-block-paragraph\"><strong><a href=\"https:\/\/adhilac.com.ar\/?page_id=541\">QUIENES SOMOS<\/a><\/strong><\/p>\n\n\n\n<p class=\"has-text-align-center has-vivid-cyan-blue-color has-very-light-gray-background-color has-text-color has-background wp-block-paragraph\"><strong><a href=\"https:\/\/adhilac.com.ar\/?page_id=15507\">DIRECTIVA DE ADHILAC INTERNACIONAL<\/a><\/strong><\/p>\n\n\n\n<p class=\"has-text-align-center has-very-light-gray-color has-vivid-cyan-blue-background-color has-text-color has-background wp-block-paragraph\"><strong><a href=\"https:\/\/adhilac.com.ar\/?page_id=267\">Declaraci\u00f3n de Caracas de ADHILAC (2007)<\/a><\/strong><\/p>\n\n\n\n<p class=\"has-text-align-center has-vivid-cyan-blue-color has-very-light-gray-background-color has-text-color has-background wp-block-paragraph\"><strong><a href=\"https:\/\/adhilac.com.ar\/?page_id=15873\">ADHILAC: Historia &#8211; Historidorxs<\/a><\/strong><\/p>\n\n\n\n<p class=\"has-text-align-center has-very-light-gray-color has-vivid-cyan-blue-background-color has-text-color has-background wp-block-paragraph\"><strong><a href=\"https:\/\/adhilac.com.ar\/?page_id=15876\">ADHILAC 20 a\u00f1os despu\u00e9s (1974-1994)<\/a> <\/strong><\/p>\n\n\n\n<p class=\"has-text-align-center has-vivid-cyan-blue-color has-very-light-gray-background-color has-text-color has-background wp-block-paragraph\"><strong><a href=\"https:\/\/adhilac.com.ar\/?page_id=15861\">ADHILAC Breve Historia<\/a> <\/strong><\/p>\n\n\n\n<p class=\"has-text-align-center has-very-light-gray-color has-vivid-cyan-blue-background-color has-text-color has-background wp-block-paragraph\"><strong><a href=\"https:\/\/adhilac.com.ar\/?page_id=15887\">ADHILAC: Miembrxs fundadores<\/a><\/strong><\/p>\n\n\n\n<p class=\"has-text-align-center has-vivid-cyan-blue-color has-very-light-gray-background-color has-text-color has-background wp-block-paragraph\"><strong><a href=\"https:\/\/adhilac.com.ar\/?page_id=15943\">ADHILAC: Historiadorxs Destacadxs<\/a><\/strong><\/p>\n\n\n\n<p class=\"has-text-align-center has-very-light-gray-color has-vivid-cyan-blue-background-color has-text-color has-background wp-block-paragraph\"><strong><a href=\"https:\/\/adhilac.com.ar\/?page_id=4779\">SOCIXS<\/a><\/strong><\/p>\n\n\n\n<p class=\"has-text-align-center has-vivid-cyan-blue-color has-very-light-gray-background-color has-text-color has-background wp-block-paragraph\"><strong><a href=\"https:\/\/adhilac.com.ar\/?page_id=263\">Estatutos de ADHILAC<\/a><\/strong><\/p>\n\n\n\n<p class=\"has-text-align-center has-very-light-gray-color has-vivid-cyan-blue-background-color has-text-color has-background wp-block-paragraph\"><strong><a href=\"https:\/\/adhilac.com.ar\/?page_id=8220\">BICENTENARIO<\/a><\/strong><\/p>\n\n\n\n<p class=\"has-text-align-center has-vivid-cyan-blue-color has-very-light-gray-background-color has-text-color has-background wp-block-paragraph\"><strong><a href=\"https:\/\/adhilac.com.ar\/?page_id=8279\">BIBLIOTECA<\/a><\/strong><\/p>\n\n\n\n<p class=\"has-text-align-center has-very-light-gray-color has-vivid-cyan-blue-background-color has-text-color has-background wp-block-paragraph\"><strong><a href=\"https:\/\/adhilac.com.ar\/?page_id=1698\">ENLACES<\/a> <\/strong><\/p>\n\n\n\n<p class=\"has-text-align-center has-vivid-cyan-blue-color has-very-light-gray-background-color has-text-color has-background wp-block-paragraph\"><a href=\"http:\/\/www.ariadnatucma.com.ar\">VISITE ARIADNA TUCMA REVISTA LATINOAMERICANA<\/a><\/p>\n<\/div><\/div>\n","protected":false},"excerpt":{"rendered":"<p>Por Sergio Guerra Vilaboy El guatemalteco Manuel Galich L\u00f3pez (1913-1984) ya era muy conocido cuando se estableci\u00f3 en Cuba en 1962, despu\u00e9s de obtener el Premio Casa de las Am\u00e9ricas el a\u00f1o anterior con su obra de teatro El Pescado Indigesto. Se hab\u00eda dado a conocer como dramaturgo desde fines de los a\u00f1os treinta con [&hellip;]<\/p>\n","protected":false},"author":1,"featured_media":0,"comment_status":"closed","ping_status":"closed","sticky":false,"template":"","format":"standard","meta":{"_crdt_document":"","footnotes":""},"categories":[15,351],"tags":[114,134,428],"class_list":["post-15345","post","type-post","status-publish","format-standard","hentry","category-historia","category-historiadores","tag-historiadores-latinoamericanistas","tag-historiografia","tag-manuel-galich"],"_links":{"self":[{"href":"https:\/\/adhilac.com.ar\/index.php?rest_route=\/wp\/v2\/posts\/15345","targetHints":{"allow":["GET"]}}],"collection":[{"href":"https:\/\/adhilac.com.ar\/index.php?rest_route=\/wp\/v2\/posts"}],"about":[{"href":"https:\/\/adhilac.com.ar\/index.php?rest_route=\/wp\/v2\/types\/post"}],"author":[{"embeddable":true,"href":"https:\/\/adhilac.com.ar\/index.php?rest_route=\/wp\/v2\/users\/1"}],"replies":[{"embeddable":true,"href":"https:\/\/adhilac.com.ar\/index.php?rest_route=%2Fwp%2Fv2%2Fcomments&post=15345"}],"version-history":[{"count":3,"href":"https:\/\/adhilac.com.ar\/index.php?rest_route=\/wp\/v2\/posts\/15345\/revisions"}],"predecessor-version":[{"id":17040,"href":"https:\/\/adhilac.com.ar\/index.php?rest_route=\/wp\/v2\/posts\/15345\/revisions\/17040"}],"wp:attachment":[{"href":"https:\/\/adhilac.com.ar\/index.php?rest_route=%2Fwp%2Fv2%2Fmedia&parent=15345"}],"wp:term":[{"taxonomy":"category","embeddable":true,"href":"https:\/\/adhilac.com.ar\/index.php?rest_route=%2Fwp%2Fv2%2Fcategories&post=15345"},{"taxonomy":"post_tag","embeddable":true,"href":"https:\/\/adhilac.com.ar\/index.php?rest_route=%2Fwp%2Fv2%2Ftags&post=15345"}],"curies":[{"name":"wp","href":"https:\/\/api.w.org\/{rel}","templated":true}]}}