{"id":15454,"date":"2019-08-09T19:58:00","date_gmt":"2019-08-09T22:58:00","guid":{"rendered":"https:\/\/adhilac.com.ar\/?p=15454"},"modified":"2020-08-17T17:46:09","modified_gmt":"2020-08-17T20:46:09","slug":"otto-morales-benitez-prolifero-intelectual-de-indoamerica","status":"publish","type":"post","link":"https:\/\/adhilac.com.ar\/?p=15454","title":{"rendered":"Otto Morales Ben\u00edtez, prol\u00edfero intelectual de Indoam\u00e9rica"},"content":{"rendered":"\n<div class=\"wp-block-media-text alignwide is-stacked-on-mobile is-image-fill has-pale-ocean-gradient-background has-background\"><figure class=\"wp-block-media-text__media\" style=\"background-image:url(https:\/\/adhilac.com.ar\/wp-content\/uploads\/2019\/09\/Otto-Morales-Benitez.jpeg);background-position:50% 50%\"><img loading=\"lazy\" decoding=\"async\" width=\"1000\" height=\"600\" src=\"https:\/\/adhilac.com.ar\/wp-content\/uploads\/2019\/09\/Otto-Morales-Benitez.jpeg\" alt=\"\" class=\"wp-image-15455\" srcset=\"https:\/\/adhilac.com.ar\/wp-content\/uploads\/2019\/09\/Otto-Morales-Benitez.jpeg 1000w, https:\/\/adhilac.com.ar\/wp-content\/uploads\/2019\/09\/Otto-Morales-Benitez-300x180.jpeg 300w, https:\/\/adhilac.com.ar\/wp-content\/uploads\/2019\/09\/Otto-Morales-Benitez-768x461.jpeg 768w\" sizes=\"auto, (max-width: 1000px) 100vw, 1000px\" \/><\/figure><div class=\"wp-block-media-text__content\">\n<p class=\"has-text-align-center has-vivid-red-color has-text-color wp-block-paragraph\" style=\"font-size:15px\"><strong>Por Sergio Guerra Vilaboy<\/strong><\/p>\n<\/div><\/div>\n\n\n\n<p class=\"wp-block-paragraph\">Sentida semblanza de Otto Morales Ben\u00edtez, destacado jurista, escritor, periodista, y pol\u00edtico colombiano cuya obra escrita contribuye al conocimiento de la realidad latinoamericana. Anticipar la conmemoraci\u00f3n del centenario de su natalicio con estas l\u00edneas, no es sino una forma de honrar desde siempre a tan ameritado maestro. <\/p>\n\n\n\n<!--more-->\n\n\n\n<p class=\"wp-block-paragraph\">Cuando mis hijas eran peque\u00f1as y el cartero tra\u00eda un abultado paquete, ellas dec\u00edan casi a coro que eran libros de Otto Morales Ben\u00edtez (1920-2015). Este prol\u00edfero intelectual colombiano escribi\u00f3 casi doscientos libros, entre ellos: Estudios Cr\u00edticos (1948); Testimonio de un pueblo (1951); Revoluci\u00f3n y caudillos (1957); El pensamiento social de Uribe Uribe (1960); Muchedumbres y banderas: luchas por la libertad (1962); Aguja de Marear, notas cr\u00edticas (1979), Derecho agrario y otros temas de la tierra (1981); Reflexiones sobre el periodismo colombiano (1982); C\u00e1tedra caldense (1984); Propuesta para examinar la historia con criterios indoamericanos (1987); El maestro Arciniegas: emancipador cultural del continente (1990); Iconograf\u00eda y fragmentos de prosas (1995); Sendero hist\u00f3rico y human\u00edstico de Alberto Lleras (2006); Derecho precolombino: ra\u00edz del nacional y del continental (2007); Lo socioecon\u00f3mico y lo popular en la independencia (2010) y Eduardo Santos: apuntes para una biograf\u00eda pol\u00edtica (2015).<\/p>\n\n\n\n<p class=\"wp-block-paragraph\">Desde principios de los a\u00f1os ochenta comenc\u00e9 a cartearme regularmente con este distinguido escritor y pol\u00edtico colombiano con quien me conect\u00f3 mi amigo y maestro Francisco Pividal, cuando preparaba mi tesis doctoral sobre la revoluci\u00f3n de los artesanos en Bogot\u00e1 (1849-1854). Muy gentilmente, Morales Ben\u00edtez accedi\u00f3 a enviarme material sobre el tema y en el 2000 public\u00f3 mi texto en bella edici\u00f3n empastada, en la Colecci\u00f3n 30 A\u00f1os de la Universidad Central de Bogot\u00e1 que estaba a su cargo, junto con otro libro de mi autor\u00eda: El dilema de la independencia. A ambas obras les hizo un solo y extenso pr\u00f3logo que ese mismo a\u00f1o edit\u00f3 como libro independiente con el t\u00edtulo de Luchas populares, prelaciones y ense\u00f1anzas de la historia en Indoam\u00e9rica.<\/p>\n\n\n\n<p class=\"wp-block-paragraph\">Otto Morales Ben\u00edtez, cuyo centenario celebraremos el pr\u00f3ximo a\u00f1o, pues naci\u00f3 el 7 de agosto de 1920 en Caldas, fue un destacado jurista, escritor, periodista, y pol\u00edtico colombiano. Graduado en 1944 en la Universidad Pontificia Bolivariana, fue docente de derecho laboral, administrativo, internacional, agrario y p\u00fablico, as\u00ed como de sociolog\u00eda y literatura, en las universidades del Externado, Am\u00e9rica y Libre de Bogot\u00e1. Tambi\u00e9n estuvo al frente del influyente peri\u00f3dico El Colombiano de Medell\u00edn, fue senador por el departamento de Caldas, diputado en la Asamblea Departamental de Caldas y representante a la C\u00e1mara, as\u00ed como candidato a la presidencia de Colombia por el Partido Liberal.<\/p>\n\n\n\n<p class=\"wp-block-paragraph\">Desde 1948 perteneci\u00f3 a la comisi\u00f3n nacional investigadora de las causas de la violencia y durante diez a\u00f1os recorri\u00f3 el pa\u00eds y contact\u00f3 con diferentes grupos guerrilleros para intentar conseguir la pacificaci\u00f3n. Durante el gobierno de Alberto Lleras Camargo, de 1958 a 1962, Morales fue Ministro de Trabajo y de Agricultura, cartera esta \u00faltima desde la que defendi\u00f3 la reforma agraria ante el Congreso nacional.  A lo largo de su extensa vida recibi\u00f3 numerosos reconocimientos entre ellos los de Profesor honoris causa de la Universidad Colegio Mayor de San Marcos en Lima, y de Doctor honoris causa de las universidades del Centro de Per\u00fa y la Central de Colombia. Adem\u00e1s, fue miembro de las academias colombianas de la Lengua, de la Historia y de la de Jurisprudencia.<\/p>\n\n\n\n<p class=\"wp-block-paragraph\">Pude reciprocar algunas de sus muchas atenciones cuando particip\u00f3 como invitado especial en el IX Encuentro Internacional de la Asociaci\u00f3n de Historiadores Latinoamericanos y del Caribe (ADHILAC), celebrado en la Quinta de San Pedro Alejandrino, en Santa Marta, Colombia, donde muri\u00f3 el Libertador Sim\u00f3n Bol\u00edvar. En esa ocasi\u00f3n, Otto Morales Ben\u00edtez, cercano ya los 90 a\u00f1os de edad, recibi\u00f3 la condici\u00f3n de Miembro de Honor y pronunci\u00f3, el 25 de mayo de 2010, la conferencia magistral inaugural sobre la realidad y el destino de Nuestra Am\u00e9rica, convirti\u00e9ndose en el centro de atenci\u00f3n de todos los participantes por sus amplios conocimientos y buen humor.<\/p>\n\n\n\n<p class=\"wp-block-paragraph\">Publicado en www.informefracto.com &#8211; 8 de agosto de 2019.<\/p>\n\n\n\n<div style=\"height:20px\" aria-hidden=\"true\" class=\"wp-block-spacer\"><\/div>\n\n\n\n<p class=\"has-very-light-gray-color has-vivid-cyan-blue-background-color has-text-color has-background wp-block-paragraph\"><strong>Publicado por ADHILAC Internacional \u00a9 www.adhilac.com.ar<\/strong><\/p>\n\n\n\n<p class=\"has-vivid-cyan-blue-color has-very-light-gray-background-color has-text-color has-background wp-block-paragraph\"> Si Ud. desea asociarse de acuerdo a los Estatutos de ADHILAC&nbsp;<a href=\"https:\/\/adhilac.com.ar\/?page_id=263\">(ver)<\/a> complete el siguiente formulario&nbsp;(<a href=\"https:\/\/adhilac.com.ar\/?page_id=4779\">ver<\/a>)<\/p>\n\n\n\n<p class=\"has-very-light-gray-color has-vivid-cyan-blue-background-color has-text-color has-background wp-block-paragraph\"> E-mail:&nbsp;info@adhilac.com.ar <\/p>\n\n\n\n<p class=\"has-very-light-gray-color has-vivid-cyan-blue-background-color has-text-color has-background wp-block-paragraph\"> Twitter: @AdhilacInfo <\/p>\n\n\n\n<div class=\"wp-block-image\"><figure class=\"aligncenter size-large\"><img loading=\"lazy\" decoding=\"async\" width=\"85\" height=\"85\" src=\"https:\/\/adhilac.com.ar\/wp-content\/uploads\/2015\/02\/Logo-ADHILAC-Internacional-PEQ.jpg\" alt=\"\" class=\"wp-image-10473\"\/><\/figure><\/div>\n\n\n\n<p class=\"wp-block-paragraph\">Ver <a href=\"https:\/\/adhilac.com.ar\/?page_id=541\">Presentaci\u00f3n de ADHILAC<\/a><\/p>\n\n\n\n<div class=\"wp-block-group\"><div class=\"wp-block-group__inner-container is-layout-flow wp-block-group-is-layout-flow\">\n<p class=\"has-text-align-center has-very-light-gray-color has-vivid-cyan-blue-background-color has-text-color has-background wp-block-paragraph\"><strong><a href=\"https:\/\/adhilac.com.ar\/?page_id=541\">QUIENES SOMOS<\/a><\/strong><\/p>\n\n\n\n<p class=\"has-text-align-center has-vivid-cyan-blue-color has-very-light-gray-background-color has-text-color has-background wp-block-paragraph\"><strong><a href=\"https:\/\/adhilac.com.ar\/?page_id=15507\">DIRECTIVA DE ADHILAC INTERNACIONAL<\/a><\/strong><\/p>\n\n\n\n<p class=\"has-text-align-center has-very-light-gray-color has-vivid-cyan-blue-background-color has-text-color has-background wp-block-paragraph\"><strong><a href=\"https:\/\/adhilac.com.ar\/?page_id=267\">Declaraci\u00f3n de Caracas de ADHILAC (2007)<\/a><\/strong><\/p>\n\n\n\n<p class=\"has-text-align-center has-vivid-cyan-blue-color has-very-light-gray-background-color has-text-color has-background wp-block-paragraph\"><strong><a href=\"https:\/\/adhilac.com.ar\/?page_id=15873\">ADHILAC: Historia &#8211; Historidorxs<\/a><\/strong><\/p>\n\n\n\n<p class=\"has-text-align-center has-very-light-gray-color has-vivid-cyan-blue-background-color has-text-color has-background wp-block-paragraph\"><strong><a href=\"https:\/\/adhilac.com.ar\/?page_id=15876\">ADHILAC 20 a\u00f1os despu\u00e9s (1974-1994)<\/a> <\/strong><\/p>\n\n\n\n<p class=\"has-text-align-center has-vivid-cyan-blue-color has-very-light-gray-background-color has-text-color has-background wp-block-paragraph\"><strong><a href=\"https:\/\/adhilac.com.ar\/?page_id=15861\">ADHILAC Breve Historia<\/a> <\/strong><\/p>\n\n\n\n<p class=\"has-text-align-center has-very-light-gray-color has-vivid-cyan-blue-background-color has-text-color has-background wp-block-paragraph\"><strong><a href=\"https:\/\/adhilac.com.ar\/?page_id=15887\">ADHILAC: Miembrxs fundadores<\/a><\/strong><\/p>\n\n\n\n<p class=\"has-text-align-center has-vivid-cyan-blue-color has-very-light-gray-background-color has-text-color has-background wp-block-paragraph\"><strong><a href=\"https:\/\/adhilac.com.ar\/?page_id=15943\">ADHILAC: Historiadorxs Destacadxs<\/a><\/strong><\/p>\n\n\n\n<p class=\"has-text-align-center has-very-light-gray-color has-vivid-cyan-blue-background-color has-text-color has-background wp-block-paragraph\"><strong><a href=\"https:\/\/adhilac.com.ar\/?page_id=4779\">SOCIXS<\/a><\/strong><\/p>\n\n\n\n<p class=\"has-text-align-center has-vivid-cyan-blue-color has-very-light-gray-background-color has-text-color has-background wp-block-paragraph\"><strong><a href=\"https:\/\/adhilac.com.ar\/?page_id=263\">Estatutos de ADHILAC<\/a><\/strong><\/p>\n\n\n\n<p class=\"has-text-align-center has-very-light-gray-color has-vivid-cyan-blue-background-color has-text-color has-background wp-block-paragraph\"><strong><a href=\"https:\/\/adhilac.com.ar\/?page_id=8220\">BICENTENARIO<\/a><\/strong><\/p>\n\n\n\n<p class=\"has-text-align-center has-vivid-cyan-blue-color has-very-light-gray-background-color has-text-color has-background wp-block-paragraph\"><strong><a href=\"https:\/\/adhilac.com.ar\/?page_id=8279\">BIBLIOTECA<\/a><\/strong><\/p>\n\n\n\n<p class=\"has-text-align-center has-very-light-gray-color has-vivid-cyan-blue-background-color has-text-color has-background wp-block-paragraph\"><strong><a href=\"https:\/\/adhilac.com.ar\/?page_id=1698\">ENLACES<\/a> <\/strong><\/p>\n\n\n\n<p class=\"has-text-align-center has-vivid-cyan-blue-color has-very-light-gray-background-color has-text-color has-background wp-block-paragraph\"><a href=\"http:\/\/www.ariadnatucma.com.ar\">VISITE ARIADNA TUCMA REVISTA LATINOAMERICANA<\/a><\/p>\n<\/div><\/div>\n","protected":false},"excerpt":{"rendered":"<p>Por Sergio Guerra Vilaboy Sentida semblanza de Otto Morales Ben\u00edtez, destacado jurista, escritor, periodista, y pol\u00edtico colombiano cuya obra escrita contribuye al conocimiento de la realidad latinoamericana. Anticipar la conmemoraci\u00f3n del centenario de su natalicio con estas l\u00edneas, no es sino una forma de honrar desde siempre a tan ameritado maestro.<\/p>\n","protected":false},"author":1,"featured_media":0,"comment_status":"closed","ping_status":"closed","sticky":false,"template":"","format":"standard","meta":{"_crdt_document":"","footnotes":""},"categories":[15,351],"tags":[114,134,617],"class_list":["post-15454","post","type-post","status-publish","format-standard","hentry","category-historia","category-historiadores","tag-historiadores-latinoamericanistas","tag-historiografia","tag-otto-morales-benitez"],"_links":{"self":[{"href":"https:\/\/adhilac.com.ar\/index.php?rest_route=\/wp\/v2\/posts\/15454","targetHints":{"allow":["GET"]}}],"collection":[{"href":"https:\/\/adhilac.com.ar\/index.php?rest_route=\/wp\/v2\/posts"}],"about":[{"href":"https:\/\/adhilac.com.ar\/index.php?rest_route=\/wp\/v2\/types\/post"}],"author":[{"embeddable":true,"href":"https:\/\/adhilac.com.ar\/index.php?rest_route=\/wp\/v2\/users\/1"}],"replies":[{"embeddable":true,"href":"https:\/\/adhilac.com.ar\/index.php?rest_route=%2Fwp%2Fv2%2Fcomments&post=15454"}],"version-history":[{"count":2,"href":"https:\/\/adhilac.com.ar\/index.php?rest_route=\/wp\/v2\/posts\/15454\/revisions"}],"predecessor-version":[{"id":16991,"href":"https:\/\/adhilac.com.ar\/index.php?rest_route=\/wp\/v2\/posts\/15454\/revisions\/16991"}],"wp:attachment":[{"href":"https:\/\/adhilac.com.ar\/index.php?rest_route=%2Fwp%2Fv2%2Fmedia&parent=15454"}],"wp:term":[{"taxonomy":"category","embeddable":true,"href":"https:\/\/adhilac.com.ar\/index.php?rest_route=%2Fwp%2Fv2%2Fcategories&post=15454"},{"taxonomy":"post_tag","embeddable":true,"href":"https:\/\/adhilac.com.ar\/index.php?rest_route=%2Fwp%2Fv2%2Ftags&post=15454"}],"curies":[{"name":"wp","href":"https:\/\/api.w.org\/{rel}","templated":true}]}}