{"id":15600,"date":"2019-09-05T01:43:00","date_gmt":"2019-09-05T04:43:00","guid":{"rendered":"https:\/\/adhilac.com.ar\/?p=15600"},"modified":"2020-08-17T10:51:09","modified_gmt":"2020-08-17T13:51:09","slug":"julio-le-riverend-reconocido-historiador-cubano-formado-en-mexico","status":"publish","type":"post","link":"https:\/\/adhilac.com.ar\/?p=15600","title":{"rendered":"Julio Le Riverend, reconocido historiador cubano formado en M\u00e9xico"},"content":{"rendered":"\n<div class=\"wp-block-media-text alignwide has-media-on-the-right is-stacked-on-mobile is-image-fill has-blush-light-purple-gradient-background has-background\"><figure class=\"wp-block-media-text__media\" style=\"background-image:url(https:\/\/adhilac.com.ar\/wp-content\/uploads\/2019\/09\/Julio-Le-Riverend-Brussone.jpg);background-position:50% 50%\"><img loading=\"lazy\" decoding=\"async\" width=\"1000\" height=\"600\" src=\"https:\/\/adhilac.com.ar\/wp-content\/uploads\/2019\/09\/Julio-Le-Riverend-Brussone.jpg\" alt=\"\" class=\"wp-image-15601\" srcset=\"https:\/\/adhilac.com.ar\/wp-content\/uploads\/2019\/09\/Julio-Le-Riverend-Brussone.jpg 1000w, https:\/\/adhilac.com.ar\/wp-content\/uploads\/2019\/09\/Julio-Le-Riverend-Brussone-300x180.jpg 300w, https:\/\/adhilac.com.ar\/wp-content\/uploads\/2019\/09\/Julio-Le-Riverend-Brussone-768x461.jpg 768w\" sizes=\"auto, (max-width: 1000px) 100vw, 1000px\" \/><\/figure><div class=\"wp-block-media-text__content\">\n<p class=\"has-text-align-center has-very-dark-gray-color has-text-color has-normal-font-size wp-block-paragraph\"><strong>Por Sergio Guerra Vilaboy<\/strong><\/p>\n<\/div><\/div>\n\n\n\n<p class=\"wp-block-paragraph\">Julio Le Riverend con Rodolfo Ruz Men\u00e9ndez e investigadores cubanos y yucatecos en diciembre de 1983<\/p>\n\n\n\n<p class=\"wp-block-paragraph\">Julio Le Riverend Brussone (1912-1998) fue sin duda uno de los m\u00e1s importantes historiadores cubanos de la segunda mitad del siglo XX. Aunque no fue mi profesor, pues dio clases espor\u00e1dicamente en la Universidad de La Habana, ni tampoco fue mi maestro en el sentido estricto de este concepto, tuve siempre cordiales relaciones con \u00e9l y su esposa Mercedes. Incluso en octubre de 1987, siendo director de la Biblioteca Nacional de Cuba, me pidi\u00f3 fuera en su lugar a Lima (Per\u00fa) al I Seminario Internacional de Historia Latinoamericana organizado por el Consejo de Integraci\u00f3n Cultural Latinoamericana (CICLA).<\/p>\n\n\n\n<!--more-->\n\n\n\n<p class=\"wp-block-paragraph\">Le Riverend, naci\u00f3 en La Coru\u00f1a (Espa\u00f1a), donde su padre era c\u00f3nsul de Cuba. Desde muy joven se involucr\u00f3 en las actividades contra la dictadura de Gerardo Machado como alumno del Instituto de La Habana, vincul\u00e1ndose al Ala Izquierda Estudiantil. Exiliado en Par\u00eds, entre 1932-1933, fue secretario general de la Uni\u00f3n Latinoamericana de Estudiantes. En 1935 regres\u00f3 a Cuba, donde comenz\u00f3 a militar en el Partido Comunista, doctor\u00e1ndose en Derecho Civil y en Ciencias Pol\u00edticas, Sociales y Econ\u00f3micas en la Universidad de La Habana. En 1940 public\u00f3 su primer libro: S\u00edntesis activa de la cubanidad en el siglo xviii.<\/p>\n\n\n\n<p class=\"wp-block-paragraph\">A propuesta del sabio cubano Fernando Ortiz, Le Riverend obtuvo un cupo para estudiar en la Casa de Espa\u00f1a en M\u00e9xico (hoy El Colegio de M\u00e9xico), en virtud de la beca creada para cubanos por el prestigioso intelectual mexicano Alfonso Reyes. Gracias a esa condici\u00f3n, pudo estar en la segunda generaci\u00f3n de estudiantes de esa instituci\u00f3n, en la que tuvo de maestros a los mexicanos Silvio Zavala y Daniel Coss\u00edo Villegas, as\u00ed como los espa\u00f1oles Rafael Altamira, Ram\u00f3n Iglesias y Jos\u00e9 Gaos. Como culminaci\u00f3n de su fruct\u00edfera estancia en tierra mexicana, extendida de 1943 a 1946, Le Riverend se gradu\u00f3 de Maestro en Historia del Instituto Nacional de Antropolog\u00eda e Historia y de El Colegio de M\u00e9xico con una tesis sobre los historiadores novohispanos del siglo xviii.  En M\u00e9xico tambi\u00e9n dio a conocer, entre otros textos suyos, La econom\u00eda cubana durante las guerras de la Revoluci\u00f3n y el Imperio franceses (1790-1808) y Los or\u00edgenes de la econom\u00eda cubana (1510-1600), publicados en 1943 y 1945 respectivamente, y en 1954 Relaciones entre Nueva Espa\u00f1a y Cuba (1518-1820).<\/p>\n\n\n\n<p class=\"wp-block-paragraph\">A su regreso a Cuba, despu\u00e9s de investigar sobre la industria azucarera en Estados Unidos, Le Riverend labor\u00f3 en la Escuela de Comercio de La Habana (1950-1952) y asumi\u00f3 la direcci\u00f3n del Patrimonio Nacional del Tribunal de Cuentas. A esta etapa corresponden sus enjundiosos nueve ensayos de historia econ\u00f3mica de Cuba incluidos en Historia de la Naci\u00f3n Cubana, que comenz\u00f3 a editarse en 1952.<\/p>\n\n\n\n<p class=\"wp-block-paragraph\">Despu\u00e9s del triunfo de la Revoluci\u00f3n, Le Riverend dio clases en la Escuela de Ciencias Comerciales de la Universidad Central de Las Villas (1959-1960) y ofreci\u00f3 algunos cursos sobre la historia econ\u00f3mica cubana en la Universidad de La Habana. Tambi\u00e9n labor\u00f3 en el Banco Nacional de Cuba y el Instituto Nacional de Reforma Agraria. En 1962 fue nombrado presidente del reci\u00e9n creado Instituto de Historia de la Academia de Ciencias y del Archivo Nacional, hasta que diez a\u00f1os despu\u00e9s fue sucesivamente Viceministro de Educaci\u00f3n, embajador en la UNESCO, Director de la Biblioteca Nacional y Presidente fundador de la Uni\u00f3n Nacional de Historiadores de Cuba (UNHIC). Entre sus libros tambi\u00e9n figuran La Habana: biograf\u00eda de una provincia, (1960); La moneda en el mundo contempor\u00e1neo (1961); Historia econ\u00f3mica de Cuba (1963); La Rep\u00fablica; dependencia y revoluci\u00f3n (1966); Breve historia de Cuba (1978); La Habana. Espacio y Vida (1992); y Problemas de la formaci\u00f3n agraria de Cuba. Siglos xvi-xvii (1992).  Por sus aportaciones fundamentales a la historiograf\u00eda recibi\u00f3 en 1973 la condici\u00f3n de Doctor Honoris Causa del Instituto de Am\u00e9rica Latina de la Academia de Ciencias de la antigua Uni\u00f3n Sovi\u00e9tica y en 1995 el Premio Nacional de Ciencias Sociales y Human\u00edsticas, reci\u00e9n instituido entonces.<\/p>\n\n\n\n<p class=\"wp-block-paragraph\">Publicado en Informe Fracto. Madre Am\u00e9rica: Cuba. 5 de septiembre de 2019.<\/p>\n\n\n\n<p class=\"wp-block-paragraph\"><\/p>\n\n\n\n<p class=\"wp-block-paragraph\"><strong>Publicado por ADHILAC Internacional \u00a9 www.adhilac.com.ar<\/strong><\/p>\n\n\n\n<p class=\"wp-block-paragraph\">\nSi Ud. desea asociarse de acuerdo a los Estatutos de ADHILAC&nbsp;<a href=\"https:\/\/adhilac.com.ar\/?page_id=263\">(ver)<\/a> complete el siguiente formulario&nbsp;<a href=\"https:\/\/adhilac.com.ar\/?page_id=3194\">(ver)<\/a><\/p>\n\n\n\n<p class=\"wp-block-paragraph\"> E-mail:&nbsp;info@adhilac.com.ar <\/p>\n\n\n\n<p class=\"wp-block-paragraph\"> Twitter: @AdhilacInfo <\/p>\n\n\n\n<p class=\"has-very-light-gray-color has-vivid-cyan-blue-background-color has-text-color has-background wp-block-paragraph\"><strong>Publicado por ADHILAC Internacional \u00a9 www.adhilac.com.ar<\/strong><\/p>\n\n\n\n<p class=\"has-vivid-cyan-blue-color has-very-light-gray-background-color has-text-color has-background wp-block-paragraph\"> Si Ud. desea asociarse de acuerdo a los Estatutos de ADHILAC&nbsp;<a href=\"https:\/\/adhilac.com.ar\/?page_id=263\">(ver)<\/a> complete el siguiente formulario&nbsp;(<a href=\"https:\/\/adhilac.com.ar\/?page_id=4779\">ver<\/a>)<\/p>\n\n\n\n<p class=\"has-very-light-gray-color has-vivid-cyan-blue-background-color has-text-color has-background wp-block-paragraph\"> E-mail:&nbsp;info@adhilac.com.ar <\/p>\n\n\n\n<p class=\"has-very-light-gray-color has-vivid-cyan-blue-background-color has-text-color has-background wp-block-paragraph\"> Twitter: @AdhilacInfo <\/p>\n\n\n\n<div class=\"wp-block-image\"><figure class=\"aligncenter size-large\"><img loading=\"lazy\" decoding=\"async\" width=\"85\" height=\"85\" src=\"https:\/\/adhilac.com.ar\/wp-content\/uploads\/2015\/02\/Logo-ADHILAC-Internacional-PEQ.jpg\" alt=\"\" class=\"wp-image-10473\"\/><\/figure><\/div>\n\n\n\n<p class=\"wp-block-paragraph\">Ver <a href=\"https:\/\/adhilac.com.ar\/?page_id=541\">Presentaci\u00f3n de ADHILAC<\/a><\/p>\n\n\n\n<div class=\"wp-block-group\"><div class=\"wp-block-group__inner-container is-layout-flow wp-block-group-is-layout-flow\">\n<p class=\"has-text-align-center has-very-light-gray-color has-vivid-cyan-blue-background-color has-text-color has-background wp-block-paragraph\"><strong><a href=\"https:\/\/adhilac.com.ar\/?page_id=541\">QUIENES SOMOS<\/a><\/strong><\/p>\n\n\n\n<p class=\"has-text-align-center has-vivid-cyan-blue-color has-very-light-gray-background-color has-text-color has-background wp-block-paragraph\"><strong><a href=\"https:\/\/adhilac.com.ar\/?page_id=15507\">DIRECTIVA DE ADHILAC INTERNACIONAL<\/a><\/strong><\/p>\n\n\n\n<p class=\"has-text-align-center has-very-light-gray-color has-vivid-cyan-blue-background-color has-text-color has-background wp-block-paragraph\"><strong><a href=\"https:\/\/adhilac.com.ar\/?page_id=267\">Declaraci\u00f3n de Caracas de ADHILAC (2007)<\/a><\/strong><\/p>\n\n\n\n<p class=\"has-text-align-center has-vivid-cyan-blue-color has-very-light-gray-background-color has-text-color has-background wp-block-paragraph\"><strong><a href=\"https:\/\/adhilac.com.ar\/?page_id=15873\">ADHILAC: Historia &#8211; Historidorxs<\/a><\/strong><\/p>\n\n\n\n<p class=\"has-text-align-center has-very-light-gray-color has-vivid-cyan-blue-background-color has-text-color has-background wp-block-paragraph\"><strong><a href=\"https:\/\/adhilac.com.ar\/?page_id=15876\">ADHILAC 20 a\u00f1os despu\u00e9s (1974-1994)<\/a> <\/strong><\/p>\n\n\n\n<p class=\"has-text-align-center has-vivid-cyan-blue-color has-very-light-gray-background-color has-text-color has-background wp-block-paragraph\"><strong><a href=\"https:\/\/adhilac.com.ar\/?page_id=15861\">ADHILAC Breve Historia<\/a> <\/strong><\/p>\n\n\n\n<p class=\"has-text-align-center has-very-light-gray-color has-vivid-cyan-blue-background-color has-text-color has-background wp-block-paragraph\"><strong><a href=\"https:\/\/adhilac.com.ar\/?page_id=15887\">ADHILAC: Miembrxs fundadores<\/a><\/strong><\/p>\n\n\n\n<p class=\"has-text-align-center has-vivid-cyan-blue-color has-very-light-gray-background-color has-text-color has-background wp-block-paragraph\"><strong><a href=\"https:\/\/adhilac.com.ar\/?page_id=15943\">ADHILAC: Historiadorxs Destacadxs<\/a><\/strong><\/p>\n\n\n\n<p class=\"has-text-align-center has-very-light-gray-color has-vivid-cyan-blue-background-color has-text-color has-background wp-block-paragraph\"><strong><a href=\"https:\/\/adhilac.com.ar\/?page_id=4779\">SOCIXS<\/a><\/strong><\/p>\n\n\n\n<p class=\"has-text-align-center has-vivid-cyan-blue-color has-very-light-gray-background-color has-text-color has-background wp-block-paragraph\"><strong><a href=\"https:\/\/adhilac.com.ar\/?page_id=263\">Estatutos de ADHILAC<\/a><\/strong><\/p>\n\n\n\n<p class=\"has-text-align-center has-very-light-gray-color has-vivid-cyan-blue-background-color has-text-color has-background wp-block-paragraph\"><strong><a href=\"https:\/\/adhilac.com.ar\/?page_id=8220\">BICENTENARIO<\/a><\/strong><\/p>\n\n\n\n<p class=\"has-text-align-center has-vivid-cyan-blue-color has-very-light-gray-background-color has-text-color has-background wp-block-paragraph\"><strong><a href=\"https:\/\/adhilac.com.ar\/?page_id=8279\">BIBLIOTECA<\/a><\/strong><\/p>\n\n\n\n<p class=\"has-text-align-center has-very-light-gray-color has-vivid-cyan-blue-background-color has-text-color has-background wp-block-paragraph\"><strong><a href=\"https:\/\/adhilac.com.ar\/?page_id=1698\">ENLACES<\/a> <\/strong><\/p>\n\n\n\n<p class=\"has-text-align-center has-vivid-cyan-blue-color has-very-light-gray-background-color has-text-color has-background wp-block-paragraph\"><a href=\"http:\/\/www.ariadnatucma.com.ar\">VISITE ARIADNA TUCMA REVISTA LATINOAMERICANA<\/a><\/p>\n<\/div><\/div>\n","protected":false},"excerpt":{"rendered":"<p>Por Sergio Guerra Vilaboy Julio Le Riverend con Rodolfo Ruz Men\u00e9ndez e investigadores cubanos y yucatecos en diciembre de 1983 Julio Le Riverend Brussone (1912-1998) fue sin duda uno de los m\u00e1s importantes historiadores cubanos de la segunda mitad del siglo XX. Aunque no fue mi profesor, pues dio clases espor\u00e1dicamente en la Universidad de [&hellip;]<\/p>\n","protected":false},"author":1,"featured_media":0,"comment_status":"closed","ping_status":"closed","sticky":false,"template":"","format":"standard","meta":{"_crdt_document":"","footnotes":""},"categories":[15,351],"tags":[114,134,916],"class_list":["post-15600","post","type-post","status-publish","format-standard","hentry","category-historia","category-historiadores","tag-historiadores-latinoamericanistas","tag-historiografia","tag-julio-le-riverend"],"_links":{"self":[{"href":"https:\/\/adhilac.com.ar\/index.php?rest_route=\/wp\/v2\/posts\/15600","targetHints":{"allow":["GET"]}}],"collection":[{"href":"https:\/\/adhilac.com.ar\/index.php?rest_route=\/wp\/v2\/posts"}],"about":[{"href":"https:\/\/adhilac.com.ar\/index.php?rest_route=\/wp\/v2\/types\/post"}],"author":[{"embeddable":true,"href":"https:\/\/adhilac.com.ar\/index.php?rest_route=\/wp\/v2\/users\/1"}],"replies":[{"embeddable":true,"href":"https:\/\/adhilac.com.ar\/index.php?rest_route=%2Fwp%2Fv2%2Fcomments&post=15600"}],"version-history":[{"count":5,"href":"https:\/\/adhilac.com.ar\/index.php?rest_route=\/wp\/v2\/posts\/15600\/revisions"}],"predecessor-version":[{"id":16936,"href":"https:\/\/adhilac.com.ar\/index.php?rest_route=\/wp\/v2\/posts\/15600\/revisions\/16936"}],"wp:attachment":[{"href":"https:\/\/adhilac.com.ar\/index.php?rest_route=%2Fwp%2Fv2%2Fmedia&parent=15600"}],"wp:term":[{"taxonomy":"category","embeddable":true,"href":"https:\/\/adhilac.com.ar\/index.php?rest_route=%2Fwp%2Fv2%2Fcategories&post=15600"},{"taxonomy":"post_tag","embeddable":true,"href":"https:\/\/adhilac.com.ar\/index.php?rest_route=%2Fwp%2Fv2%2Ftags&post=15600"}],"curies":[{"name":"wp","href":"https:\/\/api.w.org\/{rel}","templated":true}]}}