{"id":15611,"date":"2019-09-10T19:06:00","date_gmt":"2019-09-10T22:06:00","guid":{"rendered":"https:\/\/adhilac.com.ar\/?p=15611"},"modified":"2020-08-24T17:35:30","modified_gmt":"2020-08-24T20:35:30","slug":"roland-t-ely-el-ultimo-de-los-mohicanos","status":"publish","type":"post","link":"https:\/\/adhilac.com.ar\/?p=15611","title":{"rendered":"Roland T. Ely, el \u00faltimo de los mohicanos"},"content":{"rendered":"\n<div class=\"wp-block-media-text alignwide has-media-on-the-right is-stacked-on-mobile is-image-fill has-background\" style=\"background:linear-gradient(135deg,rgba(252,185,0,1) 60%,rgba(255,105,0,1) 100%)\"><figure class=\"wp-block-media-text__media\" style=\"background-image:url(https:\/\/adhilac.com.ar\/wp-content\/uploads\/2019\/09\/Roland-T-Ely-Cuando-reinaba.jpg);background-position:50% 28.000000000000004%\"><img loading=\"lazy\" decoding=\"async\" width=\"375\" height=\"499\" src=\"https:\/\/adhilac.com.ar\/wp-content\/uploads\/2019\/09\/Roland-T-Ely-Cuando-reinaba.jpg\" alt=\"\" class=\"wp-image-15612\" srcset=\"https:\/\/adhilac.com.ar\/wp-content\/uploads\/2019\/09\/Roland-T-Ely-Cuando-reinaba.jpg 375w, https:\/\/adhilac.com.ar\/wp-content\/uploads\/2019\/09\/Roland-T-Ely-Cuando-reinaba-225x300.jpg 225w\" sizes=\"auto, (max-width: 375px) 100vw, 375px\" \/><\/figure><div class=\"wp-block-media-text__content\">\n<p class=\"has-text-align-center has-pale-cyan-blue-color has-text-color has-normal-font-size wp-block-paragraph\"><strong>Por Sergio Guerra Vilaboy<\/strong><\/p>\n<\/div><\/div>\n\n\n\n<!--more-->\n\n\n\n<p class=\"wp-block-paragraph\">A fines de los a\u00f1os noventa, Oscar Zanetti me coment\u00f3 sorprendido que hab\u00eda visto en La Habana, en un congreso de cientistas sociales, especialistas en el Caribe, al historiador estadounidense Robert T Ely. Ambos cre\u00edamos que hab\u00eda fallecido, pues sus libros m\u00e1s conocidos se hab\u00edan publicado en Cuba hac\u00eda cuatro d\u00e9cadas y desde entonces no sab\u00edamos de su paradero. Me refiero a sus valiosas obras <em>La econom\u00eda cubana entre las dos Isabelas<\/em>, 1492 y 1832 (1959) y <em>Comerciantes cubanos del siglo XIX<\/em> (1960), editadas en La Habana con pr\u00f3logos de Julio Le Riverend y Ramiro Guerra respectivamente.<\/p>\n\n\n\n<div class=\"wp-block-image\"><figure class=\"aligncenter size-large\"><img loading=\"lazy\" decoding=\"async\" width=\"375\" height=\"499\" src=\"https:\/\/adhilac.com.ar\/wp-content\/uploads\/2019\/09\/Roland-T-Ely-Cuando-reinaba.jpg\" alt=\"\" class=\"wp-image-15612\" srcset=\"https:\/\/adhilac.com.ar\/wp-content\/uploads\/2019\/09\/Roland-T-Ely-Cuando-reinaba.jpg 375w, https:\/\/adhilac.com.ar\/wp-content\/uploads\/2019\/09\/Roland-T-Ely-Cuando-reinaba-225x300.jpg 225w\" sizes=\"auto, (max-width: 375px) 100vw, 375px\" \/><\/figure><\/div>\n\n\n\n<p class=\"wp-block-paragraph\">Roland Taylor Ely (1924-2014), naci\u00f3 en Filadelfia, Estados Unidos, en una familia emparentada con uno de los fundadores de Pennsilvania. Graduado en la Universidad de Princeton (1946), culmin\u00f3 sus estudios de maestr\u00eda (1949) y doctorado (1959) en Harvard. Siguiendo la recomendaci\u00f3n de uno de sus profesores, se especializ\u00f3 en la historia del az\u00facar en Cuba, favorecido por la circunstancia de que un pariente suyo \u2013cuyos descendientes le abrieron las puertas de la intelectualidad y la alta sociedad habanera de la d\u00e9cada del cincuenta-, hab\u00eda sido propietario de un ingenio en las cercan\u00edas de Santiago de Cuba, arruinado durante la Guerra de los Diez A\u00f1os (1868-1878).<\/p>\n\n\n\n<p class=\"wp-block-paragraph\">Desde entonces, Ely escudri\u00f1\u00f3 papeles en archivos de Estados Unidos, Cuba y otros pa\u00edses, incluyendo los pertenecientes al comerciante decimon\u00f3nico cubano Tom\u00e1s Terry, as\u00ed como los de Julio Lobo, el principal magnate azucarero de la Mayor de las Antillas en la primera mitad del siglo XX. Como resultado de su enjundiosa labor no s\u00f3lo salieron sus dos libros ya mencionados, sino tambi\u00e9n su monumental, <em>Cuando reinaba su Majestad el az\u00facar. Estudio hist\u00f3rico-sociol\u00f3gico de una tragedia latinoamericana: el monocultivo en Cuba<\/em>. <em>Origen y evoluci\u00f3n del proceso, publicada por primera vez en Buenos Aires<\/em> (1963). Esta obra, que es \u00fanica en su g\u00e9nero y est\u00e1 basada en su tesis doctoral, fue elaborada, como confiesa su propio autor, bajo la influencia del texto paradigm\u00e1tico del brasile\u00f1o Gilberto Freyre: <em>Casa Grande y Senzala, Introducci\u00f3n a la historia de la sociedad patriarcal en Brasil<\/em> (1934). El libro de Ely fija su atenci\u00f3n en la experiencia empresarial del banquero y comerciante estadounidense Moses Taylor \u2013el m\u00e1s importante negociador azucarero entre New York y Cuba en el siglo XIX- y las consecuencias sociol\u00f3gicas de su labor para el proceso productivo, as\u00ed como para la sociedad y la econom\u00eda en su conjunto. <\/p>\n\n\n\n<p class=\"wp-block-paragraph\">El triunfo de la Revoluci\u00f3n Cubana acentu\u00f3 la vocaci\u00f3n latinoamericanista de Ely y su compromiso con los pueblos de Nuestra Am\u00e9rica.  En abril de 1959, cuando Fidel Castro visit\u00f3 durante dos d\u00edas la Universidad de Princeton en New Jersey, estuvo entre los organizadores de su programa acad\u00e9mico, que inclu\u00eda la conferencia inaugural del entonces Primer Ministro cubano en el seminario \u201cThe United States and the revolutionary spirit\u201d, a quien adem\u00e1s dio hospedaje en su propia casa.<\/p>\n\n\n\n<p class=\"wp-block-paragraph\">Roland T Ely fue tambi\u00e9n profesor en las universidades de Rutgers y Northern Illinois. Gracias a la obtenci\u00f3n de la beca Fullbright pudo recorrer varios pa\u00edses del continente, as\u00ed como de Europa y Asia, donde ofreci\u00f3 conferencias y cursos. En los \u00faltimos a\u00f1os de su vida se radic\u00f3 en M\u00e9rida (Venezuela), donde fue docente en la Universidad de Los Andes, que le otorg\u00f3 la condici\u00f3n de Profesor Em\u00e9rito. Adem\u00e1s, fue Investigador Asociado en el Instituto Venezolano de Estudios Sociales y Pol\u00edticos de Caracas.<\/p>\n\n\n\n<p class=\"wp-block-paragraph\">En los primeros a\u00f1os de este siglo fue un visitante habitual en la Universidad de La Habana, donde muchas veces conversamos. En una ocasi\u00f3n, en se\u00f1al de amistad, me obsequi\u00f3 un par de monedas antiguas de Estados Unidos, que conservo en mi estudio, junto a la edici\u00f3n cubana de <em>Cuando reinaba su majestad el az\u00facar <\/em>(2001) que me firm\u00f3 como \u201cel \u00faltimo de los mohicanos\u201d, pues se consideraba \u201cel sobreviviente solitario\u201d de los investigadores sobre la plantaci\u00f3n azucarera cubana \u201cy el \u00fanico extranjero\u201d. Esa nueva edici\u00f3n empastada de su ya cl\u00e1sica obra, purgada de numerosos errores de traducci\u00f3n \u2013corregidos con la ayuda de su esposa Usha Bali- y con pr\u00f3logo de Eduardo Torres Cuevas, lleva impresa la siguiente dedicatoria: <\/p>\n\n\n\n<p class=\"has-text-align-right wp-block-paragraph\">\u201cAl pueblo de Cuba, con toda la devoci\u00f3n de un sincero estudioso que ha dedicado la mayor parte de su vida al mejor entendimiento interamericano. R.T.E.\u201d<\/p>\n\n\n\n<p class=\"wp-block-paragraph\">Fuente www.informefracto.com &#8211;  10 de septiembre de 2019<\/p>\n\n\n\n<div style=\"height:23px\" aria-hidden=\"true\" class=\"wp-block-spacer\"><\/div>\n\n\n\n<p class=\"has-very-light-gray-color has-vivid-cyan-blue-background-color has-text-color has-background wp-block-paragraph\"><strong>Publicado por ADHILAC Internacional \u00a9 www.adhilac.com.ar<\/strong><\/p>\n\n\n\n<p class=\"has-vivid-cyan-blue-color has-very-light-gray-background-color has-text-color has-background wp-block-paragraph\"> Si Ud. desea asociarse de acuerdo a los Estatutos de ADHILAC&nbsp;<a href=\"https:\/\/adhilac.com.ar\/?page_id=263\">(ver)<\/a> complete el siguiente formulario&nbsp;(<a href=\"https:\/\/adhilac.com.ar\/?page_id=4779\">ver<\/a>)<\/p>\n\n\n\n<p class=\"has-very-light-gray-color has-vivid-cyan-blue-background-color has-text-color has-background wp-block-paragraph\"> E-mail:&nbsp;info@adhilac.com.ar <\/p>\n\n\n\n<p class=\"has-very-light-gray-color has-vivid-cyan-blue-background-color has-text-color has-background wp-block-paragraph\"> Twitter: @AdhilacInfo <\/p>\n\n\n\n<div class=\"wp-block-image\"><figure class=\"aligncenter size-large\"><img loading=\"lazy\" decoding=\"async\" width=\"85\" height=\"85\" src=\"https:\/\/adhilac.com.ar\/wp-content\/uploads\/2015\/02\/Logo-ADHILAC-Internacional-PEQ.jpg\" alt=\"\" class=\"wp-image-10473\"\/><\/figure><\/div>\n\n\n\n<p class=\"wp-block-paragraph\">Ver <a href=\"https:\/\/adhilac.com.ar\/?page_id=541\">Presentaci\u00f3n de ADHILAC<\/a><\/p>\n\n\n\n<div class=\"wp-block-group\"><div class=\"wp-block-group__inner-container is-layout-flow wp-block-group-is-layout-flow\">\n<p class=\"has-text-align-center has-very-light-gray-color has-vivid-cyan-blue-background-color has-text-color has-background wp-block-paragraph\"><strong><a href=\"https:\/\/adhilac.com.ar\/?page_id=541\">QUIENES SOMOS<\/a><\/strong><\/p>\n\n\n\n<p class=\"has-text-align-center has-vivid-cyan-blue-color has-very-light-gray-background-color has-text-color has-background wp-block-paragraph\"><strong><a href=\"https:\/\/adhilac.com.ar\/?page_id=15507\">DIRECTIVA DE ADHILAC INTERNACIONAL<\/a><\/strong><\/p>\n\n\n\n<p class=\"has-text-align-center has-very-light-gray-color has-vivid-cyan-blue-background-color has-text-color has-background wp-block-paragraph\"><strong><a href=\"https:\/\/adhilac.com.ar\/?page_id=267\">Declaraci\u00f3n de Caracas de ADHILAC (2007)<\/a><\/strong><\/p>\n\n\n\n<p class=\"has-text-align-center has-vivid-cyan-blue-color has-very-light-gray-background-color has-text-color has-background wp-block-paragraph\"><strong><a href=\"https:\/\/adhilac.com.ar\/?page_id=15873\">ADHILAC: Historia &#8211; Historidorxs<\/a><\/strong><\/p>\n\n\n\n<p class=\"has-text-align-center has-very-light-gray-color has-vivid-cyan-blue-background-color has-text-color has-background wp-block-paragraph\"><strong><a href=\"https:\/\/adhilac.com.ar\/?page_id=15876\">ADHILAC 20 a\u00f1os despu\u00e9s (1974-1994)<\/a> <\/strong><\/p>\n\n\n\n<p class=\"has-text-align-center has-vivid-cyan-blue-color has-very-light-gray-background-color has-text-color has-background wp-block-paragraph\"><strong><a href=\"https:\/\/adhilac.com.ar\/?page_id=15861\">ADHILAC Breve Historia<\/a> <\/strong><\/p>\n\n\n\n<p class=\"has-text-align-center has-very-light-gray-color has-vivid-cyan-blue-background-color has-text-color has-background wp-block-paragraph\"><strong><a href=\"https:\/\/adhilac.com.ar\/?page_id=15887\">ADHILAC: Miembrxs fundadores<\/a><\/strong><\/p>\n\n\n\n<p class=\"has-text-align-center has-vivid-cyan-blue-color has-very-light-gray-background-color has-text-color has-background wp-block-paragraph\"><strong><a href=\"https:\/\/adhilac.com.ar\/?page_id=15943\">ADHILAC: Historiadorxs Destacadxs<\/a><\/strong><\/p>\n\n\n\n<p class=\"has-text-align-center has-very-light-gray-color has-vivid-cyan-blue-background-color has-text-color has-background wp-block-paragraph\"><strong><a href=\"https:\/\/adhilac.com.ar\/?page_id=4779\">SOCIXS<\/a><\/strong><\/p>\n\n\n\n<p class=\"has-text-align-center has-vivid-cyan-blue-color has-very-light-gray-background-color has-text-color has-background wp-block-paragraph\"><strong><a href=\"https:\/\/adhilac.com.ar\/?page_id=263\">Estatutos de ADHILAC<\/a><\/strong><\/p>\n\n\n\n<p class=\"has-text-align-center has-very-light-gray-color has-vivid-cyan-blue-background-color has-text-color has-background wp-block-paragraph\"><strong><a href=\"https:\/\/adhilac.com.ar\/?page_id=8220\">BICENTENARIO<\/a><\/strong><\/p>\n\n\n\n<p class=\"has-text-align-center has-vivid-cyan-blue-color has-very-light-gray-background-color has-text-color has-background wp-block-paragraph\"><strong><a href=\"https:\/\/adhilac.com.ar\/?page_id=8279\">BIBLIOTECA<\/a><\/strong><\/p>\n\n\n\n<p class=\"has-text-align-center has-very-light-gray-color has-vivid-cyan-blue-background-color has-text-color has-background wp-block-paragraph\"><strong><a href=\"https:\/\/adhilac.com.ar\/?page_id=1698\">ENLACES<\/a> <\/strong><\/p>\n\n\n\n<p class=\"has-text-align-center has-vivid-cyan-blue-color has-very-light-gray-background-color has-text-color has-background wp-block-paragraph\"><a href=\"http:\/\/www.ariadnatucma.com.ar\">VISITE ARIADNA TUCMA REVISTA LATINOAMERICANA<\/a><\/p>\n<\/div><\/div>\n","protected":false},"excerpt":{"rendered":"<p>Por Sergio Guerra Vilaboy<\/p>\n","protected":false},"author":1,"featured_media":0,"comment_status":"closed","ping_status":"closed","sticky":false,"template":"","format":"standard","meta":{"_crdt_document":"","footnotes":""},"categories":[10],"tags":[114,134],"class_list":["post-15611","post","type-post","status-publish","format-standard","hentry","category-adhil-arg","tag-historiadores-latinoamericanistas","tag-historiografia"],"_links":{"self":[{"href":"https:\/\/adhilac.com.ar\/index.php?rest_route=\/wp\/v2\/posts\/15611","targetHints":{"allow":["GET"]}}],"collection":[{"href":"https:\/\/adhilac.com.ar\/index.php?rest_route=\/wp\/v2\/posts"}],"about":[{"href":"https:\/\/adhilac.com.ar\/index.php?rest_route=\/wp\/v2\/types\/post"}],"author":[{"embeddable":true,"href":"https:\/\/adhilac.com.ar\/index.php?rest_route=\/wp\/v2\/users\/1"}],"replies":[{"embeddable":true,"href":"https:\/\/adhilac.com.ar\/index.php?rest_route=%2Fwp%2Fv2%2Fcomments&post=15611"}],"version-history":[{"count":4,"href":"https:\/\/adhilac.com.ar\/index.php?rest_route=\/wp\/v2\/posts\/15611\/revisions"}],"predecessor-version":[{"id":17091,"href":"https:\/\/adhilac.com.ar\/index.php?rest_route=\/wp\/v2\/posts\/15611\/revisions\/17091"}],"wp:attachment":[{"href":"https:\/\/adhilac.com.ar\/index.php?rest_route=%2Fwp%2Fv2%2Fmedia&parent=15611"}],"wp:term":[{"taxonomy":"category","embeddable":true,"href":"https:\/\/adhilac.com.ar\/index.php?rest_route=%2Fwp%2Fv2%2Fcategories&post=15611"},{"taxonomy":"post_tag","embeddable":true,"href":"https:\/\/adhilac.com.ar\/index.php?rest_route=%2Fwp%2Fv2%2Ftags&post=15611"}],"curies":[{"name":"wp","href":"https:\/\/api.w.org\/{rel}","templated":true}]}}