{"id":15619,"date":"2019-09-12T02:54:00","date_gmt":"2019-09-12T05:54:00","guid":{"rendered":"https:\/\/adhilac.com.ar\/?p=15619"},"modified":"2020-08-24T17:34:11","modified_gmt":"2020-08-24T20:34:11","slug":"rodolfo-puiggros-activista-irreducible-de-los-montoneros","status":"publish","type":"post","link":"https:\/\/adhilac.com.ar\/?p=15619","title":{"rendered":"Rodolfo Puiggr\u00f3s, activista irreducible de los Montoneros"},"content":{"rendered":"\n<p class=\"wp-block-paragraph\">Por Sergio Guerra Vilaboy<\/p>\n\n\n\n<div class=\"wp-block-media-text alignwide is-stacked-on-mobile is-image-fill has-midnight-gradient-background has-background\" style=\"grid-template-columns:51% auto\"><figure class=\"wp-block-media-text__media\" style=\"background-image:url(https:\/\/adhilac.com.ar\/wp-content\/uploads\/2019\/09\/Rodolfo-Puiggros.jpg);background-position:56.00000000000001% 17%\"><img loading=\"lazy\" decoding=\"async\" width=\"420\" height=\"549\" src=\"https:\/\/adhilac.com.ar\/wp-content\/uploads\/2019\/09\/Rodolfo-Puiggros.jpg\" alt=\"\" class=\"wp-image-15620\" srcset=\"https:\/\/adhilac.com.ar\/wp-content\/uploads\/2019\/09\/Rodolfo-Puiggros.jpg 420w, https:\/\/adhilac.com.ar\/wp-content\/uploads\/2019\/09\/Rodolfo-Puiggros-230x300.jpg 230w\" sizes=\"auto, (max-width: 420px) 100vw, 420px\" \/><\/figure><div class=\"wp-block-media-text__content\">\n<p class=\"has-text-align-center has-very-light-gray-color has-text-color has-normal-font-size wp-block-paragraph\"><strong>Por Sergio Guerra Vilaboy <\/strong><\/p>\n<\/div><\/div>\n\n\n\n<p class=\"wp-block-paragraph\">En 1975 tuve la suerte de recibir en la Universidad de La Habana al eminente historiador, educador y pol\u00edtico argentino Rodolfo Jos\u00e9 Puiggr\u00f3s (1906-1980), algunas de cuyas obras ya hab\u00eda le\u00eddo entonces, como <em>De la colonia a la revoluci\u00f3n<\/em> (1940) y su excelente <em>Historia econ\u00f3mica del Rio de la Plata<\/em> (1943), que lo ubicaban entre los primeros exponentes de la historiograf\u00eda marxista en Nuestra Am\u00e9rica.  Estos libros, junto a <em>La herencia que Rosas dej\u00f3 al pa\u00eds<\/em> (1940); <em>130 a\u00f1os de la Revoluci\u00f3n de Mayo<\/em> (1941); <em>Mariano Moreno y la revoluci\u00f3n democr\u00e1tica argentina<\/em> (1941); <em>Los caudillos de la Revoluci\u00f3n de Mayo<\/em> (1942) y<em> Rosas el peque\u00f1o<\/em>, (1944) \u2013que public\u00f3 durante su exilio en Montevideo- pertenecen a la etapa en que militaba en el Partido Comunista y por tanto contienen muchos de los conceptos y esquemas tradicionales de esta organizaci\u00f3n.<\/p>\n\n\n\n<!--more-->\n\n\n\n<p class=\"wp-block-paragraph\">Puiggr\u00f3s hab\u00eda ingresado en 1928 en este partido, afiliado al Komintern, tras viajar a la Uni\u00f3n Sovi\u00e9tica con su padre dos a\u00f1os antes. Con estudios universitarios en la Facultad de Ciencias Econ\u00f3micas de la Universidad de Buenos Aires, se incorpor\u00f3 como docente en la Asociaci\u00f3n de Intelectuales, Artistas, Periodistas y Escritores (AIAPE), creada en 1935, y que dirig\u00eda An\u00edbal Ponce. Desde entonces, y durante veinte a\u00f1os, fue tambi\u00e9n redactor del peri\u00f3dico Cr\u00edtica y profesor en el Colegio Libre de Estudios Superiores.<\/p>\n\n\n\n<p class=\"wp-block-paragraph\">Atra\u00eddo por las conquistas sociales y las reivindicaciones nacionalistas de Juan Domingo Per\u00f3n, Puiggr\u00f3s se inclin\u00f3 por el apoyo cr\u00edtico a su gobierno, lo que motiv\u00f3 su separaci\u00f3n del Partido Comunista (1947), integr\u00e1ndose al Movimiento Obrero Comunista, en el que dirigi\u00f3 hasta 1955 su \u00f3rgano Clase Obrera. Este proceso lo condujo tambi\u00e9n, sin dejar el marxismo, a comulgar con el revisionismo hist\u00f3rico, asumiendo una posici\u00f3n m\u00e1s ecl\u00e9ctica desde el punto de vista interpretativo y metodol\u00f3gico y haciendo duras cr\u00edticas a la historiograf\u00eda marxista dogm\u00e1tica, A esta nueva etapa de su producci\u00f3n corresponden libros como <em>La \u00e9poca de Mariano Moreno<\/em> (1949); <em>Historia cr\u00edtica de los partidos pol\u00edticos argentinos<\/em> (1956); <em>Libre empresa o nacionalizaci\u00f3n de la industria de la carne<\/em> (1957); <em>El proletariado en la revoluci\u00f3n nacional<\/em> (1958); <em>La Espa\u00f1a que conquist\u00f3 el Nuevo Mundo<\/em> (1961); <em>El Yrigoyenismo<\/em> (1965); <em>Las izquierdas y el problema nacional<\/em> (1967); <em>Pueblo y oligarqu\u00eda<\/em> (1967); <em>El proletariado en la Revoluci\u00f3n Nacional<\/em> (1967); <em>La democracia fraudulenta<\/em> (1968); <em>Los caudillos y la Revoluci\u00f3n de Mayo<\/em> (1971); <em>El peronismo: sus causas<\/em> \u2013con pr\u00f3logo del propio Per\u00f3n- y <em>Adonde vamos, argentinos<\/em>, estas dos \u00faltimas de 1972.<\/p>\n\n\n\n<p class=\"wp-block-paragraph\">Tras la llamada \u201cRevoluci\u00f3n Libertadora\u201d, que derrib\u00f3 el gobierno justicialista en 1955, Puiggr\u00f3s se vincul\u00f3 a la organizaci\u00f3n opositora Argentinos de Pie, hasta que en 1961 debi\u00f3 buscar refugio en M\u00e9xico. Durante su primer exilio en tierra mexicana sobresali\u00f3 como profesor de la Universidad Nacional Aut\u00f3noma de M\u00e9xico (UNAM) y estuvo entre los fundadores del diario El D\u00eda y de su suplemento El Gallo Ilustrado, manteniendo hasta 1977 su columna en este peri\u00f3dico sobre temas internacionales.<\/p>\n\n\n\n<p class=\"wp-block-paragraph\">En el ef\u00edmero retorno de Per\u00f3n al poder, entre 1973 y 1974, Puiggr\u00f3s ocup\u00f3 el rectorado de la Universidad Nacional de Buenos Aires y fund\u00f3 el Instituto del Tercer Mundo. Ante las amenazas a su vida por parte de la banda terrorista Triple A, la organizaci\u00f3n de los Montoneros lo traslad\u00f3 a M\u00e9xico. En su segundo exilio mexicano, dirigi\u00f3 desde 1977 la secci\u00f3n de Profesionales, Intelectuales y Artistas del Movimiento Peronista Montonero, en la que lleg\u00f3 a ser miembro de su Conducci\u00f3n Nacional. Adem\u00e1s, fue fundador y secretario general del Comit\u00e9 de Solidaridad con el Pueblo Argentino (COSPA), cre\u00f3 el Comit\u00e9 de Solidaridad Latinoamericana y encabez\u00f3 la Editorial Patria Grande, encaminada a rescatar la verdadera historia de nuestra Am\u00e9rica. Rodolfo Puiggr\u00f3s muri\u00f3 en un hospital de La Habana el 12 de noviembre de 1980 y sus restos fueron inhumados en M\u00e9xico y trasladados despu\u00e9s a la Argentina, donde se depositaron junto a la tumba de su hijo Sergio, tambi\u00e9n dirigente Montonero, ca\u00eddo en combate en 1976 contra la sanguinaria dictadura militar argentina.<\/p>\n\n\n\n<p class=\"wp-block-paragraph\">FUENTE: www.informefracto.com  &#8211; 12 de septiembre de 2019<\/p>\n\n\n\n<p class=\"has-very-light-gray-color has-vivid-cyan-blue-background-color has-text-color has-background wp-block-paragraph\"><strong>Publicado por ADHILAC Internacional \u00a9 www.adhilac.com.ar<\/strong><\/p>\n\n\n\n<p class=\"has-vivid-cyan-blue-color has-very-light-gray-background-color has-text-color has-background wp-block-paragraph\"> Si Ud. desea asociarse de acuerdo a los Estatutos de ADHILAC&nbsp;<a href=\"https:\/\/adhilac.com.ar\/?page_id=263\">(ver)<\/a> complete el siguiente formulario&nbsp;(<a href=\"https:\/\/adhilac.com.ar\/?page_id=4779\">ver<\/a>)<\/p>\n\n\n\n<p class=\"has-very-light-gray-color has-vivid-cyan-blue-background-color has-text-color has-background wp-block-paragraph\"> E-mail:&nbsp;info@adhilac.com.ar <\/p>\n\n\n\n<p class=\"has-very-light-gray-color has-vivid-cyan-blue-background-color has-text-color has-background wp-block-paragraph\"> Twitter: @AdhilacInfo <\/p>\n\n\n\n<div class=\"wp-block-image\"><figure class=\"aligncenter size-large\"><img loading=\"lazy\" decoding=\"async\" width=\"85\" height=\"85\" src=\"https:\/\/adhilac.com.ar\/wp-content\/uploads\/2015\/02\/Logo-ADHILAC-Internacional-PEQ.jpg\" alt=\"\" class=\"wp-image-10473\"\/><\/figure><\/div>\n\n\n\n<p class=\"wp-block-paragraph\">Ver <a href=\"https:\/\/adhilac.com.ar\/?page_id=541\">Presentaci\u00f3n de ADHILAC<\/a><\/p>\n\n\n\n<div class=\"wp-block-group\"><div class=\"wp-block-group__inner-container is-layout-flow wp-block-group-is-layout-flow\">\n<p class=\"has-text-align-center has-very-light-gray-color has-vivid-cyan-blue-background-color has-text-color has-background wp-block-paragraph\"><strong><a href=\"https:\/\/adhilac.com.ar\/?page_id=541\">QUIENES SOMOS<\/a><\/strong><\/p>\n\n\n\n<p class=\"has-text-align-center has-vivid-cyan-blue-color has-very-light-gray-background-color has-text-color has-background wp-block-paragraph\"><strong><a href=\"https:\/\/adhilac.com.ar\/?page_id=15507\">DIRECTIVA DE ADHILAC INTERNACIONAL<\/a><\/strong><\/p>\n\n\n\n<p class=\"has-text-align-center has-very-light-gray-color has-vivid-cyan-blue-background-color has-text-color has-background wp-block-paragraph\"><strong><a href=\"https:\/\/adhilac.com.ar\/?page_id=267\">Declaraci\u00f3n de Caracas de ADHILAC (2007)<\/a><\/strong><\/p>\n\n\n\n<p class=\"has-text-align-center has-vivid-cyan-blue-color has-very-light-gray-background-color has-text-color has-background wp-block-paragraph\"><strong><a href=\"https:\/\/adhilac.com.ar\/?page_id=15873\">ADHILAC: Historia &#8211; Historidorxs<\/a><\/strong><\/p>\n\n\n\n<p class=\"has-text-align-center has-very-light-gray-color has-vivid-cyan-blue-background-color has-text-color has-background wp-block-paragraph\"><strong><a href=\"https:\/\/adhilac.com.ar\/?page_id=15876\">ADHILAC 20 a\u00f1os despu\u00e9s (1974-1994)<\/a> <\/strong><\/p>\n\n\n\n<p class=\"has-text-align-center has-vivid-cyan-blue-color has-very-light-gray-background-color has-text-color has-background wp-block-paragraph\"><strong><a href=\"https:\/\/adhilac.com.ar\/?page_id=15861\">ADHILAC Breve Historia<\/a> <\/strong><\/p>\n\n\n\n<p class=\"has-text-align-center has-very-light-gray-color has-vivid-cyan-blue-background-color has-text-color has-background wp-block-paragraph\"><strong><a href=\"https:\/\/adhilac.com.ar\/?page_id=15887\">ADHILAC: Miembrxs fundadores<\/a><\/strong><\/p>\n\n\n\n<p class=\"has-text-align-center has-vivid-cyan-blue-color has-very-light-gray-background-color has-text-color has-background wp-block-paragraph\"><strong><a href=\"https:\/\/adhilac.com.ar\/?page_id=15943\">ADHILAC: Historiadorxs Destacadxs<\/a><\/strong><\/p>\n\n\n\n<p class=\"has-text-align-center has-very-light-gray-color has-vivid-cyan-blue-background-color has-text-color has-background wp-block-paragraph\"><strong><a href=\"https:\/\/adhilac.com.ar\/?page_id=4779\">SOCIXS<\/a><\/strong><\/p>\n\n\n\n<p class=\"has-text-align-center has-vivid-cyan-blue-color has-very-light-gray-background-color has-text-color has-background wp-block-paragraph\"><strong><a href=\"https:\/\/adhilac.com.ar\/?page_id=263\">Estatutos de ADHILAC<\/a><\/strong><\/p>\n\n\n\n<p class=\"has-text-align-center has-very-light-gray-color has-vivid-cyan-blue-background-color has-text-color has-background wp-block-paragraph\"><strong><a href=\"https:\/\/adhilac.com.ar\/?page_id=8220\">BICENTENARIO<\/a><\/strong><\/p>\n\n\n\n<p class=\"has-text-align-center has-vivid-cyan-blue-color has-very-light-gray-background-color has-text-color has-background wp-block-paragraph\"><strong><a href=\"https:\/\/adhilac.com.ar\/?page_id=8279\">BIBLIOTECA<\/a><\/strong><\/p>\n\n\n\n<p class=\"has-text-align-center has-very-light-gray-color has-vivid-cyan-blue-background-color has-text-color has-background wp-block-paragraph\"><strong><a href=\"https:\/\/adhilac.com.ar\/?page_id=1698\">ENLACES<\/a> <\/strong><\/p>\n\n\n\n<p class=\"has-text-align-center has-vivid-cyan-blue-color has-very-light-gray-background-color has-text-color has-background wp-block-paragraph\"><a href=\"http:\/\/www.ariadnatucma.com.ar\">VISITE ARIADNA TUCMA REVISTA LATINOAMERICANA<\/a><\/p>\n<\/div><\/div>\n","protected":false},"excerpt":{"rendered":"<p>Por Sergio Guerra Vilaboy Por Sergio Guerra Vilaboy En 1975 tuve la suerte de recibir en la Universidad de La Habana al eminente historiador, educador y pol\u00edtico argentino Rodolfo Jos\u00e9 Puiggr\u00f3s (1906-1980), algunas de cuyas obras ya hab\u00eda le\u00eddo entonces, como De la colonia a la revoluci\u00f3n (1940) y su excelente Historia econ\u00f3mica del Rio [&hellip;]<\/p>\n","protected":false},"author":1,"featured_media":0,"comment_status":"closed","ping_status":"closed","sticky":false,"template":"","format":"standard","meta":{"_crdt_document":"","footnotes":""},"categories":[15,351],"tags":[114,134],"class_list":["post-15619","post","type-post","status-publish","format-standard","hentry","category-historia","category-historiadores","tag-historiadores-latinoamericanistas","tag-historiografia"],"_links":{"self":[{"href":"https:\/\/adhilac.com.ar\/index.php?rest_route=\/wp\/v2\/posts\/15619","targetHints":{"allow":["GET"]}}],"collection":[{"href":"https:\/\/adhilac.com.ar\/index.php?rest_route=\/wp\/v2\/posts"}],"about":[{"href":"https:\/\/adhilac.com.ar\/index.php?rest_route=\/wp\/v2\/types\/post"}],"author":[{"embeddable":true,"href":"https:\/\/adhilac.com.ar\/index.php?rest_route=\/wp\/v2\/users\/1"}],"replies":[{"embeddable":true,"href":"https:\/\/adhilac.com.ar\/index.php?rest_route=%2Fwp%2Fv2%2Fcomments&post=15619"}],"version-history":[{"count":6,"href":"https:\/\/adhilac.com.ar\/index.php?rest_route=\/wp\/v2\/posts\/15619\/revisions"}],"predecessor-version":[{"id":17090,"href":"https:\/\/adhilac.com.ar\/index.php?rest_route=\/wp\/v2\/posts\/15619\/revisions\/17090"}],"wp:attachment":[{"href":"https:\/\/adhilac.com.ar\/index.php?rest_route=%2Fwp%2Fv2%2Fmedia&parent=15619"}],"wp:term":[{"taxonomy":"category","embeddable":true,"href":"https:\/\/adhilac.com.ar\/index.php?rest_route=%2Fwp%2Fv2%2Fcategories&post=15619"},{"taxonomy":"post_tag","embeddable":true,"href":"https:\/\/adhilac.com.ar\/index.php?rest_route=%2Fwp%2Fv2%2Ftags&post=15619"}],"curies":[{"name":"wp","href":"https:\/\/api.w.org\/{rel}","templated":true}]}}