{"id":15693,"date":"2019-09-11T18:46:00","date_gmt":"2019-09-11T21:46:00","guid":{"rendered":"https:\/\/adhilac.com.ar\/?p=15693"},"modified":"2020-08-17T14:21:23","modified_gmt":"2020-08-17T17:21:23","slug":"coloquio-una-historia-abierta-a-100-anos-de-la-fundacion-del-partido-comunista-mexicano-mexico-14-15-11-2019","status":"publish","type":"post","link":"https:\/\/adhilac.com.ar\/?p=15693","title":{"rendered":"Coloquio: Una historia abierta. A 100 a\u00f1os de la fundaci\u00f3n del Partido Comunista Mexicano. M\u00e9xico. 14-15\/11\/2019"},"content":{"rendered":"\n<div class=\"wp-block-group has-pale-ocean-gradient-background has-background\"><div class=\"wp-block-group__inner-container is-layout-flow wp-block-group-is-layout-flow\">\n<p class=\"has-vivid-green-cyan-color has-vivid-red-background-color has-text-color has-background wp-block-paragraph\">Facultad de Historia de la Universidad Michoacana de San Nicol\u00e1s de Hidalgo. Morelia, Michoac\u00e1n. M\u00e9xico<\/p>\n\n\n\n<p class=\"wp-block-paragraph\">La Facultad de Historia de la Universidad Michoacana de San Nicol\u00e1s de<br \/> Hidalgo invita a participar a investigadores, estudiantes, activistas<br \/> y p\u00fablico en general al Coloquio Una historia abierta. A 100 a\u00f1os de<br \/> la fundaci\u00f3n del Partido Comunista Mexicano, que se realizar\u00e1 los d\u00edas<br \/> 14 y 15 de noviembre del a\u00f1o en curso en las instalaciones de dicha<br \/> instituci\u00f3n.<\/p>\n<\/div><\/div>\n\n\n\n<!--more-->\n\n\n\n<p class=\"wp-block-paragraph\"><br \/><strong> Ejes Tem\u00e1ticos<\/strong><br \/> \u2022       Nuevas perspectivas te\u00f3ricas para el estudio de los comunismos<br \/> \u2022       El PCM y la Internacional Comunista<br \/> \u2022       El PCM y el movimiento comunista latinoamericano<br \/> \u2022       Historia y memoria regional del comunismo mexicano<br \/> \u2022       Militantes, exilios y redes intelectuales<br \/> \u2022       Peri\u00f3dicos y revistas<br \/> \u2022       Movimientos feministas<br \/> \u2022       Investigaciones biogr\u00e1ficas<br \/> \u2022       Movimientos sociales (obreros, campesinos, sindicales y estudiantiles)<br \/> \u2022       Movimientos art\u00edsticos<br \/> \u2022       La recepci\u00f3n de Marx y el marxismo en M\u00e9xico<br \/> \u2022       Luchas armadas<br \/> \u2022       Intelectuales comunistas<br \/> \u2022       Represi\u00f3n y c\u00e1rcel: el destino de los comunistas mexicanos<br \/> \u2022       El Estado mexicano frente al PCM<\/p>\n\n\n\n<div style=\"height:20px\" aria-hidden=\"true\" class=\"wp-block-spacer\"><\/div>\n\n\n\n<p class=\"wp-block-paragraph\"><strong>Recepci\u00f3n de res\u00famenes<\/strong><br \/> \u2022       Hasta el 11 de octubre del 2019<br \/> \u2022       250 palabras<br \/> \u2022       Formato Word<br \/> \u2022       Times New Roman<br \/> \u2022       1.5 de interlineado<br \/> \u2022       3 palabras clave<br \/> \u2022       Debe incluir nombre completo del autor, grado acad\u00e9mico y<br \/> Universidad de procedencia, t\u00edtulo, correo electr\u00f3nico y eje tem\u00e1tico<br \/> seleccionado.<\/p>\n\n\n\n<div style=\"height:20px\" aria-hidden=\"true\" class=\"wp-block-spacer\"><\/div>\n\n\n\n<p class=\"wp-block-paragraph\"><strong>Recepci\u00f3n de documentaci\u00f3n<\/strong><br \/> \u2022       coloquio100pcm@gmail.com<\/p>\n\n\n\n<p class=\"wp-block-paragraph\"><\/p>\n\n\n\n<p class=\"wp-block-paragraph\"><strong>Notificaci\u00f3n de aceptaci\u00f3n<\/strong><br \/> \u2022       17 de octubre del 2019<br \/> Env\u00edo de ponencias completas<br \/> \u2022       27 de octubre de 2019<br \/> Lugar y fecha<br \/> \u2022       Auditorio de la Facultad de Historia de la UMSNH, los d\u00edas 14 y 15<br \/> de noviembre del 2019. Ubicado en la ciudad de Morelia, Michoac\u00e1n.<br \/><\/p>\n\n\n\n<div style=\"height:20px\" aria-hidden=\"true\" class=\"wp-block-spacer\"><\/div>\n\n\n\n<p class=\"wp-block-paragraph\"> <strong>Comit\u00e9 Organizador<\/strong><br \/> Hugo Armando Nateras Jim\u00e9nez<br \/> Mar\u00eda Teresa Cort\u00e9s Zavala<br \/> Jaime Hern\u00e1ndez D\u00edaz<br \/> Jos\u00e9 Alfredo Uribe Salas<\/p>\n\n\n\n<div style=\"height:20px\" aria-hidden=\"true\" class=\"wp-block-spacer\"><\/div>\n\n\n\n<p class=\"has-very-light-gray-color has-vivid-cyan-blue-background-color has-text-color has-background wp-block-paragraph\"><strong>Publicado por ADHILAC Internacional \u00a9 www.adhilac.com.ar<\/strong><\/p>\n\n\n\n<p class=\"has-vivid-cyan-blue-color has-very-light-gray-background-color has-text-color has-background wp-block-paragraph\"> Si Ud. desea asociarse de acuerdo a los Estatutos de ADHILAC&nbsp;<a href=\"https:\/\/adhilac.com.ar\/?page_id=263\">(ver)<\/a> complete el siguiente formulario&nbsp;(<a href=\"https:\/\/adhilac.com.ar\/?page_id=4779\">ver<\/a>)<\/p>\n\n\n\n<p class=\"has-very-light-gray-color has-vivid-cyan-blue-background-color has-text-color has-background wp-block-paragraph\"> E-mail:&nbsp;info@adhilac.com.ar <\/p>\n\n\n\n<p class=\"has-very-light-gray-color has-vivid-cyan-blue-background-color has-text-color has-background wp-block-paragraph\"> Twitter: @AdhilacInfo <\/p>\n\n\n\n<div class=\"wp-block-image\"><figure class=\"aligncenter size-large\"><img loading=\"lazy\" decoding=\"async\" width=\"85\" height=\"85\" src=\"https:\/\/adhilac.com.ar\/wp-content\/uploads\/2015\/02\/Logo-ADHILAC-Internacional-PEQ.jpg\" alt=\"\" class=\"wp-image-10473\"\/><\/figure><\/div>\n\n\n\n<p class=\"wp-block-paragraph\">Ver <a href=\"https:\/\/adhilac.com.ar\/?page_id=541\">Presentaci\u00f3n de ADHILAC<\/a><\/p>\n\n\n\n<div class=\"wp-block-group\"><div class=\"wp-block-group__inner-container is-layout-flow wp-block-group-is-layout-flow\">\n<p class=\"has-text-align-center has-very-light-gray-color has-vivid-cyan-blue-background-color has-text-color has-background wp-block-paragraph\"><strong><a href=\"https:\/\/adhilac.com.ar\/?page_id=541\">QUIENES SOMOS<\/a><\/strong><\/p>\n\n\n\n<p class=\"has-text-align-center has-vivid-cyan-blue-color has-very-light-gray-background-color has-text-color has-background wp-block-paragraph\"><strong><a href=\"https:\/\/adhilac.com.ar\/?page_id=15507\">DIRECTIVA DE ADHILAC INTERNACIONAL<\/a><\/strong><\/p>\n\n\n\n<p class=\"has-text-align-center has-very-light-gray-color has-vivid-cyan-blue-background-color has-text-color has-background wp-block-paragraph\"><strong><a href=\"https:\/\/adhilac.com.ar\/?page_id=267\">Declaraci\u00f3n de Caracas de ADHILAC (2007)<\/a><\/strong><\/p>\n\n\n\n<p class=\"has-text-align-center has-vivid-cyan-blue-color has-very-light-gray-background-color has-text-color has-background wp-block-paragraph\"><strong><a href=\"https:\/\/adhilac.com.ar\/?page_id=15873\">ADHILAC: Historia &#8211; Historidorxs<\/a><\/strong><\/p>\n\n\n\n<p class=\"has-text-align-center has-very-light-gray-color has-vivid-cyan-blue-background-color has-text-color has-background wp-block-paragraph\"><strong><a href=\"https:\/\/adhilac.com.ar\/?page_id=15876\">ADHILAC 20 a\u00f1os despu\u00e9s (1974-1994)<\/a> <\/strong><\/p>\n\n\n\n<p class=\"has-text-align-center has-vivid-cyan-blue-color has-very-light-gray-background-color has-text-color has-background wp-block-paragraph\"><strong><a href=\"https:\/\/adhilac.com.ar\/?page_id=15861\">ADHILAC Breve Historia<\/a> <\/strong><\/p>\n\n\n\n<p class=\"has-text-align-center has-very-light-gray-color has-vivid-cyan-blue-background-color has-text-color has-background wp-block-paragraph\"><strong><a href=\"https:\/\/adhilac.com.ar\/?page_id=15887\">ADHILAC: Miembrxs fundadores<\/a><\/strong><\/p>\n\n\n\n<p class=\"has-text-align-center has-vivid-cyan-blue-color has-very-light-gray-background-color has-text-color has-background wp-block-paragraph\"><strong><a href=\"https:\/\/adhilac.com.ar\/?page_id=15943\">ADHILAC: Historiadorxs Destacadxs<\/a><\/strong><\/p>\n\n\n\n<p class=\"has-text-align-center has-very-light-gray-color has-vivid-cyan-blue-background-color has-text-color has-background wp-block-paragraph\"><strong><a href=\"https:\/\/adhilac.com.ar\/?page_id=4779\">SOCIXS<\/a><\/strong><\/p>\n\n\n\n<p class=\"has-text-align-center has-vivid-cyan-blue-color has-very-light-gray-background-color has-text-color has-background wp-block-paragraph\"><strong><a href=\"https:\/\/adhilac.com.ar\/?page_id=263\">Estatutos de ADHILAC<\/a><\/strong><\/p>\n\n\n\n<p class=\"has-text-align-center has-very-light-gray-color has-vivid-cyan-blue-background-color has-text-color has-background wp-block-paragraph\"><strong><a href=\"https:\/\/adhilac.com.ar\/?page_id=8220\">BICENTENARIO<\/a><\/strong><\/p>\n\n\n\n<p class=\"has-text-align-center has-vivid-cyan-blue-color has-very-light-gray-background-color has-text-color has-background wp-block-paragraph\"><strong><a href=\"https:\/\/adhilac.com.ar\/?page_id=8279\">BIBLIOTECA<\/a><\/strong><\/p>\n\n\n\n<p class=\"has-text-align-center has-very-light-gray-color has-vivid-cyan-blue-background-color has-text-color has-background wp-block-paragraph\"><strong><a href=\"https:\/\/adhilac.com.ar\/?page_id=1698\">ENLACES<\/a> <\/strong><\/p>\n\n\n\n<p class=\"has-text-align-center has-vivid-cyan-blue-color has-very-light-gray-background-color has-text-color has-background wp-block-paragraph\"><a href=\"http:\/\/www.ariadnatucma.com.ar\">VISITE ARIADNA TUCMA REVISTA LATINOAMERICANA<\/a><\/p>\n<\/div><\/div>\n","protected":false},"excerpt":{"rendered":"<p>Facultad de Historia de la Universidad Michoacana de San Nicol\u00e1s de Hidalgo. Morelia, Michoac\u00e1n. M\u00e9xico La Facultad de Historia de la Universidad Michoacana de San Nicol\u00e1s de Hidalgo invita a participar a investigadores, estudiantes, activistas y p\u00fablico en general al Coloquio Una historia abierta. A 100 a\u00f1os de la fundaci\u00f3n del Partido Comunista Mexicano, que [&hellip;]<\/p>\n","protected":false},"author":1,"featured_media":0,"comment_status":"closed","ping_status":"closed","sticky":false,"template":"","format":"standard","meta":{"_crdt_document":"","footnotes":""},"categories":[10],"tags":[121,244],"class_list":["post-15693","post","type-post","status-publish","format-standard","hentry","category-adhil-arg","tag-mexico","tag-partido-comunista"],"_links":{"self":[{"href":"https:\/\/adhilac.com.ar\/index.php?rest_route=\/wp\/v2\/posts\/15693","targetHints":{"allow":["GET"]}}],"collection":[{"href":"https:\/\/adhilac.com.ar\/index.php?rest_route=\/wp\/v2\/posts"}],"about":[{"href":"https:\/\/adhilac.com.ar\/index.php?rest_route=\/wp\/v2\/types\/post"}],"author":[{"embeddable":true,"href":"https:\/\/adhilac.com.ar\/index.php?rest_route=\/wp\/v2\/users\/1"}],"replies":[{"embeddable":true,"href":"https:\/\/adhilac.com.ar\/index.php?rest_route=%2Fwp%2Fv2%2Fcomments&post=15693"}],"version-history":[{"count":3,"href":"https:\/\/adhilac.com.ar\/index.php?rest_route=\/wp\/v2\/posts\/15693\/revisions"}],"predecessor-version":[{"id":16966,"href":"https:\/\/adhilac.com.ar\/index.php?rest_route=\/wp\/v2\/posts\/15693\/revisions\/16966"}],"wp:attachment":[{"href":"https:\/\/adhilac.com.ar\/index.php?rest_route=%2Fwp%2Fv2%2Fmedia&parent=15693"}],"wp:term":[{"taxonomy":"category","embeddable":true,"href":"https:\/\/adhilac.com.ar\/index.php?rest_route=%2Fwp%2Fv2%2Fcategories&post=15693"},{"taxonomy":"post_tag","embeddable":true,"href":"https:\/\/adhilac.com.ar\/index.php?rest_route=%2Fwp%2Fv2%2Ftags&post=15693"}],"curies":[{"name":"wp","href":"https:\/\/api.w.org\/{rel}","templated":true}]}}