{"id":15696,"date":"2019-09-29T20:20:00","date_gmt":"2019-09-29T23:20:00","guid":{"rendered":"https:\/\/adhilac.com.ar\/?p=15696"},"modified":"2020-08-17T14:28:32","modified_gmt":"2020-08-17T17:28:32","slug":"convocatoria-de-publicacion-en-ariadna-tucma-revista-latinoamericana","status":"publish","type":"post","link":"https:\/\/adhilac.com.ar\/?p=15696","title":{"rendered":"CONVOCATORIA DE PUBLICACI\u00d3N en Ariadna Tucma Revista Latinoamericana"},"content":{"rendered":"\n<div class=\"wp-block-media-text alignwide is-stacked-on-mobile is-image-fill has-background\" style=\"background:linear-gradient(135deg,rgb(122,220,180) 51%,rgb(0,208,130) 100%)\"><figure class=\"wp-block-media-text__media\" style=\"background-image:url(https:\/\/adhilac.com.ar\/wp-content\/uploads\/2013\/08\/Ariadna-escudo-04-completo-14-1024x864.jpg);background-position:50% 50%\"><img loading=\"lazy\" decoding=\"async\" width=\"1024\" height=\"864\" src=\"https:\/\/adhilac.com.ar\/wp-content\/uploads\/2013\/08\/Ariadna-escudo-04-completo-14-1024x864.jpg\" alt=\"\" class=\"wp-image-8371\" srcset=\"https:\/\/adhilac.com.ar\/wp-content\/uploads\/2013\/08\/Ariadna-escudo-04-completo-14-1024x864.jpg 1024w, https:\/\/adhilac.com.ar\/wp-content\/uploads\/2013\/08\/Ariadna-escudo-04-completo-14-300x253.jpg 300w, https:\/\/adhilac.com.ar\/wp-content\/uploads\/2013\/08\/Ariadna-escudo-04-completo-14.jpg 1872w\" sizes=\"auto, (max-width: 1024px) 100vw, 1024px\" \/><\/figure><div class=\"wp-block-media-text__content\">\n<p class=\"has-text-align-center has-normal-font-size wp-block-paragraph\"><a href=\"http:\/\/www.ariadnatucma.com.ar.\">CONVOCATORIA<\/a><\/p>\n\n\n\n<p class=\"has-text-align-right wp-block-paragraph\"><a href=\"http:\/\/www.ariadnatucma.com.ar\/?page_id=809&amp;page=2\">NORMAS DE PUBLICACI\u00d3N<\/a> <\/p>\n<\/div><\/div>\n\n\n\n<p class=\"wp-block-paragraph\">Estimadxs Colegxs<\/p>\n\n\n\n<p class=\"wp-block-paragraph\">Tras un per\u00edodo de dificultades Ariadna Tucma Revista\nLatinoamericana de Historia, Ciencias Sociales Arte y Cultura est\u00e1 nuevamente\nen la web: <a href=\"http:\/\/www.ariadnatucma.com.ar\">www.ariadnatucma.com.ar<\/a>.\n<\/p>\n\n\n\n<p class=\"wp-block-paragraph\">En tal sentido queremos invitar tanto a lxs investigadxres (seniors\ny principiantes) a enviar sus trabajos. Los mismos ser\u00e1n sometidos a una\nevaluaci\u00f3n y, una vez aprobados, pasar\u00e1n a ser parte del pr\u00f3ximo n\u00famero de Ariadna\nTucma Revista Latinoamericana <\/p>\n\n\n\n<!--more-->\n\n\n\n<p class=\"wp-block-paragraph\">Se puede acceder a las normas de publicaci\u00f3n en <a href=\"http:\/\/www.ariadnatucma.com.ar\/?page_id=809&amp;page=2\">http:\/\/www.ariadnatucma.com.ar\/?page_id=809&amp;page=2<\/a>\n<\/p>\n\n\n\n<p class=\"wp-block-paragraph\">Los criterios de evaluaci\u00f3n est\u00e1n en &nbsp;<\/p>\n\n\n\n<figure class=\"wp-block-embed-wordpress wp-block-embed is-type-wp-embed is-provider-ariadna-tucma\"><div class=\"wp-block-embed__wrapper\">\nhttp:\/\/www.ariadnatucma.com.ar\/?page_id=809&#038;page=3\n<\/div><\/figure>\n\n\n\n<p class=\"wp-block-paragraph\">Agradecemos que difundan esta convocatoria para favorecer la difusi\u00f3n\nde los trabajos de lxs investigadorxs de Nuestra Am\u00e9rica. <\/p>\n\n\n\n<p class=\"wp-block-paragraph\">Un saludo cordial<\/p>\n\n\n\n<p class=\"wp-block-paragraph\">Carolina Crisorio<\/p>\n\n\n\n<p class=\"wp-block-paragraph\">&nbsp;&nbsp;&nbsp;&nbsp;&nbsp; Directora<\/p>\n\n\n\n<p class=\"wp-block-paragraph\">Contacto: info@ariadnatucma.com.ar<\/p>\n\n\n\n<p class=\"has-very-light-gray-color has-vivid-cyan-blue-background-color has-text-color has-background wp-block-paragraph\"><strong>Publicado por ADHILAC Internacional \u00a9 www.adhilac.com.ar<\/strong><\/p>\n\n\n\n<p class=\"has-vivid-cyan-blue-color has-very-light-gray-background-color has-text-color has-background wp-block-paragraph\"> Si Ud. desea asociarse de acuerdo a los Estatutos de ADHILAC&nbsp;<a href=\"https:\/\/adhilac.com.ar\/?page_id=263\">(ver)<\/a> complete el siguiente formulario&nbsp;(<a href=\"https:\/\/adhilac.com.ar\/?page_id=4779\">ver<\/a>)<\/p>\n\n\n\n<p class=\"has-very-light-gray-color has-vivid-cyan-blue-background-color has-text-color has-background wp-block-paragraph\"> E-mail:&nbsp;info@adhilac.com.ar <\/p>\n\n\n\n<p class=\"has-very-light-gray-color has-vivid-cyan-blue-background-color has-text-color has-background wp-block-paragraph\"> Twitter: @AdhilacInfo <\/p>\n\n\n\n<div class=\"wp-block-image\"><figure class=\"aligncenter size-large\"><img loading=\"lazy\" decoding=\"async\" width=\"85\" height=\"85\" src=\"https:\/\/adhilac.com.ar\/wp-content\/uploads\/2015\/02\/Logo-ADHILAC-Internacional-PEQ.jpg\" alt=\"\" class=\"wp-image-10473\"\/><\/figure><\/div>\n\n\n\n<p class=\"wp-block-paragraph\">Ver <a href=\"https:\/\/adhilac.com.ar\/?page_id=541\">Presentaci\u00f3n de ADHILAC<\/a><\/p>\n\n\n\n<div class=\"wp-block-group\"><div class=\"wp-block-group__inner-container is-layout-flow wp-block-group-is-layout-flow\">\n<p class=\"has-text-align-center has-very-light-gray-color has-vivid-cyan-blue-background-color has-text-color has-background wp-block-paragraph\"><strong><a href=\"https:\/\/adhilac.com.ar\/?page_id=541\">QUIENES SOMOS<\/a><\/strong><\/p>\n\n\n\n<p class=\"has-text-align-center has-vivid-cyan-blue-color has-very-light-gray-background-color has-text-color has-background wp-block-paragraph\"><strong><a href=\"https:\/\/adhilac.com.ar\/?page_id=15507\">DIRECTIVA DE ADHILAC INTERNACIONAL<\/a><\/strong><\/p>\n\n\n\n<p class=\"has-text-align-center has-very-light-gray-color has-vivid-cyan-blue-background-color has-text-color has-background wp-block-paragraph\"><strong><a href=\"https:\/\/adhilac.com.ar\/?page_id=267\">Declaraci\u00f3n de Caracas de ADHILAC (2007)<\/a><\/strong><\/p>\n\n\n\n<p class=\"has-text-align-center has-vivid-cyan-blue-color has-very-light-gray-background-color has-text-color has-background wp-block-paragraph\"><strong><a href=\"https:\/\/adhilac.com.ar\/?page_id=15873\">ADHILAC: Historia &#8211; Historidorxs<\/a><\/strong><\/p>\n\n\n\n<p class=\"has-text-align-center has-very-light-gray-color has-vivid-cyan-blue-background-color has-text-color has-background wp-block-paragraph\"><strong><a href=\"https:\/\/adhilac.com.ar\/?page_id=15876\">ADHILAC 20 a\u00f1os despu\u00e9s (1974-1994)<\/a> <\/strong><\/p>\n\n\n\n<p class=\"has-text-align-center has-vivid-cyan-blue-color has-very-light-gray-background-color has-text-color has-background wp-block-paragraph\"><strong><a href=\"https:\/\/adhilac.com.ar\/?page_id=15861\">ADHILAC Breve Historia<\/a> <\/strong><\/p>\n\n\n\n<p class=\"has-text-align-center has-very-light-gray-color has-vivid-cyan-blue-background-color has-text-color has-background wp-block-paragraph\"><strong><a href=\"https:\/\/adhilac.com.ar\/?page_id=15887\">ADHILAC: Miembrxs fundadores<\/a><\/strong><\/p>\n\n\n\n<p class=\"has-text-align-center has-vivid-cyan-blue-color has-very-light-gray-background-color has-text-color has-background wp-block-paragraph\"><strong><a href=\"https:\/\/adhilac.com.ar\/?page_id=15943\">ADHILAC: Historiadorxs Destacadxs<\/a><\/strong><\/p>\n\n\n\n<p class=\"has-text-align-center has-very-light-gray-color has-vivid-cyan-blue-background-color has-text-color has-background wp-block-paragraph\"><strong><a href=\"https:\/\/adhilac.com.ar\/?page_id=4779\">SOCIXS<\/a><\/strong><\/p>\n\n\n\n<p class=\"has-text-align-center has-vivid-cyan-blue-color has-very-light-gray-background-color has-text-color has-background wp-block-paragraph\"><strong><a href=\"https:\/\/adhilac.com.ar\/?page_id=263\">Estatutos de ADHILAC<\/a><\/strong><\/p>\n\n\n\n<p class=\"has-text-align-center has-very-light-gray-color has-vivid-cyan-blue-background-color has-text-color has-background wp-block-paragraph\"><strong><a href=\"https:\/\/adhilac.com.ar\/?page_id=8220\">BICENTENARIO<\/a><\/strong><\/p>\n\n\n\n<p class=\"has-text-align-center has-vivid-cyan-blue-color has-very-light-gray-background-color has-text-color has-background wp-block-paragraph\"><strong><a href=\"https:\/\/adhilac.com.ar\/?page_id=8279\">BIBLIOTECA<\/a><\/strong><\/p>\n\n\n\n<p class=\"has-text-align-center has-very-light-gray-color has-vivid-cyan-blue-background-color has-text-color has-background wp-block-paragraph\"><strong><a href=\"https:\/\/adhilac.com.ar\/?page_id=1698\">ENLACES<\/a> <\/strong><\/p>\n\n\n\n<p class=\"has-text-align-center has-vivid-cyan-blue-color has-very-light-gray-background-color has-text-color has-background wp-block-paragraph\"><a href=\"http:\/\/www.ariadnatucma.com.ar\">VISITE ARIADNA TUCMA REVISTA LATINOAMERICANA<\/a><\/p>\n<\/div><\/div>\n","protected":false},"excerpt":{"rendered":"<p>CONVOCATORIA NORMAS DE PUBLICACI\u00d3N Estimadxs Colegxs Tras un per\u00edodo de dificultades Ariadna Tucma Revista Latinoamericana de Historia, Ciencias Sociales Arte y Cultura est\u00e1 nuevamente en la web: www.ariadnatucma.com.ar. En tal sentido queremos invitar tanto a lxs investigadxres (seniors y principiantes) a enviar sus trabajos. Los mismos ser\u00e1n sometidos a una evaluaci\u00f3n y, una vez aprobados, [&hellip;]<\/p>\n","protected":false},"author":1,"featured_media":0,"comment_status":"closed","ping_status":"closed","sticky":false,"template":"","format":"standard","meta":{"_crdt_document":"","footnotes":""},"categories":[3,7],"tags":[920],"class_list":["post-15696","post","type-post","status-publish","format-standard","hentry","category-adhilac-inter","category-publicac-info","tag-ariadna-tucma-revista-latinoamericana"],"_links":{"self":[{"href":"https:\/\/adhilac.com.ar\/index.php?rest_route=\/wp\/v2\/posts\/15696","targetHints":{"allow":["GET"]}}],"collection":[{"href":"https:\/\/adhilac.com.ar\/index.php?rest_route=\/wp\/v2\/posts"}],"about":[{"href":"https:\/\/adhilac.com.ar\/index.php?rest_route=\/wp\/v2\/types\/post"}],"author":[{"embeddable":true,"href":"https:\/\/adhilac.com.ar\/index.php?rest_route=\/wp\/v2\/users\/1"}],"replies":[{"embeddable":true,"href":"https:\/\/adhilac.com.ar\/index.php?rest_route=%2Fwp%2Fv2%2Fcomments&post=15696"}],"version-history":[{"count":4,"href":"https:\/\/adhilac.com.ar\/index.php?rest_route=\/wp\/v2\/posts\/15696\/revisions"}],"predecessor-version":[{"id":16970,"href":"https:\/\/adhilac.com.ar\/index.php?rest_route=\/wp\/v2\/posts\/15696\/revisions\/16970"}],"wp:attachment":[{"href":"https:\/\/adhilac.com.ar\/index.php?rest_route=%2Fwp%2Fv2%2Fmedia&parent=15696"}],"wp:term":[{"taxonomy":"category","embeddable":true,"href":"https:\/\/adhilac.com.ar\/index.php?rest_route=%2Fwp%2Fv2%2Fcategories&post=15696"},{"taxonomy":"post_tag","embeddable":true,"href":"https:\/\/adhilac.com.ar\/index.php?rest_route=%2Fwp%2Fv2%2Ftags&post=15696"}],"curies":[{"name":"wp","href":"https:\/\/api.w.org\/{rel}","templated":true}]}}