{"id":15699,"date":"2019-09-25T00:56:22","date_gmt":"2019-09-25T03:56:22","guid":{"rendered":"https:\/\/adhilac.com.ar\/?p=15699"},"modified":"2020-08-17T11:14:19","modified_gmt":"2020-08-17T14:14:19","slug":"moreno-fraginals-y-sus-indagaciones-sobre-la-sacarocracia-cubana","status":"publish","type":"post","link":"https:\/\/adhilac.com.ar\/?p=15699","title":{"rendered":"Moreno Fraginals y sus indagaciones sobre la sacarocracia cubana"},"content":{"rendered":"\n<div class=\"wp-block-media-text alignwide is-stacked-on-mobile is-image-fill has-pale-ocean-gradient-background has-background\"><figure class=\"wp-block-media-text__media\" style=\"background-image:url(https:\/\/adhilac.com.ar\/wp-content\/uploads\/2019\/09\/05_manuel_moreno_cuba.jpg);background-position:54% 28.000000000000004%\"><img loading=\"lazy\" decoding=\"async\" width=\"474\" height=\"599\" src=\"https:\/\/adhilac.com.ar\/wp-content\/uploads\/2019\/09\/05_manuel_moreno_cuba.jpg\" alt=\"\" class=\"wp-image-15700\" srcset=\"https:\/\/adhilac.com.ar\/wp-content\/uploads\/2019\/09\/05_manuel_moreno_cuba.jpg 474w, https:\/\/adhilac.com.ar\/wp-content\/uploads\/2019\/09\/05_manuel_moreno_cuba-237x300.jpg 237w\" sizes=\"auto, (max-width: 474px) 100vw, 474px\" \/><\/figure><div class=\"wp-block-media-text__content\">\n<p class=\"has-text-align-center has-vivid-red-color has-text-color has-normal-font-size wp-block-paragraph\">Por Sergio Guerra Vilaboy<\/p>\n<\/div><\/div>\n\n\n\n<p class=\"wp-block-paragraph\"><em>El Ingenio<\/em> (1964) de Manuel Moreno Fraginals (1920-2001) es considerado la obra m\u00e1s sobresaliente de la historiograf\u00eda cubana de las primeras d\u00e9cadas de la Revoluci\u00f3n. El propio Comandante Che Guevara escribi\u00f3 a su autor, que le hab\u00eda dedicado el texto: \u201cquisiera dejar constancia de que no recuerdo haber le\u00eddo un libro latinoamericano en el cual se conjuga el riguroso m\u00e9todo marxista de an\u00e1lisis, la escrupulosidad hist\u00f3rica y el apasionamiento que los torna apasionante.\u201d<\/p>\n\n\n\n<!--more-->\n\n\n\n<p class=\"wp-block-paragraph\">Cuando estudiaba en la Universidad de La Habana, Moreno ingres\u00f3 al Partido Socialista Popular (Comunista) y obtuvo el primer premio de la Sociedad Colombista Panamericana con <em>Viajes de Col\u00f3n en aguas de Cuba<\/em>. Graduado en Derecho Civil en 1943, pudo hacer una maestr\u00eda en El Colegio de M\u00e9xico (1945-1947) gracias a una beca compartida con Carlos Funtanellas. Entre 1948 y 1950 fue tambi\u00e9n becario del Instituto de Cultura Hispana de Madrid, lo que le permiti\u00f3 asistir a la Universidad Complutense y la Escuela de Estudios Hispanoamericanos de Sevilla, as\u00ed como investigar en el Archivo de Simancas y en el de Indias. Por esta \u00e9poca public\u00f3 en M\u00e9xico <em>Naci\u00f3n o plantaci\u00f3n<\/em> (1948) y Misiones cubanas en los archivos europeos (1953), as\u00ed como <em>Agust\u00edn de Iturbide, caudillo<\/em> (La Habana, 1950).<\/p>\n\n\n\n<p class=\"wp-block-paragraph\">A su regreso a Cuba imparti\u00f3 clases en la reci\u00e9n creada Universidad de Oriente, se desempe\u00f1\u00f3 como subdirector de la Biblioteca Nacional Jos\u00e9 Mart\u00ed y obtuvo en 1953 el doctorado en Ciencias Sociales en la Universidad de La Habana. En ese a\u00f1o se march\u00f3 a Venezuela, contratado por una empresa cervecera. Aqu\u00ed conoci\u00f3 el mundo mercantil, especializ\u00e1ndose en programaci\u00f3n lineal, publicidad y radiodifusi\u00f3n, mientras colaboraba con la oposici\u00f3n a la dictadura batistiana.<\/p>\n\n\n\n<p class=\"wp-block-paragraph\">En 1959, de nuevo en La Habana, trabaj\u00f3 en un plan de la reforma agraria y en la Universidad Central de Las Villas, donde realiz\u00f3 experimentos para producir az\u00facar como en el siglo XVIII y public\u00f3<em> Jos\u00e9 Antonio Saco: estudio y bibliograf\u00eda<\/em> (1962), premiado antes por la Asociaci\u00f3n de Bibliotecarios. Dos a\u00f1os despu\u00e9s dio a conocer su obra cumbre <em>El ingenio, complejo socio-econ\u00f3mico cubano<\/em>, que ofrece un riguroso an\u00e1lisis del proceso tecnol\u00f3gico de esa industria y su mercado -en 1978 sali\u00f3 ampliado en tres tomos-, en el que se vale del t\u00e9rmino sacarocracia, de su amigo Ra\u00fal Cepero Bonilla, para referirse a la oligarqu\u00eda azucarera cubana. Entre 1963 y 1972 labor\u00f3 en el Ministerio de Comercio Exterior, donde lleg\u00f3 a ser Secretario de la C\u00e1mara de Comercio de Cuba, y en el Banco Nacional.<\/p>\n\n\n\n<p class=\"wp-block-paragraph\">Desde 1972 fue profesor del Instituto Superior de Arte e imparti\u00f3 posgrado en la Universidad de La Habana; se encarg\u00f3 del Proyecto de Historia del Caribe de la UNESCO y fue asesor personal del Ministro de Cultura desde 1976. En 1984 public\u00f3 su volumen de ensayos <em>La Historia como arma y otros estudios sobre esclavos, ingenios y plantaciones<\/em> (1984). Adem\u00e1s, recibi\u00f3 el t\u00edtulo de Doctor Honoris Causa del Instituto de Am\u00e9rica Latina de la Academia de Ciencias de la antigua Uni\u00f3n Sovi\u00e9tica (1973) y el Premio Clarence H. Haring de la American Historical Association (1981) por <em>El Ingenio<\/em>, considerada la obra m\u00e1s importante publicada entonces sobre su tema.<\/p>\n\n\n\n<p class=\"wp-block-paragraph\">En 1987, tras recibir el grado de doctor de la Comisi\u00f3n Cubana de Grados Cient\u00edficos, fue miembro del Tribunal Nacional Permanente de esta especialidad, donde tuve la oportunidad de compartir con Moreno en varias defensas de tesis. Me relacionaba con \u00e9l desde a\u00f1os atr\u00e1s, cuando con Francisco P\u00e9rez Guzm\u00e1n planeamos asistir al II Encuentro Internacional de la Asociaci\u00f3n de Historiadores Latinoamericanos y del Caribe (ADHLAC) en Caracas (1978). Mucho despu\u00e9s, con Olga Cabrera y Oscar Zanetti, fuimos sus vocales del Secretario Ejecutivo de ADHILAC, cargo para el que Moreno fue elegido en el c\u00f3nclave de Sao Paulo (1990).<\/p>\n\n\n\n<p class=\"wp-block-paragraph\">En febrero de 1994 inaugur\u00e9 con Moreno, visiblemente atribulado. el ciclo de conferencias del Aula Iberoamericana que coordinaba Carmen Almod\u00f3var. S\u00f3lo unos meses m\u00e1s tarde se radic\u00f3 en Mami y sali\u00f3 su \u00faltimo libro <em>Cuba \/ Espa\u00f1a, Espa\u00f1a \/ Cuba<\/em>. Historia com\u00fan, (Barcelona, 1995), con el que se desmarcaba de la Revoluci\u00f3n Cubana. Todav\u00eda en 1998 compartimos en la Universidad de C\u00e1diz en un curso de verano organizado por Alberto Gull\u00f3n, ocasi\u00f3n en que lo present\u00e9 a los colegas espa\u00f1oles como uno de los grandes historiadores cubanos, a lo que correspondi\u00f3 advirtiendo a los presentes que del tema cubano no hablar\u00eda, pues me lo dejaba a m\u00ed, que viv\u00eda en Cuba.<\/p>\n\n\n\n<p class=\"wp-block-paragraph\">Publicado en INFORME FRACTO Madre Am\u00e9rica: Cuba. 24 de septiembre de 2019. informefracto.com<\/p>\n\n\n\n<div style=\"height:20px\" aria-hidden=\"true\" class=\"wp-block-spacer\"><\/div>\n\n\n\n<p class=\"has-very-light-gray-color has-vivid-cyan-blue-background-color has-text-color has-background wp-block-paragraph\"><strong>Publicado por ADHILAC Internacional \u00a9 www.adhilac.com.ar<\/strong><\/p>\n\n\n\n<p class=\"has-vivid-cyan-blue-color has-very-light-gray-background-color has-text-color has-background wp-block-paragraph\"> Si Ud. desea asociarse de acuerdo a los Estatutos de ADHILAC&nbsp;<a href=\"https:\/\/adhilac.com.ar\/?page_id=263\">(ver)<\/a> complete el siguiente formulario&nbsp;(<a href=\"https:\/\/adhilac.com.ar\/?page_id=4779\">ver<\/a>)<\/p>\n\n\n\n<p class=\"has-very-light-gray-color has-vivid-cyan-blue-background-color has-text-color has-background wp-block-paragraph\"> E-mail:&nbsp;info@adhilac.com.ar <\/p>\n\n\n\n<p class=\"has-very-light-gray-color has-vivid-cyan-blue-background-color has-text-color has-background wp-block-paragraph\"> Twitter: @AdhilacInfo <\/p>\n\n\n\n<div class=\"wp-block-image\"><figure class=\"aligncenter size-large\"><img loading=\"lazy\" decoding=\"async\" width=\"85\" height=\"85\" src=\"https:\/\/adhilac.com.ar\/wp-content\/uploads\/2015\/02\/Logo-ADHILAC-Internacional-PEQ.jpg\" alt=\"\" class=\"wp-image-10473\"\/><\/figure><\/div>\n\n\n\n<p class=\"wp-block-paragraph\">Ver <a href=\"https:\/\/adhilac.com.ar\/?page_id=541\">Presentaci\u00f3n de ADHILAC<\/a><\/p>\n\n\n\n<div class=\"wp-block-group\"><div class=\"wp-block-group__inner-container is-layout-flow wp-block-group-is-layout-flow\">\n<p class=\"has-text-align-center has-very-light-gray-color has-vivid-cyan-blue-background-color has-text-color has-background wp-block-paragraph\"><strong><a href=\"https:\/\/adhilac.com.ar\/?page_id=541\">QUIENES SOMOS<\/a><\/strong><\/p>\n\n\n\n<p class=\"has-text-align-center has-vivid-cyan-blue-color has-very-light-gray-background-color has-text-color has-background wp-block-paragraph\"><strong><a href=\"https:\/\/adhilac.com.ar\/?page_id=15507\">DIRECTIVA DE ADHILAC INTERNACIONAL<\/a><\/strong><\/p>\n\n\n\n<p class=\"has-text-align-center has-very-light-gray-color has-vivid-cyan-blue-background-color has-text-color has-background wp-block-paragraph\"><strong><a href=\"https:\/\/adhilac.com.ar\/?page_id=267\">Declaraci\u00f3n de Caracas de ADHILAC (2007)<\/a><\/strong><\/p>\n\n\n\n<p class=\"has-text-align-center has-vivid-cyan-blue-color has-very-light-gray-background-color has-text-color has-background wp-block-paragraph\"><strong><a href=\"https:\/\/adhilac.com.ar\/?page_id=15873\">ADHILAC: Historia &#8211; Historidorxs<\/a><\/strong><\/p>\n\n\n\n<p class=\"has-text-align-center has-very-light-gray-color has-vivid-cyan-blue-background-color has-text-color has-background wp-block-paragraph\"><strong><a href=\"https:\/\/adhilac.com.ar\/?page_id=15876\">ADHILAC 20 a\u00f1os despu\u00e9s (1974-1994)<\/a> <\/strong><\/p>\n\n\n\n<p class=\"has-text-align-center has-vivid-cyan-blue-color has-very-light-gray-background-color has-text-color has-background wp-block-paragraph\"><strong><a href=\"https:\/\/adhilac.com.ar\/?page_id=15861\">ADHILAC Breve Historia<\/a> <\/strong><\/p>\n\n\n\n<p class=\"has-text-align-center has-very-light-gray-color has-vivid-cyan-blue-background-color has-text-color has-background wp-block-paragraph\"><strong><a href=\"https:\/\/adhilac.com.ar\/?page_id=15887\">ADHILAC: Miembrxs fundadores<\/a><\/strong><\/p>\n\n\n\n<p class=\"has-text-align-center has-vivid-cyan-blue-color has-very-light-gray-background-color has-text-color has-background wp-block-paragraph\"><strong><a href=\"https:\/\/adhilac.com.ar\/?page_id=15943\">ADHILAC: Historiadorxs Destacadxs<\/a><\/strong><\/p>\n\n\n\n<p class=\"has-text-align-center has-very-light-gray-color has-vivid-cyan-blue-background-color has-text-color has-background wp-block-paragraph\"><strong><a href=\"https:\/\/adhilac.com.ar\/?page_id=4779\">SOCIXS<\/a><\/strong><\/p>\n\n\n\n<p class=\"has-text-align-center has-vivid-cyan-blue-color has-very-light-gray-background-color has-text-color has-background wp-block-paragraph\"><strong><a href=\"https:\/\/adhilac.com.ar\/?page_id=263\">Estatutos de ADHILAC<\/a><\/strong><\/p>\n\n\n\n<p class=\"has-text-align-center has-very-light-gray-color has-vivid-cyan-blue-background-color has-text-color has-background wp-block-paragraph\"><strong><a href=\"https:\/\/adhilac.com.ar\/?page_id=8220\">BICENTENARIO<\/a><\/strong><\/p>\n\n\n\n<p class=\"has-text-align-center has-vivid-cyan-blue-color has-very-light-gray-background-color has-text-color has-background wp-block-paragraph\"><strong><a href=\"https:\/\/adhilac.com.ar\/?page_id=8279\">BIBLIOTECA<\/a><\/strong><\/p>\n\n\n\n<p class=\"has-text-align-center has-very-light-gray-color has-vivid-cyan-blue-background-color has-text-color has-background wp-block-paragraph\"><strong><a href=\"https:\/\/adhilac.com.ar\/?page_id=1698\">ENLACES<\/a> <\/strong><\/p>\n\n\n\n<p class=\"has-text-align-center has-vivid-cyan-blue-color has-very-light-gray-background-color has-text-color has-background wp-block-paragraph\"><a href=\"http:\/\/www.ariadnatucma.com.ar\">VISITE ARIADNA TUCMA REVISTA LATINOAMERICANA<\/a><\/p>\n<\/div><\/div>\n","protected":false},"excerpt":{"rendered":"<p>Por Sergio Guerra Vilaboy El Ingenio (1964) de Manuel Moreno Fraginals (1920-2001) es considerado la obra m\u00e1s sobresaliente de la historiograf\u00eda cubana de las primeras d\u00e9cadas de la Revoluci\u00f3n. El propio Comandante Che Guevara escribi\u00f3 a su autor, que le hab\u00eda dedicado el texto: \u201cquisiera dejar constancia de que no recuerdo haber le\u00eddo un libro [&hellip;]<\/p>\n","protected":false},"author":1,"featured_media":0,"comment_status":"closed","ping_status":"closed","sticky":false,"template":"","format":"standard","meta":{"_crdt_document":"","footnotes":""},"categories":[15,351],"tags":[114],"class_list":["post-15699","post","type-post","status-publish","format-standard","hentry","category-historia","category-historiadores","tag-historiadores-latinoamericanistas"],"_links":{"self":[{"href":"https:\/\/adhilac.com.ar\/index.php?rest_route=\/wp\/v2\/posts\/15699","targetHints":{"allow":["GET"]}}],"collection":[{"href":"https:\/\/adhilac.com.ar\/index.php?rest_route=\/wp\/v2\/posts"}],"about":[{"href":"https:\/\/adhilac.com.ar\/index.php?rest_route=\/wp\/v2\/types\/post"}],"author":[{"embeddable":true,"href":"https:\/\/adhilac.com.ar\/index.php?rest_route=\/wp\/v2\/users\/1"}],"replies":[{"embeddable":true,"href":"https:\/\/adhilac.com.ar\/index.php?rest_route=%2Fwp%2Fv2%2Fcomments&post=15699"}],"version-history":[{"count":5,"href":"https:\/\/adhilac.com.ar\/index.php?rest_route=\/wp\/v2\/posts\/15699\/revisions"}],"predecessor-version":[{"id":16954,"href":"https:\/\/adhilac.com.ar\/index.php?rest_route=\/wp\/v2\/posts\/15699\/revisions\/16954"}],"wp:attachment":[{"href":"https:\/\/adhilac.com.ar\/index.php?rest_route=%2Fwp%2Fv2%2Fmedia&parent=15699"}],"wp:term":[{"taxonomy":"category","embeddable":true,"href":"https:\/\/adhilac.com.ar\/index.php?rest_route=%2Fwp%2Fv2%2Fcategories&post=15699"},{"taxonomy":"post_tag","embeddable":true,"href":"https:\/\/adhilac.com.ar\/index.php?rest_route=%2Fwp%2Fv2%2Ftags&post=15699"}],"curies":[{"name":"wp","href":"https:\/\/api.w.org\/{rel}","templated":true}]}}