{"id":15725,"date":"2019-09-29T23:22:00","date_gmt":"2019-09-30T02:22:00","guid":{"rendered":"https:\/\/adhilac.com.ar\/?p=15725"},"modified":"2020-08-17T14:30:03","modified_gmt":"2020-08-17T17:30:03","slug":"desproteccion-del-patrimonio-historico-argentino","status":"publish","type":"post","link":"https:\/\/adhilac.com.ar\/?p=15725","title":{"rendered":"Desprotecci\u00f3n del patrimonio hist\u00f3rico argentino."},"content":{"rendered":"\n<p class=\"has-background wp-block-paragraph\" style=\"background-color:#ebb7a1\">El gobierno argentino cedi\u00f3 un predio creado para turismo social a fines de la seguridad. Instal\u00f3 en hoteles creados por Juan Domingo Per\u00f3n la Gendarmeria Nacional.  A continuacion transcribimos la nota de  Adrian Figueroa Diaz <\/p>\n\n\n\n<p class=\"has-very-light-gray-background-color has-background wp-block-paragraph\">La&nbsp;Comisi\u00f3n Nacional Monumentos,\nLugares y Bienes Hist\u00f3ricos pidi\u00f3 al gobierno frenar la medida por violar la\nley&nbsp;12.665<\/p>\n\n\n\n<p class=\"wp-block-paragraph\">Duro rev\u00e9s a la cesi\u00f3n de Chapadmalal\npara la Gendarmer\u00eda<\/p>\n\n\n\n<!--more-->\n\n\n\n<p class=\"wp-block-paragraph\">La decisi\u00f3n del\ngobierno nacional de cederle a la Gendarmer\u00eda edificios del Complejo Tur\u00edstico\nde Chapadmalal donde funcionaron las colonias de vacaciones y los hoteles de la\nFundaci\u00f3n Eva Per\u00f3n sufri\u00f3 un duro rev\u00e9s. No solo gremios y organizaciones de\nderechos humanos la rechazaron sino que <strong>la Comisi\u00f3n Nacional Monumentos,\nLugares y Bienes Hist\u00f3ricos inst\u00f3 al Poder Ejecutivo a frenar esa medida<\/strong>\npor \u201comitir\u201d los procedimientos establecidos por ley nacional. Lo peor es que\nel Ministerio de Seguridad ya hab\u00eda transgredido la legislaci\u00f3n desde mayo\npasado, cuando aloj\u00f3 all\u00ed de facto a unos 500 gendarmes.<\/p>\n\n\n\n<p class=\"wp-block-paragraph\"><a href=\"https:\/\/www.pagina12.com.ar\/221749-chapadmalal-para-la-gendarmeria\">Tal como lo inform\u00f3 ayer\nP\u00e1gina\/12<\/a> , el 20 de\nseptiembre fue publicada en el Bolet\u00edn Oficial la <strong>resoluci\u00f3n 392\/2019<\/strong> en\nque la Administraci\u00f3n de Bienes del Estado (AABE) cedi\u00f3<strong> los Hoteles 7 y 8 de\nese predio <\/strong>a la cartera que comanda <strong>Patricia Bullrich<\/strong> para la\ninstalaci\u00f3n del Centro de Formaci\u00f3n de Gendarmes Chapadmalal.<\/p>\n\n\n\n<p class=\"wp-block-paragraph\"><strong>La decisi\u00f3n de\nponer gendarmes donde hubo derechos sociales es un claro mensaje pol\u00edtico del\ngobierno de Juntos por el Cambio.<\/strong> Ese complejo hab\u00eda sido construido en 1946 por el entonces presidente Juan\nDomingo Per\u00f3n para que veranearan ni\u00f1os, ancianos y familias enteras que nunca\nantes hab\u00edan tenido ese beneficio. Eso lo convirti\u00f3 en un \u00edcono hist\u00f3rico.<\/p>\n\n\n\n<p class=\"wp-block-paragraph\">Por este\nmotivo, <strong>en septiembre de 2013 fue declarado Monumento Hist\u00f3rico <\/strong>y como\ntal entr\u00f3 en las generales de la ley 12.665 que custodia esos edificios. El art\u00edculo\n5\u00ba indica que todo lo que se pretenda hacer all\u00ed no se lo puede hacer sin la\nintervenci\u00f3n de la Comisi\u00f3n Monumentos Hist\u00f3ricos, que ante cualquier propuesta\nde modificaci\u00f3n tiene un plazo de 60 d\u00edas h\u00e1biles para emitir un \u201cdictamen\nvinculante\u201d. Pero el Gobierno transgredi\u00f3 este paso.<\/p>\n\n\n\n<p class=\"wp-block-paragraph\"><strong>Transgresiones a la ley<\/strong><\/p>\n\n\n\n<p class=\"wp-block-paragraph\">En una nota\nfechada el viernes 27 de septiembre, siete d\u00edas despu\u00e9s de que se oficializara\nla cuestionada cesi\u00f3n de edificios, la Comisi\u00f3n critic\u00f3 que esa resoluci\u00f3n <strong>\u201comite\nconsiderar\u201d que su comit\u00e9 ejecutivo \u201ca\u00fan no ha emitido su opini\u00f3n vinculante\nacerca de la viabilidad de la medida\u201d<\/strong>. O sea que la resoluci\u00f3n 392\/19\ndeber\u00eda entrar en stand by.<\/p>\n\n\n\n<p class=\"wp-block-paragraph\">Pero la\ntransgresi\u00f3n a la ley no queda solo ah\u00ed. Resulta que la AABE le hab\u00eda pedido a\nla Comisi\u00f3n una opini\u00f3n al respecto el 2 de septiembre pasado y, en vez de\nesperar los 60 d\u00edas h\u00e1biles de la respuesta, <strong>18 d\u00edas despu\u00e9s oficializ\u00f3 la\ncuestionada medida a trav\u00e9s del Bolet\u00edn Oficial.<\/strong><\/p>\n\n\n\n<p class=\"wp-block-paragraph\">\u201cEvidentemente,\nla AABE est\u00e1 muy apurada para el traspaso porque <strong>no esper\u00f3 que la Comisi\u00f3n\ntratara el tema\u201d<\/strong>, indic\u00f3 Fabio Grementieri, arquitecto y vocal del Comit\u00e9\nEjecutivo de ese organismo. En su opini\u00f3n, el traspaso de un \u00edcono de los\nderechos sociales a una fuerza de seguridad \u201cdesde ya que puede ser un motivo\nde rechazo\u201d al traslado, dijo a <strong>P\u00e1gina\/12<\/strong>.<\/p>\n\n\n\n<p class=\"wp-block-paragraph\">Para emitir su\ndictamen, la Comisi\u00f3n \u201cno solo analiza el cambio de uso (del edificio) o\njurisdicci\u00f3n (de la Secretar\u00eda de Turismo al Ministerio de Seguridad), sino\ntambi\u00e9n el hecho de que <strong>originalmente haya sido destinado al turismo social\ny ahora a la seguridad<\/strong>\u201d, explic\u00f3. Adem\u00e1s, a\u00f1adi\u00f3, \u201chay que ver el tipo de\nobras que se van a hacer, si se lo desfigura o se le hace perder los valores\nart\u00edsticos, culturales, ambientales y sociales\u201d por los cuales se lo declar\u00f3\ncomo monumento.<\/p>\n\n\n\n<p class=\"wp-block-paragraph\">Pero como, en\nmateria de transgresiones, para el Gobierno no hay dos sin tres, <strong>los hoteles\ndel Complejo ya hab\u00edan sido ocupados de facto<\/strong>, es decir antes de la\npol\u00e9mica resoluci\u00f3n y antes que la AABE pidiera una opini\u00f3n al respecto. En\nmayo pasado, el Ministerio de Seguridad aloj\u00f3 en esos edificios a unos <strong>500\ngendarmes destinados a Mar del Plata<\/strong> para reforzar la seguridad de ese\ndistrito gobernado por Cambiemos.<\/p>\n\n\n\n<p class=\"wp-block-paragraph\">Es m\u00e1s, la\ninstalaci\u00f3n de los gendarmes all\u00ed fue revalidada el 28 de julio pasado, en un\nacto por el 81\u00ba aniversario de la fuerza que encabezaron Bullrich y el\ncandidato a intendente y ex funcionario de Seguridad, Guillermo Montenegro.<\/p>\n\n\n\n<p class=\"wp-block-paragraph\">\u201cSi la\nGendarmer\u00eda lo ocup\u00f3 sin la autorizaci\u00f3n debida de la ley, que es clar\u00edsima, no\ncabe duda de que la Comisi\u00f3n tiene la responsabilidad legal y moral de decir\nque no\u201d al traslado, opin\u00f3 Juan Mart\u00edn Repetto, miembro del Instituto Nacional\nde Investigaciones Hist\u00f3ricas (INIHEP) del Museo Eva Per\u00f3n.<\/p>\n\n\n\n<p class=\"wp-block-paragraph\">En su opini\u00f3n, la utilizaci\u00f3n de ese predio como un cuartel \u201ccambi\u00f3 la materialidad y las funciones\u201d por las que hab\u00eda sido declarado como Monumento Hist\u00f3rico. \u201cEra un lugar para ni\u00f1os, j\u00f3venes y ancianos. Era un \u00edcono del turismo social. Esa fue la l\u00f3gica de la declaratoria, la raz\u00f3n\u201d, por la cual se lo caracteriz\u00f3 como un bien protegido, dijo a <strong>P\u00e1gina\/12<\/strong>.<\/p>\n\n\n\n<p class=\"wp-block-paragraph\"><strong>Un rechazo generalizado<\/strong><\/p>\n\n\n\n<p class=\"wp-block-paragraph\">El traspaso de\nlos hoteles de la Fundaci\u00f3n Eva Per\u00f3n a la Gendarmer\u00eda fue rechazado por varios\nsectores. <strong>El presidente del Partido Justicialista, Jos\u00e9 Luis Gioja,\nconsider\u00f3 que la cesi\u00f3n \u201caberrante\u201d del predio \u201cprueba el desprecio de Macri\nhacia los humildes\u201d<\/strong>. Ese complejo, a\u00f1adi\u00f3, \u201cfue pensado por Evita para que\nlo disfruten los sectores m\u00e1s postergados\u201d y, como tal, se convirti\u00f3 en \u201cun\n\u00edcono de la justicia social\u201d. \u201cNada de esto le import\u00f3 a Macri\u201d, critic\u00f3.<\/p>\n\n\n\n<p class=\"wp-block-paragraph\">Por su parte, la Comisi\u00f3n Provincial por la Memoria (CPM) sostuvo que esa decisi\u00f3n <strong>\u201csocaba las deterioradas pol\u00edticas de turismo social\u201d y \u201ccontradice los valores\u201d<\/strong> de ese \u201clugar emblem\u00e1tico de la cultura popular y la pol\u00edtica argentina.<\/p>\n\n\n\n<p class=\"wp-block-paragraph\">Desde noviembre\nde 2002, la CPM realiza en el Complejo de Chapadmalal un encuentro educativo en\nel marco de su programa J\u00f3venes y Memoria, donde representantes de\norganizaciones de derechos humanos debaten sobre esa tem\u00e1tica con estudiantes\nsecundarios. <\/p>\n\n\n\n<p class=\"wp-block-paragraph\">A trav\u00e9s de un\ncomunicado, la Asociaci\u00f3n de Trabajadores del Estado (ATE) indic\u00f3 que el\ntraslado de los hoteles <strong>\u201cno puede leerse en otra clave que la de un\nretroceso absoluto en materia de conquistas sociales y derechos humanos\u00bb<\/strong>.<\/p>\n\n\n\n<p class=\"wp-block-paragraph\">En el mismo\ntono, trabajadores de la Subsecretar\u00eda de Turismo bonaerense manifestaron su\n\u201cen\u00e9rgico repudio\u201d a lo que consideraron como <strong>\u201cuna m\u00e1s de las reiteradas\nmedidas anti populares y avasallantes<\/strong> que vulneran el derecho de j\u00f3venes y\nfamilias bonaerenses y argentinas en la actividad tur\u00edstica provincial\u201d.<\/p>\n\n\n\n<p class=\"wp-block-paragraph\">Varios concejales de Mar del Plata tambi\u00e9n repudiaron la medida. \u201cEsta decisi\u00f3n implica resignar la posibilidad de fomentar el turismo social o la explotaci\u00f3n tur\u00edstica\u201d del complejo y \u201cdemuestra un desinter\u00e9s por el acceso del pueblo argentino a sus espacios de recreaci\u00f3n y esparcimiento\u201d, afirm\u00f3 el concejal de Unidad Ciudadana, <strong>Marcos Guti\u00e9rrez.<\/strong><\/p>\n\n\n\n<p class=\"wp-block-paragraph\">Fuente: Pagina 12. 29 de septiembre de 2019. https:\/\/www.pagina12.com.ar\/222005-duro-reves-a-la-cesion-de-chapadmalal-para-la-gendarmeria<\/p>\n\n\n\n<div style=\"height:20px\" aria-hidden=\"true\" class=\"wp-block-spacer\"><\/div>\n\n\n\n<p class=\"has-very-light-gray-color has-vivid-cyan-blue-background-color has-text-color has-background wp-block-paragraph\"><strong>Publicado por ADHILAC Internacional \u00a9 www.adhilac.com.ar<\/strong><\/p>\n\n\n\n<p class=\"has-vivid-cyan-blue-color has-very-light-gray-background-color has-text-color has-background wp-block-paragraph\"> Si Ud. desea asociarse de acuerdo a los Estatutos de ADHILAC&nbsp;<a href=\"https:\/\/adhilac.com.ar\/?page_id=263\">(ver)<\/a> complete el siguiente formulario&nbsp;(<a href=\"https:\/\/adhilac.com.ar\/?page_id=4779\">ver<\/a>)<\/p>\n\n\n\n<p class=\"has-very-light-gray-color has-vivid-cyan-blue-background-color has-text-color has-background wp-block-paragraph\"> E-mail:&nbsp;info@adhilac.com.ar <\/p>\n\n\n\n<p class=\"has-very-light-gray-color has-vivid-cyan-blue-background-color has-text-color has-background wp-block-paragraph\"> Twitter: @AdhilacInfo <\/p>\n\n\n\n<div class=\"wp-block-image\"><figure class=\"aligncenter size-large\"><img loading=\"lazy\" decoding=\"async\" width=\"85\" height=\"85\" src=\"https:\/\/adhilac.com.ar\/wp-content\/uploads\/2015\/02\/Logo-ADHILAC-Internacional-PEQ.jpg\" alt=\"\" class=\"wp-image-10473\"\/><\/figure><\/div>\n\n\n\n<p class=\"wp-block-paragraph\">Ver <a href=\"https:\/\/adhilac.com.ar\/?page_id=541\">Presentaci\u00f3n de ADHILAC<\/a><\/p>\n\n\n\n<div class=\"wp-block-group\"><div class=\"wp-block-group__inner-container is-layout-flow wp-block-group-is-layout-flow\">\n<p class=\"has-text-align-center has-very-light-gray-color has-vivid-cyan-blue-background-color has-text-color has-background wp-block-paragraph\"><strong><a href=\"https:\/\/adhilac.com.ar\/?page_id=541\">QUIENES SOMOS<\/a><\/strong><\/p>\n\n\n\n<p class=\"has-text-align-center has-vivid-cyan-blue-color has-very-light-gray-background-color has-text-color has-background wp-block-paragraph\"><strong><a href=\"https:\/\/adhilac.com.ar\/?page_id=15507\">DIRECTIVA DE ADHILAC INTERNACIONAL<\/a><\/strong><\/p>\n\n\n\n<p class=\"has-text-align-center has-very-light-gray-color has-vivid-cyan-blue-background-color has-text-color has-background wp-block-paragraph\"><strong><a href=\"https:\/\/adhilac.com.ar\/?page_id=267\">Declaraci\u00f3n de Caracas de ADHILAC (2007)<\/a><\/strong><\/p>\n\n\n\n<p class=\"has-text-align-center has-vivid-cyan-blue-color has-very-light-gray-background-color has-text-color has-background wp-block-paragraph\"><strong><a href=\"https:\/\/adhilac.com.ar\/?page_id=15873\">ADHILAC: Historia &#8211; Historidorxs<\/a><\/strong><\/p>\n\n\n\n<p class=\"has-text-align-center has-very-light-gray-color has-vivid-cyan-blue-background-color has-text-color has-background wp-block-paragraph\"><strong><a href=\"https:\/\/adhilac.com.ar\/?page_id=15876\">ADHILAC 20 a\u00f1os despu\u00e9s (1974-1994)<\/a> <\/strong><\/p>\n\n\n\n<p class=\"has-text-align-center has-vivid-cyan-blue-color has-very-light-gray-background-color has-text-color has-background wp-block-paragraph\"><strong><a href=\"https:\/\/adhilac.com.ar\/?page_id=15861\">ADHILAC Breve Historia<\/a> <\/strong><\/p>\n\n\n\n<p class=\"has-text-align-center has-very-light-gray-color has-vivid-cyan-blue-background-color has-text-color has-background wp-block-paragraph\"><strong><a href=\"https:\/\/adhilac.com.ar\/?page_id=15887\">ADHILAC: Miembrxs fundadores<\/a><\/strong><\/p>\n\n\n\n<p class=\"has-text-align-center has-vivid-cyan-blue-color has-very-light-gray-background-color has-text-color has-background wp-block-paragraph\"><strong><a href=\"https:\/\/adhilac.com.ar\/?page_id=15943\">ADHILAC: Historiadorxs Destacadxs<\/a><\/strong><\/p>\n\n\n\n<p class=\"has-text-align-center has-very-light-gray-color has-vivid-cyan-blue-background-color has-text-color has-background wp-block-paragraph\"><strong><a href=\"https:\/\/adhilac.com.ar\/?page_id=4779\">SOCIXS<\/a><\/strong><\/p>\n\n\n\n<p class=\"has-text-align-center has-vivid-cyan-blue-color has-very-light-gray-background-color has-text-color has-background wp-block-paragraph\"><strong><a href=\"https:\/\/adhilac.com.ar\/?page_id=263\">Estatutos de ADHILAC<\/a><\/strong><\/p>\n\n\n\n<p class=\"has-text-align-center has-very-light-gray-color has-vivid-cyan-blue-background-color has-text-color has-background wp-block-paragraph\"><strong><a href=\"https:\/\/adhilac.com.ar\/?page_id=8220\">BICENTENARIO<\/a><\/strong><\/p>\n\n\n\n<p class=\"has-text-align-center has-vivid-cyan-blue-color has-very-light-gray-background-color has-text-color has-background wp-block-paragraph\"><strong><a href=\"https:\/\/adhilac.com.ar\/?page_id=8279\">BIBLIOTECA<\/a><\/strong><\/p>\n\n\n\n<p class=\"has-text-align-center has-very-light-gray-color has-vivid-cyan-blue-background-color has-text-color has-background wp-block-paragraph\"><strong><a href=\"https:\/\/adhilac.com.ar\/?page_id=1698\">ENLACES<\/a> <\/strong><\/p>\n\n\n\n<p class=\"has-text-align-center has-vivid-cyan-blue-color has-very-light-gray-background-color has-text-color has-background wp-block-paragraph\"><a href=\"http:\/\/www.ariadnatucma.com.ar\">VISITE ARIADNA TUCMA REVISTA LATINOAMERICANA<\/a><\/p>\n<\/div><\/div>\n","protected":false},"excerpt":{"rendered":"<p>El gobierno argentino cedi\u00f3 un predio creado para turismo social a fines de la seguridad. Instal\u00f3 en hoteles creados por Juan Domingo Per\u00f3n la Gendarmeria Nacional. A continuacion transcribimos la nota de Adrian Figueroa Diaz La&nbsp;Comisi\u00f3n Nacional Monumentos, Lugares y Bienes Hist\u00f3ricos pidi\u00f3 al gobierno frenar la medida por violar la ley&nbsp;12.665 Duro rev\u00e9s a [&hellip;]<\/p>\n","protected":false},"author":1,"featured_media":0,"comment_status":"closed","ping_status":"closed","sticky":false,"template":"","format":"standard","meta":{"_crdt_document":"","footnotes":""},"categories":[15,40],"tags":[61,764],"class_list":["post-15725","post","type-post","status-publish","format-standard","hentry","category-historia","category-informaciones","tag-patrimonio-cultural","tag-patrimonio-historico"],"_links":{"self":[{"href":"https:\/\/adhilac.com.ar\/index.php?rest_route=\/wp\/v2\/posts\/15725","targetHints":{"allow":["GET"]}}],"collection":[{"href":"https:\/\/adhilac.com.ar\/index.php?rest_route=\/wp\/v2\/posts"}],"about":[{"href":"https:\/\/adhilac.com.ar\/index.php?rest_route=\/wp\/v2\/types\/post"}],"author":[{"embeddable":true,"href":"https:\/\/adhilac.com.ar\/index.php?rest_route=\/wp\/v2\/users\/1"}],"replies":[{"embeddable":true,"href":"https:\/\/adhilac.com.ar\/index.php?rest_route=%2Fwp%2Fv2%2Fcomments&post=15725"}],"version-history":[{"count":4,"href":"https:\/\/adhilac.com.ar\/index.php?rest_route=\/wp\/v2\/posts\/15725\/revisions"}],"predecessor-version":[{"id":16972,"href":"https:\/\/adhilac.com.ar\/index.php?rest_route=\/wp\/v2\/posts\/15725\/revisions\/16972"}],"wp:attachment":[{"href":"https:\/\/adhilac.com.ar\/index.php?rest_route=%2Fwp%2Fv2%2Fmedia&parent=15725"}],"wp:term":[{"taxonomy":"category","embeddable":true,"href":"https:\/\/adhilac.com.ar\/index.php?rest_route=%2Fwp%2Fv2%2Fcategories&post=15725"},{"taxonomy":"post_tag","embeddable":true,"href":"https:\/\/adhilac.com.ar\/index.php?rest_route=%2Fwp%2Fv2%2Ftags&post=15725"}],"curies":[{"name":"wp","href":"https:\/\/api.w.org\/{rel}","templated":true}]}}