{"id":16134,"date":"2019-10-20T21:44:00","date_gmt":"2019-10-21T00:44:00","guid":{"rendered":"https:\/\/adhilac.com.ar\/?p=16134"},"modified":"2019-10-28T21:58:42","modified_gmt":"2019-10-29T00:58:42","slug":"chile-declara-monumento-historico-el-complejo-maderero-y-forestal-paguipulli-region-de-los-rios","status":"publish","type":"post","link":"https:\/\/adhilac.com.ar\/?p=16134","title":{"rendered":"Chile declara Monumento Hist\u00f3rico el Complejo Maderero y Forestal Paguipulli. Regi\u00f3n de los R\u00edos"},"content":{"rendered":"\n<p class=\"has-text-color has-background has-vivid-purple-color has-cyan-bluish-gray-background-color wp-block-paragraph\"><strong>Acci\u00f3n del historiador chileno Sergio Grez<\/strong><\/p>\n\n\n\n<p class=\"wp-block-paragraph\">Ver a continuacion la  respuesta que me ha enviado el Secretario T\u00e9cnico del Consejo de  Monumentos Nacionales referida a la intervenci\u00f3n del historiador chileno Sergio Grez T. en defensa de la  declaratoria de monumento nacional del complejo Forestal y Maderero  Panguipulli, amenazada por la acci\u00f3n negacionista de un grupo de  senadores de extrema derecha. <\/p>\n\n\n\n<!--more-->\n\n\n\n<figure class=\"wp-block-image size-large\"><img loading=\"lazy\" decoding=\"async\" width=\"669\" height=\"1024\" src=\"https:\/\/adhilac.com.ar\/wp-content\/uploads\/2019\/10\/Informa-sobre-Complejo-Forestal-y-Maderero-Paguipulli.-Comuna-Panguipulli.-Region-de-los-Rios._P\u00e1gina_1-669x1024.jpg\" alt=\"\" class=\"wp-image-16135\" srcset=\"https:\/\/adhilac.com.ar\/wp-content\/uploads\/2019\/10\/Informa-sobre-Complejo-Forestal-y-Maderero-Paguipulli.-Comuna-Panguipulli.-Region-de-los-Rios._P\u00e1gina_1-669x1024.jpg 669w, https:\/\/adhilac.com.ar\/wp-content\/uploads\/2019\/10\/Informa-sobre-Complejo-Forestal-y-Maderero-Paguipulli.-Comuna-Panguipulli.-Region-de-los-Rios._P\u00e1gina_1-196x300.jpg 196w, https:\/\/adhilac.com.ar\/wp-content\/uploads\/2019\/10\/Informa-sobre-Complejo-Forestal-y-Maderero-Paguipulli.-Comuna-Panguipulli.-Region-de-los-Rios._P\u00e1gina_1-768x1175.jpg 768w\" sizes=\"auto, (max-width: 669px) 100vw, 669px\" \/><\/figure>\n\n\n\n<figure class=\"wp-block-image size-large\"><img loading=\"lazy\" decoding=\"async\" width=\"673\" height=\"1024\" src=\"https:\/\/adhilac.com.ar\/wp-content\/uploads\/2019\/10\/Informa-sobre-Complejo-Forestal-y-Maderero-Paguipulli.-Comuna-Panguipulli.-Region-de-los-Rios._P\u00e1gina_2-673x1024.jpg\" alt=\"\" class=\"wp-image-16136\" srcset=\"https:\/\/adhilac.com.ar\/wp-content\/uploads\/2019\/10\/Informa-sobre-Complejo-Forestal-y-Maderero-Paguipulli.-Comuna-Panguipulli.-Region-de-los-Rios._P\u00e1gina_2-673x1024.jpg 673w, https:\/\/adhilac.com.ar\/wp-content\/uploads\/2019\/10\/Informa-sobre-Complejo-Forestal-y-Maderero-Paguipulli.-Comuna-Panguipulli.-Region-de-los-Rios._P\u00e1gina_2-197x300.jpg 197w, https:\/\/adhilac.com.ar\/wp-content\/uploads\/2019\/10\/Informa-sobre-Complejo-Forestal-y-Maderero-Paguipulli.-Comuna-Panguipulli.-Region-de-los-Rios._P\u00e1gina_2-768x1169.jpg 768w\" sizes=\"auto, (max-width: 673px) 100vw, 673px\" \/><\/figure>\n\n\n\n<div class=\"wp-block-file\"><a href=\"https:\/\/adhilac.com.ar\/wp-content\/uploads\/2019\/10\/Carta-del-22-07-2019-.pdf\">Carta dirigida a Sergio Grez T del 22\/07\/2019-<\/a><a href=\"https:\/\/adhilac.com.ar\/wp-content\/uploads\/2019\/10\/Carta-del-22-07-2019-.pdf\" class=\"wp-block-file__button\" download>Descarga<\/a><\/div>\n\n\n\n<div style=\"height:20px\" aria-hidden=\"true\" class=\"wp-block-spacer\"><\/div>\n\n\n\n<div class=\"wp-block-file\"><a href=\"https:\/\/adhilac.com.ar\/wp-content\/uploads\/2019\/10\/Informa-sobre-Complejo-Forestal-y-Maderero-Paguipulli.-Comuna-Panguipulli.-Region-de-los-Rios..pdf\">Informe sobre el Complejo Forestal y Maderero Paguipulli. Comuna Panguipulli. Regi\u00f3n de los Rios.<\/a><a href=\"https:\/\/adhilac.com.ar\/wp-content\/uploads\/2019\/10\/Informa-sobre-Complejo-Forestal-y-Maderero-Paguipulli.-Comuna-Panguipulli.-Region-de-los-Rios..pdf\" class=\"wp-block-file__button\" download>Descarga<\/a><\/div>\n\n\n\n<div style=\"height:20px\" aria-hidden=\"true\" class=\"wp-block-spacer\"><\/div>\n\n\n\n<p class=\"has-text-color has-background has-very-light-gray-color has-vivid-cyan-blue-background-color wp-block-paragraph\"><strong>Publicado por ADHILAC Internacional \u00a9 www.adhilac.com.ar<\/strong><\/p>\n\n\n\n<p class=\"has-text-color has-background has-vivid-cyan-blue-color has-very-light-gray-background-color wp-block-paragraph\"> Si Ud. desea asociarse de acuerdo a los Estatutos de ADHILAC&nbsp;<a href=\"https:\/\/adhilac.com.ar\/?page_id=263\">(ver)<\/a> complete el siguiente formulario&nbsp;(<a href=\"https:\/\/adhilac.com.ar\/?page_id=4779\">ver<\/a>)<\/p>\n\n\n\n<p class=\"has-text-color has-background has-very-light-gray-color has-vivid-cyan-blue-background-color wp-block-paragraph\"> E-mail:&nbsp;info@adhilac.com.ar <\/p>\n\n\n\n<p class=\"has-text-color has-background has-very-light-gray-color has-vivid-cyan-blue-background-color wp-block-paragraph\"> Twitter: @AdhilacInfo <\/p>\n\n\n\n<div class=\"wp-block-image\"><figure class=\"aligncenter size-large\"><img loading=\"lazy\" decoding=\"async\" width=\"85\" height=\"85\" src=\"https:\/\/adhilac.com.ar\/wp-content\/uploads\/2015\/02\/Logo-ADHILAC-Internacional-PEQ.jpg\" alt=\"\" class=\"wp-image-10473\"\/><\/figure><\/div>\n\n\n\n<p class=\"wp-block-paragraph\">Ver <a href=\"https:\/\/adhilac.com.ar\/?page_id=541\">Presentaci\u00f3n de ADHILAC<\/a><\/p>\n\n\n\n<div style=\"height:31px\" aria-hidden=\"true\" class=\"wp-block-spacer\"><\/div>\n\n\n\n<div class=\"wp-block-group\"><div class=\"wp-block-group__inner-container is-layout-flow wp-block-group-is-layout-flow\">\n<p class=\"has-text-color has-background has-text-align-center has-very-light-gray-color has-vivid-cyan-blue-background-color wp-block-paragraph\"><strong><a href=\"https:\/\/adhilac.com.ar\/?page_id=541\">QUIENES SOMOS<\/a><\/strong><\/p>\n\n\n\n<p class=\"has-text-color has-background has-text-align-center has-vivid-cyan-blue-color has-very-light-gray-background-color wp-block-paragraph\"><strong><a href=\"https:\/\/adhilac.com.ar\/?page_id=15507\">DIRECTIVA DE ADHILAC INTERNACIONAL<\/a><\/strong><\/p>\n\n\n\n<p class=\"has-text-color has-background has-text-align-center has-very-light-gray-color has-vivid-cyan-blue-background-color wp-block-paragraph\"><strong><a href=\"https:\/\/adhilac.com.ar\/?page_id=267\">Declaraci\u00f3n de Caracas de ADHILAC (2007)<\/a><\/strong><\/p>\n\n\n\n<p class=\"has-text-color has-background has-text-align-center has-vivid-cyan-blue-color has-very-light-gray-background-color wp-block-paragraph\"><strong><a href=\"https:\/\/adhilac.com.ar\/?page_id=15873\">ADHILAC: Historia &#8211; Historidorxs<\/a><\/strong><\/p>\n\n\n\n<p class=\"has-text-color has-background has-text-align-center has-very-light-gray-color has-vivid-cyan-blue-background-color wp-block-paragraph\"><strong><a href=\"https:\/\/adhilac.com.ar\/?page_id=15876\">ADHILAC 20 a\u00f1os despu\u00e9s (1974-1994)<\/a> <\/strong><\/p>\n\n\n\n<p class=\"has-text-color has-background has-text-align-center has-vivid-cyan-blue-color has-very-light-gray-background-color wp-block-paragraph\"><strong><a href=\"https:\/\/adhilac.com.ar\/?page_id=15861\">ADHILAC Breve Historia<\/a> <\/strong><\/p>\n\n\n\n<p class=\"has-text-color has-background has-text-align-center has-very-light-gray-color has-vivid-cyan-blue-background-color wp-block-paragraph\"><strong><a href=\"https:\/\/adhilac.com.ar\/?page_id=15887\">ADHILAC: Miembrxs fundadores<\/a><\/strong><\/p>\n\n\n\n<p class=\"has-text-color has-background has-text-align-center has-vivid-cyan-blue-color has-very-light-gray-background-color wp-block-paragraph\"><strong><a href=\"https:\/\/adhilac.com.ar\/?page_id=15943\">ADHILAC: Historiadorxs Destacadxs<\/a><\/strong><\/p>\n\n\n\n<p class=\"has-text-color has-background has-text-align-center has-very-light-gray-color has-vivid-cyan-blue-background-color wp-block-paragraph\"><strong><a href=\"https:\/\/adhilac.com.ar\/?page_id=4779\">SOCIXS<\/a><\/strong><\/p>\n\n\n\n<p class=\"has-text-color has-background has-text-align-center has-vivid-cyan-blue-color has-very-light-gray-background-color wp-block-paragraph\"><strong><a href=\"https:\/\/adhilac.com.ar\/?page_id=263\">Estatutos de ADHILAC<\/a><\/strong><\/p>\n\n\n\n<p class=\"has-text-color has-background has-text-align-center has-very-light-gray-color has-vivid-cyan-blue-background-color wp-block-paragraph\"><strong><a href=\"https:\/\/adhilac.com.ar\/?page_id=8220\">BICENTENARIO<\/a><\/strong><\/p>\n\n\n\n<p class=\"has-text-color has-background has-text-align-center has-vivid-cyan-blue-color has-very-light-gray-background-color wp-block-paragraph\"><strong><a href=\"https:\/\/adhilac.com.ar\/?page_id=8279\">BIBLIOTECA<\/a><\/strong><\/p>\n\n\n\n<p class=\"has-text-color has-background has-text-align-center has-very-light-gray-color has-vivid-cyan-blue-background-color wp-block-paragraph\"><strong><a href=\"https:\/\/adhilac.com.ar\/?page_id=1698\">ENLACES<\/a> <\/strong><\/p>\n\n\n\n<p class=\"has-text-color has-background has-text-align-center has-vivid-cyan-blue-color has-very-light-gray-background-color wp-block-paragraph\"><a href=\"http:\/\/www.ariadnatucma.com.ar\">VISITE ARIADNA TUCMA REVISTA LATINOAMERICANA<\/a><\/p>\n<\/div><\/div>\n","protected":false},"excerpt":{"rendered":"<p>Acci\u00f3n del historiador chileno Sergio Grez Ver a continuacion la respuesta que me ha enviado el Secretario T\u00e9cnico del Consejo de Monumentos Nacionales referida a la intervenci\u00f3n del historiador chileno Sergio Grez T. en defensa de la declaratoria de monumento nacional del complejo Forestal y Maderero Panguipulli, amenazada por la acci\u00f3n negacionista de un grupo [&hellip;]<\/p>\n","protected":false},"author":1,"featured_media":0,"comment_status":"closed","ping_status":"closed","sticky":false,"template":"","format":"standard","meta":{"_crdt_document":"","footnotes":""},"categories":[40],"tags":[77,764],"class_list":["post-16134","post","type-post","status-publish","format-standard","hentry","category-informaciones","tag-chile","tag-patrimonio-historico"],"_links":{"self":[{"href":"https:\/\/adhilac.com.ar\/index.php?rest_route=\/wp\/v2\/posts\/16134","targetHints":{"allow":["GET"]}}],"collection":[{"href":"https:\/\/adhilac.com.ar\/index.php?rest_route=\/wp\/v2\/posts"}],"about":[{"href":"https:\/\/adhilac.com.ar\/index.php?rest_route=\/wp\/v2\/types\/post"}],"author":[{"embeddable":true,"href":"https:\/\/adhilac.com.ar\/index.php?rest_route=\/wp\/v2\/users\/1"}],"replies":[{"embeddable":true,"href":"https:\/\/adhilac.com.ar\/index.php?rest_route=%2Fwp%2Fv2%2Fcomments&post=16134"}],"version-history":[{"count":3,"href":"https:\/\/adhilac.com.ar\/index.php?rest_route=\/wp\/v2\/posts\/16134\/revisions"}],"predecessor-version":[{"id":16141,"href":"https:\/\/adhilac.com.ar\/index.php?rest_route=\/wp\/v2\/posts\/16134\/revisions\/16141"}],"wp:attachment":[{"href":"https:\/\/adhilac.com.ar\/index.php?rest_route=%2Fwp%2Fv2%2Fmedia&parent=16134"}],"wp:term":[{"taxonomy":"category","embeddable":true,"href":"https:\/\/adhilac.com.ar\/index.php?rest_route=%2Fwp%2Fv2%2Fcategories&post=16134"},{"taxonomy":"post_tag","embeddable":true,"href":"https:\/\/adhilac.com.ar\/index.php?rest_route=%2Fwp%2Fv2%2Ftags&post=16134"}],"curies":[{"name":"wp","href":"https:\/\/api.w.org\/{rel}","templated":true}]}}