{"id":16154,"date":"2019-10-23T22:31:00","date_gmt":"2019-10-24T01:31:00","guid":{"rendered":"https:\/\/adhilac.com.ar\/?p=16154"},"modified":"2020-08-17T09:39:15","modified_gmt":"2020-08-17T12:39:15","slug":"la-habana-espacio-de-reflexion-sobre-antimperialismo-en-latinoamerica","status":"publish","type":"post","link":"https:\/\/adhilac.com.ar\/?p=16154","title":{"rendered":"La Habana, espacio de reflexi\u00f3n sobre antimperialismo en Latinoam\u00e9rica"},"content":{"rendered":"\n<p class=\"wp-block-paragraph\">Por Ren\u00e9 Villaboy<\/p>\n\n\n\n<div class=\"wp-block-media-text alignwide is-stacked-on-mobile is-image-fill has-pale-ocean-gradient-background has-background\"><figure class=\"wp-block-media-text__media\" style=\"background-image:url(https:\/\/adhilac.com.ar\/wp-content\/uploads\/2019\/10\/Antiimperialismo-en-America-10.jpg);background-position:50% 50%\"><img loading=\"lazy\" decoding=\"async\" width=\"1000\" height=\"600\" src=\"https:\/\/adhilac.com.ar\/wp-content\/uploads\/2019\/10\/Antiimperialismo-en-America-10.jpg\" alt=\"\" class=\"wp-image-16155\" srcset=\"https:\/\/adhilac.com.ar\/wp-content\/uploads\/2019\/10\/Antiimperialismo-en-America-10.jpg 1000w, https:\/\/adhilac.com.ar\/wp-content\/uploads\/2019\/10\/Antiimperialismo-en-America-10-300x180.jpg 300w, https:\/\/adhilac.com.ar\/wp-content\/uploads\/2019\/10\/Antiimperialismo-en-America-10-768x461.jpg 768w\" sizes=\"auto, (max-width: 1000px) 100vw, 1000px\" \/><\/figure><div class=\"wp-block-media-text__content\">\n<p class=\"has-text-align-center has-vivid-purple-color has-text-color has-normal-font-size wp-block-paragraph\"><strong> Por Ren\u00e9 Villaboy<\/strong> <\/p>\n<\/div><\/div>\n\n\n\n<p class=\"wp-block-paragraph\">La casa donde residiera don Fernando Ort\u00edz, situada en el c\u00e9ntrico cruzamiento de las calles L y 27, en el Vedado habanero, y que aloja desde hace d\u00e9cadas al Departamento de Historia y a otras dependencias de la Universidad de La Habana, vive desde este d\u00eda 22 de octubre y hasta el pr\u00f3ximo jueves 24 un \u201chervidero acad\u00e9mico\u201d mayor que el que cotidianamente experimenta la instalaci\u00f3n. Esta patrimonial e hist\u00f3rica morada es sede durante estas jornadas del III Coloquio Internacional El Antiimperialismo en Am\u00e9rica Latina: A 60 a\u00f1os de la Revoluci\u00f3n Cubana tradiciones antimperialistas en Am\u00e9rica Latina y el Sur Global. El evento que organiza el Consejo Latinoamericano de Ciencias Sociales CLACSO y que se realiza durante las actividades que organiza en la Isla esta \u00faltima reconocida red acad\u00e9mica para celebrar las seis d\u00e9cadas del significativo triunfo de enero de 1959.<\/p>\n\n\n\n<!--more-->\n\n\n\n<div style=\"height:20px\" aria-hidden=\"true\" class=\"wp-block-spacer\"><\/div>\n\n\n\n<figure class=\"wp-block-image size-large is-resized\"><img loading=\"lazy\" decoding=\"async\" src=\"https:\/\/adhilac.com.ar\/wp-content\/uploads\/2019\/10\/Antiimperialismo-en-America-10.jpg\" alt=\"\" class=\"wp-image-16155\" width=\"516\" height=\"310\" srcset=\"https:\/\/adhilac.com.ar\/wp-content\/uploads\/2019\/10\/Antiimperialismo-en-America-10.jpg 1000w, https:\/\/adhilac.com.ar\/wp-content\/uploads\/2019\/10\/Antiimperialismo-en-America-10-300x180.jpg 300w, https:\/\/adhilac.com.ar\/wp-content\/uploads\/2019\/10\/Antiimperialismo-en-America-10-768x461.jpg 768w\" sizes=\"auto, (max-width: 516px) 100vw, 516px\" \/><\/figure>\n\n\n\n<p class=\"wp-block-paragraph\">El III Coloquio que acoge el Departamento de Historia de la Universidad de La Habana, como centro miembro de CLACSO, y que coauspician la Asociaci\u00f3n de Historiadores de Am\u00e9rica Latina y el Caribe (Adhilac), el Grupo de Estudios sobre Centroam\u00e9rica, el Instituto Mora de M\u00e9xico, el Instituto de Estudios de Am\u00e9rica Latina y el Caribe (IEALC) de la Universidad de Buenos Aires re\u00fane durante tres d\u00edas a investigadores, docentes y cient\u00edficos sociales de M\u00e9xico, Cuba, Argentina, Venezuela, Nicaragua y Espa\u00f1a. Ponencias y paneles se desarrollan desde este marte en torno a cinco ejes tem\u00e1ticos que incluyen: El legado hist\u00f3rico y los problemas actuales del imaginario antiimperialista, las reacciones sociales y las respuestas gubernamentales ante la agenda del gobierno de Donald Trump, el antiimperialismo en las revoluciones y las experiencias nacional-populares en Am\u00e9rica Latina y el Sur Global, los estudios transnacionales sobre antiimperialismo, socialismo y antiimperialismo.<\/p>\n\n\n\n<p class=\"wp-block-paragraph\">La primera jornada del evento que inici\u00f3 el martes 22 de octubre cont\u00f3 en la inauguraci\u00f3n con una mesa integrada por el Dr. Ernel Gonz\u00e1lez, Decano de la Facultad de Filosof\u00eda, Historia y Sociolog\u00eda de la alta casa de estudios habanera, el Dr. Dar\u00edo Salinas, Miembro del Comit\u00e9 Directivo de CLACSO, del Dr. Sergio Guerra Vilaboy, Director del Departamento de Historia,  y las coordinadoras del Grupo de Trabajo que organiza el Coloquio, las Dras. Kristina Piker del Instituto  de Investigaciones Jos\u00e9 Mar\u00eda Luis Mora y Julieta Rostica del IEALC de la UBA. Todos los participantes en la apertura -anfitriones e invitados- coincidieron en la vigencia de los discursos y las pr\u00e1cticas antimperialistas en medio de la actual coyuntura de nuestros pueblos latinoamericanos.<\/p>\n\n\n\n<figure class=\"wp-block-image size-large is-resized\"><img loading=\"lazy\" decoding=\"async\" src=\"https:\/\/adhilac.com.ar\/wp-content\/uploads\/2019\/10\/Antiimperialismo-en-America-20.jpg\" alt=\"\" class=\"wp-image-16156\" width=\"515\" height=\"309\" srcset=\"https:\/\/adhilac.com.ar\/wp-content\/uploads\/2019\/10\/Antiimperialismo-en-America-20.jpg 1000w, https:\/\/adhilac.com.ar\/wp-content\/uploads\/2019\/10\/Antiimperialismo-en-America-20-300x180.jpg 300w, https:\/\/adhilac.com.ar\/wp-content\/uploads\/2019\/10\/Antiimperialismo-en-America-20-768x461.jpg 768w\" sizes=\"auto, (max-width: 515px) 100vw, 515px\" \/><\/figure>\n\n\n\n<p class=\"wp-block-paragraph\">Despu\u00e9s la ceremonia de apertura se desarroll\u00f3 un Panel Inaugural que tuvo la moderaci\u00f3n y los comentarios del reconocido soci\u00f3logo y polit\u00f3logo cubano, Jorge Hern\u00e1ndez, Catedr\u00e1tico e Investigador del Centro de Estudios Hemisf\u00e9ricos y sobre Estados Unidos (CEHSEU)  y  con dos ponencias magistrales. La primera a cargo de la Dra. Francisca L\u00f3pez Civeira, Profesora Em\u00e9rita de la Universidad de La Habana y Presidenta de las C\u00e1tedras Martiana, Bol\u00edvar-Mart\u00ed. -Sandino y de la de Estudios sobre el Pensamiento de Fidel Castro, que disert\u00f3 sobre la historia de las expresiones antimperialista en la Historia de Cuba. Durante su exposici\u00f3n la Dra. L\u00f3pez Civeira destac\u00f3 la relaci\u00f3n indestructible entre los discursos, imaginarios y expresiones contra la dominaci\u00f3n imperial y el proceso de luchas emancipadoras y por la soberan\u00eda que han desarrollado los cubanos por m\u00e1s de 150 a\u00f1os, y con ello cito nombres imprescindibles como el de Jos\u00e9 Mart\u00ed, Julio Antonio Mella y Fidel Castro. La segunda ponencia magistral fue presentada por el Dr. Dar\u00edo Salinas, quien adem\u00e1s de directivo de CLACSO es  Profesor Em\u00e9rito de la Universidad Iberoamericana de M\u00e9xico y autor prolifero de ensayos y textos sobre la gobernabilidad, la democracia y las relaciones entre Am\u00e9rica Latina y los EE. UU, quien trajo a la mesa el tema el antimperialismo sus retos al agitado mundo de hoy. Luego siguieron los paneles de un programa que durante tres d\u00edas promete dar una relectura multidisciplinaria, cr\u00edtica y sobre todo necesaria para el presente y el futuro de Am\u00e9rica Latina.<\/p>\n\n\n\n<div style=\"height:20px\" aria-hidden=\"true\" class=\"wp-block-spacer\"><\/div>\n\n\n\n<p class=\"has-very-light-gray-color has-vivid-cyan-blue-background-color has-text-color has-background wp-block-paragraph\"><strong>Publicado por ADHILAC Internacional \u00a9 www.adhilac.com.ar<\/strong><\/p>\n\n\n\n<p class=\"has-vivid-cyan-blue-color has-very-light-gray-background-color has-text-color has-background wp-block-paragraph\"> Si Ud. desea asociarse de acuerdo a los Estatutos de ADHILAC&nbsp;<a href=\"https:\/\/adhilac.com.ar\/?page_id=263\">(ver)<\/a> complete el siguiente formulario&nbsp;(<a href=\"https:\/\/adhilac.com.ar\/?page_id=4779\">ver<\/a>)<\/p>\n\n\n\n<p class=\"has-very-light-gray-color has-vivid-cyan-blue-background-color has-text-color has-background wp-block-paragraph\"> E-mail:&nbsp;info@adhilac.com.ar <\/p>\n\n\n\n<p class=\"has-very-light-gray-color has-vivid-cyan-blue-background-color has-text-color has-background wp-block-paragraph\"> Twitter: @AdhilacInfo <\/p>\n\n\n\n<div class=\"wp-block-image\"><figure class=\"aligncenter size-large\"><img loading=\"lazy\" decoding=\"async\" width=\"85\" height=\"85\" src=\"https:\/\/adhilac.com.ar\/wp-content\/uploads\/2015\/02\/Logo-ADHILAC-Internacional-PEQ.jpg\" alt=\"\" class=\"wp-image-10473\"\/><\/figure><\/div>\n\n\n\n<p class=\"wp-block-paragraph\">Ver <a href=\"https:\/\/adhilac.com.ar\/?page_id=541\">Presentaci\u00f3n de ADHILAC<\/a><\/p>\n\n\n\n<div style=\"height:20px\" aria-hidden=\"true\" class=\"wp-block-spacer\"><\/div>\n\n\n\n<div class=\"wp-block-group\"><div class=\"wp-block-group__inner-container is-layout-flow wp-block-group-is-layout-flow\">\n<p class=\"has-text-align-center has-very-light-gray-color has-vivid-cyan-blue-background-color has-text-color has-background wp-block-paragraph\"><strong><a href=\"https:\/\/adhilac.com.ar\/?page_id=541\">QUIENES SOMOS<\/a><\/strong><\/p>\n\n\n\n<p class=\"has-text-align-center has-vivid-cyan-blue-color has-very-light-gray-background-color has-text-color has-background wp-block-paragraph\"><strong><a href=\"https:\/\/adhilac.com.ar\/?page_id=15507\">DIRECTIVA DE ADHILAC INTERNACIONAL<\/a><\/strong><\/p>\n\n\n\n<p class=\"has-text-align-center has-very-light-gray-color has-vivid-cyan-blue-background-color has-text-color has-background wp-block-paragraph\"><strong><a href=\"https:\/\/adhilac.com.ar\/?page_id=267\">Declaraci\u00f3n de Caracas de ADHILAC (2007)<\/a><\/strong><\/p>\n\n\n\n<p class=\"has-text-align-center has-vivid-cyan-blue-color has-very-light-gray-background-color has-text-color has-background wp-block-paragraph\"><strong><a href=\"https:\/\/adhilac.com.ar\/?page_id=15873\">ADHILAC: Historia &#8211; Historidorxs<\/a><\/strong><\/p>\n\n\n\n<p class=\"has-text-align-center has-very-light-gray-color has-vivid-cyan-blue-background-color has-text-color has-background wp-block-paragraph\"><strong><a href=\"https:\/\/adhilac.com.ar\/?page_id=15876\">ADHILAC 20 a\u00f1os despu\u00e9s (1974-1994)<\/a> <\/strong><\/p>\n\n\n\n<p class=\"has-text-align-center has-vivid-cyan-blue-color has-very-light-gray-background-color has-text-color has-background wp-block-paragraph\"><strong><a href=\"https:\/\/adhilac.com.ar\/?page_id=15861\">ADHILAC Breve Historia<\/a> <\/strong><\/p>\n\n\n\n<p class=\"has-text-align-center has-very-light-gray-color has-vivid-cyan-blue-background-color has-text-color has-background wp-block-paragraph\"><strong><a href=\"https:\/\/adhilac.com.ar\/?page_id=15887\">ADHILAC: Miembrxs fundadores<\/a><\/strong><\/p>\n\n\n\n<p class=\"has-text-align-center has-vivid-cyan-blue-color has-very-light-gray-background-color has-text-color has-background wp-block-paragraph\"><strong><a href=\"https:\/\/adhilac.com.ar\/?page_id=15943\">ADHILAC: Historiadorxs Destacadxs<\/a><\/strong><\/p>\n\n\n\n<p class=\"has-text-align-center has-very-light-gray-color has-vivid-cyan-blue-background-color has-text-color has-background wp-block-paragraph\"><strong><a href=\"https:\/\/adhilac.com.ar\/?page_id=4779\">SOCIXS<\/a><\/strong><\/p>\n\n\n\n<p class=\"has-text-align-center has-vivid-cyan-blue-color has-very-light-gray-background-color has-text-color has-background wp-block-paragraph\"><strong><a href=\"https:\/\/adhilac.com.ar\/?page_id=263\">Estatutos de ADHILAC<\/a><\/strong><\/p>\n\n\n\n<p class=\"has-text-align-center has-very-light-gray-color has-vivid-cyan-blue-background-color has-text-color has-background wp-block-paragraph\"><strong><a href=\"https:\/\/adhilac.com.ar\/?page_id=8220\">BICENTENARIO<\/a><\/strong><\/p>\n\n\n\n<p class=\"has-text-align-center has-vivid-cyan-blue-color has-very-light-gray-background-color has-text-color has-background wp-block-paragraph\"><strong><a href=\"https:\/\/adhilac.com.ar\/?page_id=8279\">BIBLIOTECA<\/a><\/strong><\/p>\n\n\n\n<p class=\"has-text-align-center has-very-light-gray-color has-vivid-cyan-blue-background-color has-text-color has-background wp-block-paragraph\"><strong><a href=\"https:\/\/adhilac.com.ar\/?page_id=1698\">ENLACES<\/a> <\/strong><\/p>\n\n\n\n<p class=\"has-text-align-center has-vivid-cyan-blue-color has-very-light-gray-background-color has-text-color has-background wp-block-paragraph\"><a href=\"http:\/\/www.ariadnatucma.com.ar\">VISITE ARIADNA TUCMA REVISTA LATINOAMERICANA<\/a><\/p>\n<\/div><\/div>\n\n\n\n<div style=\"height:20px\" aria-hidden=\"true\" class=\"wp-block-spacer\"><\/div>\n","protected":false},"excerpt":{"rendered":"<p>Por Ren\u00e9 Villaboy Por Ren\u00e9 Villaboy La casa donde residiera don Fernando Ort\u00edz, situada en el c\u00e9ntrico cruzamiento de las calles L y 27, en el Vedado habanero, y que aloja desde hace d\u00e9cadas al Departamento de Historia y a otras dependencias de la Universidad de La Habana, vive desde este d\u00eda 22 de octubre [&hellip;]<\/p>\n","protected":false},"author":1,"featured_media":0,"comment_status":"closed","ping_status":"closed","sticky":false,"template":"","format":"standard","meta":{"_crdt_document":"","footnotes":""},"categories":[40],"tags":[487],"class_list":["post-16154","post","type-post","status-publish","format-standard","hentry","category-informaciones","tag-antiimperialismo"],"_links":{"self":[{"href":"https:\/\/adhilac.com.ar\/index.php?rest_route=\/wp\/v2\/posts\/16154","targetHints":{"allow":["GET"]}}],"collection":[{"href":"https:\/\/adhilac.com.ar\/index.php?rest_route=\/wp\/v2\/posts"}],"about":[{"href":"https:\/\/adhilac.com.ar\/index.php?rest_route=\/wp\/v2\/types\/post"}],"author":[{"embeddable":true,"href":"https:\/\/adhilac.com.ar\/index.php?rest_route=\/wp\/v2\/users\/1"}],"replies":[{"embeddable":true,"href":"https:\/\/adhilac.com.ar\/index.php?rest_route=%2Fwp%2Fv2%2Fcomments&post=16154"}],"version-history":[{"count":4,"href":"https:\/\/adhilac.com.ar\/index.php?rest_route=\/wp\/v2\/posts\/16154\/revisions"}],"predecessor-version":[{"id":16885,"href":"https:\/\/adhilac.com.ar\/index.php?rest_route=\/wp\/v2\/posts\/16154\/revisions\/16885"}],"wp:attachment":[{"href":"https:\/\/adhilac.com.ar\/index.php?rest_route=%2Fwp%2Fv2%2Fmedia&parent=16154"}],"wp:term":[{"taxonomy":"category","embeddable":true,"href":"https:\/\/adhilac.com.ar\/index.php?rest_route=%2Fwp%2Fv2%2Fcategories&post=16154"},{"taxonomy":"post_tag","embeddable":true,"href":"https:\/\/adhilac.com.ar\/index.php?rest_route=%2Fwp%2Fv2%2Ftags&post=16154"}],"curies":[{"name":"wp","href":"https:\/\/api.w.org\/{rel}","templated":true}]}}