{"id":16160,"date":"2019-10-23T22:39:00","date_gmt":"2019-10-24T01:39:00","guid":{"rendered":"https:\/\/adhilac.com.ar\/?p=16160"},"modified":"2019-10-28T22:46:01","modified_gmt":"2019-10-29T01:46:01","slug":"ante-la-grave-situacion-en-chile-hijxs-de-genocidas-llaman-a-la-desobediencia","status":"publish","type":"post","link":"https:\/\/adhilac.com.ar\/?p=16160","title":{"rendered":"Ante la grave situaci\u00f3n en Chile, hijxs de genocidas llaman a la desobediencia"},"content":{"rendered":"\n<p class=\"wp-block-paragraph\">A continuaci\u00f3n transcribimos un art\u00edculo de P\u00e1gina 12 del 24 de octubre de 2019<\/p>\n\n\n\n<p class=\"wp-block-paragraph\">Comunicado dirigido a familiares de quienes reprimen<br \/>\nHijos de genocidas chilenos llaman a la desobediencia<br \/>\nEl colectivo Historias Desobedientes Chile, que re\u00fane a hijos, hijas y familiares de represores de la dictadura de Augusto Pinochet, se pronunci\u00f3 hizo un \u201cllamado urgente a la desobediencia\u201d en el marco de lo que denominan \u201coctubre negro\u201d para el pa\u00eds, con una represi\u00f3n que ya se cobr\u00f3 18 vidas. <\/p>\n\n\n\n<!--more-->\n\n\n\n<div style=\"height:20px\" aria-hidden=\"true\" class=\"wp-block-spacer\"><\/div>\n\n\n\n<p class=\"wp-block-paragraph\">\u201cQueremos no s\u00f3lo sumarnos a la exigencia de justicia social que ha llevado al pueblo de Chile a manifestarse con una fuerza inesperada, sino tambi\u00e9n, y sobre todo, interpelar a ciertos actores cuyo rol, potencialmente significativo, sin duda ellos mismos ignoran\u201d, dice el texto.<\/p>\n\n\n\n<div style=\"height:20px\" aria-hidden=\"true\" class=\"wp-block-spacer\"><\/div>\n\n\n\n<p class=\"wp-block-paragraph\">En otro pasaje se dirigen \u201cde igual a igual, a los hijos, hijas y familiares del carabinero, del gendarme, del militar que ayer por la tarde u hoy por la ma\u00f1ana sali\u00f3 a la calle a golpear estudiantes; al joven que la semana pasada almorz\u00f3 con su t\u00edo, poco antes de que este \u00faltimo fuera a lanzar gases lacrim\u00f3genos dentro del metro, dentro de los vagones mismos, para castigar las \u2018evasiones\u2019; a la hija de aquel que volvi\u00f3 a su casa despu\u00e9s de haber descargado balas de goma sobre hombres, mujeres y ni\u00f1os que gritaban demasiado fuerte pidiendo condiciones de vida m\u00e1s dignas; al nieto del \u2018superior\u2019 que dio la orden de ataque o del funcionario que exigi\u00f3 \u2018mano dura\u2019 para mantener el orden p\u00fablico\u201d.<\/p>\n\n\n\n<div style=\"height:20px\" aria-hidden=\"true\" class=\"wp-block-spacer\"><\/div>\n\n\n\n<p class=\"wp-block-paragraph\">El colectivo define a los destinatarios de la carta como \u201cdepositarios de los grandes silencios de nuestra Historia\u201d. Cuentan que \u201caqu\u00ed estamos, rompiendo atavismos, y diciendo que los cr\u00edmenes de lesa humanidad no se habr\u00e1n cometido en nuestro nombre\u201d. En ese sentido, hacen la invitaci\u00f3n \u201ca situarse tambi\u00e9n, en esta vereda, que no es la del odio ni la rabia sino de la justicia y el respeto fundamental al ser humano\u201d.<\/p>\n\n\n\n<div style=\"height:20px\" aria-hidden=\"true\" class=\"wp-block-spacer\"><\/div>\n\n\n\n<p class=\"wp-block-paragraph\">Recuerdan que la violencia de los \u00faltimos d\u00edas \u201ctrae a la memoria las reminiscencias de la \u00e9poca m\u00e1s sangrienta de la Historia de nuestro pa\u00eds\u201d; y que el uso de t\u00e9rminos como \u201ctoque de queda\u201d y \u201cestado de emergencia\u201d no hacen otra cosa que reavivar \u201cen nuestro imaginario colectivo las im\u00e1genes del golpe de Estado y de la dictadura, con su caga inherente de secuestros, torturas y desapariciones forzadas\u201d.<\/p>\n\n\n\n<div style=\"height:20px\" aria-hidden=\"true\" class=\"wp-block-spacer\"><\/div>\n\n\n\n<p class=\"wp-block-paragraph\">Por eso, porque \u201cconocemos los signos, y sabemos reconocerlos\u201d, el colectivo hace un \u201cllamado a la desobediencia\u201d. Les recuerdan a los familiares de quienes hoy reprimen que \u201cnadie escoge el lugar donde le toca nacer, pero s\u00ed elige el camino que ha de seguir\u201d, y precisan que el camino de ellos es \u201c\u00e1rido, doloroso\u201d y que est\u00e1 \u201clleno de contradicciones\u201d. Sin embargo, as\u00ed y todo, eso ha permitido \u201cdisociarnos de un legado de violencia y muerte que no queremos transmitir a las futuras generaciones\u201d.<\/p>\n\n\n\n<div style=\"height:20px\" aria-hidden=\"true\" class=\"wp-block-spacer\"><\/div>\n\n\n\n<p class=\"wp-block-paragraph\">Por \u00faltimo afirman que \u201cde hermano a hermano, de hermana a hermana, los invitamos a recorrer el camino juntos, en medio de este octubre negro\u201d. <\/p>\n\n\n\n<div style=\"height:20px\" aria-hidden=\"true\" class=\"wp-block-spacer\"><\/div>\n\n\n\n<p class=\"wp-block-paragraph\">P\u00e1gina 12. 24 de octubre de 2019<\/p>\n\n\n\n<div style=\"height:20px\" aria-hidden=\"true\" class=\"wp-block-spacer\"><\/div>\n\n\n\n<p class=\"has-text-color has-background has-very-light-gray-color has-vivid-cyan-blue-background-color wp-block-paragraph\"><strong>Publicado por ADHILAC Internacional \u00a9 www.adhilac.com.ar<\/strong><\/p>\n\n\n\n<p class=\"has-text-color has-background has-vivid-cyan-blue-color has-very-light-gray-background-color wp-block-paragraph\"> Si Ud. desea asociarse de acuerdo a los Estatutos de ADHILAC&nbsp;<a href=\"https:\/\/adhilac.com.ar\/?page_id=263\">(ver)<\/a> complete el siguiente formulario&nbsp;(<a href=\"https:\/\/adhilac.com.ar\/?page_id=4779\">ver<\/a>)<\/p>\n\n\n\n<p class=\"has-text-color has-background has-very-light-gray-color has-vivid-cyan-blue-background-color wp-block-paragraph\"> E-mail:&nbsp;info@adhilac.com.ar <\/p>\n\n\n\n<p class=\"has-text-color has-background has-very-light-gray-color has-vivid-cyan-blue-background-color wp-block-paragraph\"> Twitter: @AdhilacInfo <\/p>\n\n\n\n<div class=\"wp-block-image\"><figure class=\"aligncenter size-large\"><img loading=\"lazy\" decoding=\"async\" width=\"85\" height=\"85\" src=\"https:\/\/adhilac.com.ar\/wp-content\/uploads\/2015\/02\/Logo-ADHILAC-Internacional-PEQ.jpg\" alt=\"\" class=\"wp-image-10473\"\/><\/figure><\/div>\n\n\n\n<p class=\"wp-block-paragraph\">Ver <a href=\"https:\/\/adhilac.com.ar\/?page_id=541\">Presentaci\u00f3n de ADHILAC<\/a><\/p>\n\n\n\n<div style=\"height:20px\" aria-hidden=\"true\" class=\"wp-block-spacer\"><\/div>\n\n\n\n<div class=\"wp-block-group\"><div class=\"wp-block-group__inner-container is-layout-flow wp-block-group-is-layout-flow\">\n<p class=\"has-text-color has-background has-text-align-center has-very-light-gray-color has-vivid-cyan-blue-background-color wp-block-paragraph\"><strong><a href=\"https:\/\/adhilac.com.ar\/?page_id=541\">QUIENES SOMOS<\/a><\/strong><\/p>\n\n\n\n<p class=\"has-text-color has-background has-text-align-center has-vivid-cyan-blue-color has-very-light-gray-background-color wp-block-paragraph\"><strong><a href=\"https:\/\/adhilac.com.ar\/?page_id=15507\">DIRECTIVA DE ADHILAC INTERNACIONAL<\/a><\/strong><\/p>\n\n\n\n<p class=\"has-text-color has-background has-text-align-center has-very-light-gray-color has-vivid-cyan-blue-background-color wp-block-paragraph\"><strong><a href=\"https:\/\/adhilac.com.ar\/?page_id=267\">Declaraci\u00f3n de Caracas de ADHILAC (2007)<\/a><\/strong><\/p>\n\n\n\n<p class=\"has-text-color has-background has-text-align-center has-vivid-cyan-blue-color has-very-light-gray-background-color wp-block-paragraph\"><strong><a href=\"https:\/\/adhilac.com.ar\/?page_id=15873\">ADHILAC: Historia &#8211; Historidorxs<\/a><\/strong><\/p>\n\n\n\n<p class=\"has-text-color has-background has-text-align-center has-very-light-gray-color has-vivid-cyan-blue-background-color wp-block-paragraph\"><strong><a href=\"https:\/\/adhilac.com.ar\/?page_id=15876\">ADHILAC 20 a\u00f1os despu\u00e9s (1974-1994)<\/a> <\/strong><\/p>\n\n\n\n<p class=\"has-text-color has-background has-text-align-center has-vivid-cyan-blue-color has-very-light-gray-background-color wp-block-paragraph\"><strong><a href=\"https:\/\/adhilac.com.ar\/?page_id=15861\">ADHILAC Breve Historia<\/a> <\/strong><\/p>\n\n\n\n<p class=\"has-text-color has-background has-text-align-center has-very-light-gray-color has-vivid-cyan-blue-background-color wp-block-paragraph\"><strong><a href=\"https:\/\/adhilac.com.ar\/?page_id=15887\">ADHILAC: Miembrxs fundadores<\/a><\/strong><\/p>\n\n\n\n<p class=\"has-text-color has-background has-text-align-center has-vivid-cyan-blue-color has-very-light-gray-background-color wp-block-paragraph\"><strong><a href=\"https:\/\/adhilac.com.ar\/?page_id=15943\">ADHILAC: Historiadorxs Destacadxs<\/a><\/strong><\/p>\n\n\n\n<p class=\"has-text-color has-background has-text-align-center has-very-light-gray-color has-vivid-cyan-blue-background-color wp-block-paragraph\"><strong><a href=\"https:\/\/adhilac.com.ar\/?page_id=4779\">SOCIXS<\/a><\/strong><\/p>\n\n\n\n<p class=\"has-text-color has-background has-text-align-center has-vivid-cyan-blue-color has-very-light-gray-background-color wp-block-paragraph\"><strong><a href=\"https:\/\/adhilac.com.ar\/?page_id=263\">Estatutos de ADHILAC<\/a><\/strong><\/p>\n\n\n\n<p class=\"has-text-color has-background has-text-align-center has-very-light-gray-color has-vivid-cyan-blue-background-color wp-block-paragraph\"><strong><a href=\"https:\/\/adhilac.com.ar\/?page_id=8220\">BICENTENARIO<\/a><\/strong><\/p>\n\n\n\n<p class=\"has-text-color has-background has-text-align-center has-vivid-cyan-blue-color has-very-light-gray-background-color wp-block-paragraph\"><strong><a href=\"https:\/\/adhilac.com.ar\/?page_id=8279\">BIBLIOTECA<\/a><\/strong><\/p>\n\n\n\n<p class=\"has-text-color has-background has-text-align-center has-very-light-gray-color has-vivid-cyan-blue-background-color wp-block-paragraph\"><strong><a href=\"https:\/\/adhilac.com.ar\/?page_id=1698\">ENLACES<\/a> <\/strong><\/p>\n\n\n\n<p class=\"has-text-color has-background has-text-align-center has-vivid-cyan-blue-color has-very-light-gray-background-color wp-block-paragraph\"><a href=\"http:\/\/www.ariadnatucma.com.ar\">VISITE ARIADNA TUCMA REVISTA LATINOAMERICANA<\/a><\/p>\n<\/div><\/div>\n\n\n\n<p class=\"wp-block-paragraph\"><\/p>\n","protected":false},"excerpt":{"rendered":"<p>A continuaci\u00f3n transcribimos un art\u00edculo de P\u00e1gina 12 del 24 de octubre de 2019 Comunicado dirigido a familiares de quienes reprimen Hijos de genocidas chilenos llaman a la desobediencia El colectivo Historias Desobedientes Chile, que re\u00fane a hijos, hijas y familiares de represores de la dictadura de Augusto Pinochet, se pronunci\u00f3 hizo un \u201cllamado urgente [&hellip;]<\/p>\n","protected":false},"author":1,"featured_media":0,"comment_status":"closed","ping_status":"closed","sticky":false,"template":"","format":"standard","meta":{"_crdt_document":"","footnotes":""},"categories":[40],"tags":[77,272,226],"class_list":["post-16160","post","type-post","status-publish","format-standard","hentry","category-informaciones","tag-chile","tag-represion","tag-terrorismo-de-estado"],"_links":{"self":[{"href":"https:\/\/adhilac.com.ar\/index.php?rest_route=\/wp\/v2\/posts\/16160","targetHints":{"allow":["GET"]}}],"collection":[{"href":"https:\/\/adhilac.com.ar\/index.php?rest_route=\/wp\/v2\/posts"}],"about":[{"href":"https:\/\/adhilac.com.ar\/index.php?rest_route=\/wp\/v2\/types\/post"}],"author":[{"embeddable":true,"href":"https:\/\/adhilac.com.ar\/index.php?rest_route=\/wp\/v2\/users\/1"}],"replies":[{"embeddable":true,"href":"https:\/\/adhilac.com.ar\/index.php?rest_route=%2Fwp%2Fv2%2Fcomments&post=16160"}],"version-history":[{"count":1,"href":"https:\/\/adhilac.com.ar\/index.php?rest_route=\/wp\/v2\/posts\/16160\/revisions"}],"predecessor-version":[{"id":16161,"href":"https:\/\/adhilac.com.ar\/index.php?rest_route=\/wp\/v2\/posts\/16160\/revisions\/16161"}],"wp:attachment":[{"href":"https:\/\/adhilac.com.ar\/index.php?rest_route=%2Fwp%2Fv2%2Fmedia&parent=16160"}],"wp:term":[{"taxonomy":"category","embeddable":true,"href":"https:\/\/adhilac.com.ar\/index.php?rest_route=%2Fwp%2Fv2%2Fcategories&post=16160"},{"taxonomy":"post_tag","embeddable":true,"href":"https:\/\/adhilac.com.ar\/index.php?rest_route=%2Fwp%2Fv2%2Ftags&post=16160"}],"curies":[{"name":"wp","href":"https:\/\/api.w.org\/{rel}","templated":true}]}}