{"id":16212,"date":"2019-11-13T20:33:00","date_gmt":"2019-11-13T23:33:00","guid":{"rendered":"https:\/\/adhilac.com.ar\/?p=16212"},"modified":"2019-11-15T20:39:51","modified_gmt":"2019-11-15T23:39:51","slug":"coloquio-una-historia-abierta-a-100-anos-de-la-fundacion-del-partido-comunista-mexicano-morelia-michoacan-14-15-11-2019","status":"publish","type":"post","link":"https:\/\/adhilac.com.ar\/?p=16212","title":{"rendered":"Coloquio: \u201cUna historia abierta. A 100 a\u00f1os de la fundaci\u00f3n del Partido  Comunista Mexicano\u201d. Morelia, Michoac\u00e1n. 14-15\/11\/2019"},"content":{"rendered":"\n<p class=\"wp-block-paragraph\">COLOQUIO<\/p>\n\n\n\n<p class=\"wp-block-paragraph\">\u201cUna historia abierta. A 100 a\u00f1os de la fundaci\u00f3n del Partido<br \/>\nComunista Mexicano\u201d<\/p>\n\n\n\n<p class=\"wp-block-paragraph\">Facultad de Historia<br \/>Universidad Michoacana de San Nicol\u00e1s de Hidalgo<\/p>\n\n\n\n<p class=\"wp-block-paragraph\">14 y 15 de noviembre de 2019, Morelia, Michoac\u00e1n<\/p>\n\n\n\n<p class=\"wp-block-paragraph\">Jueves 14 de noviembre<br \/>\n09:00 a 09:30 horas<br \/>\nInauguraci\u00f3n<\/p>\n\n\n\n<!--more-->\n\n\n\n<p class=\"wp-block-paragraph\">09:30 a 10:30 horas<br \/>\nAuditorio de la Facultad de Historia<\/p>\n\n\n\n<p class=\"wp-block-paragraph\">CONFERENCIA MAGISTRAL<br \/>\nLa participaci\u00f3n del PCM en la reuni\u00f3n de 1929<br \/>\nDr. Horacio Crespo, Universidad Aut\u00f3noma del Estado de Morelos<\/p>\n\n\n\n<p class=\"wp-block-paragraph\">10:30 a 11:00 horas<br \/>\nCaf\u00e9<\/p>\n\n\n\n<p class=\"wp-block-paragraph\">Mesa simult\u00e1nea<br \/>\nAuditorio de la Facultad de Historia<\/p>\n\n\n\n<p class=\"wp-block-paragraph\">Mesa 1: Historia y memoria regional del comunismo mexicano<\/p>\n\n\n\n<p class=\"wp-block-paragraph\">11:00 a 13:20 horas<br \/>\nModera: Jos\u00e9 Alfredo Uribe Salas<br \/>\nEl Partido Comunista en Michoac\u00e1n: 1976-1981<br \/>\nJaime Hern\u00e1ndez D\u00edaz, Universidad Michoacana de San Nicol\u00e1s de Hidalgo<\/p>\n\n\n\n<p class=\"wp-block-paragraph\">Machetes contra crucifijos. El Partido Comunista Mexicano en Quer\u00e9taro<br \/>\nKevyn Sim\u00f3n Delgado, Universidad Aut\u00f3noma de Quer\u00e9taro<\/p>\n\n\n\n<p class=\"wp-block-paragraph\">Alfredo Casimiro y la c\u00e9lula comunista del Valle de Uru\u00e9taro. Una<br \/>\npropuesta de investigaci\u00f3n desde la historia oral<br \/>\nJos\u00e9 Francisco Casimiro Barrera, Jobany Ca\u00f1as Zavala y Fernando Ayala,<br \/>\nUniversidad Michoacana de San Nicol\u00e1s de Hidalgo<\/p>\n\n\n\n<p class=\"wp-block-paragraph\">El Partido Comunista Mexicano (PCM) y la coyuntura de cambio rectoral<br \/>\nen la Universidad Aut\u00f3noma de Puebla (UAP) en 1981<br \/>\nAd\u00e1n Pando Moreno, Universidad Michoacana de San Nicol\u00e1s de Hidalgo<\/p>\n\n\n\n<p class=\"wp-block-paragraph\">Mesa simult\u00e1nea<br \/>\nSala Virtual de la Facultad de Historia<\/p>\n\n\n\n<p class=\"wp-block-paragraph\">Mesa 2: Movimientos sociales<br \/>\n11:00 a 13:30 horas<br \/>\nModera: Isabel Mar\u00edn Tello<\/p>\n\n\n\n<p class=\"wp-block-paragraph\">El Partido Comunista de M\u00e9xico y su alianza con el movimiento<br \/>\ncampesino durante los gobiernos de la posrevoluci\u00f3n<br \/>\nIrving Reynoso Jaime, Universidad Aut\u00f3noma del Estado de Morelos<\/p>\n\n\n\n<p class=\"wp-block-paragraph\">El Partido Comunista Mexicano y los estudiantes normalistas rurales en<br \/>\nla historia pol\u00edtica del siglo XX<br \/>\nM\u00f3nica Naymich L\u00f3pez Macedonio, Universidad Nacional Aut\u00f3noma de M\u00e9xico<\/p>\n\n\n\n<p class=\"wp-block-paragraph\">Reformista y oportunista. La cr\u00edtica de la liga Comunista 23 de<br \/>\nSeptiembre al PCM<br \/>\nLucio Rangel Hern\u00e1ndez, Universidad Michoacana de San Nicol\u00e1s de Hidalgo<\/p>\n\n\n\n<p class=\"wp-block-paragraph\">De la lucha armada a la lucha por la verdad<br \/>\nSilvia Soriano Hern\u00e1ndez, Universidad Nacional Aut\u00f3noma de M\u00e9xico<\/p>\n\n\n\n<p class=\"wp-block-paragraph\">Una mirada a la organizaci\u00f3n y movimientos estudiantiles de la<br \/>\nUniversidad Nacional durante la primera mitad del siglo XX con ideales<br \/>\nsocialistas<br \/>\nM\u00f3nica del Valle B\u00e9jar, Universidad Nacional Aut\u00f3noma de M\u00e9xico<\/p>\n\n\n\n<p class=\"wp-block-paragraph\">Auditorio de la Facultad de Historia<\/p>\n\n\n\n<p class=\"wp-block-paragraph\">Presentaci\u00f3n del archivo digital del peri\u00f3dico El Machete<br \/>\n13:30 a 2:10 horas<br \/>\nOmar Rom\u00e1n Cota, Universidad Aut\u00f3noma del Estado de Morelos<\/p>\n\n\n\n<p class=\"wp-block-paragraph\">14:10 a 16:00 horas<br \/>\nComida<\/p>\n\n\n\n<p class=\"wp-block-paragraph\">16:00 a 17:00 horas<br \/>\nAuditorio de la Facultad de Historia<br \/>\nCONFERENCIA MAGISTRAL<br \/>\nUna historia sumergida: los partidos comunistas en M\u00e9xico y su capital<br \/>\nletrado (1919-1921)<br \/>\nDr. Ricardo Melgar Bao, Instituto Nacional de Antropolog\u00eda e Historia<\/p>\n\n\n\n<p class=\"wp-block-paragraph\">Mesa simult\u00e1nea<br \/>\nAuditorio de la Facultad de Historia<\/p>\n\n\n\n<p class=\"wp-block-paragraph\">Mesa 3: Arte, militancia y feminismo: nuevas perspectivas<br \/>\nhistoriogr\u00e1ficas para el estudio de los comunismos<br \/>\n17:00 a 18:30 horas<br \/>\nModera: Hugo A. Nateras Jim\u00e9nez<br \/>\nFormaci\u00f3n y militancia. Reflexiones en torno a los procesos de<br \/>\naprendizaje en la militancia comunista<br \/>\nRicardo Yanuel Fuentes Castillo, Universidad Aut\u00f3noma del Estado de Morelos<\/p>\n\n\n\n<p class=\"wp-block-paragraph\">Teatro y resistencia: Del Teatro del Pueblo al movimiento independiente<br \/>\nRosanna Cede\u00f1o M\u00e9ndez, Universidad Michoacana de San Nicol\u00e1s de Hidalgo<\/p>\n\n\n\n<p class=\"wp-block-paragraph\">Las camaradas en el Partido Comunista Mexicano. Or\u00edgenes, fundamentos<br \/>\ny desigualdades<br \/>\nVer\u00f3nica Oiki\u00f3n, El Colegio de Michoac\u00e1n<\/p>\n\n\n\n<p class=\"wp-block-paragraph\">La Liga de Escritores y Artistas Revolucionarios<br \/>\nMar\u00eda Teresa Cortes Zavala, Universidad Michoacana de San Nicol\u00e1s de Hidalgo<\/p>\n\n\n\n<p class=\"wp-block-paragraph\">Mesa simult\u00e1nea<br \/>\nSala Virtual de la Facultad de Historia<\/p>\n\n\n\n<p class=\"wp-block-paragraph\">Mesa 4: El PCM, una discusi\u00f3n hist\u00f3rica, global y coyuntural<br \/>\n 17:00 a 18:30 horas<br \/>\nModera: Rafael Flores Garc\u00eda<br \/>\nEl marxismo y el poder obrero democr\u00e1tico en las tesis de los<br \/>\ncongresos XIX y XX del Partido Comunista Mexicano<br \/>\nLenin Vladimir Contreras Pi\u00f1a, Universidad Aut\u00f3noma de Chapingo<\/p>\n\n\n\n<p class=\"wp-block-paragraph\">Las batallas por el registro del PCM y su conquista<br \/>\nArturo Mart\u00ednez Nateras<\/p>\n\n\n\n<p class=\"wp-block-paragraph\">Hac\u00eda una historia global del Partido Comunista Mexicano<br \/>\nNancy Janet Tejeda Ruiz, Instituto de Investigaciones \u201cDr. Jos\u00e9 Mar\u00eda Luis Mora\u201d<\/p>\n\n\n\n<p class=\"wp-block-paragraph\">Mesa simult\u00e1nea<br \/>\nAuditorio de la Facultad de Historia<\/p>\n\n\n\n<p class=\"wp-block-paragraph\">Mesa 5: Prensa revolucionaria<br \/>\n18:30 a 19:45 horas<br \/>\nModera: Christian Uribe Cede\u00f1o<br \/>\nEl Semanario Sindical CETEME: sus denuncias a favor del movimiento<br \/>\nobrero en Am\u00e9rica Latina (Operaci\u00f3n C\u00f3ndor)<br \/>\nOmar Dar\u00edo Olivo Huerta, Universidad Nacional Aut\u00f3noma de M\u00e9xico<\/p>\n\n\n\n<p class=\"wp-block-paragraph\">De la propaganda hacia la agitaci\u00f3n: el papel de los peri\u00f3dicos<br \/>\nmao\u00edstas en la formaci\u00f3n de una clase obrera revolucionaria en<br \/>\nColombia y Per\u00fa, 1969-1979<br \/>\nH\u00e9ctor Hern\u00e1n D\u00edaz Guevara, Universidad Michoacana de San Nicol\u00e1s de Hidalgo<\/p>\n\n\n\n<p class=\"wp-block-paragraph\">Rebeld\u00eda, un peri\u00f3dico comunista en Guanajuato<br \/>\nNatalia Alejandra D\u00edaz, Universidad de Guanajuato<\/p>\n\n\n\n<p class=\"wp-block-paragraph\">Mesa simult\u00e1nea<br \/>\nSala Virtual de la Facultad de Historia<\/p>\n\n\n\n<p class=\"wp-block-paragraph\">Mesa 6: El Estado mexicano frente al movimiento comunista<br \/>\n18:30 a 19:45 horas<br \/>\nModera: Rosana Flores Wence<br \/>\nLas relaciones del Partido Comunista con el Estado durante el sexenio cardenista<br \/>\nAxel Vela Ben\u00edtez, Universidad Michoacana de San Nicol\u00e1s de Hidalgo<\/p>\n\n\n\n<p class=\"wp-block-paragraph\">Una revoluci\u00f3n que nace, una revoluci\u00f3n que muere: la izquierda<br \/>\nmexicana y la Revoluci\u00f3n mexicana en su encrucijada<br \/>\nRafael Flores Garc\u00eda, Universidad Aut\u00f3noma Metropolitana-Iztapalapa<\/p>\n\n\n\n<p class=\"wp-block-paragraph\">El Partido Comunista Mexicano frente a la Sociedad de Naciones. Una<br \/>\naproximaci\u00f3n hist\u00f3rica<br \/>\nJorge Alberto Monz\u00f3n Morales, Universidad Aut\u00f3noma Metropolitana-Iztapalapa<\/p>\n\n\n\n<p class=\"wp-block-paragraph\">De la guerra sucia a la institucionalizaci\u00f3n del olvido: Ley de Amnist\u00eda de 1978<br \/>\nKaren Gabriela Lozada Gonz\u00e1lez, Universidad Nacional Aut\u00f3noma de M\u00e9xico<\/p>\n\n\n\n<p class=\"wp-block-paragraph\">VIERNES 15 DE NOVIEMBRE<\/p>\n\n\n\n<p class=\"wp-block-paragraph\">09:30 a 10:30 horas<br \/>\nAuditorio de la Facultad de Historia<\/p>\n\n\n\n<p class=\"wp-block-paragraph\">CONFERENCIA MAGISTRAL<br \/>\n\u00bfQu\u00e9 es el comunismo hoy?<br \/>\nDr. Enrique Semo, Universidad Nacional Aut\u00f3noma de M\u00e9xico<\/p>\n\n\n\n<p class=\"wp-block-paragraph\">10:30 a 11:00 horas<br \/>\nCaf\u00e9<\/p>\n\n\n\n<p class=\"wp-block-paragraph\">Mesa simult\u00e1nea<br \/>\nAuditorio de la Facultad de Historia<\/p>\n\n\n\n<p class=\"wp-block-paragraph\">Mesa 7: Intelectuales comunistas<br \/>\n11:00 a 13:15 horas<br \/>\nModera: Mar\u00eda Teresa Cort\u00e9s Zavala<\/p>\n\n\n\n<p class=\"wp-block-paragraph\">Jos\u00e9 Revueltas y la nacionalizaci\u00f3n del marxismo<br \/>\nVictoria Citlalmina Herrera Valle, Universidad Nacional Aut\u00f3noma de M\u00e9xico<\/p>\n\n\n\n<p class=\"wp-block-paragraph\">Jos\u00e9 Revueltas y su Ensayo sobre un proletariado sin cabeza. Un<br \/>\ncl\u00e1sico del marxismo mexicano<br \/>\nAdalberto Rodr\u00edguez Reyna, Universidad Michoacana de San Nicol\u00e1s de Hidalgo<\/p>\n\n\n\n<p class=\"wp-block-paragraph\">Mario Gill (1900-1973): militante e intelectual forjado en el Partido<br \/>\nComunista de M\u00e9xico<br \/>\nJorge Casta\u00f1eda Zavala, Instituto de Investigaciones \u201cDr. Jos\u00e9 Mar\u00eda Luis Mora\u201d<\/p>\n\n\n\n<p class=\"wp-block-paragraph\">Vivir en medio de la exaltaci\u00f3n y el sufrimiento. El arte y el artista<br \/>\nen el joven Jos\u00e9 Revueltas<br \/>\nHugo A. Nateras Jim\u00e9nez, Universidad Michoacana de San Nicol\u00e1s de Hidalgo<\/p>\n\n\n\n<p class=\"wp-block-paragraph\">Jos\u00e9 Revueltas: una actividad espectral<br \/>\nJos\u00e9 Manuel Mateo Calder\u00f3n, Universidad Nacional Aut\u00f3noma de M\u00e9xico<\/p>\n\n\n\n<p class=\"wp-block-paragraph\">Mesa simult\u00e1nea<br \/>\nSala Virtual de la Facultad de Historia<\/p>\n\n\n\n<p class=\"wp-block-paragraph\">Mesa 8: Prensa revolucionaria<br \/>\n11:00 a 13:00 horas<br \/>\nModera: H\u00e9ctor Hern\u00e1n D\u00edaz<br \/>\nEl Machete, una censura de la prensa revolucionaria en el M\u00e9xico<br \/>\nposrevolucionario<br \/>\nOmar Rom\u00e1n Cota, Universidad Aut\u00f3noma del Estado de Morelos<\/p>\n\n\n\n<p class=\"wp-block-paragraph\">Cr\u00f3nica sobre el fascismo. Los Camisas Doradas en el peri\u00f3dico El<br \/>\nMachete (1934-1936)<br \/>\nC\u00e9sar Daniel Pi\u00f1a D\u00edaz, Universidad Nacional Aut\u00f3noma de M\u00e9xico<\/p>\n\n\n\n<p class=\"wp-block-paragraph\">El semanario pol\u00edtico Combate. Entre la cr\u00edtica al gobierno mexicano y<br \/>\nel apoyo la Uni\u00f3n Sovi\u00e9tica, (enero-agosto de 1941)<br \/>\nJulio C\u00e9sar Far\u00edas Reyes, Universidad Nacional Aut\u00f3noma de M\u00e9xico<\/p>\n\n\n\n<p class=\"wp-block-paragraph\">13:00 a 16:00 horas<br \/>\nComida<br \/>\nMesa simult\u00e1nea<br \/>\nAuditorio de la Facultad de Historia<\/p>\n\n\n\n<p class=\"wp-block-paragraph\">Mesa 9: Recepci\u00f3n de Marx y el marxismo<br \/>\n16:00 a 18:00 horas<br \/>\nModera: Rosana Flores Wence<br \/>\nLeyendo a Marx desde otros lados: las ideas y pol\u00e9micas en torno al<br \/>\nmarxismo dese la obra de Jorge Cuesta<br \/>\nSantiago Barrios de la Mora, Universidad Nacional Aut\u00f3noma de M\u00e9xico<\/p>\n\n\n\n<p class=\"wp-block-paragraph\">La cultura pol\u00edtica sovi\u00e9tica. El Stalin nuestro de cada d\u00eda<br \/>\nDaniel Librado Luna C\u00e1rdenas, INEHRM<\/p>\n\n\n\n<p class=\"wp-block-paragraph\">El liderazgo acad\u00e9mico de Federico Brito Figueroa (1921-2000). Y su<br \/>\naporte en la construcci\u00f3n historiogr\u00e1fica en Venezuela<br \/>\nJos\u00e9 Pascual Mora Garc\u00eda, Universidad de Cundimarca, Colombia<\/p>\n\n\n\n<p class=\"wp-block-paragraph\">La circulaci\u00f3n del pensamiento de Antonio Gramsci en M\u00e9xico a trav\u00e9s<br \/>\ndel exilio latinoamericano, 1970-1990<br \/>\nEva Janeth Bautista Caballero, Universidad Michoacana de San Nicol\u00e1s de Hidalgo<\/p>\n\n\n\n<p class=\"wp-block-paragraph\">Sala Virtual de la Facultad de Historia<\/p>\n\n\n\n<p class=\"wp-block-paragraph\">Mesa 10: La Internacional Comunista y el PCM<br \/>\n16:00 a 18:00 horas<br \/>\nModera: Jonatan Galv\u00e1n Hern\u00e1ndez<br \/>\nLa influencia de Michael Borodin en la ideolog\u00eda del Partido Comunista de M\u00e9xico<br \/>\nNallely Zetina Nava, Universidad Nacional Aut\u00f3noma de M\u00e9xico<\/p>\n\n\n\n<p class=\"wp-block-paragraph\">Comunistas mexicanos y espa\u00f1oles (1939-1945): crisis, exilio y<br \/>\noperaciones especiales<br \/>\nFernando Hern\u00e1ndez S\u00e1nchez, Universidad Aut\u00f3noma de Madrid<\/p>\n\n\n\n<p class=\"wp-block-paragraph\">1936, ejemplo del internacionalismo proletario entre Espa\u00f1a y M\u00e9xico<br \/>\nCosme Orlando Sebasti\u00e1n Lorea Flores, Universidad Aut\u00f3noma de Zacatecas<\/p>\n\n\n\n<p class=\"wp-block-paragraph\">La misi\u00f3n diplom\u00e1tica de Alexandra Kollontai en M\u00e9xico y su c\u00edrculo intelectual<br \/>\nAna Sof\u00eda Rodr\u00edguez Everaert, El Colegio de M\u00e9xico y \u00c1lvaro Ruiz<br \/>\nRodilla, Universidad de Toulouse<\/p>\n\n\n\n<p class=\"wp-block-paragraph\">18:15 a 19:30 horas<br \/>\nAuditorio de la Facultad de Historia<\/p>\n\n\n\n<p class=\"wp-block-paragraph\">CONFERENCIA MAGISTRAL<br \/>\n1989: un parteaguas en la historia del comunismo<br \/>\nDra. Daniela Spencer, Centro de Investigaciones y Estudios Superiores<br \/>\nen Antropolog\u00eda Social<\/p>\n\n\n\n<p class=\"wp-block-paragraph\">19:30 horas<br \/> Auditorio de la Facultad de Historia<br \/> Clausura<\/p>\n\n\n\n<p class=\"has-text-color has-background has-very-light-gray-color has-vivid-cyan-blue-background-color wp-block-paragraph\"><strong>Publicado por ADHILAC Internacional \u00a9 www.adhilac.com.ar<\/strong><\/p>\n\n\n\n<p class=\"has-text-color has-background has-vivid-cyan-blue-color has-very-light-gray-background-color wp-block-paragraph\"> Si Ud. desea asociarse de acuerdo a los Estatutos de ADHILAC&nbsp;<a href=\"https:\/\/adhilac.com.ar\/?page_id=263\">(ver)<\/a> complete el siguiente formulario&nbsp;(<a href=\"https:\/\/adhilac.com.ar\/?page_id=4779\">ver<\/a>)<\/p>\n\n\n\n<p class=\"has-text-color has-background has-very-light-gray-color has-vivid-cyan-blue-background-color wp-block-paragraph\"> E-mail:&nbsp;info@adhilac.com.ar <\/p>\n\n\n\n<p class=\"has-text-color has-background has-very-light-gray-color has-vivid-cyan-blue-background-color wp-block-paragraph\"> Twitter: @AdhilacInfo <\/p>\n\n\n\n<div class=\"wp-block-image\"><figure class=\"aligncenter size-large\"><img loading=\"lazy\" decoding=\"async\" width=\"85\" height=\"85\" src=\"https:\/\/adhilac.com.ar\/wp-content\/uploads\/2015\/02\/Logo-ADHILAC-Internacional-PEQ.jpg\" alt=\"\" class=\"wp-image-10473\"\/><\/figure><\/div>\n\n\n\n<p class=\"wp-block-paragraph\">Ver <a href=\"https:\/\/adhilac.com.ar\/?page_id=541\">Presentaci\u00f3n de ADHILAC<\/a><\/p>\n\n\n\n<div style=\"height:20px\" aria-hidden=\"true\" class=\"wp-block-spacer\"><\/div>\n\n\n\n<div class=\"wp-block-group\"><div class=\"wp-block-group__inner-container is-layout-flow wp-block-group-is-layout-flow\">\n<p class=\"has-text-color has-background has-text-align-center has-very-light-gray-color has-vivid-cyan-blue-background-color wp-block-paragraph\"><strong><a href=\"https:\/\/adhilac.com.ar\/?page_id=541\">QUIENES SOMOS<\/a><\/strong><\/p>\n\n\n\n<p class=\"has-text-color has-background has-text-align-center has-vivid-cyan-blue-color has-very-light-gray-background-color wp-block-paragraph\"><strong><a href=\"https:\/\/adhilac.com.ar\/?page_id=15507\">DIRECTIVA DE ADHILAC INTERNACIONAL<\/a><\/strong><\/p>\n\n\n\n<p class=\"has-text-color has-background has-text-align-center has-very-light-gray-color has-vivid-cyan-blue-background-color wp-block-paragraph\"><strong><a href=\"https:\/\/adhilac.com.ar\/?page_id=267\">Declaraci\u00f3n de Caracas de ADHILAC (2007)<\/a><\/strong><\/p>\n\n\n\n<p class=\"has-text-color has-background has-text-align-center has-vivid-cyan-blue-color has-very-light-gray-background-color wp-block-paragraph\"><strong><a href=\"https:\/\/adhilac.com.ar\/?page_id=15873\">ADHILAC: Historia &#8211; Historidorxs<\/a><\/strong><\/p>\n\n\n\n<p class=\"has-text-color has-background has-text-align-center has-very-light-gray-color has-vivid-cyan-blue-background-color wp-block-paragraph\"><strong><a href=\"https:\/\/adhilac.com.ar\/?page_id=15876\">ADHILAC 20 a\u00f1os despu\u00e9s (1974-1994)<\/a> <\/strong><\/p>\n\n\n\n<p class=\"has-text-color has-background has-text-align-center has-vivid-cyan-blue-color has-very-light-gray-background-color wp-block-paragraph\"><strong><a href=\"https:\/\/adhilac.com.ar\/?page_id=15861\">ADHILAC Breve Historia<\/a> <\/strong><\/p>\n\n\n\n<p class=\"has-text-color has-background has-text-align-center has-very-light-gray-color has-vivid-cyan-blue-background-color wp-block-paragraph\"><strong><a href=\"https:\/\/adhilac.com.ar\/?page_id=15887\">ADHILAC: Miembrxs fundadores<\/a><\/strong><\/p>\n\n\n\n<p class=\"has-text-color has-background has-text-align-center has-vivid-cyan-blue-color has-very-light-gray-background-color wp-block-paragraph\"><strong><a href=\"https:\/\/adhilac.com.ar\/?page_id=15943\">ADHILAC: Historiadorxs Destacadxs<\/a><\/strong><\/p>\n\n\n\n<p class=\"has-text-color has-background has-text-align-center has-very-light-gray-color has-vivid-cyan-blue-background-color wp-block-paragraph\"><strong><a href=\"https:\/\/adhilac.com.ar\/?page_id=4779\">SOCIXS<\/a><\/strong><\/p>\n\n\n\n<p class=\"has-text-color has-background has-text-align-center has-vivid-cyan-blue-color has-very-light-gray-background-color wp-block-paragraph\"><strong><a href=\"https:\/\/adhilac.com.ar\/?page_id=263\">Estatutos de ADHILAC<\/a><\/strong><\/p>\n\n\n\n<p class=\"has-text-color has-background has-text-align-center has-very-light-gray-color has-vivid-cyan-blue-background-color wp-block-paragraph\"><strong><a href=\"https:\/\/adhilac.com.ar\/?page_id=8220\">BICENTENARIO<\/a><\/strong><\/p>\n\n\n\n<p class=\"has-text-color has-background has-text-align-center has-vivid-cyan-blue-color has-very-light-gray-background-color wp-block-paragraph\"><strong><a href=\"https:\/\/adhilac.com.ar\/?page_id=8279\">BIBLIOTECA<\/a><\/strong><\/p>\n\n\n\n<p class=\"has-text-color has-background has-text-align-center has-very-light-gray-color has-vivid-cyan-blue-background-color wp-block-paragraph\"><strong><a href=\"https:\/\/adhilac.com.ar\/?page_id=1698\">ENLACES<\/a> <\/strong><\/p>\n\n\n\n<p class=\"has-text-color has-background has-text-align-center has-vivid-cyan-blue-color has-very-light-gray-background-color wp-block-paragraph\"><a href=\"http:\/\/www.ariadnatucma.com.ar\">VISITE ARIADNA TUCMA REVISTA LATINOAMERICANA<\/a><\/p>\n<\/div><\/div>\n","protected":false},"excerpt":{"rendered":"<p>COLOQUIO \u201cUna historia abierta. A 100 a\u00f1os de la fundaci\u00f3n del Partido Comunista Mexicano\u201d Facultad de HistoriaUniversidad Michoacana de San Nicol\u00e1s de Hidalgo 14 y 15 de noviembre de 2019, Morelia, Michoac\u00e1n Jueves 14 de noviembre 09:00 a 09:30 horas Inauguraci\u00f3n<\/p>\n","protected":false},"author":1,"featured_media":0,"comment_status":"closed","ping_status":"open","sticky":false,"template":"","format":"standard","meta":{"_crdt_document":"","footnotes":""},"categories":[5,15],"tags":[121,244],"class_list":["post-16212","post","type-post","status-publish","format-standard","hentry","category-congresos","category-historia","tag-mexico","tag-partido-comunista"],"_links":{"self":[{"href":"https:\/\/adhilac.com.ar\/index.php?rest_route=\/wp\/v2\/posts\/16212","targetHints":{"allow":["GET"]}}],"collection":[{"href":"https:\/\/adhilac.com.ar\/index.php?rest_route=\/wp\/v2\/posts"}],"about":[{"href":"https:\/\/adhilac.com.ar\/index.php?rest_route=\/wp\/v2\/types\/post"}],"author":[{"embeddable":true,"href":"https:\/\/adhilac.com.ar\/index.php?rest_route=\/wp\/v2\/users\/1"}],"replies":[{"embeddable":true,"href":"https:\/\/adhilac.com.ar\/index.php?rest_route=%2Fwp%2Fv2%2Fcomments&post=16212"}],"version-history":[{"count":2,"href":"https:\/\/adhilac.com.ar\/index.php?rest_route=\/wp\/v2\/posts\/16212\/revisions"}],"predecessor-version":[{"id":16214,"href":"https:\/\/adhilac.com.ar\/index.php?rest_route=\/wp\/v2\/posts\/16212\/revisions\/16214"}],"wp:attachment":[{"href":"https:\/\/adhilac.com.ar\/index.php?rest_route=%2Fwp%2Fv2%2Fmedia&parent=16212"}],"wp:term":[{"taxonomy":"category","embeddable":true,"href":"https:\/\/adhilac.com.ar\/index.php?rest_route=%2Fwp%2Fv2%2Fcategories&post=16212"},{"taxonomy":"post_tag","embeddable":true,"href":"https:\/\/adhilac.com.ar\/index.php?rest_route=%2Fwp%2Fv2%2Ftags&post=16212"}],"curies":[{"name":"wp","href":"https:\/\/api.w.org\/{rel}","templated":true}]}}