{"id":16216,"date":"2019-11-23T17:13:00","date_gmt":"2019-11-23T20:13:00","guid":{"rendered":"https:\/\/adhilac.com.ar\/?p=16216"},"modified":"2019-11-23T17:13:00","modified_gmt":"2019-11-23T20:13:00","slug":"xxiv-coloquio-de-historia-canario-americana-gran-canaria-5-9-10-2020","status":"publish","type":"post","link":"https:\/\/adhilac.com.ar\/?p=16216","title":{"rendered":"XXIV Coloquio de Historia Canario Americana. Gran Canaria. 5-9\/10\/2020"},"content":{"rendered":"\n<p class=\"has-text-color has-background has-text-align-center has-vivid-red-color has-vivid-green-cyan-background-color wp-block-paragraph\"><strong>XXIV Coloquio de Historia Canario-Americana<\/strong>                            <\/p>\n\n\n\n<p class=\"has-text-color has-background has-text-align-center has-vivid-red-color has-vivid-green-cyan-background-color wp-block-paragraph\">CASA DE COL\u00d3N &#8211; ADHILAC<br \/>\n Las Palmas de Gran Canaria 5-9 de octubre 2020 <\/p>\n\n\n\n<p class=\"has-text-color has-background has-text-align-center has-vivid-green-cyan-color has-vivid-red-background-color wp-block-paragraph\"><strong>LOS PROCESOS DE GLOBALIZACI\u00d3N EN LA HISTORIA ATL\u00c1NTICA <\/strong><\/p>\n\n\n\n<!--more-->\n\n\n\n<div style=\"height:20px\" aria-hidden=\"true\" class=\"wp-block-spacer\"><\/div>\n\n\n\n<p class=\"wp-block-paragraph\">En las conclusiones del \u00faltimo encuentro se acord\u00f3 que el tema central de esta nueva edici\u00f3n del Congreso fuera La primera Globalizaci\u00f3n Atl\u00e1ntica, para conmemorar los quinientos a\u00f1os de la circunnavegaci\u00f3n  de la Tierra por Fernando de Magallanes y Juan Sebasti\u00e1n Elcano entre 1519 y 1522.  <\/p>\n\n\n\n<div style=\"height:20px\" aria-hidden=\"true\" class=\"wp-block-spacer\"><\/div>\n\n\n\n<p class=\"wp-block-paragraph\">Teniendo en cuenta la importancia y amplitud del tema, hemos cre\u00eddo conveniente ampliar el marco cronol\u00f3gico para resaltar, en su totalidad, los procesos hist\u00f3ricos que llevaron al desarrollo de la Globalizaci\u00f3n en sus diferentes etapas. Por este motivo, en este encuentro internacional se analizar\u00e1, desde los diversos \u00e1mbitos y desde la perspectiva hist\u00f3rica, la Globalizaci\u00f3n en el espacio Atl\u00e1ntico y se ahondar\u00e1 en los cambios estructurales que lleva consigo como la expansi\u00f3n de la actividad comercial, los flujos internacionales, las migraciones o la formaci\u00f3n de nuevas sociedades, entre otros.  <\/p>\n\n\n\n<div style=\"height:20px\" aria-hidden=\"true\" class=\"wp-block-spacer\"><\/div>\n\n\n\n<p class=\"wp-block-paragraph\">El Congreso se vertebrar\u00e1 en torno a las tres grandes etapas de la Globalizaci\u00f3n y las tradicionales \u00e1reas tem\u00e1ticas del Coloquio. <\/p>\n\n\n\n<div style=\"height:20px\" aria-hidden=\"true\" class=\"wp-block-spacer\"><\/div>\n\n\n\n<p class=\"wp-block-paragraph\"><strong>SEMINARIOS  <\/strong><\/p>\n\n\n\n<ol class=\"wp-block-list\"><li>La Primera Globalizaci\u00f3n (Siglos XV-XVIII) <\/li><li>La Segunda Globalizaci\u00f3n (Siglos XVIII-XX) <\/li><li>La Tercera Globalizaci\u00f3n (desde 1980 hasta la actualidad) <\/li><\/ol>\n\n\n\n<div style=\"height:20px\" aria-hidden=\"true\" class=\"wp-block-spacer\"><\/div>\n\n\n\n<p class=\"wp-block-paragraph\"><strong>\u00c1REAS TEM\u00c1TICAS<\/strong>  <\/p>\n\n\n\n<p class=\"wp-block-paragraph\">Las \u00e1reas tem\u00e1ticas tradicionales del <br \/> Coloquio de Historia Canario &#8211; Americana que, por su contenido espec\u00edfico, no han podido ser integradas en los Seminarios se\u00f1alados, se mantienen y ser\u00e1n tratadas como tales. Estas son: <\/p>\n\n\n\n<p class=\"wp-block-paragraph\">Arqueolog\u00eda; Arte; Geograf\u00eda y Organizaci\u00f3n Territorial; Historia Econ\u00f3mica; Historia Social; Historiograf\u00eda; Mujeres e Historia; Religiones y Multiculturalismo.  <\/p>\n\n\n\n<div style=\"height:20px\" aria-hidden=\"true\" class=\"wp-block-spacer\"><\/div>\n\n\n\n<p class=\"wp-block-paragraph\">Dentro del \u00e1rea de Historia Pol\u00edtica, se dedicar\u00e1 un Seminario especial para conmemorar el 200 aniversario del Trienio Liberal (1820-1823). <\/p>\n\n\n\n<div style=\"height:20px\" aria-hidden=\"true\" class=\"wp-block-spacer\"><\/div>\n\n\n\n<p class=\"wp-block-paragraph\"><strong>PRESENTACI\u00d3N DE COMUNICACIONES Y P\u00d3STERS <\/strong><\/p>\n\n\n\n<p class=\"wp-block-paragraph\">La participaci\u00f3n en el Congreso podr\u00e1 realizarse mediante la presentaci\u00f3n de comunicaciones y p\u00f3sters que un comit\u00e9 seleccionar\u00e1 con vistas a su lectura y publicaci\u00f3n.  El criterio de aceptaci\u00f3n se fundamentar\u00e1 conforme a los siguientes requisitos: la adecuaci\u00f3n a la tem\u00e1tica propuesta, en el inter\u00e9s cient\u00edfico y en la novedad de la investigaci\u00f3n as\u00ed como en el cumplimiento de los plazos y normas de presentaci\u00f3n. <\/p>\n\n\n\n<div style=\"height:20px\" aria-hidden=\"true\" class=\"wp-block-spacer\"><\/div>\n\n\n\n<p class=\"wp-block-paragraph\"><strong>PLAZOS <\/strong><\/p>\n\n\n\n<div style=\"height:20px\" aria-hidden=\"true\" class=\"wp-block-spacer\"><\/div>\n\n\n\n<p class=\"wp-block-paragraph\"><strong>17 abril de 2020  <\/strong> <\/p>\n\n\n\n<p class=\"wp-block-paragraph\">Fecha l\u00edmite para la recepci\u00f3n de propuestas junto al bolet\u00edn de Inscripci\u00f3n, se\u00f1alando la propuesta con la que se desea participar, y al que se acompa\u00f1ar\u00e1 un resumen ampliado del texto (entre 250-500 palabras) y un breve curr\u00edculum vitae  (m\u00e1ximo 200 palabras). En \u00e9l se indicar\u00e1n: la m\u00e1xima titulaci\u00f3n, la afiliaci\u00f3n institucional y una lista de publicaciones recientes).  <\/p>\n\n\n\n<div style=\"height:20px\" aria-hidden=\"true\" class=\"wp-block-spacer\"><\/div>\n\n\n\n<p class=\"wp-block-paragraph\">En el caso en que se quiera participar con un P\u00f3ster, el resumen no podr\u00e1 exceder el tama\u00f1o DINA4, debiendo incluir sucintamente, adem\u00e1s de los datos ya descritos para el caso de las comunicaciones, el t\u00edtulo; una introducci\u00f3n; hip\u00f3tesis de trabajo; objetivos; metodolog\u00eda; materiales utilizados; resultados y\/o conclusiones.  <\/p>\n\n\n\n<div style=\"height:20px\" aria-hidden=\"true\" class=\"wp-block-spacer\"><\/div>\n\n\n\n<p class=\"wp-block-paragraph\"><strong>29 mayo de 2020   <\/strong><\/p>\n\n\n\n<p class=\"wp-block-paragraph\">El Comit\u00e9 Cient\u00edfico del Congreso realizar\u00e1 la valoraci\u00f3n de los textos presentados, comunic\u00e1ndolo a los interesados dentro de esta fecha.  <\/p>\n\n\n\n<div style=\"height:20px\" aria-hidden=\"true\" class=\"wp-block-spacer\"><\/div>\n\n\n\n<p class=\"wp-block-paragraph\"><strong>17 julio  de 2020 <\/strong><\/p>\n\n\n\n<p class=\"wp-block-paragraph\">Fecha l\u00edmite  para la recepci\u00f3n del texto \u00edntegro de las comunicaciones y los posters aceptados.  <\/p>\n\n\n\n<div style=\"height:20px\" aria-hidden=\"true\" class=\"wp-block-spacer\"><\/div>\n\n\n\n<p class=\"has-background has-pale-cyan-blue-background-color wp-block-paragraph\"><strong>COMISI\u00d3N ORGANIZADORA Y CONTACTO <\/strong><\/p>\n\n\n\n<div style=\"height:20px\" aria-hidden=\"true\" class=\"wp-block-spacer\"><\/div>\n\n\n\n<p class=\"has-background has-pale-cyan-blue-background-color wp-block-paragraph\"><strong>COMIT\u00c9S CIENT\u00cdFICOS <\/strong><\/p>\n\n\n\n<div style=\"height:20px\" aria-hidden=\"true\" class=\"wp-block-spacer\"><\/div>\n\n\n\n<div class=\"wp-block-group has-very-light-gray-background-color has-background\"><div class=\"wp-block-group__inner-container is-layout-flow wp-block-group-is-layout-flow\">\n<p class=\"wp-block-paragraph\"><strong>XXIV COLOQUIO DE HISTORIA CANARIO &#8211; AMERICANA <\/strong><\/p>\n\n\n\n<p class=\"wp-block-paragraph\">Dr. Fernando Bruquetas de Castro; Dra. Josefina Dom\u00ednguez Mujica; Dra. M\u00aa de los Reyes Hern\u00e1ndez Socorro;  Dr. Manuel Lobo Cabrera;  Dr. Santiago de Lux\u00e1n Mel\u00e9ndez; Dra. Mar\u00eda Luisa Monteiro Quintana; Dr. Jos\u00e9 Miguel P\u00e9rez Garc\u00eda; Dr. Juan Manuel Santana P\u00e9rez; Dr. Germ\u00e1n Santana P\u00e9rez; Dr. Miguel Su\u00e1rez Bosa;  Dr. Vicente  Su\u00e1rez Grim\u00f3n. Universidad de Las Palmas de Gran Canaria. <\/p>\n\n\n\n<p class=\"wp-block-paragraph\">Dr. Constantino Criado Hern\u00e1ndez; Dr. Alberto Galv\u00e1n Tudela; Dr. Manuel Hern\u00e1ndez Gonz\u00e1lez; Dra. Mar\u00eda Eugenia Monz\u00f3n Perdomo; Dr. Juan Francisco Navarro Mederos; Dra. Margarita Rodr\u00edguez Gonz\u00e1lez; Dra. Ana Vi\u00f1a Brito. Universidad de La Laguna. <\/p>\n\n\n\n<p class=\"wp-block-paragraph\">Dra. Emelina Mart\u00edn Acosta. Universidad de Burgos y Dr. Jorge Onrubia Pintado. Universidad de Castilla La Mancha. <\/p>\n<\/div><\/div>\n\n\n\n<div style=\"height:20px\" aria-hidden=\"true\" class=\"wp-block-spacer\"><\/div>\n\n\n\n<div class=\"wp-block-group has-very-light-gray-background-color has-background\"><div class=\"wp-block-group__inner-container is-layout-flow wp-block-group-is-layout-flow\">\n<p class=\"wp-block-paragraph\"><strong>CONSEJO CIENT\u00cdFICO INTERNACIONAL ADHILAC <\/strong><\/p>\n\n\n\n<p class=\"wp-block-paragraph\">Dr. Sergio Guerra Vilaboy. Universidad de La Habana (Cuba); Dr. Jorge Enrique El\u00edas-Caro. Universidad del Magdalena (Colombia); Dra. Vera Luc\u00eda Vieira. Pontificia Universidad Cat\u00f3lica de Sao Paulo (Brasil); Dra. Johanna Von Grafestein. Instituto de Investigaci\u00f3n Jos\u00e9 Luis Mar\u00eda Mora (M\u00e9xico); Dr. V\u00edctor Jacinto Flecha. Fundaci\u00f3n Augusto Roa Bastos (Paraguay); Dr. Cristian Cwik. West Indies University (Trinidad y Tobago);  Dra. Elizet Payne Iglesias. Universidad de Costa Rica; Dra. Rosario M\u00e1rquez Mac\u00edas. Universidad de Huelva (Espa\u00f1a); Dra. \u00c1ngela Altagracia Fern\u00e1ndez. Universidad Aut\u00f3noma de Santo Domingo (Rep. Dominicana);  Carolina Crisorio. Universidad de Buenos Aires (Argentina); Dr. Hern\u00e1n Venegas Delgado, Universidad Aut\u00f3noma de Coahuila (M\u00e9xico); Dr. Anderson Ferreira Brettas. Instituto Federal del Triangulo Mineiro (Brasil); Dra. Cristina Mateu. Universidad de Buenos Aires (Argentina).  <\/p>\n<\/div><\/div>\n\n\n\n<div style=\"height:20px\" aria-hidden=\"true\" class=\"wp-block-spacer\"><\/div>\n\n\n\n<div class=\"wp-block-group has-pale-cyan-blue-background-color has-background\"><div class=\"wp-block-group__inner-container is-layout-flow wp-block-group-is-layout-flow\">\n<p class=\"wp-block-paragraph\"><strong>COORDINACI\u00d3N GENERAL: CASA DE COL\u00d3N <\/strong><\/p>\n\n\n\n<p class=\"wp-block-paragraph\">Secretar\u00eda General: Elena Acosta Guerrero.  Secretar\u00eda T\u00e9cnica: Diana Fern\u00e1ndez Romero, Mayte Ortega Cruz y  Dunia Ramos Colomo. <\/p>\n\n\n\n<p class=\"wp-block-paragraph\">Difusi\u00f3n: \u00c1ngeles P\u00e9rez Reyes. <\/p>\n<\/div><\/div>\n\n\n\n<div style=\"height:20px\" aria-hidden=\"true\" class=\"wp-block-spacer\"><\/div>\n\n\n\n<p class=\"has-background has-very-light-gray-background-color wp-block-paragraph\">CASA DE COL\u00d3N C\/ Col\u00f3n, 1. 35001 Las Palmas de Gran Canaria. Tel: 928 312 373\/384\/386 &#8211; Fax: 928 331 156 Email: casacolon@grancanaria.com www.casadecolon.com coloquioscanariasamerica.casadecolon.com www.coloquiosdehistoriacanarioamericana.com <\/p>\n\n\n\n<div style=\"height:20px\" aria-hidden=\"true\" class=\"wp-block-spacer\"><\/div>\n\n\n\n<p class=\"wp-block-paragraph\">S\u00edguenos tambi\u00e9n en:  <\/p>\n\n\n\n<p class=\"wp-block-paragraph\">www.facebook.com\/casadecolon www.instagram.com\/casadecolongc twitter.com\/casadecolon www.youtube.com\/casadecolon <\/p>\n\n\n\n<div style=\"height:20px\" aria-hidden=\"true\" class=\"wp-block-spacer\"><\/div>\n\n\n\n<p class=\"wp-block-paragraph\">En la documentaci\u00f3n que se acompa\u00f1a encontrar\u00e1 toda la informaci\u00f3n<br \/>referente a tem\u00e1tica, plazos de entrega y el&nbsp; bolet\u00edn de inscripci\u00f3n,<br \/>que deber\u00e1 remitir cumplimentado a la direcci\u00f3n de correo electr\u00f3nico<br \/><a href=\"mailto:casacolon@grancanaria.com\" rel=\"noreferrer noopener\" target=\"_blank\">casacolon@grancanaria.com<\/a>, antes del 17 de abril de 2020.\n\n<\/p>\n\n\n\n<div class=\"wp-block-file\"><a href=\"https:\/\/adhilac.com.ar\/wp-content\/uploads\/2019\/11\/INFORMACI\u00d3N-GENERAL-XXIV-COLOQUIO-DE-HISTORIA-CANARIO-AMERICANA.pdf\">INFORMACI\u00d3N GENERAL: XXIV COLOQUIO DE HISTORIA CANARIO-AMERICANA<\/a><a href=\"https:\/\/adhilac.com.ar\/wp-content\/uploads\/2019\/11\/INFORMACI\u00d3N-GENERAL-XXIV-COLOQUIO-DE-HISTORIA-CANARIO-AMERICANA.pdf\" class=\"wp-block-file__button\" download>Descarga<\/a><\/div>\n\n\n\n<div style=\"height:20px\" aria-hidden=\"true\" class=\"wp-block-spacer\"><\/div>\n\n\n\n<div class=\"wp-block-file\"><a href=\"https:\/\/adhilac.com.ar\/wp-content\/uploads\/2019\/11\/FORMULARIO-DE-INSCRIPCI\u00d3N.pdf\">FORMULARIO DE INSCRIPCI\u00d3N<\/a><a href=\"https:\/\/adhilac.com.ar\/wp-content\/uploads\/2019\/11\/FORMULARIO-DE-INSCRIPCI\u00d3N.pdf\" class=\"wp-block-file__button\" download>Descarga<\/a><\/div>\n\n\n\n<div style=\"height:20px\" aria-hidden=\"true\" class=\"wp-block-spacer\"><\/div>\n\n\n\n<p class=\"has-text-color has-background has-very-light-gray-color has-vivid-cyan-blue-background-color wp-block-paragraph\"><strong>Publicado por ADHILAC Internacional \u00a9 www.adhilac.com.ar<\/strong><\/p>\n\n\n\n<p class=\"has-text-color has-background has-vivid-cyan-blue-color has-very-light-gray-background-color wp-block-paragraph\"> Si Ud. desea asociarse de acuerdo a los Estatutos de ADHILAC&nbsp;<a href=\"https:\/\/adhilac.com.ar\/?page_id=263\">(ver)<\/a> complete el siguiente formulario&nbsp;(<a href=\"https:\/\/adhilac.com.ar\/?page_id=4779\">ver<\/a>)<\/p>\n\n\n\n<p class=\"has-text-color has-background has-very-light-gray-color has-vivid-cyan-blue-background-color wp-block-paragraph\"> E-mail:&nbsp;info@adhilac.com.ar <\/p>\n\n\n\n<p class=\"has-text-color has-background has-very-light-gray-color has-vivid-cyan-blue-background-color wp-block-paragraph\"> Twitter: @AdhilacInfo <\/p>\n\n\n\n<div class=\"wp-block-image\"><figure class=\"aligncenter size-large\"><img loading=\"lazy\" decoding=\"async\" width=\"85\" height=\"85\" src=\"https:\/\/adhilac.com.ar\/wp-content\/uploads\/2015\/02\/Logo-ADHILAC-Internacional-PEQ.jpg\" alt=\"\" class=\"wp-image-10473\"\/><\/figure><\/div>\n\n\n\n<p class=\"wp-block-paragraph\">Ver <a href=\"https:\/\/adhilac.com.ar\/?page_id=541\">Presentaci\u00f3n de ADHILAC<\/a><\/p>\n\n\n\n<div style=\"height:20px\" aria-hidden=\"true\" class=\"wp-block-spacer\"><\/div>\n\n\n\n<div class=\"wp-block-group\"><div class=\"wp-block-group__inner-container is-layout-flow wp-block-group-is-layout-flow\">\n<p class=\"has-text-color has-background has-text-align-center has-very-light-gray-color has-vivid-cyan-blue-background-color wp-block-paragraph\"><strong><a href=\"https:\/\/adhilac.com.ar\/?page_id=541\">QUIENES SOMOS<\/a><\/strong><\/p>\n\n\n\n<p class=\"has-text-color has-background has-text-align-center has-vivid-cyan-blue-color has-very-light-gray-background-color wp-block-paragraph\"><strong><a href=\"https:\/\/adhilac.com.ar\/?page_id=15507\">DIRECTIVA DE ADHILAC INTERNACIONAL<\/a><\/strong><\/p>\n\n\n\n<p class=\"has-text-color has-background has-text-align-center has-very-light-gray-color has-vivid-cyan-blue-background-color wp-block-paragraph\"><strong><a href=\"https:\/\/adhilac.com.ar\/?page_id=267\">Declaraci\u00f3n de Caracas de ADHILAC (2007)<\/a><\/strong><\/p>\n\n\n\n<p class=\"has-text-color has-background has-text-align-center has-vivid-cyan-blue-color has-very-light-gray-background-color wp-block-paragraph\"><strong><a href=\"https:\/\/adhilac.com.ar\/?page_id=15873\">ADHILAC: Historia &#8211; Historidorxs<\/a><\/strong><\/p>\n\n\n\n<p class=\"has-text-color has-background has-text-align-center has-very-light-gray-color has-vivid-cyan-blue-background-color wp-block-paragraph\"><strong><a href=\"https:\/\/adhilac.com.ar\/?page_id=15876\">ADHILAC 20 a\u00f1os despu\u00e9s (1974-1994)<\/a> <\/strong><\/p>\n\n\n\n<p class=\"has-text-color has-background has-text-align-center has-vivid-cyan-blue-color has-very-light-gray-background-color wp-block-paragraph\"><strong><a href=\"https:\/\/adhilac.com.ar\/?page_id=15861\">ADHILAC Breve Historia<\/a> <\/strong><\/p>\n\n\n\n<p class=\"has-text-color has-background has-text-align-center has-very-light-gray-color has-vivid-cyan-blue-background-color wp-block-paragraph\"><strong><a href=\"https:\/\/adhilac.com.ar\/?page_id=15887\">ADHILAC: Miembrxs fundadores<\/a><\/strong><\/p>\n\n\n\n<p class=\"has-text-color has-background has-text-align-center has-vivid-cyan-blue-color has-very-light-gray-background-color wp-block-paragraph\"><strong><a href=\"https:\/\/adhilac.com.ar\/?page_id=15943\">ADHILAC: Historiadorxs Destacadxs<\/a><\/strong><\/p>\n\n\n\n<p class=\"has-text-color has-background has-text-align-center has-very-light-gray-color has-vivid-cyan-blue-background-color wp-block-paragraph\"><strong><a href=\"https:\/\/adhilac.com.ar\/?page_id=4779\">SOCIXS<\/a><\/strong><\/p>\n\n\n\n<p class=\"has-text-color has-background has-text-align-center has-vivid-cyan-blue-color has-very-light-gray-background-color wp-block-paragraph\"><strong><a href=\"https:\/\/adhilac.com.ar\/?page_id=263\">Estatutos de ADHILAC<\/a><\/strong><\/p>\n\n\n\n<p class=\"has-text-color has-background has-text-align-center has-very-light-gray-color has-vivid-cyan-blue-background-color wp-block-paragraph\"><strong><a href=\"https:\/\/adhilac.com.ar\/?page_id=8220\">BICENTENARIO<\/a><\/strong><\/p>\n\n\n\n<p class=\"has-text-color has-background has-text-align-center has-vivid-cyan-blue-color has-very-light-gray-background-color wp-block-paragraph\"><strong><a href=\"https:\/\/adhilac.com.ar\/?page_id=8279\">BIBLIOTECA<\/a><\/strong><\/p>\n\n\n\n<p class=\"has-text-color has-background has-text-align-center has-very-light-gray-color has-vivid-cyan-blue-background-color wp-block-paragraph\"><strong><a href=\"https:\/\/adhilac.com.ar\/?page_id=1698\">ENLACES<\/a> <\/strong><\/p>\n\n\n\n<p class=\"has-text-color has-background has-text-align-center has-vivid-cyan-blue-color has-very-light-gray-background-color wp-block-paragraph\"><a href=\"http:\/\/www.ariadnatucma.com.ar\">VISITE ARIADNA TUCMA REVISTA LATINOAMERICANA<\/a><\/p>\n<\/div><\/div>\n","protected":false},"excerpt":{"rendered":"<p>XXIV Coloquio de Historia Canario-Americana CASA DE COL\u00d3N &#8211; ADHILAC Las Palmas de Gran Canaria 5-9 de octubre 2020 LOS PROCESOS DE GLOBALIZACI\u00d3N EN LA HISTORIA ATL\u00c1NTICA<\/p>\n","protected":false},"author":2,"featured_media":0,"comment_status":"closed","ping_status":"closed","sticky":false,"template":"","format":"standard","meta":{"_crdt_document":"","footnotes":""},"categories":[3,5,15,40],"tags":[371,938],"class_list":["post-16216","post","type-post","status-publish","format-standard","hentry","category-adhilac-inter","category-congresos","category-historia","category-informaciones","tag-globalizacion","tag-historia-atlantica"],"_links":{"self":[{"href":"https:\/\/adhilac.com.ar\/index.php?rest_route=\/wp\/v2\/posts\/16216","targetHints":{"allow":["GET"]}}],"collection":[{"href":"https:\/\/adhilac.com.ar\/index.php?rest_route=\/wp\/v2\/posts"}],"about":[{"href":"https:\/\/adhilac.com.ar\/index.php?rest_route=\/wp\/v2\/types\/post"}],"author":[{"embeddable":true,"href":"https:\/\/adhilac.com.ar\/index.php?rest_route=\/wp\/v2\/users\/2"}],"replies":[{"embeddable":true,"href":"https:\/\/adhilac.com.ar\/index.php?rest_route=%2Fwp%2Fv2%2Fcomments&post=16216"}],"version-history":[{"count":3,"href":"https:\/\/adhilac.com.ar\/index.php?rest_route=\/wp\/v2\/posts\/16216\/revisions"}],"predecessor-version":[{"id":16221,"href":"https:\/\/adhilac.com.ar\/index.php?rest_route=\/wp\/v2\/posts\/16216\/revisions\/16221"}],"wp:attachment":[{"href":"https:\/\/adhilac.com.ar\/index.php?rest_route=%2Fwp%2Fv2%2Fmedia&parent=16216"}],"wp:term":[{"taxonomy":"category","embeddable":true,"href":"https:\/\/adhilac.com.ar\/index.php?rest_route=%2Fwp%2Fv2%2Fcategories&post=16216"},{"taxonomy":"post_tag","embeddable":true,"href":"https:\/\/adhilac.com.ar\/index.php?rest_route=%2Fwp%2Fv2%2Ftags&post=16216"}],"curies":[{"name":"wp","href":"https:\/\/api.w.org\/{rel}","templated":true}]}}