{"id":16230,"date":"2019-11-20T13:31:00","date_gmt":"2019-11-20T16:31:00","guid":{"rendered":"https:\/\/adhilac.com.ar\/?p=16230"},"modified":"2019-11-30T13:36:49","modified_gmt":"2019-11-30T16:36:49","slug":"iii-jornadas-internacionales-de-historia-de-los-as-trabajadores-as-y-las-izquierdas-un-rosario-noviembre-2020","status":"publish","type":"post","link":"https:\/\/adhilac.com.ar\/?p=16230","title":{"rendered":"III Jornadas internacionales de historia de los\/as trabajadores\/as y las izquierdas. UN Rosario. Noviembre 2020"},"content":{"rendered":"\n<p class=\"wp-block-paragraph\">CONVOCATORIA<\/p>\n\n\n\n<p class=\"has-text-color has-background has-vivid-purple-color has-very-light-gray-background-color wp-block-paragraph\"><strong>III Jornadas internacionales de historia de los\/as trabajadores\/as y las izquierdas<\/strong><\/p>\n\n\n\n<p class=\"wp-block-paragraph\">Noviembre 2020<\/p>\n\n\n\n<p class=\"wp-block-paragraph\">Universidad Nacional de Rosario<\/p>\n\n\n\n<p class=\"wp-block-paragraph\">El Centro de Estudios Hist\u00f3ricos de los Trabajadores y las Izquierdas (CEHTI) y la revista Archivos de historia del movimiento obrero y la izquierda invitan a participar de las \u201cIII Jornadas internacionales de historia de los\/as trabajadores\/as y las izquierdas\u201d, que se realizar\u00e1n en la Universidad Nacional de Rosario entre el 4 y el 6 de noviembre de 2020.<\/p>\n\n\n\n<!--more-->\n\n\n\n<p class=\"wp-block-paragraph\">En junio de 2015 y en octubre de 2018 se desarrollaron las primeras dos ediciones de las \u201cJornadas de historia del movimiento obrero y la izquierda\u201d en la Facultad de Filosof\u00eda y Letras de la UBA, con el objetivo de potenciar la elaboraci\u00f3n y el intercambio acerca de la historia de la clase trabajadora y las izquierdas en la Argentina y en el mundo. Ambos encuentros, que contaron con centenares de asistentes, congregaron a una significativa representaci\u00f3n de especialistas en las tem\u00e1ticas en cuesti\u00f3n, muchos\/as de ellos\/as de diversos pa\u00edses latinoamericanos y de otras regiones del mundo. En un clima abierto y plural, se aportaron valiosas contribuciones sobre las dimensiones emp\u00edricas, te\u00f3ricas, metodol\u00f3gicas y pol\u00edticas de nuestro campo de estudio. La edici\u00f3n de la revista Archivos, desde 2012, operaba como impulso inicial y antecedente evidente de nuestros prop\u00f3sitos. El desaf\u00edo inicial sigue vigente, ahora enriquecido por las experiencias de los anteriores eventos. Pero tambi\u00e9n sobre un pilar a\u00fan m\u00e1s s\u00f3lido: la consolidaci\u00f3n del CEHTI, constituido en julio de 2016, en donde se prolong\u00f3 la elaboraci\u00f3n, con decenas de talleres, cursos, conferencias y actividades varias, desde una perspectiva cr\u00edtica y de intercambio colectivo. <\/p>\n\n\n\n<p class=\"wp-block-paragraph\">En estas \u201cIII Jornadas internacionales de historia de los\/as trabajadores\/as y las izquierdas\u201d aspiramos a recibir trabajos que se extiendan a los m\u00faltiples aportes de la historia social, pol\u00edtica, intelectual, cultural y de g\u00e9nero, desde enfoques interdisciplinarios, abiertos tanto al escenario nacional como internacional. En esta primera instancia hacemos una convocatoria p\u00fablica para la presentaci\u00f3n de mesas tem\u00e1ticas. En esta ocasi\u00f3n, la sede ser\u00e1 la Universidad Nacional de Rosario, y el evento contar\u00e1 con el auspicio y aval de la Escuela de Historia de la Facultad de Humanidades y Artes.<\/p>\n\n\n\n<p class=\"wp-block-paragraph\">CONVOCATORIA DE MESAS TEM\u00c1TICAS<\/p>\n\n\n\n<p class=\"wp-block-paragraph\">El plazo de recepci\u00f3n de propuestas de mesas tem\u00e1ticas permanecer\u00e1 abierto hasta el 15 de febrero de 2020. Las mesas tem\u00e1ticas ser\u00e1n propuestas por al menos 2 (dos) investigadores\/as pertenecientes a universidades y\/o centros de investigaci\u00f3n argentinos o extranjeros. Solo ser\u00e1 posible cumplir esta funci\u00f3n de coordinaci\u00f3n en una mesa tem\u00e1tica.<\/p>\n\n\n\n<p class=\"wp-block-paragraph\">Las propuestas deben enviarse a tercerasjornadascehti@gmail.com<\/p>\n\n\n\n<p class=\"wp-block-paragraph\">La presentaci\u00f3n de mesas tem\u00e1ticas por parte de los\/as coordinadores\/as deber\u00e1 incluir:<\/p>\n\n\n\n<p class=\"wp-block-paragraph\">a) T\u00edtulo propuesto y relacionado a las tem\u00e1ticas de las Jornadas.<br \/>\nb) Una fundamentaci\u00f3n de 500 palabras con objetivos precisos que permitan la recepci\u00f3n de res\u00famenes.<br \/>\nc) Correos electr\u00f3nicos de contacto de los\/as coordinadores\/as propuestos.<\/p>\n\n\n\n<p class=\"wp-block-paragraph\">A modo de sugerencia, listamos a continuaci\u00f3n una serie de ejes tem\u00e1ticos que esperamos sean abordados en las diferentes mesas:<\/p>\n\n\n\n<p class=\"wp-block-paragraph\">1) Las izquierdas: culturas pol\u00edticas, partidos y programas.<\/p>\n\n\n\n<p class=\"wp-block-paragraph\">2) Izquierda y clase obrera: experiencias de lucha y organizaci\u00f3n.<\/p>\n\n\n\n<p class=\"wp-block-paragraph\">3) Feminismos: historia y perspectivas.<\/p>\n\n\n\n<p class=\"wp-block-paragraph\">4) Disidencias sexuales e izquierdas: teor\u00edas y debates. <\/p>\n\n\n\n<p class=\"wp-block-paragraph\">5) Proceso de trabajo, estructuras sindicales y conflictividad laboral.<\/p>\n\n\n\n<p class=\"wp-block-paragraph\">6) Teor\u00eda e historia del marxismo.<\/p>\n\n\n\n<p class=\"wp-block-paragraph\">7) Historia intelectual de las izquierdas: redes y trayectorias.<\/p>\n\n\n\n<p class=\"wp-block-paragraph\">8) Estudios de g\u00e9nero, clase trabajadora e izquierdas.<\/p>\n\n\n\n<p class=\"wp-block-paragraph\">9) Experiencias art\u00edsticas y culturales.<\/p>\n\n\n\n<p class=\"wp-block-paragraph\">10) Juventudes y movimiento estudiantil.<\/p>\n\n\n\n<p class=\"wp-block-paragraph\">11) Clase trabajadora, migraciones y etnicidad.<\/p>\n\n\n\n<p class=\"wp-block-paragraph\">12) Derechas, mundo cat\u00f3lico y movimiento obrero.<\/p>\n\n\n\n<p class=\"wp-block-paragraph\">13) Violencia pol\u00edtica y lucha armada.<\/p>\n\n\n\n<p class=\"wp-block-paragraph\">14) Formas de trabajo y conflictos sociales y pol\u00edticos (siglos XVIII y XIX).<\/p>\n\n\n\n<p class=\"wp-block-paragraph\">15) Sociabilidad y vida cotidiana.<\/p>\n\n\n\n<p class=\"wp-block-paragraph\">16) Estado y clase trabajadora: iniciativas reformistas y pol\u00edticas represivas.<\/p>\n\n\n\n<p class=\"wp-block-paragraph\">17) Cuestiones historiogr\u00e1ficas y metodol\u00f3gicas.<\/p>\n\n\n\n<p class=\"wp-block-paragraph\">18) Archivos, fuentes y documentos.<\/p>\n\n\n\n<p class=\"wp-block-paragraph\">19) Cooperativismo y acci\u00f3n cooperativa.<\/p>\n\n\n\n<p class=\"wp-block-paragraph\">20) Comunidades obreras.<\/p>\n\n\n\n<p class=\"wp-block-paragraph\">Organizan:<\/p>\n\n\n\n<ul class=\"wp-block-list\"><li>Centro de Estudios Hist\u00f3ricos de los Trabajadores y las Izquierdas (CEHTI).<\/li><li>Revista Archivos de historia del movimiento obrero y la izquierda.<\/li><li>Proyecto de investigaci\u00f3n UBACyT, \u201cHistoria del movimiento obrero y las izquierdas en la Argentina, 1880-1983: experiencias, identidades y culturas pol\u00edticas\u201d, Facultad de Filosof\u00eda y Letras, Instituto de Hist. Arg. y Americana \u201cDr. Emilio Ravignani\u201d, UBA\/CONICET.<\/li><\/ul>\n\n\n\n<p class=\"wp-block-paragraph\">Auspicio:<\/p>\n\n\n\n<ul class=\"wp-block-list\"><li>Escuela de Historia, Facultad de Humanidades y Artes, Universidad Nacional de Rosario.<\/li><\/ul>\n\n\n\n<p class=\"has-text-color has-background has-very-light-gray-color has-vivid-cyan-blue-background-color wp-block-paragraph\"><strong>Publicado por ADHILAC Internacional \u00a9 www.adhilac.com.ar<\/strong><\/p>\n\n\n\n<p class=\"has-text-color has-background has-vivid-cyan-blue-color has-very-light-gray-background-color wp-block-paragraph\"> Si Ud. desea asociarse de acuerdo a los Estatutos de ADHILAC&nbsp;<a href=\"https:\/\/adhilac.com.ar\/?page_id=263\">(ver)<\/a> complete el siguiente formulario&nbsp;(<a href=\"https:\/\/adhilac.com.ar\/?page_id=4779\">ver<\/a>)<\/p>\n\n\n\n<p class=\"has-text-color has-background has-very-light-gray-color has-vivid-cyan-blue-background-color wp-block-paragraph\"> E-mail:&nbsp;info@adhilac.com.ar <\/p>\n\n\n\n<p class=\"has-text-color has-background has-very-light-gray-color has-vivid-cyan-blue-background-color wp-block-paragraph\"> Twitter: @AdhilacInfo <\/p>\n\n\n\n<div class=\"wp-block-image\"><figure class=\"aligncenter size-large\"><img loading=\"lazy\" decoding=\"async\" width=\"85\" height=\"85\" src=\"https:\/\/adhilac.com.ar\/wp-content\/uploads\/2015\/02\/Logo-ADHILAC-Internacional-PEQ.jpg\" alt=\"\" class=\"wp-image-10473\"\/><\/figure><\/div>\n\n\n\n<p class=\"wp-block-paragraph\">Ver <a href=\"https:\/\/adhilac.com.ar\/?page_id=541\">Presentaci\u00f3n de ADHILAC<\/a><\/p>\n\n\n\n<div class=\"wp-block-group\"><div class=\"wp-block-group__inner-container is-layout-flow wp-block-group-is-layout-flow\">\n<p class=\"has-text-color has-background has-text-align-center has-very-light-gray-color has-vivid-cyan-blue-background-color wp-block-paragraph\"><strong><a href=\"https:\/\/adhilac.com.ar\/?page_id=541\">QUIENES SOMOS<\/a><\/strong><\/p>\n\n\n\n<p class=\"has-text-color has-background has-text-align-center has-vivid-cyan-blue-color has-very-light-gray-background-color wp-block-paragraph\"><strong><a href=\"https:\/\/adhilac.com.ar\/?page_id=15507\">DIRECTIVA DE ADHILAC INTERNACIONAL<\/a><\/strong><\/p>\n\n\n\n<p class=\"has-text-color has-background has-text-align-center has-very-light-gray-color has-vivid-cyan-blue-background-color wp-block-paragraph\"><strong><a href=\"https:\/\/adhilac.com.ar\/?page_id=267\">Declaraci\u00f3n de Caracas de ADHILAC (2007)<\/a><\/strong><\/p>\n\n\n\n<p class=\"has-text-color has-background has-text-align-center has-vivid-cyan-blue-color has-very-light-gray-background-color wp-block-paragraph\"><strong><a href=\"https:\/\/adhilac.com.ar\/?page_id=15873\">ADHILAC: Historia &#8211; Historidorxs<\/a><\/strong><\/p>\n\n\n\n<p class=\"has-text-color has-background has-text-align-center has-very-light-gray-color has-vivid-cyan-blue-background-color wp-block-paragraph\"><strong><a href=\"https:\/\/adhilac.com.ar\/?page_id=15876\">ADHILAC 20 a\u00f1os despu\u00e9s (1974-1994)<\/a> <\/strong><\/p>\n\n\n\n<p class=\"has-text-color has-background has-text-align-center has-vivid-cyan-blue-color has-very-light-gray-background-color wp-block-paragraph\"><strong><a href=\"https:\/\/adhilac.com.ar\/?page_id=15861\">ADHILAC Breve Historia<\/a> <\/strong><\/p>\n\n\n\n<p class=\"has-text-color has-background has-text-align-center has-very-light-gray-color has-vivid-cyan-blue-background-color wp-block-paragraph\"><strong><a href=\"https:\/\/adhilac.com.ar\/?page_id=15887\">ADHILAC: Miembrxs fundadores<\/a><\/strong><\/p>\n\n\n\n<p class=\"has-text-color has-background has-text-align-center has-vivid-cyan-blue-color has-very-light-gray-background-color wp-block-paragraph\"><strong><a href=\"https:\/\/adhilac.com.ar\/?page_id=15943\">ADHILAC: Historiadorxs Destacadxs<\/a><\/strong><\/p>\n\n\n\n<p class=\"has-text-color has-background has-text-align-center has-very-light-gray-color has-vivid-cyan-blue-background-color wp-block-paragraph\"><strong><a href=\"https:\/\/adhilac.com.ar\/?page_id=4779\">SOCIXS<\/a><\/strong><\/p>\n\n\n\n<p class=\"has-text-color has-background has-text-align-center has-vivid-cyan-blue-color has-very-light-gray-background-color wp-block-paragraph\"><strong><a href=\"https:\/\/adhilac.com.ar\/?page_id=263\">Estatutos de ADHILAC<\/a><\/strong><\/p>\n\n\n\n<p class=\"has-text-color has-background has-text-align-center has-very-light-gray-color has-vivid-cyan-blue-background-color wp-block-paragraph\"><strong><a href=\"https:\/\/adhilac.com.ar\/?page_id=8220\">BICENTENARIO<\/a><\/strong><\/p>\n\n\n\n<p class=\"has-text-color has-background has-text-align-center has-vivid-cyan-blue-color has-very-light-gray-background-color wp-block-paragraph\"><strong><a href=\"https:\/\/adhilac.com.ar\/?page_id=8279\">BIBLIOTECA<\/a><\/strong><\/p>\n\n\n\n<p class=\"has-text-color has-background has-text-align-center has-very-light-gray-color has-vivid-cyan-blue-background-color wp-block-paragraph\"><strong><a href=\"https:\/\/adhilac.com.ar\/?page_id=1698\">ENLACES<\/a> <\/strong><\/p>\n\n\n\n<p class=\"has-text-color has-background has-text-align-center has-vivid-cyan-blue-color has-very-light-gray-background-color wp-block-paragraph\"><a href=\"http:\/\/www.ariadnatucma.com.ar\">VISITE ARIADNA TUCMA REVISTA LATINOAMERICANA<\/a><\/p>\n<\/div><\/div>\n","protected":false},"excerpt":{"rendered":"<p>CONVOCATORIA III Jornadas internacionales de historia de los\/as trabajadores\/as y las izquierdas Noviembre 2020 Universidad Nacional de Rosario El Centro de Estudios Hist\u00f3ricos de los Trabajadores y las Izquierdas (CEHTI) y la revista Archivos de historia del movimiento obrero y la izquierda invitan a participar de las \u201cIII Jornadas internacionales de historia de los\/as trabajadores\/as [&hellip;]<\/p>\n","protected":false},"author":2,"featured_media":0,"comment_status":"closed","ping_status":"closed","sticky":false,"template":"","format":"standard","meta":{"_crdt_document":"","footnotes":""},"categories":[384,5,40],"tags":[850,188],"class_list":["post-16230","post","type-post","status-publish","format-standard","hentry","category-cientistas-sociales","category-congresos","category-informaciones","tag-izquierdas","tag-trabajadores"],"_links":{"self":[{"href":"https:\/\/adhilac.com.ar\/index.php?rest_route=\/wp\/v2\/posts\/16230","targetHints":{"allow":["GET"]}}],"collection":[{"href":"https:\/\/adhilac.com.ar\/index.php?rest_route=\/wp\/v2\/posts"}],"about":[{"href":"https:\/\/adhilac.com.ar\/index.php?rest_route=\/wp\/v2\/types\/post"}],"author":[{"embeddable":true,"href":"https:\/\/adhilac.com.ar\/index.php?rest_route=\/wp\/v2\/users\/2"}],"replies":[{"embeddable":true,"href":"https:\/\/adhilac.com.ar\/index.php?rest_route=%2Fwp%2Fv2%2Fcomments&post=16230"}],"version-history":[{"count":1,"href":"https:\/\/adhilac.com.ar\/index.php?rest_route=\/wp\/v2\/posts\/16230\/revisions"}],"predecessor-version":[{"id":16231,"href":"https:\/\/adhilac.com.ar\/index.php?rest_route=\/wp\/v2\/posts\/16230\/revisions\/16231"}],"wp:attachment":[{"href":"https:\/\/adhilac.com.ar\/index.php?rest_route=%2Fwp%2Fv2%2Fmedia&parent=16230"}],"wp:term":[{"taxonomy":"category","embeddable":true,"href":"https:\/\/adhilac.com.ar\/index.php?rest_route=%2Fwp%2Fv2%2Fcategories&post=16230"},{"taxonomy":"post_tag","embeddable":true,"href":"https:\/\/adhilac.com.ar\/index.php?rest_route=%2Fwp%2Fv2%2Ftags&post=16230"}],"curies":[{"name":"wp","href":"https:\/\/api.w.org\/{rel}","templated":true}]}}