{"id":16269,"date":"2019-12-18T07:40:04","date_gmt":"2019-12-18T10:40:04","guid":{"rendered":"https:\/\/adhilac.com.ar\/?p=16269"},"modified":"2020-08-15T11:00:14","modified_gmt":"2020-08-15T14:00:14","slug":"bicentenario-de-la-fundacion-de-la-gran-colombia-por-bolivar","status":"publish","type":"post","link":"https:\/\/adhilac.com.ar\/?p=16269","title":{"rendered":"Bicentenario de la fundaci\u00f3n de la Gran Colombia por Bol\u00edvar"},"content":{"rendered":"\n<div class=\"wp-block-media-text alignwide is-stacked-on-mobile is-image-fill has-luminous-vivid-orange-to-vivid-red-gradient-background has-background\" style=\"grid-template-columns:54% auto\"><figure class=\"wp-block-media-text__media\" style=\"background-image:url(https:\/\/adhilac.com.ar\/wp-content\/uploads\/2015\/04\/BolivarEcuest-JHIbarra.jpg);background-position:50% 50%\"><img loading=\"lazy\" decoding=\"async\" width=\"340\" height=\"429\" src=\"https:\/\/adhilac.com.ar\/wp-content\/uploads\/2015\/04\/BolivarEcuest-JHIbarra.jpg\" alt=\"\" class=\"wp-image-10651\" srcset=\"https:\/\/adhilac.com.ar\/wp-content\/uploads\/2015\/04\/BolivarEcuest-JHIbarra.jpg 340w, https:\/\/adhilac.com.ar\/wp-content\/uploads\/2015\/04\/BolivarEcuest-JHIbarra-237x300.jpg 237w\" sizes=\"auto, (max-width: 340px) 100vw, 340px\" \/><\/figure><div class=\"wp-block-media-text__content\">\n<p class=\"has-text-align-center has-very-light-gray-color has-text-color has-normal-font-size wp-block-paragraph\"><strong>Por Sergio Guerra Vilaboy<\/strong><\/p>\n<\/div><\/div>\n\n\n\n<p class=\"wp-block-paragraph\">Hoy 17 de diciembre tuve el honor de inaugurar en Caracas el Seminario internacional <em>2019 Rebeli\u00f3n antineoliberal en Nuestra Am\u00e9rica<\/em> con una conferencia sobre el bicentenario de la fundaci\u00f3n de la Rep\u00fablica de Colombia por Sim\u00f3n Bol\u00edvar, cuyas ideas principales resumo en este art\u00edculo. <\/p>\n\n\n\n<!--more-->\n\n\n\n<p class=\"wp-block-paragraph\">El foro, inaugurado esta misma ma\u00f1ana por el Ministro de Cultura de Venezuela Ernesto Villegas, se extender\u00e1 hasta el jueves y entre los ponentes se encuentran por M\u00e9xico H\u00e9ctor D\u00edaz Polanco y Ana Esther Cece\u00f1a, as\u00ed como el argentino Claudio Katz, quien recibi\u00f3 esta tarde en el Palacio de Miraflores, de manos del presidente Nicol\u00e1s Maduro, el Premio Libertador por su m\u00e1s reciente libro.<\/p>\n\n\n\n<p class=\"wp-block-paragraph\">La Rep\u00fablica de Colombia fue,\nla mejor concreci\u00f3n de los esfuerzos unionistas de los pr\u00f3ceres de la\nindependencia hispanoamericana, pues sin duda fue el Libertador quien m\u00e1s lejos\nlleg\u00f3 en los planes integracionistas de lo que llam\u00f3 la Am\u00e9rica Meridional,\npara diferenciarla de la del Norte. La primera alusi\u00f3n que aparece en sus\npapeles, corresponde a un art\u00edculo del 5 de septiembre de 1810, en el <em>Morning Chronicle<\/em> de Londres, aunque\nvolvi\u00f3 sobre el tema en su <em>Manifiesto de\nCartagena<\/em> de 1812 y en la conocida <em>Carta\nde Jamaica<\/em> de 1815. <\/p>\n\n\n\n<p class=\"wp-block-paragraph\">En las m\u00e1rgenes del Orinoco, el <em>Libertador<\/em> proclam\u00f3, a principios de\n1819, en el congreso de Angostura, la restauraci\u00f3n de la Rep\u00fablica de\nVenezuela. Desde esta s\u00f3lida base llanera, Bol\u00edvar emprendi\u00f3 la liberaci\u00f3n de\nNueva Granada, campa\u00f1a donde obtendr\u00eda la resonante victoria de Boyac\u00e1 el 7 de\nagosto de 1819. Con este triunfo a cuestas, regres\u00f3 a Angostura y el 17 de\ndiciembre, hace ahora doscientos a\u00f1os, fund\u00f3 la Rep\u00fablica de Colombia, piedra\nangular de sus aspiraciones de integraci\u00f3n hispanoamericana.<\/p>\n\n\n\n<p class=\"wp-block-paragraph\">Despu\u00e9s de victoria\nbolivariana de Carabobo (24 de junio de 1821), los territorios de Santo\nDomingo, Panam\u00e1 y Quito solicitaron su inclusi\u00f3n en la <em>Gran<\/em> Colombia, como la han llamado los historiadores para\ndistinguirla de la actual. La incorporaci\u00f3n de la parte oriental de la isla\ncaribe\u00f1a de La Espa\u00f1ola no lleg\u00f3 a materializarse debido a la lentitud de las\ncomunicaciones de la \u00e9poca y sobre todo por la ocupaci\u00f3n de ese territorio por\nlos ej\u00e9rcitos haitianos. <\/p>\n\n\n\n<p class=\"wp-block-paragraph\">El propio <em>Libertador<\/em>, lleg\u00f3 a considerar despu\u00e9s de la \ntrascendental victoria de Ayacucho (9 de diciembre de 1824) la \nposibilidad de la fusi\u00f3n con el R\u00edo de la Plata. Aunque la consider\u00f3 \ninviable, la idea le fue formulada en Potos\u00ed, en octubre de 1825, por el\n general rioplatense Carlos M. de Alvear a nombre del gobierno de Buenos\n Aires, que entonces tem\u00eda una guerra con el imperio de Brasil. Seg\u00fan \nrelat\u00f3 el propio Bol\u00edvar a Francisco de Paula Santander, en carta del 11\n de noviembre de 1825, los rioplatenses le propusieron la integraci\u00f3n en\n una sola naci\u00f3n \u201cllevando toda ella mi nombre.\u201d<\/p>\n\n\n\n<p class=\"wp-block-paragraph\">En realidad, el Libertador\nso\u00f1aba entonces con la creaci\u00f3n de una federaci\u00f3n de los Andes, concebida para\nagrupar todas las colonias espa\u00f1olas liberadas por sus tropas. Como escribiera\nBol\u00edvar al general Antonio Guti\u00e9rrez de la Fuente, el 12 de mayo de 1826, la\nintegraci\u00f3n de estas regiones era imprescindible para no ver \u201cperderse la obra\nde nuestros sacrificios y de nuestra gloria\u201d. La base de esta imaginada uni\u00f3n\nandina, ser\u00eda la constituci\u00f3n elaborada por el propio <em>Libertador<\/em> para Bolivia, a la que consideraba \u201cel arca que nos ha\nde salvar del naufragio\u201d: \u201cDespu\u00e9s de haber pensado infinito \u2013escribi\u00f3 Bol\u00edvar-,\nhemos convenido entre las personas de mejor juicio y yo, que el \u00fanico remedio\nque podemos aplicar a tan tremendo mal es una federaci\u00f3n general entre Bolivia,\nel Per\u00fa y Colombia, m\u00e1s estrecha que la de los Estados Unidos, mandada por un\nPresidente y vicepresidente y regida por la constituci\u00f3n boliviana, que podr\u00e1\nservir para los estados en particular y para la federaci\u00f3n en general,\nhaci\u00e9ndose aquellas variaciones del caso. La intenci\u00f3n de este pacto es la m\u00e1s\nperfecta unidad posible bajo de una forma federal. La capital ser\u00e1 un punto c\u00e9ntrico.\nColombia deber\u00e1 dividirse en tres estados, Cundinamarca, Venezuela y Quito; la\nfederaci\u00f3n llevar\u00e1 el nombre que se quiera; habr\u00e1 una bandera, un ej\u00e9rcito y\nuna sola naci\u00f3n.<\/p>\n\n\n\n<p class=\"wp-block-paragraph\">Dos piezas claves para la materializaci\u00f3n de ese proyecto bolivariano de unidad hispanoamericana era la liberaci\u00f3n de las Antillas espa\u00f1olas, al que el Libertador se consagr\u00f3 en alianza con el gobierno mexicano de Guadalupe Victoria, y que tambi\u00e9n se frustr\u00f3 por la abierta oposici\u00f3n de Estados Unidos. As\u00ed lo inform\u00f3 el propio Libertador a una delegaci\u00f3n cubana, encabezada por Jos\u00e9 Aniceto Iznaga, que lo visit\u00f3 en Caracas en 1827 en busca de su apoyo para la emancipaci\u00f3n de la isla. Con raz\u00f3n a\u00f1os despu\u00e9s exclamar\u00eda Jos\u00e9 Mart\u00ed en su encendido discurso de Hardman Hall: \u201cPiafaba a\u00fan, cubierto de espuma, el continente, flam\u00edgero el ojo y palpitantes los ijares, de la carrera en que hab\u00edan paseado el estandarte del sol San Mart\u00edn y Bol\u00edvar: \u00a1entre en la mar el caballo libertador, y eche de Cuba, de una pechada, al d\u00e9spota mal seguro! Y ya pon\u00eda Bol\u00edvar el pie en el estribo, cuando un hombre que hablaba ingl\u00e9s, y que ven\u00eda del Norte con papeles de gobierno, le asi\u00f3 el caballo de la brida, y le habl\u00f3 as\u00ed!:<em>Yo soy libre, t\u00fa eres libre, pero ese pueblo que ha de ser m\u00edo, porque lo quiero para m\u00ed, no puede ser libre!<\/em>\u201d.<\/p>\n\n\n\n<div style=\"height:20px\" aria-hidden=\"true\" class=\"wp-block-spacer\"><\/div>\n\n\n\n<p class=\"has-very-light-gray-color has-vivid-cyan-blue-background-color has-text-color has-background wp-block-paragraph\"><strong>Publicado por ADHILAC Internacional \u00a9 www.adhilac.com.ar<\/strong><\/p>\n\n\n\n<p class=\"has-vivid-cyan-blue-color has-very-light-gray-background-color has-text-color has-background wp-block-paragraph\"> Si Ud. desea asociarse de acuerdo a los Estatutos de ADHILAC&nbsp;<a href=\"https:\/\/adhilac.com.ar\/?page_id=263\">(ver)<\/a> complete el siguiente formulario&nbsp;(<a href=\"https:\/\/adhilac.com.ar\/?page_id=4779\">ver<\/a>)<\/p>\n\n\n\n<p class=\"has-very-light-gray-color has-vivid-cyan-blue-background-color has-text-color has-background wp-block-paragraph\"> E-mail:&nbsp;info@adhilac.com.ar <\/p>\n\n\n\n<p class=\"has-very-light-gray-color has-vivid-cyan-blue-background-color has-text-color has-background wp-block-paragraph\"> Twitter: @AdhilacInfo <\/p>\n\n\n\n<div class=\"wp-block-image\"><figure class=\"aligncenter size-large\"><img loading=\"lazy\" decoding=\"async\" width=\"85\" height=\"85\" src=\"https:\/\/adhilac.com.ar\/wp-content\/uploads\/2015\/02\/Logo-ADHILAC-Internacional-PEQ.jpg\" alt=\"\" class=\"wp-image-10473\"\/><\/figure><\/div>\n\n\n\n<p class=\"wp-block-paragraph\">Ver <a href=\"https:\/\/adhilac.com.ar\/?page_id=541\">Presentaci\u00f3n de ADHILAC<\/a><\/p>\n\n\n\n<div class=\"wp-block-group\"><div class=\"wp-block-group__inner-container is-layout-flow wp-block-group-is-layout-flow\">\n<p class=\"has-text-align-center has-very-light-gray-color has-vivid-cyan-blue-background-color has-text-color has-background wp-block-paragraph\"><strong><a href=\"https:\/\/adhilac.com.ar\/?page_id=541\">QUIENES SOMOS<\/a><\/strong><\/p>\n\n\n\n<p class=\"has-text-align-center has-vivid-cyan-blue-color has-very-light-gray-background-color has-text-color has-background wp-block-paragraph\"><strong><a href=\"https:\/\/adhilac.com.ar\/?page_id=15507\">DIRECTIVA DE ADHILAC INTERNACIONAL<\/a><\/strong><\/p>\n\n\n\n<p class=\"has-text-align-center has-very-light-gray-color has-vivid-cyan-blue-background-color has-text-color has-background wp-block-paragraph\"><strong><a href=\"https:\/\/adhilac.com.ar\/?page_id=267\">Declaraci\u00f3n de Caracas de ADHILAC (2007)<\/a><\/strong><\/p>\n\n\n\n<p class=\"has-text-align-center has-vivid-cyan-blue-color has-very-light-gray-background-color has-text-color has-background wp-block-paragraph\"><strong><a href=\"https:\/\/adhilac.com.ar\/?page_id=15873\">ADHILAC: Historia &#8211; Historidorxs<\/a><\/strong><\/p>\n\n\n\n<p class=\"has-text-align-center has-very-light-gray-color has-vivid-cyan-blue-background-color has-text-color has-background wp-block-paragraph\"><strong><a href=\"https:\/\/adhilac.com.ar\/?page_id=15876\">ADHILAC 20 a\u00f1os despu\u00e9s (1974-1994)<\/a> <\/strong><\/p>\n\n\n\n<p class=\"has-text-align-center has-vivid-cyan-blue-color has-very-light-gray-background-color has-text-color has-background wp-block-paragraph\"><strong><a href=\"https:\/\/adhilac.com.ar\/?page_id=15861\">ADHILAC Breve Historia<\/a> <\/strong><\/p>\n\n\n\n<p class=\"has-text-align-center has-very-light-gray-color has-vivid-cyan-blue-background-color has-text-color has-background wp-block-paragraph\"><strong><a href=\"https:\/\/adhilac.com.ar\/?page_id=15887\">ADHILAC: Miembrxs fundadores<\/a><\/strong><\/p>\n\n\n\n<p class=\"has-text-align-center has-vivid-cyan-blue-color has-very-light-gray-background-color has-text-color has-background wp-block-paragraph\"><strong><a href=\"https:\/\/adhilac.com.ar\/?page_id=15943\">ADHILAC: Historiadorxs Destacadxs<\/a><\/strong><\/p>\n\n\n\n<p class=\"has-text-align-center has-very-light-gray-color has-vivid-cyan-blue-background-color has-text-color has-background wp-block-paragraph\"><strong><a href=\"https:\/\/adhilac.com.ar\/?page_id=4779\">SOCIXS<\/a><\/strong><\/p>\n\n\n\n<p class=\"has-text-align-center has-vivid-cyan-blue-color has-very-light-gray-background-color has-text-color has-background wp-block-paragraph\"><strong><a href=\"https:\/\/adhilac.com.ar\/?page_id=263\">Estatutos de ADHILAC<\/a><\/strong><\/p>\n\n\n\n<p class=\"has-text-align-center has-very-light-gray-color has-vivid-cyan-blue-background-color has-text-color has-background wp-block-paragraph\"><strong><a href=\"https:\/\/adhilac.com.ar\/?page_id=8220\">BICENTENARIO<\/a><\/strong><\/p>\n\n\n\n<p class=\"has-text-align-center has-vivid-cyan-blue-color has-very-light-gray-background-color has-text-color has-background wp-block-paragraph\"><strong><a href=\"https:\/\/adhilac.com.ar\/?page_id=8279\">BIBLIOTECA<\/a><\/strong><\/p>\n\n\n\n<p class=\"has-text-align-center has-very-light-gray-color has-vivid-cyan-blue-background-color has-text-color has-background wp-block-paragraph\"><strong><a href=\"https:\/\/adhilac.com.ar\/?page_id=1698\">ENLACES<\/a> <\/strong><\/p>\n\n\n\n<p class=\"has-text-align-center has-vivid-cyan-blue-color has-very-light-gray-background-color has-text-color has-background wp-block-paragraph\"><a href=\"http:\/\/www.ariadnatucma.com.ar\">VISITE ARIADNA TUCMA REVISTA LATINOAMERICANA<\/a><\/p>\n<\/div><\/div>\n","protected":false},"excerpt":{"rendered":"<p>Por Sergio Guerra Vilaboy Hoy 17 de diciembre tuve el honor de inaugurar en Caracas el Seminario internacional 2019 Rebeli\u00f3n antineoliberal en Nuestra Am\u00e9rica con una conferencia sobre el bicentenario de la fundaci\u00f3n de la Rep\u00fablica de Colombia por Sim\u00f3n Bol\u00edvar, cuyas ideas principales resumo en este art\u00edculo.<\/p>\n","protected":false},"author":17,"featured_media":0,"comment_status":"closed","ping_status":"closed","sticky":false,"template":"","format":"standard","meta":{"_crdt_document":"","footnotes":""},"categories":[15],"tags":[941,46],"class_list":["post-16269","post","type-post","status-publish","format-standard","hentry","category-historia","tag-gran-colombia","tag-simon-bolivar"],"_links":{"self":[{"href":"https:\/\/adhilac.com.ar\/index.php?rest_route=\/wp\/v2\/posts\/16269","targetHints":{"allow":["GET"]}}],"collection":[{"href":"https:\/\/adhilac.com.ar\/index.php?rest_route=\/wp\/v2\/posts"}],"about":[{"href":"https:\/\/adhilac.com.ar\/index.php?rest_route=\/wp\/v2\/types\/post"}],"author":[{"embeddable":true,"href":"https:\/\/adhilac.com.ar\/index.php?rest_route=\/wp\/v2\/users\/17"}],"replies":[{"embeddable":true,"href":"https:\/\/adhilac.com.ar\/index.php?rest_route=%2Fwp%2Fv2%2Fcomments&post=16269"}],"version-history":[{"count":2,"href":"https:\/\/adhilac.com.ar\/index.php?rest_route=\/wp\/v2\/posts\/16269\/revisions"}],"predecessor-version":[{"id":16875,"href":"https:\/\/adhilac.com.ar\/index.php?rest_route=\/wp\/v2\/posts\/16269\/revisions\/16875"}],"wp:attachment":[{"href":"https:\/\/adhilac.com.ar\/index.php?rest_route=%2Fwp%2Fv2%2Fmedia&parent=16269"}],"wp:term":[{"taxonomy":"category","embeddable":true,"href":"https:\/\/adhilac.com.ar\/index.php?rest_route=%2Fwp%2Fv2%2Fcategories&post=16269"},{"taxonomy":"post_tag","embeddable":true,"href":"https:\/\/adhilac.com.ar\/index.php?rest_route=%2Fwp%2Fv2%2Ftags&post=16269"}],"curies":[{"name":"wp","href":"https:\/\/api.w.org\/{rel}","templated":true}]}}