{"id":16292,"date":"2020-01-14T18:20:00","date_gmt":"2020-01-14T21:20:00","guid":{"rendered":"https:\/\/adhilac.com.ar\/?p=16292"},"modified":"2020-01-17T18:26:17","modified_gmt":"2020-01-17T21:26:17","slug":"xv-congreso-de-la-ahc-mesa-taller-republica-franquismo-y-transicion-las-relaciones-entre-espana-e-iberoamerica-1931-1978-cordoba-espana-17-19-09-2020","status":"publish","type":"post","link":"https:\/\/adhilac.com.ar\/?p=16292","title":{"rendered":"XV Congreso de la AHC.  Mesa-Taller \u00abRep\u00fablica, Franquismo y Transici\u00f3n: Las relaciones entre Espa\u00f1a e Iberoam\u00e9rica (1931-1978)\u00bb. C\u00f3rdoba. Espa\u00f1a. 17-19\/09\/2020."},"content":{"rendered":"\n<p class=\"has-background has-light-green-cyan-background-color wp-block-paragraph\"><strong>CONVOCATORIA <\/strong>a la mesa-taller\u00a0 \u00abREP\u00daBLICA, FRANQUISMO Y TRANSICI\u00d3N: LAS RELACIONES ENTRE ESPA\u00d1A E IBEROAM\u00c9RICA (1931-1978)\u00bb en el XV Congreso de la AHC que se celebrar\u00e1 en C\u00f3rdoba (Espa\u00f1a) del 17 al 19 de septiembre de 2020. CongresoAHCordoba2020.es <\/p>\n\n\n\n<p class=\"wp-block-paragraph\">La recepci\u00f3n de\npropuestas de comunicaci\u00f3n queda abierta hasta el 22 de enero de 2020. <\/p>\n\n\n\n<p class=\"wp-block-paragraph\">Las propuestas\nconstar\u00e1n de un t\u00edtulo, un resumen de 500 palabras y un CV de 200 palabras\nm\u00e1ximo. <\/p>\n\n\n\n<p class=\"wp-block-paragraph\">Se pueden inscribir las comunicaciones en la web del congreso http:\/\/congresoahcordoba2020.es\/talleres\/<\/p>\n\n\n\n<!--more-->\n\n\n\n<p class=\"wp-block-paragraph\"> <em>Con este taller pretendemos  reflexionar y ahondar en las relaciones entre Espa\u00f1a e Iberoam\u00e9rica, dos  espacios vinculados hist\u00f3rica y culturalmente, y que en la actualidad  se destacan por su importancia en el contexto mundial.  La tem\u00e1tica es un \u00e1mbito de estudio abierto, atractivo y con nuevas  perspectivas. El objetivo es comprender estas relaciones pol\u00edticas a  trav\u00e9s de dos miradas, una bilateral entre Espa\u00f1a y cada uno de los  pa\u00edses iberoamericanos, y otra global de la pol\u00edtica  exterior espa\u00f1ola en cada uno de los momentos temporales, que ayuden a  entender la evoluci\u00f3n de las mismas durante gran parte del siglo XX. Las  coordenadas temporales est\u00e1n marcadas por procesos convulsos que  dividieron las sociedades espa\u00f1ola y latinoamericana,  muy ideologizadas, en una primera etapa entre autoritarismo y  democracia, sobre todo a ra\u00edz de la irrupci\u00f3n del fascismo y el  desarrollo de la Segunda Guerra Mundial, y en una segunda entre  capitalismo y socialismo dentro del contexto de la Guerra Fr\u00eda. Hemos  elegido articular el an\u00e1lisis de esta evoluci\u00f3n poniendo dos modelos  estatales muy distintos, la Segunda Rep\u00fablica Espa\u00f1ola y el Franquismo,  que desempe\u00f1aron una pol\u00edtica exterior hacia Am\u00e9rica con miradas  distintas y que a su vez desde el otro lado del Atl\u00e1ntico  se percibi\u00f3 de manera diferente en funci\u00f3n de par\u00e1metros internos muy  complejos. Asimismo, extendemos nuestro marco temporal hasta los  primeros momentos de la Transici\u00f3n hacia la democracia para intentar  entender los cambios y las continuidades con respecto  al r\u00e9gimen franquista y analizar hechos que nos parecen claves como el  restablecimiento de las relaciones con M\u00e9xico. Tambi\u00e9n la Guerra Civil  en Espa\u00f1a y los exiliados republicanos provocaron reacciones dispares en  las sociedades iberoamericanas que vieron  su reflejo en las relaciones con Espa\u00f1a. Adem\u00e1s de actores pol\u00edticos y  diplom\u00e1ticos, el taller se abre a otros elementos que pudieran influir  en las relaciones entre Espa\u00f1a e Iberoam\u00e9rica como grupos econ\u00f3micos,  periodistas, asociaciones&#8230; <\/em><\/p>\n\n\n\n<div style=\"height:20px\" aria-hidden=\"true\" class=\"wp-block-spacer\"><\/div>\n\n\n\n<p class=\"has-text-color has-background has-very-light-gray-color has-vivid-cyan-blue-background-color wp-block-paragraph\"><strong>Publicado por ADHILAC Internacional \u00a9 www.adhilac.com.ar<\/strong><\/p>\n\n\n\n<p class=\"has-text-color has-background has-vivid-cyan-blue-color has-very-light-gray-background-color wp-block-paragraph\"> Si Ud. desea asociarse de acuerdo a los Estatutos de ADHILAC&nbsp;<a href=\"https:\/\/adhilac.com.ar\/?page_id=263\">(ver)<\/a> complete el siguiente formulario&nbsp;(<a href=\"https:\/\/adhilac.com.ar\/?page_id=4779\">ver<\/a>)<\/p>\n\n\n\n<p class=\"has-text-color has-background has-very-light-gray-color has-vivid-cyan-blue-background-color wp-block-paragraph\"> E-mail:&nbsp;info@adhilac.com.ar <\/p>\n\n\n\n<p class=\"has-text-color has-background has-very-light-gray-color has-vivid-cyan-blue-background-color wp-block-paragraph\"> Twitter: @AdhilacInfo <\/p>\n\n\n\n<div class=\"wp-block-image\"><figure class=\"aligncenter size-large\"><img loading=\"lazy\" decoding=\"async\" width=\"85\" height=\"85\" src=\"https:\/\/adhilac.com.ar\/wp-content\/uploads\/2015\/02\/Logo-ADHILAC-Internacional-PEQ.jpg\" alt=\"\" class=\"wp-image-10473\"\/><\/figure><\/div>\n\n\n\n<p class=\"wp-block-paragraph\">Ver <a href=\"https:\/\/adhilac.com.ar\/?page_id=541\">Presentaci\u00f3n de ADHILAC<\/a><\/p>\n\n\n\n<div style=\"height:20px\" aria-hidden=\"true\" class=\"wp-block-spacer\"><\/div>\n\n\n\n<div class=\"wp-block-group\"><div class=\"wp-block-group__inner-container is-layout-flow wp-block-group-is-layout-flow\">\n<p class=\"has-text-color has-background has-text-align-center has-very-light-gray-color has-vivid-cyan-blue-background-color wp-block-paragraph\"><strong><a href=\"https:\/\/adhilac.com.ar\/?page_id=541\">QUIENES SOMOS<\/a><\/strong><\/p>\n\n\n\n<p class=\"has-text-color has-background has-text-align-center has-vivid-cyan-blue-color has-very-light-gray-background-color wp-block-paragraph\"><strong><a href=\"https:\/\/adhilac.com.ar\/?page_id=15507\">DIRECTIVA DE ADHILAC INTERNACIONAL<\/a><\/strong><\/p>\n\n\n\n<p class=\"has-text-color has-background has-text-align-center has-very-light-gray-color has-vivid-cyan-blue-background-color wp-block-paragraph\"><strong><a href=\"https:\/\/adhilac.com.ar\/?page_id=267\">Declaraci\u00f3n de Caracas de ADHILAC (2007)<\/a><\/strong><\/p>\n\n\n\n<p class=\"has-text-color has-background has-text-align-center has-vivid-cyan-blue-color has-very-light-gray-background-color wp-block-paragraph\"><strong><a href=\"https:\/\/adhilac.com.ar\/?page_id=15873\">ADHILAC: Historia &#8211; Historidorxs<\/a><\/strong><\/p>\n\n\n\n<p class=\"has-text-color has-background has-text-align-center has-very-light-gray-color has-vivid-cyan-blue-background-color wp-block-paragraph\"><strong><a href=\"https:\/\/adhilac.com.ar\/?page_id=15876\">ADHILAC 20 a\u00f1os despu\u00e9s (1974-1994)<\/a> <\/strong><\/p>\n\n\n\n<p class=\"has-text-color has-background has-text-align-center has-vivid-cyan-blue-color has-very-light-gray-background-color wp-block-paragraph\"><strong><a href=\"https:\/\/adhilac.com.ar\/?page_id=15861\">ADHILAC Breve Historia<\/a> <\/strong><\/p>\n\n\n\n<p class=\"has-text-color has-background has-text-align-center has-very-light-gray-color has-vivid-cyan-blue-background-color wp-block-paragraph\"><strong><a href=\"https:\/\/adhilac.com.ar\/?page_id=15887\">ADHILAC: Miembrxs fundadores<\/a><\/strong><\/p>\n\n\n\n<p class=\"has-text-color has-background has-text-align-center has-vivid-cyan-blue-color has-very-light-gray-background-color wp-block-paragraph\"><strong><a href=\"https:\/\/adhilac.com.ar\/?page_id=15943\">ADHILAC: Historiadorxs Destacadxs<\/a><\/strong><\/p>\n\n\n\n<p class=\"has-text-color has-background has-text-align-center has-very-light-gray-color has-vivid-cyan-blue-background-color wp-block-paragraph\"><strong><a href=\"https:\/\/adhilac.com.ar\/?page_id=4779\">SOCIXS<\/a><\/strong><\/p>\n\n\n\n<p class=\"has-text-color has-background has-text-align-center has-vivid-cyan-blue-color has-very-light-gray-background-color wp-block-paragraph\"><strong><a href=\"https:\/\/adhilac.com.ar\/?page_id=263\">Estatutos de ADHILAC<\/a><\/strong><\/p>\n\n\n\n<p class=\"has-text-color has-background has-text-align-center has-very-light-gray-color has-vivid-cyan-blue-background-color wp-block-paragraph\"><strong><a href=\"https:\/\/adhilac.com.ar\/?page_id=8220\">BICENTENARIO<\/a><\/strong><\/p>\n\n\n\n<p class=\"has-text-color has-background has-text-align-center has-vivid-cyan-blue-color has-very-light-gray-background-color wp-block-paragraph\"><strong><a href=\"https:\/\/adhilac.com.ar\/?page_id=8279\">BIBLIOTECA<\/a><\/strong><\/p>\n\n\n\n<p class=\"has-text-color has-background has-text-align-center has-very-light-gray-color has-vivid-cyan-blue-background-color wp-block-paragraph\"><strong><a href=\"https:\/\/adhilac.com.ar\/?page_id=1698\">ENLACES<\/a> <\/strong><\/p>\n\n\n\n<p class=\"has-text-color has-background has-text-align-center has-vivid-cyan-blue-color has-very-light-gray-background-color wp-block-paragraph\"><a href=\"http:\/\/www.ariadnatucma.com.ar\">VISITE ARIADNA TUCMA REVISTA LATINOAMERICANA<\/a><\/p>\n<\/div><\/div>\n","protected":false},"excerpt":{"rendered":"<p>CONVOCATORIA a la mesa-taller\u00a0 \u00abREP\u00daBLICA, FRANQUISMO Y TRANSICI\u00d3N: LAS RELACIONES ENTRE ESPA\u00d1A E IBEROAM\u00c9RICA (1931-1978)\u00bb en el XV Congreso de la AHC que se celebrar\u00e1 en C\u00f3rdoba (Espa\u00f1a) del 17 al 19 de septiembre de 2020. CongresoAHCordoba2020.es La recepci\u00f3n de propuestas de comunicaci\u00f3n queda abierta hasta el 22 de enero de 2020. Las propuestas constar\u00e1n [&hellip;]<\/p>\n","protected":false},"author":1,"featured_media":0,"comment_status":"closed","ping_status":"closed","sticky":false,"template":"","format":"standard","meta":{"_crdt_document":"","footnotes":""},"categories":[5,15,40],"tags":[139,276],"class_list":["post-16292","post","type-post","status-publish","format-standard","hentry","category-congresos","category-historia","category-informaciones","tag-espana","tag-iberoamerica"],"_links":{"self":[{"href":"https:\/\/adhilac.com.ar\/index.php?rest_route=\/wp\/v2\/posts\/16292","targetHints":{"allow":["GET"]}}],"collection":[{"href":"https:\/\/adhilac.com.ar\/index.php?rest_route=\/wp\/v2\/posts"}],"about":[{"href":"https:\/\/adhilac.com.ar\/index.php?rest_route=\/wp\/v2\/types\/post"}],"author":[{"embeddable":true,"href":"https:\/\/adhilac.com.ar\/index.php?rest_route=\/wp\/v2\/users\/1"}],"replies":[{"embeddable":true,"href":"https:\/\/adhilac.com.ar\/index.php?rest_route=%2Fwp%2Fv2%2Fcomments&post=16292"}],"version-history":[{"count":1,"href":"https:\/\/adhilac.com.ar\/index.php?rest_route=\/wp\/v2\/posts\/16292\/revisions"}],"predecessor-version":[{"id":16293,"href":"https:\/\/adhilac.com.ar\/index.php?rest_route=\/wp\/v2\/posts\/16292\/revisions\/16293"}],"wp:attachment":[{"href":"https:\/\/adhilac.com.ar\/index.php?rest_route=%2Fwp%2Fv2%2Fmedia&parent=16292"}],"wp:term":[{"taxonomy":"category","embeddable":true,"href":"https:\/\/adhilac.com.ar\/index.php?rest_route=%2Fwp%2Fv2%2Fcategories&post=16292"},{"taxonomy":"post_tag","embeddable":true,"href":"https:\/\/adhilac.com.ar\/index.php?rest_route=%2Fwp%2Fv2%2Ftags&post=16292"}],"curies":[{"name":"wp","href":"https:\/\/api.w.org\/{rel}","templated":true}]}}