{"id":16294,"date":"2020-01-16T18:54:00","date_gmt":"2020-01-16T21:54:00","guid":{"rendered":"https:\/\/adhilac.com.ar\/?p=16294"},"modified":"2022-04-10T09:33:20","modified_gmt":"2022-04-10T12:33:20","slug":"la-primera-revolucion-granadina","status":"publish","type":"post","link":"https:\/\/adhilac.com.ar\/?p=16294","title":{"rendered":"La primera revoluci\u00f3n granadina"},"content":{"rendered":"\n<div class=\"wp-block-media-text alignwide is-stacked-on-mobile is-image-fill has-pale-ocean-gradient-background has-background\"><figure class=\"wp-block-media-text__media\" style=\"background-image:url(https:\/\/adhilac.com.ar\/wp-content\/uploads\/2020\/01\/granada.jpeg);background-position:50% 50%\"><img loading=\"lazy\" decoding=\"async\" width=\"1000\" height=\"600\" src=\"https:\/\/adhilac.com.ar\/wp-content\/uploads\/2020\/01\/granada.jpeg\" alt=\"\" class=\"wp-image-16295\" srcset=\"https:\/\/adhilac.com.ar\/wp-content\/uploads\/2020\/01\/granada.jpeg 1000w, https:\/\/adhilac.com.ar\/wp-content\/uploads\/2020\/01\/granada-300x180.jpeg 300w, https:\/\/adhilac.com.ar\/wp-content\/uploads\/2020\/01\/granada-768x461.jpeg 768w\" sizes=\"auto, (max-width: 1000px) 100vw, 1000px\" \/><\/figure><div class=\"wp-block-media-text__content\">\n<p class=\"has-text-align-center has-normal-font-size wp-block-paragraph\"><strong>Por Sergio Guerra Vilaboy<\/strong><\/p>\n<\/div><\/div>\n\n\n\n<p class=\"wp-block-paragraph\">En otra nota de <strong><em>Madre Am\u00e9rica<\/em><\/strong>, referente a la lucha de los <em>caribes negros<\/em>, aludimos al impacto de la Revoluci\u00f3n Haitiana en el Caribe y tambi\u00e9n al extraordinario papel del comisario franc\u00e9s Victor Hugues, que operaba desde su cuartel general en la isla de Guadalupe desde el 6 de mayo de 1794, personaje hist\u00f3rico recreado magistralmente por Alejo Carpentier en su novela <em>El siglo de las Luces<\/em>. Al igual que hizo en 1793 Etienne Sonthonax, su hom\u00f3logo en la colonia francesa de Saint Domingue (Hait\u00ed), Hugues dio la libertad a los esclavos de Martinica y Guadalupe para defender las posesiones de la Francia revolucionaria amenazada por las potencias mon\u00e1rquicas de Espa\u00f1a e Inglaterra.<\/p>\n\n\n\n<!--more-->\n\n\n\n<p class=\"wp-block-paragraph\">A\nprincipios de 1795, bajo el impacto de las revoluciones de 1789 en Francia y 1791\nen Hait\u00ed, cuyas medidas sociales V\u00edctor Hugues esparc\u00eda por el Caribe, se\nvertebr\u00f3 en Granada una rebeli\u00f3n popular de car\u00e1cter igualitarista dirigida\ncontra los ocupantes ingleses, que se hab\u00edan apoderado de esta isla en virtud del\nTratado de Versalles (1783). Al frente del\nmovimiento, que por sus caracter\u00edsticas repet\u00eda la Revoluci\u00f3n Haitiana,\nfiguraba el mulato Juli\u00e9n F\u00e9don, natural de Martinica, de padre franc\u00e9s y madre\nesclava. Aunque se conoce poco de su biograf\u00eda, sabemos que hab\u00eda llegado con\nsu familia, a mediados del siglo XVIII, a la entonces colonia francesa de\nGranada (Grenada en ingl\u00e9s). Aqu\u00ed F\u00e9don devino en due\u00f1o de una peque\u00f1a\nplantaci\u00f3n en Belvedere, en la parte monta\u00f1osa al oeste de la isla.<\/p>\n\n\n\n<p class=\"wp-block-paragraph\">La sublevaci\u00f3n\nencabezada por F\u00e9don estall\u00f3 la noche del 3 de marzo de 1795. Con el apoyo de\narmamento y hombres enviados por Hugues, junto al respaldo de algunos franceses\npobres y peque\u00f1os propietarios mulatos, as\u00ed como de negros libres y esclavos,\nlos revolucionarios se levantaron en armas, se apoderaron de casi toda Granada\n\u2013excepto la capital de Saint John Parish- y de los islotes adyacentes,\ncapturando a varias decenas de brit\u00e1nicos, entre ellos el vicegobernador Ninian\nHombe. Fedon proclam\u00f3 entonces la abolici\u00f3n de la esclavitud, la eliminaci\u00f3n de\nla soberan\u00eda inglesa y su adhesi\u00f3n a la Revoluci\u00f3n Francesa.<\/p>\n\n\n\n<p class=\"wp-block-paragraph\">En los\nmeses siguientes la guerra se recrudeci\u00f3, pues los ingleses recibieron\nabundantes refuerzos, sobre todo de la cercana isla de Trinidad. Ello oblig\u00f3 a\nFedon y sus seguidores, entre ellos m\u00e1s de la mitad de los 25 mil esclavos de\nlas plantaciones, a refugiarse en las zonas monta\u00f1osas de Belverede. Ese\nvirtual basti\u00f3n de los sublevados fue asaltado sin \u00e9xito por las tropas\ninglesas, aunque en los cruentos enfrentamientos cayeron en combate cientos de\nseguidores de F\u00e9don, incluido su propio hermano.&nbsp; <\/p>\n\n\n\n<p class=\"wp-block-paragraph\">Poco\ndespu\u00e9s, las tropas inglesas, continuamente reforzadas desde el exterior,\npasaron de nuevo a la ofensiva, capturando varias posiciones estrat\u00e9gicas de\nlos rebeldes y cortando los suministros en armas y alimentos que recib\u00edan de\nlas islas caribe\u00f1as controladas por Hugues. El 10 de junio, las fuerzas\nmilitares de Francia en Granada capitularon, lo que extendi\u00f3 el control de\nInglaterra a la mayor parte de la isla. <\/p>\n\n\n\n<p class=\"wp-block-paragraph\">En los acuerdos de paz firmados con los\nrepresentantes de Francia, Inglaterra rechaz\u00f3 la inclusi\u00f3n de los mulatos y\nnegros de las fuerzas de F\u00e9don, que resistieron en su baluarte de Belverede la\nembestida final. El 19 de junio de 1796 los ingleses ocuparon a sangre y fuego\nel \u00faltimo reducto rebelde. Treinta y cinco de los principales jefes\nrevolucionarios fueron ejecutados a lo largo del mes de julio en la plaza\np\u00fablica de Saint George, mientras a miles de sus partidarios le eran\nconfiscados todos sus bienes y deportados con sus familias a la colonia inglesa\nde Belice.<\/p>\n\n\n\n<p class=\"wp-block-paragraph\">Debido a que el cad\u00e1ver de F\u00e9don nunca fue encontrado, la leyenda popular cre\u00f3 el mito de que el acorralado l\u00edder rebelde escap\u00f3 de sus perseguidores lanz\u00e1ndose por un acantilado al mar, donde lo esperaba una embarcaci\u00f3n en la que huy\u00f3. Por sus caracter\u00edsticas, la rebeli\u00f3n antiesclavista granadina es una especie de peque\u00f1a Revoluci\u00f3n Haitiana, aunque fracasada. F\u00e9don es recordado como un h\u00e9roe nacional y su cuartel general en Belverede es sitio de peregrinaci\u00f3n. En la propia Granada, dos siglos despu\u00e9s, tambi\u00e9n se frustrar\u00eda otra revoluci\u00f3n popular: la que encabez\u00f3 Maurice Bishop. <\/p>\n\n\n\n<p class=\"wp-block-paragraph\">Publicado en informefracto.com 16 de enero de 2020<\/p>\n\n\n\n<div style=\"height:20px\" aria-hidden=\"true\" class=\"wp-block-spacer\"><\/div>\n\n\n\n<p class=\"has-very-light-gray-color has-vivid-cyan-blue-background-color has-text-color has-background wp-block-paragraph\"><strong>Publicado por ADHILAC Internacional \u00a9 www.adhilac.com.ar<\/strong><\/p>\n\n\n\n<p class=\"has-vivid-cyan-blue-color has-very-light-gray-background-color has-text-color has-background wp-block-paragraph\"> Si Ud. desea asociarse de acuerdo a los Estatutos de ADHILAC&nbsp;<a href=\"https:\/\/adhilac.com.ar\/?page_id=263\">(ver)<\/a> complete el siguiente formulario&nbsp;(<a href=\"https:\/\/adhilac.com.ar\/?page_id=4779\">ver<\/a>)<\/p>\n\n\n\n<p class=\"has-very-light-gray-color has-vivid-cyan-blue-background-color has-text-color has-background wp-block-paragraph\"> E-mail:&nbsp;info@adhilac.com.ar <\/p>\n\n\n\n<p class=\"has-very-light-gray-color has-vivid-cyan-blue-background-color has-text-color has-background wp-block-paragraph\"> Twitter: @AdhilacInfo <\/p>\n\n\n\n<div class=\"wp-block-image\"><figure class=\"aligncenter size-large\"><img loading=\"lazy\" decoding=\"async\" width=\"85\" height=\"85\" src=\"https:\/\/adhilac.com.ar\/wp-content\/uploads\/2015\/02\/Logo-ADHILAC-Internacional-PEQ.jpg\" alt=\"\" class=\"wp-image-10473\"\/><\/figure><\/div>\n\n\n\n<p class=\"wp-block-paragraph\">Ver <a href=\"https:\/\/adhilac.com.ar\/?page_id=541\">Presentaci\u00f3n de ADHILAC<\/a><\/p>\n\n\n\n<div style=\"height:20px\" aria-hidden=\"true\" class=\"wp-block-spacer\"><\/div>\n\n\n\n<div class=\"wp-block-group\"><div class=\"wp-block-group__inner-container is-layout-flow wp-block-group-is-layout-flow\">\n<p class=\"has-text-align-center has-very-light-gray-color has-vivid-cyan-blue-background-color has-text-color has-background wp-block-paragraph\"><strong><a href=\"https:\/\/adhilac.com.ar\/?page_id=541\">QUIENES SOMOS<\/a><\/strong><\/p>\n\n\n\n<p class=\"has-text-align-center has-vivid-cyan-blue-color has-very-light-gray-background-color has-text-color has-background wp-block-paragraph\"><strong><a href=\"https:\/\/adhilac.com.ar\/?page_id=15507\">DIRECTIVA DE ADHILAC INTERNACIONAL<\/a><\/strong><\/p>\n\n\n\n<p class=\"has-text-align-center has-very-light-gray-color has-vivid-cyan-blue-background-color has-text-color has-background wp-block-paragraph\"><strong><a href=\"https:\/\/adhilac.com.ar\/?page_id=267\">Declaraci\u00f3n de Caracas de ADHILAC (2007)<\/a><\/strong><\/p>\n\n\n\n<p class=\"has-text-align-center has-vivid-cyan-blue-color has-very-light-gray-background-color has-text-color has-background wp-block-paragraph\"><strong><a href=\"https:\/\/adhilac.com.ar\/?page_id=15873\">ADHILAC: Historia &#8211; Historidorxs<\/a><\/strong><\/p>\n\n\n\n<p class=\"has-text-align-center has-very-light-gray-color has-vivid-cyan-blue-background-color has-text-color has-background wp-block-paragraph\"><strong><a href=\"https:\/\/adhilac.com.ar\/?page_id=15876\">ADHILAC 20 a\u00f1os despu\u00e9s (1974-1994)<\/a> <\/strong><\/p>\n\n\n\n<p class=\"has-text-align-center has-vivid-cyan-blue-color has-very-light-gray-background-color has-text-color has-background wp-block-paragraph\"><strong><a href=\"https:\/\/adhilac.com.ar\/?page_id=15861\">ADHILAC Breve Historia<\/a> <\/strong><\/p>\n\n\n\n<p class=\"has-text-align-center has-very-light-gray-color has-vivid-cyan-blue-background-color has-text-color has-background wp-block-paragraph\"><strong><a href=\"https:\/\/adhilac.com.ar\/?page_id=15887\">ADHILAC: Miembrxs fundadores<\/a><\/strong><\/p>\n\n\n\n<p class=\"has-text-align-center has-vivid-cyan-blue-color has-very-light-gray-background-color has-text-color has-background wp-block-paragraph\"><strong><a href=\"https:\/\/adhilac.com.ar\/?page_id=15943\">ADHILAC: Historiadorxs Destacadxs<\/a><\/strong><\/p>\n\n\n\n<p class=\"has-text-align-center has-very-light-gray-color has-vivid-cyan-blue-background-color has-text-color has-background wp-block-paragraph\"><strong><a href=\"https:\/\/adhilac.com.ar\/?page_id=4779\">SOCIXS<\/a><\/strong><\/p>\n\n\n\n<p class=\"has-text-align-center has-vivid-cyan-blue-color has-very-light-gray-background-color has-text-color has-background wp-block-paragraph\"><strong><a href=\"https:\/\/adhilac.com.ar\/?page_id=263\">Estatutos de ADHILAC<\/a><\/strong><\/p>\n\n\n\n<p class=\"has-text-align-center has-very-light-gray-color has-vivid-cyan-blue-background-color has-text-color has-background wp-block-paragraph\"><strong><a href=\"https:\/\/adhilac.com.ar\/?page_id=8220\">BICENTENARIO<\/a><\/strong><\/p>\n\n\n\n<p class=\"has-text-align-center has-vivid-cyan-blue-color has-very-light-gray-background-color has-text-color has-background wp-block-paragraph\"><strong><a href=\"https:\/\/adhilac.com.ar\/?page_id=8279\">BIBLIOTECA<\/a><\/strong><\/p>\n\n\n\n<p class=\"has-text-align-center has-very-light-gray-color has-vivid-cyan-blue-background-color has-text-color has-background wp-block-paragraph\"><strong><a href=\"https:\/\/adhilac.com.ar\/?page_id=1698\">ENLACES<\/a> <\/strong><\/p>\n\n\n\n<p class=\"has-text-align-center has-vivid-cyan-blue-color has-very-light-gray-background-color has-text-color has-background wp-block-paragraph\"><a href=\"http:\/\/www.ariadnatucma.com.ar\">VISITE ARIADNA TUCMA REVISTA LATINOAMERICANA<\/a><\/p>\n<\/div><\/div>\n","protected":false},"excerpt":{"rendered":"<p>Por Sergio Guerra Vilaboy En otra nota de Madre Am\u00e9rica, referente a la lucha de los caribes negros, aludimos al impacto de la Revoluci\u00f3n Haitiana en el Caribe y tambi\u00e9n al extraordinario papel del comisario franc\u00e9s Victor Hugues, que operaba desde su cuartel general en la isla de Guadalupe desde el 6 de mayo de [&hellip;]<\/p>\n","protected":false},"author":17,"featured_media":0,"comment_status":"closed","ping_status":"closed","sticky":false,"template":"","format":"standard","meta":{"_crdt_document":"","footnotes":""},"categories":[3,15],"tags":[943],"class_list":["post-16294","post","type-post","status-publish","format-standard","hentry","category-adhilac-inter","category-historia","tag-granada"],"_links":{"self":[{"href":"https:\/\/adhilac.com.ar\/index.php?rest_route=\/wp\/v2\/posts\/16294","targetHints":{"allow":["GET"]}}],"collection":[{"href":"https:\/\/adhilac.com.ar\/index.php?rest_route=\/wp\/v2\/posts"}],"about":[{"href":"https:\/\/adhilac.com.ar\/index.php?rest_route=\/wp\/v2\/types\/post"}],"author":[{"embeddable":true,"href":"https:\/\/adhilac.com.ar\/index.php?rest_route=\/wp\/v2\/users\/17"}],"replies":[{"embeddable":true,"href":"https:\/\/adhilac.com.ar\/index.php?rest_route=%2Fwp%2Fv2%2Fcomments&post=16294"}],"version-history":[{"count":3,"href":"https:\/\/adhilac.com.ar\/index.php?rest_route=\/wp\/v2\/posts\/16294\/revisions"}],"predecessor-version":[{"id":16865,"href":"https:\/\/adhilac.com.ar\/index.php?rest_route=\/wp\/v2\/posts\/16294\/revisions\/16865"}],"wp:attachment":[{"href":"https:\/\/adhilac.com.ar\/index.php?rest_route=%2Fwp%2Fv2%2Fmedia&parent=16294"}],"wp:term":[{"taxonomy":"category","embeddable":true,"href":"https:\/\/adhilac.com.ar\/index.php?rest_route=%2Fwp%2Fv2%2Fcategories&post=16294"},{"taxonomy":"post_tag","embeddable":true,"href":"https:\/\/adhilac.com.ar\/index.php?rest_route=%2Fwp%2Fv2%2Ftags&post=16294"}],"curies":[{"name":"wp","href":"https:\/\/api.w.org\/{rel}","templated":true}]}}