{"id":16298,"date":"2020-01-14T20:51:00","date_gmt":"2020-01-14T23:51:00","guid":{"rendered":"https:\/\/adhilac.com.ar\/?p=16298"},"modified":"2020-01-23T20:53:44","modified_gmt":"2020-01-23T23:53:44","slug":"revista-minius-call-for-papers","status":"publish","type":"post","link":"https:\/\/adhilac.com.ar\/?p=16298","title":{"rendered":"Revista MINIUS \u201cCall for papers\u201d"},"content":{"rendered":"\n<p class=\"has-text-color has-background has-very-light-gray-color has-vivid-red-background-color wp-block-paragraph\"><strong>Revista <em>MINIUS<\/em> \u201cCall for papers\u201d<\/strong><\/p>\n\n\n\n<p class=\"wp-block-paragraph\">Desde el consejo editorial de la <strong>Revista<em> MINIUS<\/em><\/strong>les invitamos a enviar propuestas de art\u00edculos para ser publicados en el n\u00famero correspondiente al a\u00f1o 2019. La revista <strong><em>Minius<\/em><\/strong>\n es una publicaci\u00f3n peri\u00f3dica de investigaci\u00f3n en el \u00e1mbito de las \nHumanidades \u2013tem\u00e1tica miscel\u00e1nea de historia, arte e geograf\u00eda- editada y\n gestionada por el Departamento de Historia, Arte y Geograf\u00eda de la \nUniversidad de Vigo.<\/p>\n\n\n\n<p class=\"wp-block-paragraph\">Los art\u00edculos deber\u00e1n seguir puntualmente lo establecido en nuestra p\u00e1gina web:&nbsp; <a href=\"http:\/\/minius.webs.uvigo.es\/\" target=\"_blank\" rel=\"noreferrer noopener\">http:\/\/minius.webs.uvigo.es\/<\/a> &nbsp;apartado \u201cPublicaci\u00f3n\u201d &#8211; \u201cNormas de publicaci\u00f3n\u201d, y ser enviados antes del 16 de marzo de 2020, al correo electr\u00f3nico: <a href=\"mailto:minius@uvigo.es\" target=\"_blank\" rel=\"noreferrer noopener\">minius@uvigo.es<\/a> <\/p>\n\n\n\n<!--more-->\n\n\n\n<h3 class=\"wp-block-heading\">Proceso de Admisi\u00f3n de Trabajos<\/h3>\n\n\n\n<p class=\"wp-block-paragraph\">Los originales se har\u00e1n llegar por correo electr\u00f3nico a la direcci\u00f3n de correo electr\u00f3nico <a href=\"mailto:minius@uvigo.es\" target=\"_blank\" rel=\"noreferrer noopener\">minius@uvigo.es<\/a>&nbsp;&nbsp; <\/p>\n\n\n\n<p class=\"wp-block-paragraph\">Los\n trabajos recibidos deber\u00e1n ser originales y ser\u00e1n sometidos a \nevaluaci\u00f3n de dos revisores externos mediante el sistema de \u2018doble \nciego\u2019. En caso de que los evaluadores propusiesen modificaciones en la \nredacci\u00f3n del original ser\u00e1 de responsabilidad del Consejo de Redacci\u00f3n,\n una vez informado el autor, hacer el seguimiento del proceso de \nreelaboraci\u00f3n del trabajo. De no ser aceptado para su edici\u00f3n, el \noriginal ser\u00e1 devuelto a su autor, junto con los dict\u00e1menes emitidos por\n los evaluadores.<\/p>\n\n\n\n<p class=\"wp-block-paragraph\">La secretar\u00eda de la revista <em>Minius<\/em>\n acusar\u00e1 recibo de los originales recibidos en un plazo de treinta d\u00edas \nh\u00e1biles desde su recepci\u00f3n, y el Consejo de Redacci\u00f3n resolver\u00e1 su \npublicaci\u00f3n en un plazo m\u00e1ximo de seis meses<\/p>\n\n\n\n<p class=\"wp-block-paragraph\">Atentamente, Consejo editorial de <em>Minius:<\/em><\/p>\n\n\n\n<p class=\"wp-block-paragraph\">Xos\u00e9 Ant\u00f3n D\u00edaz Fern\u00e1ndez. Director de la Revista Minius<br \/>Xos\u00e9 Manuel S\u00e1nchez S\u00e1nchez. Director Adjunto.<br \/>Xos\u00e9 Ram\u00f3n Campos \u00c1lvarez. Secretario.<br \/>Carlos Alberto Pati\u00f1o Romar\u00eds. Secretario Adjunto.<\/p>\n\n\n\n<p class=\"wp-block-paragraph\">Revista <em>MINIUS<\/em>:<\/p>\n\n\n\n<p class=\"wp-block-paragraph\">Departamento de Historia, Arte e Xeograf\u00eda<\/p>\n\n\n\n<p class=\"wp-block-paragraph\">Facultade de Historia &#8211; Universidade de Vigo<\/p>\n\n\n\n<p class=\"wp-block-paragraph\"><a rel=\"noreferrer noopener\" href=\"mailto:minius@uvigo.es\" target=\"_blank\">minius@uvigo.es<\/a>\u00a0\u00a0 <\/p>\n\n\n\n<p class=\"has-text-color has-background has-very-light-gray-color has-vivid-cyan-blue-background-color wp-block-paragraph\"><strong>Publicado por ADHILAC Internacional \u00a9 www.adhilac.com.ar<\/strong><\/p>\n\n\n\n<p class=\"has-text-color has-background has-vivid-cyan-blue-color has-very-light-gray-background-color wp-block-paragraph\"> Si Ud. desea asociarse de acuerdo a los Estatutos de ADHILAC&nbsp;<a href=\"https:\/\/adhilac.com.ar\/?page_id=263\">(ver)<\/a> complete el siguiente formulario&nbsp;(<a href=\"https:\/\/adhilac.com.ar\/?page_id=4779\">ver<\/a>)<\/p>\n\n\n\n<p class=\"has-text-color has-background has-very-light-gray-color has-vivid-cyan-blue-background-color wp-block-paragraph\"> E-mail:&nbsp;info@adhilac.com.ar <\/p>\n\n\n\n<p class=\"has-text-color has-background has-very-light-gray-color has-vivid-cyan-blue-background-color wp-block-paragraph\"> Twitter: @AdhilacInfo <\/p>\n\n\n\n<div class=\"wp-block-image\"><figure class=\"aligncenter size-large\"><img loading=\"lazy\" decoding=\"async\" width=\"85\" height=\"85\" src=\"https:\/\/adhilac.com.ar\/wp-content\/uploads\/2015\/02\/Logo-ADHILAC-Internacional-PEQ.jpg\" alt=\"\" class=\"wp-image-10473\"\/><\/figure><\/div>\n\n\n\n<p class=\"wp-block-paragraph\">Ver <a href=\"https:\/\/adhilac.com.ar\/?page_id=541\">Presentaci\u00f3n de ADHILAC<\/a><\/p>\n\n\n\n<div class=\"wp-block-group\"><div class=\"wp-block-group__inner-container is-layout-flow wp-block-group-is-layout-flow\">\n<p class=\"has-text-color has-background has-text-align-center has-very-light-gray-color has-vivid-cyan-blue-background-color wp-block-paragraph\"><strong><a href=\"https:\/\/adhilac.com.ar\/?page_id=541\">QUIENES SOMOS<\/a><\/strong><\/p>\n\n\n\n<p class=\"has-text-color has-background has-text-align-center has-vivid-cyan-blue-color has-very-light-gray-background-color wp-block-paragraph\"><strong><a href=\"https:\/\/adhilac.com.ar\/?page_id=15507\">DIRECTIVA DE ADHILAC INTERNACIONAL<\/a><\/strong><\/p>\n\n\n\n<p class=\"has-text-color has-background has-text-align-center has-very-light-gray-color has-vivid-cyan-blue-background-color wp-block-paragraph\"><strong><a href=\"https:\/\/adhilac.com.ar\/?page_id=267\">Declaraci\u00f3n de Caracas de ADHILAC (2007)<\/a><\/strong><\/p>\n\n\n\n<p class=\"has-text-color has-background has-text-align-center has-vivid-cyan-blue-color has-very-light-gray-background-color wp-block-paragraph\"><strong><a href=\"https:\/\/adhilac.com.ar\/?page_id=15873\">ADHILAC: Historia &#8211; Historidorxs<\/a><\/strong><\/p>\n\n\n\n<p class=\"has-text-color has-background has-text-align-center has-very-light-gray-color has-vivid-cyan-blue-background-color wp-block-paragraph\"><strong><a href=\"https:\/\/adhilac.com.ar\/?page_id=15876\">ADHILAC 20 a\u00f1os despu\u00e9s (1974-1994)<\/a> <\/strong><\/p>\n\n\n\n<p class=\"has-text-color has-background has-text-align-center has-vivid-cyan-blue-color has-very-light-gray-background-color wp-block-paragraph\"><strong><a href=\"https:\/\/adhilac.com.ar\/?page_id=15861\">ADHILAC Breve Historia<\/a> <\/strong><\/p>\n\n\n\n<p class=\"has-text-color has-background has-text-align-center has-very-light-gray-color has-vivid-cyan-blue-background-color wp-block-paragraph\"><strong><a href=\"https:\/\/adhilac.com.ar\/?page_id=15887\">ADHILAC: Miembrxs fundadores<\/a><\/strong><\/p>\n\n\n\n<p class=\"has-text-color has-background has-text-align-center has-vivid-cyan-blue-color has-very-light-gray-background-color wp-block-paragraph\"><strong><a href=\"https:\/\/adhilac.com.ar\/?page_id=15943\">ADHILAC: Historiadorxs Destacadxs<\/a><\/strong><\/p>\n\n\n\n<p class=\"has-text-color has-background has-text-align-center has-very-light-gray-color has-vivid-cyan-blue-background-color wp-block-paragraph\"><strong><a href=\"https:\/\/adhilac.com.ar\/?page_id=4779\">SOCIXS<\/a><\/strong><\/p>\n\n\n\n<p class=\"has-text-color has-background has-text-align-center has-vivid-cyan-blue-color has-very-light-gray-background-color wp-block-paragraph\"><strong><a href=\"https:\/\/adhilac.com.ar\/?page_id=263\">Estatutos de ADHILAC<\/a><\/strong><\/p>\n\n\n\n<p class=\"has-text-color has-background has-text-align-center has-very-light-gray-color has-vivid-cyan-blue-background-color wp-block-paragraph\"><strong><a href=\"https:\/\/adhilac.com.ar\/?page_id=8220\">BICENTENARIO<\/a><\/strong><\/p>\n\n\n\n<p class=\"has-text-color has-background has-text-align-center has-vivid-cyan-blue-color has-very-light-gray-background-color wp-block-paragraph\"><strong><a href=\"https:\/\/adhilac.com.ar\/?page_id=8279\">BIBLIOTECA<\/a><\/strong><\/p>\n\n\n\n<p class=\"has-text-color has-background has-text-align-center has-very-light-gray-color has-vivid-cyan-blue-background-color wp-block-paragraph\"><strong><a href=\"https:\/\/adhilac.com.ar\/?page_id=1698\">ENLACES<\/a> <\/strong><\/p>\n\n\n\n<p class=\"has-text-color has-background has-text-align-center has-vivid-cyan-blue-color has-very-light-gray-background-color wp-block-paragraph\"><a href=\"http:\/\/www.ariadnatucma.com.ar\">VISITE ARIADNA TUCMA REVISTA LATINOAMERICANA<\/a><\/p>\n<\/div><\/div>\n","protected":false},"excerpt":{"rendered":"<p>Revista MINIUS \u201cCall for papers\u201d Desde el consejo editorial de la Revista MINIUSles invitamos a enviar propuestas de art\u00edculos para ser publicados en el n\u00famero correspondiente al a\u00f1o 2019. La revista Minius es una publicaci\u00f3n peri\u00f3dica de investigaci\u00f3n en el \u00e1mbito de las Humanidades \u2013tem\u00e1tica miscel\u00e1nea de historia, arte e geograf\u00eda- editada y gestionada por [&hellip;]<\/p>\n","protected":false},"author":1,"featured_media":0,"comment_status":"closed","ping_status":"open","sticky":false,"template":"","format":"standard","meta":{"_crdt_document":"","footnotes":""},"categories":[40,7],"tags":[944],"class_list":["post-16298","post","type-post","status-publish","format-standard","hentry","category-informaciones","category-publicac-info","tag-humanidades"],"_links":{"self":[{"href":"https:\/\/adhilac.com.ar\/index.php?rest_route=\/wp\/v2\/posts\/16298","targetHints":{"allow":["GET"]}}],"collection":[{"href":"https:\/\/adhilac.com.ar\/index.php?rest_route=\/wp\/v2\/posts"}],"about":[{"href":"https:\/\/adhilac.com.ar\/index.php?rest_route=\/wp\/v2\/types\/post"}],"author":[{"embeddable":true,"href":"https:\/\/adhilac.com.ar\/index.php?rest_route=\/wp\/v2\/users\/1"}],"replies":[{"embeddable":true,"href":"https:\/\/adhilac.com.ar\/index.php?rest_route=%2Fwp%2Fv2%2Fcomments&post=16298"}],"version-history":[{"count":1,"href":"https:\/\/adhilac.com.ar\/index.php?rest_route=\/wp\/v2\/posts\/16298\/revisions"}],"predecessor-version":[{"id":16299,"href":"https:\/\/adhilac.com.ar\/index.php?rest_route=\/wp\/v2\/posts\/16298\/revisions\/16299"}],"wp:attachment":[{"href":"https:\/\/adhilac.com.ar\/index.php?rest_route=%2Fwp%2Fv2%2Fmedia&parent=16298"}],"wp:term":[{"taxonomy":"category","embeddable":true,"href":"https:\/\/adhilac.com.ar\/index.php?rest_route=%2Fwp%2Fv2%2Fcategories&post=16298"},{"taxonomy":"post_tag","embeddable":true,"href":"https:\/\/adhilac.com.ar\/index.php?rest_route=%2Fwp%2Fv2%2Ftags&post=16298"}],"curies":[{"name":"wp","href":"https:\/\/api.w.org\/{rel}","templated":true}]}}