{"id":16300,"date":"2020-01-24T12:38:23","date_gmt":"2020-01-24T15:38:23","guid":{"rendered":"https:\/\/adhilac.com.ar\/?p=16300"},"modified":"2020-01-24T12:40:45","modified_gmt":"2020-01-24T15:40:45","slug":"congreso-internacional-magallanes-elcano-y-las-circunnavegaciones-sevilla-7-9-10-2020","status":"publish","type":"post","link":"https:\/\/adhilac.com.ar\/?p=16300","title":{"rendered":"Congreso Internacional \u00abMagallanes, Elcano y las circunnavegaciones\u00bb. Sevilla. 7-9\/10\/2020"},"content":{"rendered":"\n<p class=\"has-text-color has-background has-vivid-purple-color has-vivid-green-cyan-background-color wp-block-paragraph\"><strong>XIX International Reunion for the History of Nautical Science Magellan, Elcano and the circumnavigations. Seville, 7th-9th October 2020 <\/strong><\/p>\n\n\n\n<p class=\"wp-block-paragraph\">Dear\n colleagues, The International Committee for the History of Nautical \nScience is pleased to announce the upcoming international conference on \n\u00abMagellan, Elcano and the circumnavigations\u00bb, being the Nineteenth \nInternational Reunion for the History of Nautical Science (IRHNS XIX). \nThe conference will take place on 7th-9th October 2020 in Seville \n(Spain), hosted by the Pablo de Olavide University and the Spanish \nNational Research Council (CSIC). <\/p>\n\n\n\n<!--more-->\n\n\n\n<p class=\"wp-block-paragraph\">Since\n 1968, previous IRHNS conferences have addressed issues concerning \ntechnical aspects of navigation, essentially History of Nautical \nScience, History of Nautical Cartography, and History of the Ship. At \nIRHNS IV, which took place in 1983, there was an opening for disciplines\n such as Maritime History, Cultural History of Navigation or Underwater \nArchaeology, which continue to be part of the thematic scope of the \nmeetings. Each of them has followed a general subject and a geographical\n or chronological framework. <\/p>\n\n\n\n<p class=\"wp-block-paragraph\">On\n occasion of the fifth centenary of the first circumnavigation of the \nworld, the IRHNS XIX will be dedicated to analyzing and discussing \nscientific and nautical aspects (including cultural, practical and \ntheoretical subjects) connected to Magellan and Elcano\u2019s navigation. The\n conference will be open to dialogue on scientific issues related to the\n first oceanic voyages across the oceans, great sailings and other \ncircumnavigations from the 16th to the 21st century. In line with this, \nthe conference theme will be \u00abMagellan, Elcano and the \ncircumnavigations\u00bb. <\/p>\n\n\n\n<p class=\"wp-block-paragraph\">IRHNS\n XIX seeks to provide a forum for scholars and researchers of Nautical \nScience, Maritime History, Underwater Archaeology and other related \ndisciplines to present on their latest research. The organization \ninvites interested young postgraduate researchers to apply. IRHNS XIX \nalso wishes to create awareness among graduate students and wider public\n of the interest in nautical science within the broad field of maritime \nhistory.<\/p>\n\n\n\n<p class=\"wp-block-paragraph\">\n \u00a8 Proposals: We welcome original papers in English, French, Portuguese \nor Spanish, on the conference theme or any related topic. Individual \noral presentations must be 20 minutes in length, followed by 10 minutes \nfor questions and discussion. <\/p>\n\n\n\n<p class=\"wp-block-paragraph\">\u00a8\n Submissions: Proposals must be written in English, French, Portuguese \nor Spanish, and sent as email attachments to the following email \naddress: <a href=\"mailto:irhns.sevilla@gmail.com\" target=\"_blank\" rel=\"noreferrer noopener\">irhns.sevilla@gmail.com<\/a>. Please make sure that your submission (one Word\/pdf file) includes the following information: <\/p>\n\n\n\n<p class=\"wp-block-paragraph\">&#8211; Title of paper and up to five keywords <\/p>\n\n\n\n<p class=\"wp-block-paragraph\">&#8211; One-page abstract no longer than 350 words. <\/p>\n\n\n\n<p class=\"wp-block-paragraph\">&#8211; Author\u2019s\/Authors\u2019 name(s) and affiliation(s) <\/p>\n\n\n\n<p class=\"wp-block-paragraph\">&#8211; E-mail address(es) and postal address(es) &#8211; Audio-visual equipment required (computer, video, etc.) <\/p>\n\n\n\n<p class=\"wp-block-paragraph\">Please name this file \u201cSURNAME_Name\u201d. <\/p>\n\n\n\n<p class=\"wp-block-paragraph\">\u00a8\n Deadline for reception of abstracts is 15th March 2020. Proposals will \nbe peer-reviewed and notification of acceptance will be sent by 15th \nApril 2020. <\/p>\n\n\n\n<p class=\"wp-block-paragraph\">\u00a8 No fees will be required to participate in this conference. <\/p>\n\n\n\n<p class=\"wp-block-paragraph\">\u00a8 A selection of papers will be published in a double-blind peer-reviewed edited volume. <\/p>\n\n\n\n<p class=\"wp-block-paragraph\">\u00a8 All the information about the conference will be available at <a href=\"https:\/\/irhnssevilla2020.wordpress.com\" target=\"_blank\" rel=\"noreferrer noopener\">https:\/\/irhnssevilla2020.wordpress.com<\/a>. <\/p>\n\n\n\n<p class=\"wp-block-paragraph\">Check this website for updates. <\/p>\n\n\n\n<p class=\"wp-block-paragraph\">\u00a8 Previous IRHNS conferences papers are available at <a href=\"https:\/\/independent.academia.edu\/arsnautica\" target=\"_blank\" rel=\"noreferrer noopener\">https:\/\/independent.academia.edu\/arsnautica<\/a>. <\/p>\n\n\n\n<p class=\"wp-block-paragraph\">We\n hope you will circulate this call for papers to your colleagues and \nothers in your professional network, and to any discussion groups to \nwhich you may subscribe. For more information, feel free to contact us. \nWe hope to welcome you to Seville in October 2020 and thank you for your\n interest. <\/p>\n\n\n\n<p class=\"wp-block-paragraph\">Scientific Committee: <\/p>\n\n\n\n<p class=\"wp-block-paragraph\">Carla Rahn Phillips, University of Minnesota <\/p>\n\n\n\n<p class=\"wp-block-paragraph\">Consuelo Varela, Escuela de Estudios Hispano-Americanos, CSIC <\/p>\n\n\n\n<p class=\"wp-block-paragraph\">Delphine Tempere, Universit\u00e9 Jean Moulin Lyon 3 <\/p>\n\n\n\n<p class=\"wp-block-paragraph\">Edward Collins, University College Dublin <\/p>\n\n\n\n<p class=\"wp-block-paragraph\">Flor Trejo Rivera, Instituto Nacional de Antropolog\u00eda e Historia, M\u00e9xico <\/p>\n\n\n\n<p class=\"wp-block-paragraph\">Francisco Contente Domingues, Universidade de Lisboa <\/p>\n\n\n\n<p class=\"wp-block-paragraph\">Guadalupe Pinz\u00f3n R\u00edos, Universidad Nacional Aut\u00f3noma de M\u00e9xico <\/p>\n\n\n\n<p class=\"wp-block-paragraph\">Iris Kantor, Universidade de S\u00e3o Paulo <\/p>\n\n\n\n<p class=\"wp-block-paragraph\">Jos\u00e9 Mar\u00eda Blanco N\u00fa\u00f1ez, Armada Espa\u00f1ola <\/p>\n\n\n\n<p class=\"wp-block-paragraph\">Pablo Emilio P\u00e9rez-Malla\u00edna, Universidad de Sevilla <\/p>\n\n\n\n<p class=\"wp-block-paragraph\">Richard W. Unger, University of British Columbia <\/p>\n\n\n\n<p class=\"wp-block-paragraph\">William D. Phillips, University of Minnesota <\/p>\n\n\n\n<p class=\"wp-block-paragraph\">Wolfgang K\u00f6berer, Johann Wolfgang Goethe-Universit\u00e4t Frankfurt <\/p>\n\n\n\n<p class=\"wp-block-paragraph\">Organising Committee: <\/p>\n\n\n\n<p class=\"wp-block-paragraph\">Salvador Bernab\u00e9u Albert, Escuela de Estudios Hispano-Americanos, CSIC <\/p>\n\n\n\n<p class=\"wp-block-paragraph\">Jos\u00e9 M. Garc\u00eda Redondo, Universidad Pablo de Olavide <\/p>\n\n\n\n<p class=\"wp-block-paragraph\">Vicente Pajuelo Moreno, Universidad de C\u00e1diz <a rel=\"noreferrer noopener\" href=\"mailto:irhns.sevilla@gmail.com\" target=\"_blank\">irhns.sevilla@gmail.com<\/a><\/p>\n\n\n\n<div class=\"wp-block-file\"><a href=\"https:\/\/adhilac.com.ar\/wp-content\/uploads\/2020\/01\/CfP-IRHNS-XIX.pdf\"> <strong>XIX International Reunion for the History of Nautical Science Magellan, Elcano and the circumnavigations<\/strong> <br \/><br \/><\/a><a href=\"https:\/\/adhilac.com.ar\/wp-content\/uploads\/2020\/01\/CfP-IRHNS-XIX.pdf\" class=\"wp-block-file__button\" download>Descarga<\/a><\/div>\n\n\n\n<div style=\"height:20px\" aria-hidden=\"true\" class=\"wp-block-spacer\"><\/div>\n\n\n\n<p class=\"has-text-color has-background has-very-light-gray-color has-vivid-cyan-blue-background-color wp-block-paragraph\"><strong>Publicado por ADHILAC Internacional \u00a9 www.adhilac.com.ar<\/strong><\/p>\n\n\n\n<p class=\"has-text-color has-background has-vivid-cyan-blue-color has-very-light-gray-background-color wp-block-paragraph\"> Si Ud. desea asociarse de acuerdo a los Estatutos de ADHILAC&nbsp;<a href=\"https:\/\/adhilac.com.ar\/?page_id=263\">(ver)<\/a> complete el siguiente formulario&nbsp;(<a href=\"https:\/\/adhilac.com.ar\/?page_id=4779\">ver<\/a>)<\/p>\n\n\n\n<p class=\"has-text-color has-background has-very-light-gray-color has-vivid-cyan-blue-background-color wp-block-paragraph\"> E-mail:&nbsp;info@adhilac.com.ar <\/p>\n\n\n\n<p class=\"has-text-color has-background has-very-light-gray-color has-vivid-cyan-blue-background-color wp-block-paragraph\"> Twitter: @AdhilacInfo <\/p>\n\n\n\n<div class=\"wp-block-image\"><figure class=\"aligncenter size-large\"><img loading=\"lazy\" decoding=\"async\" width=\"85\" height=\"85\" src=\"https:\/\/adhilac.com.ar\/wp-content\/uploads\/2015\/02\/Logo-ADHILAC-Internacional-PEQ.jpg\" alt=\"\" class=\"wp-image-10473\"\/><\/figure><\/div>\n\n\n\n<p class=\"wp-block-paragraph\">Ver <a href=\"https:\/\/adhilac.com.ar\/?page_id=541\">Presentaci\u00f3n de ADHILAC<\/a><\/p>\n\n\n\n<div style=\"height:20px\" aria-hidden=\"true\" class=\"wp-block-spacer\"><\/div>\n\n\n\n<div class=\"wp-block-group\"><div class=\"wp-block-group__inner-container is-layout-flow wp-block-group-is-layout-flow\">\n<p class=\"has-text-color has-background has-text-align-center has-very-light-gray-color has-vivid-cyan-blue-background-color wp-block-paragraph\"><strong><a href=\"https:\/\/adhilac.com.ar\/?page_id=541\">QUIENES SOMOS<\/a><\/strong><\/p>\n\n\n\n<p class=\"has-text-color has-background has-text-align-center has-vivid-cyan-blue-color has-very-light-gray-background-color wp-block-paragraph\"><strong><a href=\"https:\/\/adhilac.com.ar\/?page_id=15507\">DIRECTIVA DE ADHILAC INTERNACIONAL<\/a><\/strong><\/p>\n\n\n\n<p class=\"has-text-color has-background has-text-align-center has-very-light-gray-color has-vivid-cyan-blue-background-color wp-block-paragraph\"><strong><a href=\"https:\/\/adhilac.com.ar\/?page_id=267\">Declaraci\u00f3n de Caracas de ADHILAC (2007)<\/a><\/strong><\/p>\n\n\n\n<p class=\"has-text-color has-background has-text-align-center has-vivid-cyan-blue-color has-very-light-gray-background-color wp-block-paragraph\"><strong><a href=\"https:\/\/adhilac.com.ar\/?page_id=15873\">ADHILAC: Historia &#8211; Historidorxs<\/a><\/strong><\/p>\n\n\n\n<p class=\"has-text-color has-background has-text-align-center has-very-light-gray-color has-vivid-cyan-blue-background-color wp-block-paragraph\"><strong><a href=\"https:\/\/adhilac.com.ar\/?page_id=15876\">ADHILAC 20 a\u00f1os despu\u00e9s (1974-1994)<\/a> <\/strong><\/p>\n\n\n\n<p class=\"has-text-color has-background has-text-align-center has-vivid-cyan-blue-color has-very-light-gray-background-color wp-block-paragraph\"><strong><a href=\"https:\/\/adhilac.com.ar\/?page_id=15861\">ADHILAC Breve Historia<\/a> <\/strong><\/p>\n\n\n\n<p class=\"has-text-color has-background has-text-align-center has-very-light-gray-color has-vivid-cyan-blue-background-color wp-block-paragraph\"><strong><a href=\"https:\/\/adhilac.com.ar\/?page_id=15887\">ADHILAC: Miembrxs fundadores<\/a><\/strong><\/p>\n\n\n\n<p class=\"has-text-color has-background has-text-align-center has-vivid-cyan-blue-color has-very-light-gray-background-color wp-block-paragraph\"><strong><a href=\"https:\/\/adhilac.com.ar\/?page_id=15943\">ADHILAC: Historiadorxs Destacadxs<\/a><\/strong><\/p>\n\n\n\n<p class=\"has-text-color has-background has-text-align-center has-very-light-gray-color has-vivid-cyan-blue-background-color wp-block-paragraph\"><strong><a href=\"https:\/\/adhilac.com.ar\/?page_id=4779\">SOCIXS<\/a><\/strong><\/p>\n\n\n\n<p class=\"has-text-color has-background has-text-align-center has-vivid-cyan-blue-color has-very-light-gray-background-color wp-block-paragraph\"><strong><a href=\"https:\/\/adhilac.com.ar\/?page_id=263\">Estatutos de ADHILAC<\/a><\/strong><\/p>\n\n\n\n<p class=\"has-text-color has-background has-text-align-center has-very-light-gray-color has-vivid-cyan-blue-background-color wp-block-paragraph\"><strong><a href=\"https:\/\/adhilac.com.ar\/?page_id=8220\">BICENTENARIO<\/a><\/strong><\/p>\n\n\n\n<p class=\"has-text-color has-background has-text-align-center has-vivid-cyan-blue-color has-very-light-gray-background-color wp-block-paragraph\"><strong><a href=\"https:\/\/adhilac.com.ar\/?page_id=8279\">BIBLIOTECA<\/a><\/strong><\/p>\n\n\n\n<p class=\"has-text-color has-background has-text-align-center has-very-light-gray-color has-vivid-cyan-blue-background-color wp-block-paragraph\"><strong><a href=\"https:\/\/adhilac.com.ar\/?page_id=1698\">ENLACES<\/a> <\/strong><\/p>\n\n\n\n<p class=\"has-text-color has-background has-text-align-center has-vivid-cyan-blue-color has-very-light-gray-background-color wp-block-paragraph\"><a href=\"http:\/\/www.ariadnatucma.com.ar\">VISITE ARIADNA TUCMA REVISTA LATINOAMERICANA<\/a><\/p>\n<\/div><\/div>\n","protected":false},"excerpt":{"rendered":"<p>XIX International Reunion for the History of Nautical Science Magellan, Elcano and the circumnavigations. Seville, 7th-9th October 2020 Dear colleagues, The International Committee for the History of Nautical Science is pleased to announce the upcoming international conference on \u00abMagellan, Elcano and the circumnavigations\u00bb, being the Nineteenth International Reunion for the History of Nautical Science (IRHNS [&hellip;]<\/p>\n","protected":false},"author":1,"featured_media":0,"comment_status":"closed","ping_status":"closed","sticky":false,"template":"","format":"standard","meta":{"_crdt_document":"","footnotes":""},"categories":[5,40],"tags":[945],"class_list":["post-16300","post","type-post","status-publish","format-standard","hentry","category-congresos","category-informaciones","tag-historia-de-la-ciencia-nautica"],"_links":{"self":[{"href":"https:\/\/adhilac.com.ar\/index.php?rest_route=\/wp\/v2\/posts\/16300","targetHints":{"allow":["GET"]}}],"collection":[{"href":"https:\/\/adhilac.com.ar\/index.php?rest_route=\/wp\/v2\/posts"}],"about":[{"href":"https:\/\/adhilac.com.ar\/index.php?rest_route=\/wp\/v2\/types\/post"}],"author":[{"embeddable":true,"href":"https:\/\/adhilac.com.ar\/index.php?rest_route=\/wp\/v2\/users\/1"}],"replies":[{"embeddable":true,"href":"https:\/\/adhilac.com.ar\/index.php?rest_route=%2Fwp%2Fv2%2Fcomments&post=16300"}],"version-history":[{"count":3,"href":"https:\/\/adhilac.com.ar\/index.php?rest_route=\/wp\/v2\/posts\/16300\/revisions"}],"predecessor-version":[{"id":16304,"href":"https:\/\/adhilac.com.ar\/index.php?rest_route=\/wp\/v2\/posts\/16300\/revisions\/16304"}],"wp:attachment":[{"href":"https:\/\/adhilac.com.ar\/index.php?rest_route=%2Fwp%2Fv2%2Fmedia&parent=16300"}],"wp:term":[{"taxonomy":"category","embeddable":true,"href":"https:\/\/adhilac.com.ar\/index.php?rest_route=%2Fwp%2Fv2%2Fcategories&post=16300"},{"taxonomy":"post_tag","embeddable":true,"href":"https:\/\/adhilac.com.ar\/index.php?rest_route=%2Fwp%2Fv2%2Ftags&post=16300"}],"curies":[{"name":"wp","href":"https:\/\/api.w.org\/{rel}","templated":true}]}}