{"id":16306,"date":"2020-01-24T21:54:00","date_gmt":"2020-01-25T00:54:00","guid":{"rendered":"https:\/\/adhilac.com.ar\/?p=16306"},"modified":"2020-08-15T10:43:53","modified_gmt":"2020-08-15T13:43:53","slug":"el-23-de-enero-de-1958-en-venezuela","status":"publish","type":"post","link":"https:\/\/adhilac.com.ar\/?p=16306","title":{"rendered":"El 23 de enero de 1958 en Venezuela"},"content":{"rendered":"\n<div class=\"wp-block-media-text alignwide is-stacked-on-mobile is-image-fill has-pale-ocean-gradient-background has-background\"><figure class=\"wp-block-media-text__media\" style=\"background-image:url(https:\/\/adhilac.com.ar\/wp-content\/uploads\/2020\/01\/Madre-Am\u00e9rica-Venezuela.jpeg);background-position:50% 50%\"><img loading=\"lazy\" decoding=\"async\" width=\"1000\" height=\"600\" src=\"https:\/\/adhilac.com.ar\/wp-content\/uploads\/2020\/01\/Madre-Am\u00e9rica-Venezuela.jpeg\" alt=\"\" class=\"wp-image-16307\" srcset=\"https:\/\/adhilac.com.ar\/wp-content\/uploads\/2020\/01\/Madre-Am\u00e9rica-Venezuela.jpeg 1000w, https:\/\/adhilac.com.ar\/wp-content\/uploads\/2020\/01\/Madre-Am\u00e9rica-Venezuela-300x180.jpeg 300w, https:\/\/adhilac.com.ar\/wp-content\/uploads\/2020\/01\/Madre-Am\u00e9rica-Venezuela-768x461.jpeg 768w\" sizes=\"auto, (max-width: 1000px) 100vw, 1000px\" \/><\/figure><div class=\"wp-block-media-text__content\">\n<p class=\"has-text-align-center has-vivid-purple-color has-text-color has-normal-font-size wp-block-paragraph\"><strong>Por Sergio Guerra Vilaboy<\/strong><\/p>\n<\/div><\/div>\n\n\n\n<!--more-->\n\n\n\n<p class=\"wp-block-paragraph\">El 23 de enero de 1958 cay\u00f3 en Venezuela la tiran\u00eda\nde Marcos P\u00e9rez Jim\u00e9nez, una de las aborrecidas dictaduras latinoamericanas\naupadas en los a\u00f1os cincuenta por Estados Unidos, en el contexto de la \u201cguerra\nfr\u00eda\u201d, y que el escritor dominicano Juan Bosch incluyera en su libro, <em>Poker de espanto en el Caribe,<\/em> junto a\nlas de Trujillo, Somoza y Batista.<\/p>\n\n\n\n<p class=\"wp-block-paragraph\">El ascenso de este militar venezolano comenz\u00f3 cuando se\ninvolucr\u00f3 en 1944 en la conspiraci\u00f3n c\u00edvico-militar contra el gobierno de\nIsa\u00edas Medina Angarita, quien hab\u00eda realizado una apertura pol\u00edtica y dictado\nleyes progresistas sobre hidrocarburos y tierras, que le provocaron la\nhostilidad estadounidense y de la elite criolla. Derrocado Medina Angarita en 1945, el\nMayor P\u00e9rez Jim\u00e9nez estuvo en la\nJunta Militar que le sucedi\u00f3 en el poder y de 1948 a 1952 se encarg\u00f3 del\nMinisterio de Defensa. &nbsp;En el \u00ednterin,\nfue uno de los protagonistas del golpe de estado de noviembre de 1948\ncontra el presidente R\u00f3mulo Gallegos e integr\u00f3 otra vez una Junta Militar,\nahora presidida por el Coronel Carlos Delgado Chalbaud, que abri\u00f3 una d\u00e9cada de\nreg\u00edmenes castrenses caracterizados por la represi\u00f3n, el fraude y la corrupci\u00f3n.<\/p>\n\n\n\n<p class=\"wp-block-paragraph\">El extra\u00f1o\nasesinato, el 13 de noviembre de 1950, de Delgado Chalbaud, elimin\u00f3 el\n\u00faltimo obst\u00e1culo que separaba a P\u00e9rez\nJim\u00e9nez del control total del pa\u00eds. Dos a\u00f1os despu\u00e9s,\nse declar\u00f3 triunfador en unos ama\u00f1ados comicios presidenciales que \noblig\u00f3 a los opositores a exiliarse. El 19 abril de 1953 una Asamblea \nConstituyente lo jurament\u00f3\ncomo primer mandatario de la Rep\u00fablica de Venezuela, pues la nueva carta\nmagna centralista hab\u00eda eliminado el nombre de Estados Unidos de \nVenezuela, que\nllevaba desde 1864, cuando se estableci\u00f3 el r\u00e9gimen federal. <\/p>\n\n\n\n<p class=\"wp-block-paragraph\">La dictadura de P\u00e9rez Jim\u00e9nez se\nbenefici\u00f3 del extraordinario aumento de los ingresos como resultado del <em>boom<\/em> petrolero, duplicados entre 1953 y\n1957, cuando lleg\u00f3 a representar el 71% del ingreso\nnacional. Estos enormes recursos fueron destinadas a fortalecer el aparato\nmilitar, as\u00ed como al desarrollo de la infraestructura y obras sociales, como\nparte del proclamado <em>Nuevo Ideal Nacional<\/em>,\ndirigido a modernizar el pa\u00eds con edificaciones monumentales y modernas\nautopistas.<\/p>\n\n\n\n<p class=\"wp-block-paragraph\">A pesar del espectacular auge econ\u00f3mico y\nconstructivo, se agudizaron las diferencias sociales y la pobreza de la mayor\u00eda\nde la poblaci\u00f3n \u2013incrementada por la entrada masiva de inmigrantes y la\nproletarizaci\u00f3n del campesinado-, lo que unido a la despiadada persecuci\u00f3n a la\noposici\u00f3n alent\u00f3 el descontento, sobre todo despu\u00e9s que P\u00e9rez Jim\u00e9nez,\nascendido sucesivamente a General de Brigada (1955) y de Divisi\u00f3n (1957), intentara\nextender su mandato hasta 1963 mediante el manipulado plebiscito del 15\ndiciembre de 1957. <\/p>\n\n\n\n<p class=\"wp-block-paragraph\">A los pocos d\u00edas, los estudiantes universitarios se lanzaron a\nlas calles en airadas protestas, duramente castigados por los cuerpos policiales,\nmientras las organizaciones clandestinas vertebraban en contra de la dictadura\nuna Junta Patri\u00f3tica, que inclu\u00eda al Parido Comunista. Aunque el inesperado\nalzamiento liderado por el Coronel Hugo Trejo en Maracay fracas\u00f3 el 1 de enero\nde 1958, el apoyo militar al r\u00e9gimen se debilit\u00f3. Finalmente, el 21 y 22 de ese\nmismo mes se produjeron impresionantes manifestaciones populares, procedentes\nsobre todo de los barrios humildes de los cerros de Caracas, y se declar\u00f3 una\nhuelga general. En la madrugada del d\u00eda 23, mientras los militares rebeldes\ntomaban el Palacio de Miraflores, as\u00ed como las emisoras de radio y televisi\u00f3n,\nP\u00e9rez Jim\u00e9nez hu\u00eda del pa\u00eds en avi\u00f3n con toda su familia.<\/p>\n\n\n\n<p class=\"wp-block-paragraph\">Un papel especial en estos acontecimientos le cupo al Contraalmirante  Wolfgang Larraz\u00e1bal, a la saz\u00f3n jefe de la Marina, quien qued\u00f3 al  frente del gobierno provisional, convertido pronto en un carism\u00e1tico  l\u00edder popular. A ello contribuy\u00f3 qu\u00e9, durante su breve mandato,  consigui\u00f3 reducir el desempleo, aumentar sustancialmente los ingresos  del Estado, legalizar los partidos disueltos por la dictadura, promover  el regreso de los exiliados, intervenir las propiedades de P\u00e9rez Jim\u00e9nez  y democratizar el sistema electoral. Tambi\u00e9n Larraz\u00e1bal sobresali\u00f3 por  su respaldo a los revolucionarios cubanos encabezados por Fidel Castro,  facilitando sus campa\u00f1as p\u00fablicas en Venezuela e incluso el env\u00edo de  recursos y armas, como el avi\u00f3n bimotor C-46 que lleg\u00f3 el 8 de diciembre  de 1958 a la propia Sierra Maestra. Ello explica que el 23 de enero de  1959, en el primer aniversario de la ca\u00edda de P\u00e9rez Jim\u00e9nez, Fidel  Castro visitara Caracas para agradecer el respaldo venezolano a la  Revoluci\u00f3n Cubana, ocasi\u00f3n en que recibi\u00f3 un apote\u00f3sico recibimiento  popular, solo comparable al que se hab\u00eda producido quince d\u00edas antes en  su entrada triunfal en La Habana.<\/p>\n\n\n\n<p class=\"wp-block-paragraph\">Fuente: informefracto.com 24 de enero de 2020<\/p>\n\n\n\n<div style=\"height:20px\" aria-hidden=\"true\" class=\"wp-block-spacer\"><\/div>\n\n\n\n<p class=\"has-very-light-gray-color has-vivid-cyan-blue-background-color has-text-color has-background wp-block-paragraph\"><strong>Publicado por ADHILAC Internacional \u00a9 www.adhilac.com.ar<\/strong><\/p>\n\n\n\n<p class=\"has-vivid-cyan-blue-color has-very-light-gray-background-color has-text-color has-background wp-block-paragraph\"> Si Ud. desea asociarse de acuerdo a los Estatutos de ADHILAC&nbsp;<a href=\"https:\/\/adhilac.com.ar\/?page_id=263\">(ver)<\/a> complete el siguiente formulario&nbsp;(<a href=\"https:\/\/adhilac.com.ar\/?page_id=4779\">ver<\/a>)<\/p>\n\n\n\n<p class=\"has-very-light-gray-color has-vivid-cyan-blue-background-color has-text-color has-background wp-block-paragraph\"> E-mail:&nbsp;info@adhilac.com.ar <\/p>\n\n\n\n<p class=\"has-very-light-gray-color has-vivid-cyan-blue-background-color has-text-color has-background wp-block-paragraph\"> Twitter: @AdhilacInfo <\/p>\n\n\n\n<div class=\"wp-block-image\"><figure class=\"aligncenter size-large\"><img loading=\"lazy\" decoding=\"async\" width=\"85\" height=\"85\" src=\"https:\/\/adhilac.com.ar\/wp-content\/uploads\/2015\/02\/Logo-ADHILAC-Internacional-PEQ.jpg\" alt=\"\" class=\"wp-image-10473\"\/><\/figure><\/div>\n\n\n\n<p class=\"wp-block-paragraph\">Ver <a href=\"https:\/\/adhilac.com.ar\/?page_id=541\">Presentaci\u00f3n de ADHILAC<\/a><\/p>\n\n\n\n<div style=\"height:20px\" aria-hidden=\"true\" class=\"wp-block-spacer\"><\/div>\n\n\n\n<div class=\"wp-block-group\"><div class=\"wp-block-group__inner-container is-layout-flow wp-block-group-is-layout-flow\">\n<p class=\"has-text-align-center has-very-light-gray-color has-vivid-cyan-blue-background-color has-text-color has-background wp-block-paragraph\"><strong><a href=\"https:\/\/adhilac.com.ar\/?page_id=541\">QUIENES SOMOS<\/a><\/strong><\/p>\n\n\n\n<p class=\"has-text-align-center has-vivid-cyan-blue-color has-very-light-gray-background-color has-text-color has-background wp-block-paragraph\"><strong><a href=\"https:\/\/adhilac.com.ar\/?page_id=15507\">DIRECTIVA DE ADHILAC INTERNACIONAL<\/a><\/strong><\/p>\n\n\n\n<p class=\"has-text-align-center has-very-light-gray-color has-vivid-cyan-blue-background-color has-text-color has-background wp-block-paragraph\"><strong><a href=\"https:\/\/adhilac.com.ar\/?page_id=267\">Declaraci\u00f3n de Caracas de ADHILAC (2007)<\/a><\/strong><\/p>\n\n\n\n<p class=\"has-text-align-center has-vivid-cyan-blue-color has-very-light-gray-background-color has-text-color has-background wp-block-paragraph\"><strong><a href=\"https:\/\/adhilac.com.ar\/?page_id=15873\">ADHILAC: Historia &#8211; Historidorxs<\/a><\/strong><\/p>\n\n\n\n<p class=\"has-text-align-center has-very-light-gray-color has-vivid-cyan-blue-background-color has-text-color has-background wp-block-paragraph\"><strong><a href=\"https:\/\/adhilac.com.ar\/?page_id=15876\">ADHILAC 20 a\u00f1os despu\u00e9s (1974-1994)<\/a> <\/strong><\/p>\n\n\n\n<p class=\"has-text-align-center has-vivid-cyan-blue-color has-very-light-gray-background-color has-text-color has-background wp-block-paragraph\"><strong><a href=\"https:\/\/adhilac.com.ar\/?page_id=15861\">ADHILAC Breve Historia<\/a> <\/strong><\/p>\n\n\n\n<p class=\"has-text-align-center has-very-light-gray-color has-vivid-cyan-blue-background-color has-text-color has-background wp-block-paragraph\"><strong><a href=\"https:\/\/adhilac.com.ar\/?page_id=15887\">ADHILAC: Miembrxs fundadores<\/a><\/strong><\/p>\n\n\n\n<p class=\"has-text-align-center has-vivid-cyan-blue-color has-very-light-gray-background-color has-text-color has-background wp-block-paragraph\"><strong><a href=\"https:\/\/adhilac.com.ar\/?page_id=15943\">ADHILAC: Historiadorxs Destacadxs<\/a><\/strong><\/p>\n\n\n\n<p class=\"has-text-align-center has-very-light-gray-color has-vivid-cyan-blue-background-color has-text-color has-background wp-block-paragraph\"><strong><a href=\"https:\/\/adhilac.com.ar\/?page_id=4779\">SOCIXS<\/a><\/strong><\/p>\n\n\n\n<p class=\"has-text-align-center has-vivid-cyan-blue-color has-very-light-gray-background-color has-text-color has-background wp-block-paragraph\"><strong><a href=\"https:\/\/adhilac.com.ar\/?page_id=263\">Estatutos de ADHILAC<\/a><\/strong><\/p>\n\n\n\n<p class=\"has-text-align-center has-very-light-gray-color has-vivid-cyan-blue-background-color has-text-color has-background wp-block-paragraph\"><strong><a href=\"https:\/\/adhilac.com.ar\/?page_id=8220\">BICENTENARIO<\/a><\/strong><\/p>\n\n\n\n<p class=\"has-text-align-center has-vivid-cyan-blue-color has-very-light-gray-background-color has-text-color has-background wp-block-paragraph\"><strong><a href=\"https:\/\/adhilac.com.ar\/?page_id=8279\">BIBLIOTECA<\/a><\/strong><\/p>\n\n\n\n<p class=\"has-text-align-center has-very-light-gray-color has-vivid-cyan-blue-background-color has-text-color has-background wp-block-paragraph\"><strong><a href=\"https:\/\/adhilac.com.ar\/?page_id=1698\">ENLACES<\/a> <\/strong><\/p>\n\n\n\n<p class=\"has-text-align-center has-vivid-cyan-blue-color has-very-light-gray-background-color has-text-color has-background wp-block-paragraph\"><a href=\"http:\/\/www.ariadnatucma.com.ar\">VISITE ARIADNA TUCMA REVISTA LATINOAMERICANA<\/a><\/p>\n<\/div><\/div>\n","protected":false},"excerpt":{"rendered":"<p>Por Sergio Guerra Vilaboy<\/p>\n","protected":false},"author":1,"featured_media":0,"comment_status":"closed","ping_status":"closed","sticky":false,"template":"","format":"standard","meta":{"_crdt_document":"","footnotes":""},"categories":[15],"tags":[23],"class_list":["post-16306","post","type-post","status-publish","format-standard","hentry","category-historia","tag-venezuela"],"_links":{"self":[{"href":"https:\/\/adhilac.com.ar\/index.php?rest_route=\/wp\/v2\/posts\/16306","targetHints":{"allow":["GET"]}}],"collection":[{"href":"https:\/\/adhilac.com.ar\/index.php?rest_route=\/wp\/v2\/posts"}],"about":[{"href":"https:\/\/adhilac.com.ar\/index.php?rest_route=\/wp\/v2\/types\/post"}],"author":[{"embeddable":true,"href":"https:\/\/adhilac.com.ar\/index.php?rest_route=\/wp\/v2\/users\/1"}],"replies":[{"embeddable":true,"href":"https:\/\/adhilac.com.ar\/index.php?rest_route=%2Fwp%2Fv2%2Fcomments&post=16306"}],"version-history":[{"count":5,"href":"https:\/\/adhilac.com.ar\/index.php?rest_route=\/wp\/v2\/posts\/16306\/revisions"}],"predecessor-version":[{"id":16861,"href":"https:\/\/adhilac.com.ar\/index.php?rest_route=\/wp\/v2\/posts\/16306\/revisions\/16861"}],"wp:attachment":[{"href":"https:\/\/adhilac.com.ar\/index.php?rest_route=%2Fwp%2Fv2%2Fmedia&parent=16306"}],"wp:term":[{"taxonomy":"category","embeddable":true,"href":"https:\/\/adhilac.com.ar\/index.php?rest_route=%2Fwp%2Fv2%2Fcategories&post=16306"},{"taxonomy":"post_tag","embeddable":true,"href":"https:\/\/adhilac.com.ar\/index.php?rest_route=%2Fwp%2Fv2%2Ftags&post=16306"}],"curies":[{"name":"wp","href":"https:\/\/api.w.org\/{rel}","templated":true}]}}