{"id":16340,"date":"2020-02-15T08:05:00","date_gmt":"2020-02-15T11:05:00","guid":{"rendered":"https:\/\/adhilac.com.ar\/?p=16340"},"modified":"2020-03-02T19:48:53","modified_gmt":"2020-03-02T22:48:53","slug":"convocatoria-al-iv-coloquio-presencias-europeas-en-cuba-la-habana-15-17-04-2020","status":"publish","type":"post","link":"https:\/\/adhilac.com.ar\/?p=16340","title":{"rendered":"Convocatoria al IV Coloquio Presencias europeas en Cuba. La Habana. 15-17\/04\/2020"},"content":{"rendered":"\n<p class=\"wp-block-paragraph\">Cierre de la convocatoria: 1 de marzo de 2020<\/p>\n\n\n\n<p class=\"wp-block-paragraph\">El Centro para la Interpretaci\u00f3n de las Relaciones Culturales Cuba-Europa, Palacio del Segundo Cabo convoca a participar en el IV Coloquio Presencias europeas en Cuba, a realizarse entre el 15 y el 17 de abril de 2020.<\/p>\n\n\n\n<!--more-->\n\n\n\n<p class=\"wp-block-paragraph\">El coloquio se centrar\u00e1 en el impacto que tuvieron en Cuba los enfrentamientos b\u00e9licos desarrollados en Europa en la primera mitad de la pasada centuria. Se pretende reflexionar sobre t\u00f3picos esenciales que permitan entender las continuidades y rupturas en el tr\u00e1nsito de ideas y personas entre el viejo continente y el archipi\u00e9lago cubano a ra\u00edz de la radicalizaci\u00f3n de los conflictos en el campo pol\u00edtico e ideol\u00f3gico de Occidente.<\/p>\n\n\n\n<p class=\"wp-block-paragraph\">Animamos a presentar trabajos que planteen interrogantes y propongan an\u00e1lisis, teniendo en cuenta las relaciones diplom\u00e1ticas, la historia econ\u00f3mica, el arte y la literatura, la circulaci\u00f3n de ideas y representaciones, la educaci\u00f3n, las migraciones, el rol de la mujer, el asociacionismo, la ciencia y la tecnolog\u00eda y la institucionalidad.<\/p>\n\n\n\n<ul class=\"wp-block-list\"><li>Los res\u00famenes de las ponencias se presentar\u00e1n en Arial 12, a espacio y medio, con un contenido de trescientas palabras, acompa\u00f1adas de una s\u00edntesis curricular y los datos personales de contacto. Se debe especificar el t\u00edtulo de la presentaci\u00f3n.<\/li><li>Ser\u00e1n entregados hasta el 1 de marzo de 2020 en O\u2019Reilly No. 4 e\/ Tac\u00f3n y Ave. del Puerto, Habana Vieja, o enviados de manera simult\u00e1nea por correo electr\u00f3nico a <a href=\"mailto:segundocabo@patrimonio.ohc.cu\">segundocabo@patrimonio.ohc.cu <\/a>y a<a href=\"mailto:yainet@patrimonio.ohc.cu\"> yainet@patrimonio.ohc.cu<\/a><\/li><\/ul>\n\n\n\n<ul class=\"wp-block-list\"><li>Las decisiones de aceptaci\u00f3n se publicar\u00e1n en nuestra p\u00e1gina web<a href=\"http:\/\/segundocabo.ohc.cu\/\"> http:\/\/segundocabo.ohc.cu <\/a>el 10 de marzo de 2020.<\/li><li>Las presentaciones pueden ser individuales o grupales con tres participantes como m\u00e1ximo. Los organizadores se reservar\u00e1n el derecho de proponer los temas de cada mesa de acuerdo con las propuestas recibidas.<\/li><li>Cada ponente dispondr\u00e1 de 15 minutos para su presentaci\u00f3n: podr\u00e1 apoyarse en presentaciones digitales, materiales audiovisuales y carteles.<\/li><li>El d\u00eda de presentaci\u00f3n se deber\u00e1 entregar la ponencia en digital con una extensi\u00f3n m\u00e1xima de 5 cuartillas.<\/li><li>El Palacio del Segundo Cabo se reserva el derecho de publicar los trabajos aceptados en las memorias del evento o futuras publicaciones que surjan. Adem\u00e1s, el centro emplear\u00e1 los<\/li><\/ul>\n\n\n\n<p class=\"wp-block-paragraph\">resultados que se exponen en los trabajos en las futuras acciones museogr\u00e1ficas, previa aprobaci\u00f3n por escrito de los autores.<\/p>\n\n\n\n<p class=\"wp-block-paragraph\">Lugar del Coloquio: Sala Polivalente del Palacio del Segundo Cabo<\/p>\n\n\n\n<h3 class=\"wp-block-heading\">&nbsp;<\/h3>\n\n\n\n<p class=\"wp-block-paragraph\">CENTRO PARA LA INTERPRETACI\u00d3N DE LAS RELACIONES CULTURALES CUBA-EUROPA<\/p>\n\n\n\n<p class=\"wp-block-paragraph\">Direcci\u00f3n: O\u00b4Reilly n\u00fam. 4 esq. a Tac\u00f3n.<br \/>Plaza de Armas, La Habana Vieja.<\/p>\n\n\n\n<div class=\"wp-block-file\"><a href=\"https:\/\/adhilac.com.ar\/wp-content\/uploads\/2020\/02\/Convocatoria-IV-Coloquio-Presencias-europeas-en-Cuba.pdf\"><strong>Convocatoria: IV Coloquio Presencias europeas en Cuba<\/strong><\/a><a href=\"https:\/\/adhilac.com.ar\/wp-content\/uploads\/2020\/02\/Convocatoria-IV-Coloquio-Presencias-europeas-en-Cuba.pdf\" class=\"wp-block-file__button\" download>Descarga<\/a><\/div>\n\n\n\n<div style=\"height:20px\" aria-hidden=\"true\" class=\"wp-block-spacer\"><\/div>\n\n\n\n<p class=\"has-text-color has-background has-very-light-gray-color has-vivid-cyan-blue-background-color wp-block-paragraph\"><strong>Publicado por ADHILAC Internacional \u00a9 www.adhilac.com.ar<\/strong><\/p>\n\n\n\n<p class=\"has-text-color has-background has-vivid-cyan-blue-color has-very-light-gray-background-color wp-block-paragraph\"> Si Ud. desea asociarse de acuerdo a los Estatutos de ADHILAC&nbsp;<a href=\"https:\/\/adhilac.com.ar\/?page_id=263\">(ver)<\/a> complete el siguiente formulario&nbsp;(<a href=\"https:\/\/adhilac.com.ar\/?page_id=4779\">ver<\/a>)<\/p>\n\n\n\n<p class=\"has-text-color has-background has-very-light-gray-color has-vivid-cyan-blue-background-color wp-block-paragraph\"> E-mail:&nbsp;info@adhilac.com.ar <\/p>\n\n\n\n<p class=\"has-text-color has-background has-very-light-gray-color has-vivid-cyan-blue-background-color wp-block-paragraph\"> Twitter: @AdhilacInfo <\/p>\n\n\n\n<div class=\"wp-block-image\"><figure class=\"aligncenter size-large\"><img loading=\"lazy\" decoding=\"async\" width=\"85\" height=\"85\" src=\"https:\/\/adhilac.com.ar\/wp-content\/uploads\/2015\/02\/Logo-ADHILAC-Internacional-PEQ.jpg\" alt=\"\" class=\"wp-image-10473\"\/><\/figure><\/div>\n\n\n\n<p class=\"wp-block-paragraph\">Ver <a href=\"https:\/\/adhilac.com.ar\/?page_id=541\">Presentaci\u00f3n de ADHILAC<\/a><\/p>\n\n\n\n<div style=\"height:33px\" aria-hidden=\"true\" class=\"wp-block-spacer\"><\/div>\n\n\n\n<div class=\"wp-block-group is-layout-flow wp-block-group-is-layout-flow\"><div class=\"wp-block-group__inner-container\">\n\n\n\n\n\n\n\n\n\n\n\n\n\n\n\n\n\n\n\n\n\n\n\n\n\n<\/div><\/div>\n","protected":false},"excerpt":{"rendered":"<p>Cierre de la convocatoria: 1 de marzo de 2020 El Centro para la Interpretaci\u00f3n de las Relaciones Culturales Cuba-Europa, Palacio del Segundo Cabo convoca a participar en el IV Coloquio Presencias europeas en Cuba, a realizarse entre el 15 y el 17 de abril de 2020.<\/p>\n","protected":false},"author":2,"featured_media":0,"comment_status":"closed","ping_status":"closed","sticky":false,"template":"","format":"standard","meta":{"_crdt_document":"","footnotes":""},"categories":[18,5,15],"tags":[740],"class_list":["post-16340","post","type-post","status-publish","format-standard","hentry","category-adhilac-cuba","category-congresos","category-historia","tag-europa"],"_links":{"self":[{"href":"https:\/\/adhilac.com.ar\/index.php?rest_route=\/wp\/v2\/posts\/16340","targetHints":{"allow":["GET"]}}],"collection":[{"href":"https:\/\/adhilac.com.ar\/index.php?rest_route=\/wp\/v2\/posts"}],"about":[{"href":"https:\/\/adhilac.com.ar\/index.php?rest_route=\/wp\/v2\/types\/post"}],"author":[{"embeddable":true,"href":"https:\/\/adhilac.com.ar\/index.php?rest_route=\/wp\/v2\/users\/2"}],"replies":[{"embeddable":true,"href":"https:\/\/adhilac.com.ar\/index.php?rest_route=%2Fwp%2Fv2%2Fcomments&post=16340"}],"version-history":[{"count":9,"href":"https:\/\/adhilac.com.ar\/index.php?rest_route=\/wp\/v2\/posts\/16340\/revisions"}],"predecessor-version":[{"id":16361,"href":"https:\/\/adhilac.com.ar\/index.php?rest_route=\/wp\/v2\/posts\/16340\/revisions\/16361"}],"wp:attachment":[{"href":"https:\/\/adhilac.com.ar\/index.php?rest_route=%2Fwp%2Fv2%2Fmedia&parent=16340"}],"wp:term":[{"taxonomy":"category","embeddable":true,"href":"https:\/\/adhilac.com.ar\/index.php?rest_route=%2Fwp%2Fv2%2Fcategories&post=16340"},{"taxonomy":"post_tag","embeddable":true,"href":"https:\/\/adhilac.com.ar\/index.php?rest_route=%2Fwp%2Fv2%2Ftags&post=16340"}],"curies":[{"name":"wp","href":"https:\/\/api.w.org\/{rel}","templated":true}]}}