{"id":16377,"date":"2020-03-07T19:23:00","date_gmt":"2020-03-07T22:23:00","guid":{"rendered":"https:\/\/adhilac.com.ar\/?p=16377"},"modified":"2020-08-15T10:08:08","modified_gmt":"2020-08-15T13:08:08","slug":"iv-congreso-internacional-el-monacato-femenino-en-america-y-en-la-peninsula-iberica","status":"publish","type":"post","link":"https:\/\/adhilac.com.ar\/?p=16377","title":{"rendered":"IV Congreso Internacional \u00abEl Monacato Femenino en Am\u00e9rica y en la Pen\u00ednsula Ib\u00e9rica\u00bb"},"content":{"rendered":"\n<div class=\"wp-block-media-text alignwide is-stacked-on-mobile is-image-fill has-cyan-bluish-gray-background-color has-background\"><figure class=\"wp-block-media-text__media\" style=\"background-image:url(https:\/\/adhilac.com.ar\/wp-content\/uploads\/2020\/03\/IV-Congreso-Internacional-El-monacato-femenino-CARTEL_P\u00e1gina_1-754x1024.jpg);background-position:48% 0%\"><img loading=\"lazy\" decoding=\"async\" width=\"754\" height=\"1024\" src=\"https:\/\/adhilac.com.ar\/wp-content\/uploads\/2020\/03\/IV-Congreso-Internacional-El-monacato-femenino-CARTEL_P\u00e1gina_1-754x1024.jpg\" alt=\"\" class=\"wp-image-16378\" srcset=\"https:\/\/adhilac.com.ar\/wp-content\/uploads\/2020\/03\/IV-Congreso-Internacional-El-monacato-femenino-CARTEL_P\u00e1gina_1-754x1024.jpg 754w, https:\/\/adhilac.com.ar\/wp-content\/uploads\/2020\/03\/IV-Congreso-Internacional-El-monacato-femenino-CARTEL_P\u00e1gina_1-368x500.jpg 368w, https:\/\/adhilac.com.ar\/wp-content\/uploads\/2020\/03\/IV-Congreso-Internacional-El-monacato-femenino-CARTEL_P\u00e1gina_1-768x1043.jpg 768w, https:\/\/adhilac.com.ar\/wp-content\/uploads\/2020\/03\/IV-Congreso-Internacional-El-monacato-femenino-CARTEL_P\u00e1gina_1-1131x1536.jpg 1131w, https:\/\/adhilac.com.ar\/wp-content\/uploads\/2020\/03\/IV-Congreso-Internacional-El-monacato-femenino-CARTEL_P\u00e1gina_1-1508x2048.jpg 1508w, https:\/\/adhilac.com.ar\/wp-content\/uploads\/2020\/03\/IV-Congreso-Internacional-El-monacato-femenino-CARTEL_P\u00e1gina_1.jpg 1811w\" sizes=\"auto, (max-width: 754px) 100vw, 754px\" \/><\/figure><div class=\"wp-block-media-text__content\">\n<p class=\"has-text-align-center has-vivid-purple-color has-text-color has-normal-font-size wp-block-paragraph\"><strong>I CIRCULAR<\/strong><\/p>\n<\/div><\/div>\n\n\n\n<p class=\"wp-block-paragraph\">Los d\u00edas 14-18 de septiembre de 2020 se celebrar\u00e1 en Le\u00f3n (Espa\u00f1a) el IV Congreso Internacional \u201cEl monacato femenino en Am\u00e9rica y en la Pen\u00ednsula Ib\u00e9rica\u201d, organizado por el Instituto de Humanismo y Tradici\u00f3n Cl\u00e1sica de la Universidad de Le\u00f3n y la Coordinaci\u00f3n Nacional de Monumentos Hist\u00f3ricos del Instituto Nacional de Antropolog\u00eda e Historia de M\u00e9xico.<\/p>\n\n\n\n<!--more-->\n\n\n\n<p class=\"wp-block-paragraph\">La tem\u00e1tica que se abordar\u00e1 ser\u00e1 muy variada respecto del tema central, por tanto, caben en \u00e9l trabajos de historia, arte, literatura, paleograf\u00eda, legislaci\u00f3n etc. referentes al monacato desde sus or\u00edgenes hasta el siglo XX en el mundo iberoamericano y en la Pen\u00ednsula Ib\u00e9rica. En este, como en los congresos anteriores, pretendemos poner de relieve la importancia que el monacato tuvo para el desarrollo de la vida de las mujeres en el mundo cat\u00f3lico, especialmente en Espa\u00f1a, Portugal y Am\u00e9rica, puesto que fue en el \u00e1mbito monacal donde estas, dentro de las muchas restricciones que impon\u00edan los tiempos, pudieron destacar en diferentes aspectos de la vida social, que les estaban vedados a otras mujeres. Valgan ejemplos tan llamativos como Teresa de Jes\u00fas, Mar\u00eda de Jes\u00fas de \u00c1greda, In\u00e9s de la Cruz, Francisca Josefa Castillo, y un largo etc\u00e9tera, am\u00e9n de que los centros monacales fueron tambi\u00e9n irradiadores de arte, literatura, teolog\u00eda&#8230; y aglutinadores de aspectos de gran importancia para la vida social, pol\u00edtica y econ\u00f3mica de los \u00e1mbitos urbanos y rurales, sin olvidar los procesos inquisitoriales a los que muchas de aquellas mujeres fueron sometidas por sus pensamientos m\u00e1s o menos her\u00e9ticos.<\/p>\n\n\n\n<figure class=\"wp-block-image size-large is-resized\"><img loading=\"lazy\" decoding=\"async\" src=\"https:\/\/adhilac.com.ar\/wp-content\/uploads\/2020\/03\/IV-Congreso-Internacional-El-monacato-femenino-CARTEL_P\u00e1gina_1-754x1024.jpg\" alt=\"\" class=\"wp-image-16378\" width=\"431\" height=\"585\" srcset=\"https:\/\/adhilac.com.ar\/wp-content\/uploads\/2020\/03\/IV-Congreso-Internacional-El-monacato-femenino-CARTEL_P\u00e1gina_1-754x1024.jpg 754w, https:\/\/adhilac.com.ar\/wp-content\/uploads\/2020\/03\/IV-Congreso-Internacional-El-monacato-femenino-CARTEL_P\u00e1gina_1-368x500.jpg 368w, https:\/\/adhilac.com.ar\/wp-content\/uploads\/2020\/03\/IV-Congreso-Internacional-El-monacato-femenino-CARTEL_P\u00e1gina_1-768x1043.jpg 768w, https:\/\/adhilac.com.ar\/wp-content\/uploads\/2020\/03\/IV-Congreso-Internacional-El-monacato-femenino-CARTEL_P\u00e1gina_1-1131x1536.jpg 1131w, https:\/\/adhilac.com.ar\/wp-content\/uploads\/2020\/03\/IV-Congreso-Internacional-El-monacato-femenino-CARTEL_P\u00e1gina_1-1508x2048.jpg 1508w, https:\/\/adhilac.com.ar\/wp-content\/uploads\/2020\/03\/IV-Congreso-Internacional-El-monacato-femenino-CARTEL_P\u00e1gina_1.jpg 1811w\" sizes=\"auto, (max-width: 431px) 100vw, 431px\" \/><\/figure>\n\n\n\n<p class=\"wp-block-paragraph\">Esperamos contar con un buen n\u00famero de estudiosos de esta tem\u00e1tica, por lo cual os rogamos que esta informaci\u00f3n se la hag\u00e1is llegar a aquellos que puedan estar interesados.<\/p>\n\n\n\n<p class=\"wp-block-paragraph\">El congreso ser\u00e1 <strong>gratuito <\/strong>tanto para asistentes como para ponentes, aunque la emisi\u00f3n del certificado depender\u00e1 de una asistencia que no debe ser inferior al 80%.<\/p>\n\n\n\n<p class=\"wp-block-paragraph\">Todo lo referente al congreso, incluidas las <strong>inscripciones<\/strong>, podr\u00e1 consultarse en la siguiente p\u00e1gina web: <a href=\"https:\/\/ivcongresomonacatofemenino.weebly.com\/\">https:\/\/ivcongresomonacatofemenino.weebly.com\/<\/a><\/p>\n\n\n\n<p class=\"wp-block-paragraph\">Para&nbsp;&nbsp;&nbsp;&nbsp; dudas&nbsp;&nbsp;&nbsp;&nbsp; y&nbsp;&nbsp;&nbsp;&nbsp; comentarios,&nbsp;&nbsp;&nbsp;&nbsp; dirigirse&nbsp;&nbsp;&nbsp;&nbsp; a&nbsp;&nbsp;&nbsp;&nbsp; la&nbsp;&nbsp;&nbsp;&nbsp; siguiente&nbsp;&nbsp;&nbsp;&nbsp; direcci\u00f3n&nbsp;&nbsp;&nbsp; electr\u00f3nica: <a href=\"mailto:ivmonacatofemenino@gmail.com\">ivmonacatofemenino@gmail.com<\/a><\/p>\n\n\n\n<p class=\"wp-block-paragraph\">Las l\u00edneas de investigaci\u00f3n que pueden servir de sugerencia para el env\u00edo de propuestas son las siguientes:<\/p>\n\n\n\n<ul class=\"wp-block-list\"><li>El desarrollo medieval del monacato en Espa\u00f1a.<\/li><\/ul>\n\n\n\n<ul class=\"wp-block-list\"><li>La expansi\u00f3n del monacato en la pen\u00ednsula Ib\u00e9rica y Am\u00e9rica del Renacimiento a la Ilustraci\u00f3n<\/li><\/ul>\n\n\n\n<ul class=\"wp-block-list\"><li>El monacato en los siglos XIX y XX<\/li><\/ul>\n\n\n\n<ul class=\"wp-block-list\"><li>Monasterios femeninos en centros y v\u00edas de peregrinaci\u00f3n<\/li><\/ul>\n\n\n\n<ul class=\"wp-block-list\"><li>Herej\u00edas y heterodoxia en el mundo mon\u00e1stico femenino<\/li><\/ul>\n\n\n\n<ul class=\"wp-block-list\"><li>El arte monacal y las monjas en el arte<\/li><\/ul>\n\n\n\n<ul class=\"wp-block-list\"><li>La literatura y pensamiento femeninos monacales<\/li><\/ul>\n\n\n\n<ul class=\"wp-block-list\"><li>Presencia de las monjas en las literaturas espa\u00f1ola, portuguesa e hispanoamericana<\/li><\/ul>\n\n\n\n<p class=\"wp-block-paragraph\"><strong>Fecha l\u00edmite para recibir propuestas:<\/strong><\/p>\n\n\n\n<p class=\"wp-block-paragraph\"><strong>17 de abril de 2020<\/strong><\/p>\n\n\n\n<p class=\"wp-block-paragraph\">Aceptaci\u00f3n de propuestas:<\/p>\n\n\n\n<p class=\"wp-block-paragraph\">30 de abril de 2020<\/p>\n\n\n\n<p class=\"wp-block-paragraph\">Comit\u00e9 organizador<\/p>\n\n\n\n<p class=\"wp-block-paragraph\">Jes\u00fas Paniagua P\u00e9rez<\/p>\n\n\n\n<p class=\"wp-block-paragraph\">IHTC, Universidad de Le\u00f3n, Espa\u00f1a<\/p>\n\n\n\n<p class=\"wp-block-paragraph\">Concepci\u00f3n Amerlinck<\/p>\n\n\n\n<p class=\"wp-block-paragraph\">CNMH &#8211; INAH, Ciudad de M\u00e9xico<\/p>\n\n\n\n<p class=\"wp-block-paragraph\">Nuria Salazar Simarro<\/p>\n\n\n\n<p class=\"wp-block-paragraph\">CNMH &#8211; INAH, Ciudad de M\u00e9xico<\/p>\n\n\n\n<p class=\"wp-block-paragraph\">Daniele Arciello<\/p>\n\n\n\n<p class=\"wp-block-paragraph\">Universidad de Le\u00f3n, Espa\u00f1a<\/p>\n\n\n\n<p class=\"wp-block-paragraph\"><strong>Comit\u00e9 cient\u00edfico<\/strong><\/p>\n\n\n\n<p class=\"wp-block-paragraph\">Juan Bosco Amores Carredano (Facultad de Letras, Universidad de Pa\u00eds Vasco, Espa\u00f1a) Juan Manuel Bartolom\u00e9 Bartolom\u00e9 (Facultad de Filosof\u00eda y Letras, Universidad de Le\u00f3n, Espa\u00f1a)<\/p>\n\n\n\n<p class=\"wp-block-paragraph\">Marta Fajardo de Rueda (Universidad Nacional, sede Bogot\u00e1, Colombia)<\/p>\n\n\n\n<p class=\"wp-block-paragraph\">Mar\u00eda del Carmen Mart\u00ednez Mart\u00ednez (Facultad de Filosof\u00eda y Letras, Universidad de Valladolid, Espa\u00f1a)<\/p>\n\n\n\n<p class=\"wp-block-paragraph\">Mina Ram\u00edrez Montes (Instituto de Investigaciones Est\u00e9ticas, UNAM, M\u00e9xico) Roger Pita Pico (Academia Colombiana de Historia, Bogot\u00e1, Colombia) Cristina Ratto (Facultad de Filosof\u00eda y Letras, UNAM, M\u00e9xico)<\/p>\n\n\n\n<p class=\"wp-block-paragraph\">Enrique Tovar Esquivel (Centro INAH, Nuevo Le\u00f3n, M\u00e9xico)<\/p>\n\n\n\n<p class=\"wp-block-paragraph\">Le\u00f3n, 28 de febrero de 2020.<\/p>\n\n\n\n<p class=\"wp-block-paragraph\"><strong>Los organizadores<\/strong><\/p>\n\n\n\n<div class=\"wp-block-file aligncenter\"><a href=\"https:\/\/adhilac.com.ar\/wp-content\/uploads\/2020\/03\/IV-Congreso-Internacional-El-monacato-femenino-I-circular-1.pdf\">IV Congreso Internacional <strong>El monacato femenino<\/strong> &#8211;<strong> I Circular <\/strong><\/a><a href=\"https:\/\/adhilac.com.ar\/wp-content\/uploads\/2020\/03\/IV-Congreso-Internacional-El-monacato-femenino-I-circular-1.pdf\" class=\"wp-block-file__button\" download>Descarga<\/a><\/div>\n\n\n\n<div style=\"height:20px\" aria-hidden=\"true\" class=\"wp-block-spacer\"><\/div>\n\n\n\n<p class=\"has-very-light-gray-color has-vivid-cyan-blue-background-color has-text-color has-background wp-block-paragraph\"><strong>Publicado por ADHILAC Internacional \u00a9 www.adhilac.com.ar<\/strong><\/p>\n\n\n\n<p class=\"has-vivid-cyan-blue-color has-very-light-gray-background-color has-text-color has-background wp-block-paragraph\"> Si Ud. desea asociarse de acuerdo a los Estatutos de ADHILAC&nbsp;<a href=\"https:\/\/adhilac.com.ar\/?page_id=263\">(ver)<\/a> complete el siguiente formulario&nbsp;(<a href=\"https:\/\/adhilac.com.ar\/?page_id=4779\">ver<\/a>)<\/p>\n\n\n\n<p class=\"has-very-light-gray-color has-vivid-cyan-blue-background-color has-text-color has-background wp-block-paragraph\"> E-mail:&nbsp;info@adhilac.com.ar <\/p>\n\n\n\n<p class=\"has-very-light-gray-color has-vivid-cyan-blue-background-color has-text-color has-background wp-block-paragraph\"> Twitter: @AdhilacInfo <\/p>\n\n\n\n<div class=\"wp-block-image\"><figure class=\"aligncenter size-large\"><img loading=\"lazy\" decoding=\"async\" width=\"85\" height=\"85\" src=\"https:\/\/adhilac.com.ar\/wp-content\/uploads\/2015\/02\/Logo-ADHILAC-Internacional-PEQ.jpg\" alt=\"\" class=\"wp-image-10473\"\/><\/figure><\/div>\n\n\n\n<div style=\"height:20px\" aria-hidden=\"true\" class=\"wp-block-spacer\"><\/div>\n\n\n\n<p class=\"wp-block-paragraph\">Ver <a href=\"https:\/\/adhilac.com.ar\/?page_id=541\">Presentaci\u00f3n de ADHILAC<\/a><\/p>\n\n\n\n<div class=\"wp-block-group\"><div class=\"wp-block-group__inner-container is-layout-flow wp-block-group-is-layout-flow\">\n<p class=\"has-text-align-center has-very-light-gray-color has-vivid-cyan-blue-background-color has-text-color has-background wp-block-paragraph\"><strong><a href=\"https:\/\/adhilac.com.ar\/?page_id=541\">QUIENES SOMOS<\/a><\/strong><\/p>\n\n\n\n<p class=\"has-text-align-center has-vivid-cyan-blue-color has-very-light-gray-background-color has-text-color has-background wp-block-paragraph\"><strong><a href=\"https:\/\/adhilac.com.ar\/?page_id=15507\">DIRECTIVA DE ADHILAC INTERNACIONAL<\/a><\/strong><\/p>\n\n\n\n<p class=\"has-text-align-center has-very-light-gray-color has-vivid-cyan-blue-background-color has-text-color has-background wp-block-paragraph\"><strong><a href=\"https:\/\/adhilac.com.ar\/?page_id=267\">Declaraci\u00f3n de Caracas de ADHILAC (2007)<\/a><\/strong><\/p>\n\n\n\n<p class=\"has-text-align-center has-vivid-cyan-blue-color has-very-light-gray-background-color has-text-color has-background wp-block-paragraph\"><strong><a href=\"https:\/\/adhilac.com.ar\/?page_id=15873\">ADHILAC: Historia &#8211; Historidorxs<\/a><\/strong><\/p>\n\n\n\n<p class=\"has-text-align-center has-very-light-gray-color has-vivid-cyan-blue-background-color has-text-color has-background wp-block-paragraph\"><strong><a href=\"https:\/\/adhilac.com.ar\/?page_id=15876\">ADHILAC 20 a\u00f1os despu\u00e9s (1974-1994)<\/a> <\/strong><\/p>\n\n\n\n<p class=\"has-text-align-center has-vivid-cyan-blue-color has-very-light-gray-background-color has-text-color has-background wp-block-paragraph\"><strong><a href=\"https:\/\/adhilac.com.ar\/?page_id=15861\">ADHILAC Breve Historia<\/a> <\/strong><\/p>\n\n\n\n<p class=\"has-text-align-center has-very-light-gray-color has-vivid-cyan-blue-background-color has-text-color has-background wp-block-paragraph\"><strong><a href=\"https:\/\/adhilac.com.ar\/?page_id=15887\">ADHILAC: Miembrxs fundadores<\/a><\/strong><\/p>\n\n\n\n<p class=\"has-text-align-center has-vivid-cyan-blue-color has-very-light-gray-background-color has-text-color has-background wp-block-paragraph\"><strong><a href=\"https:\/\/adhilac.com.ar\/?page_id=15943\">ADHILAC: Historiadorxs Destacadxs<\/a><\/strong><\/p>\n\n\n\n<p class=\"has-text-align-center has-very-light-gray-color has-vivid-cyan-blue-background-color has-text-color has-background wp-block-paragraph\"><strong><a href=\"https:\/\/adhilac.com.ar\/?page_id=4779\">SOCIXS<\/a><\/strong><\/p>\n\n\n\n<p class=\"has-text-align-center has-vivid-cyan-blue-color has-very-light-gray-background-color has-text-color has-background wp-block-paragraph\"><strong><a href=\"https:\/\/adhilac.com.ar\/?page_id=263\">Estatutos de ADHILAC<\/a><\/strong><\/p>\n\n\n\n<p class=\"has-text-align-center has-very-light-gray-color has-vivid-cyan-blue-background-color has-text-color has-background wp-block-paragraph\"><strong><a href=\"https:\/\/adhilac.com.ar\/?page_id=8220\">BICENTENARIO<\/a><\/strong><\/p>\n\n\n\n<p class=\"has-text-align-center has-vivid-cyan-blue-color has-very-light-gray-background-color has-text-color has-background wp-block-paragraph\"><strong><a href=\"https:\/\/adhilac.com.ar\/?page_id=8279\">BIBLIOTECA<\/a><\/strong><\/p>\n\n\n\n<p class=\"has-text-align-center has-very-light-gray-color has-vivid-cyan-blue-background-color has-text-color has-background wp-block-paragraph\"><strong><a href=\"https:\/\/adhilac.com.ar\/?page_id=1698\">ENLACES<\/a> <\/strong><\/p>\n\n\n\n<p class=\"has-text-align-center has-vivid-cyan-blue-color has-very-light-gray-background-color has-text-color has-background wp-block-paragraph\"><a href=\"http:\/\/www.ariadnatucma.com.ar\">VISITE ARIADNA TUCMA REVISTA LATINOAMERICANA<\/a><\/p>\n<\/div><\/div>\n","protected":false},"excerpt":{"rendered":"<p>I CIRCULAR Los d\u00edas 14-18 de septiembre de 2020 se celebrar\u00e1 en Le\u00f3n (Espa\u00f1a) el IV Congreso Internacional \u201cEl monacato femenino en Am\u00e9rica y en la Pen\u00ednsula Ib\u00e9rica\u201d, organizado por el Instituto de Humanismo y Tradici\u00f3n Cl\u00e1sica de la Universidad de Le\u00f3n y la Coordinaci\u00f3n Nacional de Monumentos Hist\u00f3ricos del Instituto Nacional de Antropolog\u00eda e [&hellip;]<\/p>\n","protected":false},"author":2,"featured_media":0,"comment_status":"closed","ping_status":"closed","sticky":false,"template":"","format":"standard","meta":{"_crdt_document":"","footnotes":""},"categories":[5,40],"tags":[953],"class_list":["post-16377","post","type-post","status-publish","format-standard","hentry","category-congresos","category-informaciones","tag-monacato"],"_links":{"self":[{"href":"https:\/\/adhilac.com.ar\/index.php?rest_route=\/wp\/v2\/posts\/16377","targetHints":{"allow":["GET"]}}],"collection":[{"href":"https:\/\/adhilac.com.ar\/index.php?rest_route=\/wp\/v2\/posts"}],"about":[{"href":"https:\/\/adhilac.com.ar\/index.php?rest_route=\/wp\/v2\/types\/post"}],"author":[{"embeddable":true,"href":"https:\/\/adhilac.com.ar\/index.php?rest_route=\/wp\/v2\/users\/2"}],"replies":[{"embeddable":true,"href":"https:\/\/adhilac.com.ar\/index.php?rest_route=%2Fwp%2Fv2%2Fcomments&post=16377"}],"version-history":[{"count":4,"href":"https:\/\/adhilac.com.ar\/index.php?rest_route=\/wp\/v2\/posts\/16377\/revisions"}],"predecessor-version":[{"id":16837,"href":"https:\/\/adhilac.com.ar\/index.php?rest_route=\/wp\/v2\/posts\/16377\/revisions\/16837"}],"wp:attachment":[{"href":"https:\/\/adhilac.com.ar\/index.php?rest_route=%2Fwp%2Fv2%2Fmedia&parent=16377"}],"wp:term":[{"taxonomy":"category","embeddable":true,"href":"https:\/\/adhilac.com.ar\/index.php?rest_route=%2Fwp%2Fv2%2Fcategories&post=16377"},{"taxonomy":"post_tag","embeddable":true,"href":"https:\/\/adhilac.com.ar\/index.php?rest_route=%2Fwp%2Fv2%2Ftags&post=16377"}],"curies":[{"name":"wp","href":"https:\/\/api.w.org\/{rel}","templated":true}]}}