{"id":16408,"date":"2020-03-07T20:35:00","date_gmt":"2020-03-07T23:35:00","guid":{"rendered":"https:\/\/adhilac.com.ar\/?p=16408"},"modified":"2020-08-15T10:06:09","modified_gmt":"2020-08-15T13:06:09","slug":"william-walker-nicaraguas-president","status":"publish","type":"post","link":"https:\/\/adhilac.com.ar\/?p=16408","title":{"rendered":"William Walker, Nicaragua\u2019s President"},"content":{"rendered":"\n<div class=\"wp-block-media-text alignwide has-media-on-the-right is-stacked-on-mobile is-image-fill has-luminous-vivid-orange-background-color has-background\"><figure class=\"wp-block-media-text__media\" style=\"background-image:url(https:\/\/adhilac.com.ar\/wp-content\/uploads\/2020\/03\/William-Waker-nicaragua.jpeg);background-position:50% 50%\"><img loading=\"lazy\" decoding=\"async\" width=\"1000\" height=\"600\" src=\"https:\/\/adhilac.com.ar\/wp-content\/uploads\/2020\/03\/William-Waker-nicaragua.jpeg\" alt=\"\" class=\"wp-image-16409\" srcset=\"https:\/\/adhilac.com.ar\/wp-content\/uploads\/2020\/03\/William-Waker-nicaragua.jpeg 1000w, https:\/\/adhilac.com.ar\/wp-content\/uploads\/2020\/03\/William-Waker-nicaragua-500x300.jpeg 500w, https:\/\/adhilac.com.ar\/wp-content\/uploads\/2020\/03\/William-Waker-nicaragua-768x461.jpeg 768w\" sizes=\"auto, (max-width: 1000px) 100vw, 1000px\" \/><\/figure><div class=\"wp-block-media-text__content\">\n<p class=\"has-text-align-left has-very-light-gray-color has-text-color has-normal-font-size wp-block-paragraph\">Por Sergio Guerra Vilaboy <\/p>\n<\/div><\/div>\n\n\n\n<p class=\"wp-block-paragraph\">La expansi\u00f3n de Estados Unidos sobre Am\u00e9rica Central inici\u00f3 justamente al t\u00e9rmino de la guerra contra M\u00e9xico en 1848. Apenas acababan de ser arrebatados los territorios mexicanos cuando se produjo el descubrimiento de ricos yacimientos aur\u00edferos en California, desat\u00e1ndose la fiebre aventurera de los norteamericanos por llegar al Oeste, poniendo sobre el tapete la necesidad de encontrar rutas apropiadas y seguras. Miles de personas quer\u00edan ir de inmediato a California y Oreg\u00f3n, a la par que comerciantes e industriales estadounidenses de los puertos del Este buscaban expandir sus negocios y mercados en aquella direcci\u00f3n.<\/p>\n\n\n\n<!--more-->\n\n\n\n<p class=\"wp-block-paragraph\">Ante la ausencia de v\u00edas de comunicaci\u00f3n expeditas \u2013el ferrocarril transcontinental s\u00f3lo ser\u00eda terminado en 1869- que atravesaran los territorios robados a M\u00e9xico, muchos de los cuales eran habitados por tribus ind\u00edgenas insumisas, los istmos centroamericanos-fundamentalmente Tehuantepec, Nicaragua y Panam\u00e1- deven\u00edan una ruta m\u00e1s r\u00e1pida y menos peligrosa. En el caso de Nicaragua, la ruta interoce\u00e1nica fue explotada por una empresa del millonario Cornelius Vanderbilt, que compet\u00eda con las l\u00edneas de Sloo y de Harris que operaba por Panam\u00e1.<\/p>\n\n\n\n<p class=\"wp-block-paragraph\">Los pasajeros de Vanderbilt viajaban por mar desde la costa atl\u00e1ntica de Estados Unidos hasta la entrada del r\u00edo San Juan (Greytown), lo surcaban en peque\u00f1as embarcaciones hasta el lago de Nicaragua y la bah\u00eda de La Virgen y luego recorr\u00edan en diligencias, por un camino asfaltado, las doce millas hasta San Juan del Sur, sobre el Pac\u00edfico. El inter\u00e9s de Estados Unidos en la regi\u00f3n se incrementaba por la presi\u00f3n de los plantadores sure\u00f1os, que quer\u00edan agregar nuevos estados esclavistas para obtener una balanza de poder m\u00e1s favorable en el congreso norteamericano.<\/p>\n\n\n\n<figure class=\"wp-block-image\"><img decoding=\"async\" src=\"https:\/\/informefracto.com\/wp-content\/uploads\/2020\/03\/Madre-Am\u00e9rica-2.jpeg\" alt=\"\" class=\"wp-image-22386\"\/><\/figure>\n\n\n\n<p class=\"wp-block-paragraph\">En Nicaragua, la presencia norteamericana fue facilitada por las contradicciones entre liberales y conservadores. Cuando las luchas entre ambos bandos eran de resultado incierto, los liberares aceptaron combatientes estadounidenses que ser\u00edan compensados con dinero y tierras. As\u00ed lleg\u00f3 a Nicaragua, el 13 de junio de 1855, un nutrido grupo de mercenarios norteamericanos comandados por William Walker, a quien de inmediato se le dio el grado de coronel y la ciudadan\u00eda nicarag\u00fcense.<\/p>\n\n\n\n<p class=\"wp-block-paragraph\">Walker era el prototipo de aventurero texano expansionista. Ya en 1853 hab\u00eda invadido la Baja California y proclamado su presidente, intento repetido al a\u00f1o siguiente en Sonora. Victorioso sobre los conservadores nicarag\u00fcenses en octubre y ascendido a general, Walker impuso en la primera magistratura de Nicaragua al liberal Patricio Rivas, quien le traspas\u00f3 la concesi\u00f3n de Vanderbilt \u2013desde ese momento se puso en su contra- para la explotaci\u00f3n de la ruta transoce\u00e1nica por Nicaragua. Pero las depredaciones de Walker, que afectaban seriamente las soberan\u00edas de los vecinos pa\u00edses centroamericanos, levantaron una ola de indignaci\u00f3n que condujo al presidente costarricense Juan Rafael Mora a declararle la guerra.<\/p>\n\n\n\n<p class=\"wp-block-paragraph\">Despu\u00e9s de las batallas de Guanacaste (20 de marzo de 1856), en territorio de Costa Rica, y la de Rivas en Nicaragua (11 de abril), Walker se auto nombr\u00f3 presidente de Nicaragua (12 de julio), sin ocultar su plan de imitar el ejemplo de Texas y anexar el pa\u00eds a Estados Unidos. Para ese proyecto contaba con el apoyo de los hacendados sure\u00f1os y del propio mandatario norteamericano Franklin Pierce, que de inmediato le extendi\u00f3 su reconocimiento diplom\u00e1tico. Para llevar adelante esos objetivos, el \u201cpresidente\u201d Walker restableci\u00f3 la esclavitud y proclam\u00f3 el ingl\u00e9s como idioma oficial en Nicaragua, as\u00ed como la igualdad de derechos entre nativos y naturalizados, a la vez que repart\u00eda propiedades entre sus hombres. Ante tantos agravios, el ex presidente Rivas se sublev\u00f3 contra Walker, lo declar\u00f3 enemigo de Nicaragua y pidi\u00f3 ayuda a los gobiernos vecinos.<\/p>\n\n\n\n<p class=\"wp-block-paragraph\">A fines de septiembre de 1856, los ej\u00e9rcitos aliados centroamericanos liberaron Le\u00f3n, Managua, Masaya y Rivas, mientras Walker, que hab\u00eda incendiado la ciudad de Granada antes de abandonarla, se refugiaba en Rivas, despu\u00e9s de autoproclamarse tambi\u00e9n \u201cpresidente\u201d de El Salvador. Acorralados, los invasores norteamericanos se vieron obligados a capitular el 13 de abril de 1857, aunque Walker pudo escapar en un buque de guerra de Estados Unidos. En noviembre de ese a\u00f1o volvi\u00f3, pero fue obligado a reembarcarse y en agosto de 1860 repiti\u00f3 el intento en Honduras. Derrotado de nuevo, se refugi\u00f3 en un barco de la armada inglesa, cuyo capit\u00e1n lo entreg\u00f3 al gobierno hondure\u00f1o, que lo fusil\u00f3 el 12 de septiembre de ese a\u00f1o, poniendo fin a sus depredaciones por las tierras de Nuestra Am\u00e9rica.<\/p>\n\n\n\n<div style=\"height:20px\" aria-hidden=\"true\" class=\"wp-block-spacer\"><\/div>\n\n\n\n<p class=\"has-very-light-gray-color has-vivid-cyan-blue-background-color has-text-color has-background wp-block-paragraph\"><strong>Publicado por ADHILAC Internacional \u00a9 www.adhilac.com.ar<\/strong><\/p>\n\n\n\n<p class=\"has-vivid-cyan-blue-color has-very-light-gray-background-color has-text-color has-background wp-block-paragraph\"> Si Ud. desea asociarse de acuerdo a los Estatutos de ADHILAC&nbsp;<a href=\"https:\/\/adhilac.com.ar\/?page_id=263\">(ver)<\/a> complete el siguiente formulario&nbsp;(<a href=\"https:\/\/adhilac.com.ar\/?page_id=4779\">ver<\/a>)<\/p>\n\n\n\n<p class=\"has-very-light-gray-color has-vivid-cyan-blue-background-color has-text-color has-background wp-block-paragraph\"> E-mail:&nbsp;info@adhilac.com.ar <\/p>\n\n\n\n<p class=\"has-very-light-gray-color has-vivid-cyan-blue-background-color has-text-color has-background wp-block-paragraph\"> Twitter: @AdhilacInfo <\/p>\n\n\n\n<div class=\"wp-block-image\"><figure class=\"aligncenter size-large\"><img loading=\"lazy\" decoding=\"async\" width=\"85\" height=\"85\" src=\"https:\/\/adhilac.com.ar\/wp-content\/uploads\/2015\/02\/Logo-ADHILAC-Internacional-PEQ.jpg\" alt=\"\" class=\"wp-image-10473\"\/><\/figure><\/div>\n\n\n\n<p class=\"wp-block-paragraph\">Ver <a href=\"https:\/\/adhilac.com.ar\/?page_id=541\">Presentaci\u00f3n de ADHILAC<\/a><\/p>\n\n\n\n<div style=\"height:20px\" aria-hidden=\"true\" class=\"wp-block-spacer\"><\/div>\n\n\n\n<div class=\"wp-block-group\"><div class=\"wp-block-group__inner-container is-layout-flow wp-block-group-is-layout-flow\">\n<p class=\"has-text-align-center has-very-light-gray-color has-vivid-cyan-blue-background-color has-text-color has-background wp-block-paragraph\"><strong><a href=\"https:\/\/adhilac.com.ar\/?page_id=541\">QUIENES SOMOS<\/a><\/strong><\/p>\n\n\n\n<p class=\"has-text-align-center has-vivid-cyan-blue-color has-very-light-gray-background-color has-text-color has-background wp-block-paragraph\"><strong><a href=\"https:\/\/adhilac.com.ar\/?page_id=15507\">DIRECTIVA DE ADHILAC INTERNACIONAL<\/a><\/strong><\/p>\n\n\n\n<p class=\"has-text-align-center has-very-light-gray-color has-vivid-cyan-blue-background-color has-text-color has-background wp-block-paragraph\"><strong><a href=\"https:\/\/adhilac.com.ar\/?page_id=267\">Declaraci\u00f3n de Caracas de ADHILAC (2007)<\/a><\/strong><\/p>\n\n\n\n<p class=\"has-text-align-center has-vivid-cyan-blue-color has-very-light-gray-background-color has-text-color has-background wp-block-paragraph\"><strong><a href=\"https:\/\/adhilac.com.ar\/?page_id=15873\">ADHILAC: Historia &#8211; Historidorxs<\/a><\/strong><\/p>\n\n\n\n<p class=\"has-text-align-center has-very-light-gray-color has-vivid-cyan-blue-background-color has-text-color has-background wp-block-paragraph\"><strong><a href=\"https:\/\/adhilac.com.ar\/?page_id=15876\">ADHILAC 20 a\u00f1os despu\u00e9s (1974-1994)<\/a> <\/strong><\/p>\n\n\n\n<p class=\"has-text-align-center has-vivid-cyan-blue-color has-very-light-gray-background-color has-text-color has-background wp-block-paragraph\"><strong><a href=\"https:\/\/adhilac.com.ar\/?page_id=15861\">ADHILAC Breve Historia<\/a> <\/strong><\/p>\n\n\n\n<p class=\"has-text-align-center has-very-light-gray-color has-vivid-cyan-blue-background-color has-text-color has-background wp-block-paragraph\"><strong><a href=\"https:\/\/adhilac.com.ar\/?page_id=15887\">ADHILAC: Miembrxs fundadores<\/a><\/strong><\/p>\n\n\n\n<p class=\"has-text-align-center has-vivid-cyan-blue-color has-very-light-gray-background-color has-text-color has-background wp-block-paragraph\"><strong><a href=\"https:\/\/adhilac.com.ar\/?page_id=15943\">ADHILAC: Historiadorxs Destacadxs<\/a><\/strong><\/p>\n\n\n\n<p class=\"has-text-align-center has-very-light-gray-color has-vivid-cyan-blue-background-color has-text-color has-background wp-block-paragraph\"><strong><a href=\"https:\/\/adhilac.com.ar\/?page_id=4779\">SOCIXS<\/a><\/strong><\/p>\n\n\n\n<p class=\"has-text-align-center has-vivid-cyan-blue-color has-very-light-gray-background-color has-text-color has-background wp-block-paragraph\"><strong><a href=\"https:\/\/adhilac.com.ar\/?page_id=263\">Estatutos de ADHILAC<\/a><\/strong><\/p>\n\n\n\n<p class=\"has-text-align-center has-very-light-gray-color has-vivid-cyan-blue-background-color has-text-color has-background wp-block-paragraph\"><strong><a href=\"https:\/\/adhilac.com.ar\/?page_id=8220\">BICENTENARIO<\/a><\/strong><\/p>\n\n\n\n<p class=\"has-text-align-center has-vivid-cyan-blue-color has-very-light-gray-background-color has-text-color has-background wp-block-paragraph\"><strong><a href=\"https:\/\/adhilac.com.ar\/?page_id=8279\">BIBLIOTECA<\/a><\/strong><\/p>\n\n\n\n<p class=\"has-text-align-center has-very-light-gray-color has-vivid-cyan-blue-background-color has-text-color has-background wp-block-paragraph\"><strong><a href=\"https:\/\/adhilac.com.ar\/?page_id=1698\">ENLACES<\/a> <\/strong><\/p>\n\n\n\n<p class=\"has-text-align-center has-vivid-cyan-blue-color has-very-light-gray-background-color has-text-color has-background wp-block-paragraph\"><a href=\"http:\/\/www.ariadnatucma.com.ar\">VISITE ARIADNA TUCMA REVISTA LATINOAMERICANA<\/a><\/p>\n<\/div><\/div>\n","protected":false},"excerpt":{"rendered":"<p>Por Sergio Guerra Vilaboy La expansi\u00f3n de Estados Unidos sobre Am\u00e9rica Central inici\u00f3 justamente al t\u00e9rmino de la guerra contra M\u00e9xico en 1848. Apenas acababan de ser arrebatados los territorios mexicanos cuando se produjo el descubrimiento de ricos yacimientos aur\u00edferos en California, desat\u00e1ndose la fiebre aventurera de los norteamericanos por llegar al Oeste, poniendo sobre [&hellip;]<\/p>\n","protected":false},"author":17,"featured_media":0,"comment_status":"closed","ping_status":"closed","sticky":false,"template":"","format":"standard","meta":{"_crdt_document":"","footnotes":""},"categories":[15],"tags":[369,959],"class_list":["post-16408","post","type-post","status-publish","format-standard","hentry","category-historia","tag-nicaragua","tag-william-walker"],"_links":{"self":[{"href":"https:\/\/adhilac.com.ar\/index.php?rest_route=\/wp\/v2\/posts\/16408","targetHints":{"allow":["GET"]}}],"collection":[{"href":"https:\/\/adhilac.com.ar\/index.php?rest_route=\/wp\/v2\/posts"}],"about":[{"href":"https:\/\/adhilac.com.ar\/index.php?rest_route=\/wp\/v2\/types\/post"}],"author":[{"embeddable":true,"href":"https:\/\/adhilac.com.ar\/index.php?rest_route=\/wp\/v2\/users\/17"}],"replies":[{"embeddable":true,"href":"https:\/\/adhilac.com.ar\/index.php?rest_route=%2Fwp%2Fv2%2Fcomments&post=16408"}],"version-history":[{"count":4,"href":"https:\/\/adhilac.com.ar\/index.php?rest_route=\/wp\/v2\/posts\/16408\/revisions"}],"predecessor-version":[{"id":16835,"href":"https:\/\/adhilac.com.ar\/index.php?rest_route=\/wp\/v2\/posts\/16408\/revisions\/16835"}],"wp:attachment":[{"href":"https:\/\/adhilac.com.ar\/index.php?rest_route=%2Fwp%2Fv2%2Fmedia&parent=16408"}],"wp:term":[{"taxonomy":"category","embeddable":true,"href":"https:\/\/adhilac.com.ar\/index.php?rest_route=%2Fwp%2Fv2%2Fcategories&post=16408"},{"taxonomy":"post_tag","embeddable":true,"href":"https:\/\/adhilac.com.ar\/index.php?rest_route=%2Fwp%2Fv2%2Ftags&post=16408"}],"curies":[{"name":"wp","href":"https:\/\/api.w.org\/{rel}","templated":true}]}}