{"id":16418,"date":"2020-03-12T19:56:00","date_gmt":"2020-03-12T22:56:00","guid":{"rendered":"https:\/\/adhilac.com.ar\/?p=16418"},"modified":"2020-08-15T10:05:25","modified_gmt":"2020-08-15T13:05:25","slug":"acoso-imperialista-a-venezuela-a-principios-del-siglo-xx","status":"publish","type":"post","link":"https:\/\/adhilac.com.ar\/?p=16418","title":{"rendered":"Acoso imperialista a Venezuela a principios del siglo XX"},"content":{"rendered":"\n<div class=\"wp-block-media-text alignwide is-stacked-on-mobile is-image-fill has-cyan-bluish-gray-background-color has-background\"><figure class=\"wp-block-media-text__media\" style=\"background-image:url(https:\/\/adhilac.com.ar\/wp-content\/uploads\/2020\/03\/Caricatura-Cipriano-Castro-presidente-Venezuelax-Willian-Allen-Rogers.-New-York-Herald.-Enero-1903..jpg);background-position:31% 65%\"><img loading=\"lazy\" decoding=\"async\" width=\"663\" height=\"474\" src=\"https:\/\/adhilac.com.ar\/wp-content\/uploads\/2020\/03\/Caricatura-Cipriano-Castro-presidente-Venezuelax-Willian-Allen-Rogers.-New-York-Herald.-Enero-1903..jpg\" alt=\"\" class=\"wp-image-16419\" srcset=\"https:\/\/adhilac.com.ar\/wp-content\/uploads\/2020\/03\/Caricatura-Cipriano-Castro-presidente-Venezuelax-Willian-Allen-Rogers.-New-York-Herald.-Enero-1903..jpg 663w, https:\/\/adhilac.com.ar\/wp-content\/uploads\/2020\/03\/Caricatura-Cipriano-Castro-presidente-Venezuelax-Willian-Allen-Rogers.-New-York-Herald.-Enero-1903.-500x357.jpg 500w\" sizes=\"auto, (max-width: 663px) 100vw, 663px\" \/><\/figure><div class=\"wp-block-media-text__content\">\n<p class=\"has-text-align-right has-vivid-red-color has-text-color has-normal-font-size wp-block-paragraph\">Por Sergio Guerra Vilaboy<\/p>\n<\/div><\/div>\n\n\n\n<p class=\"wp-block-paragraph\">El 9 de diciembre de 1902, una flota de guerra conjunta de Inglaterra, Italia y Alemania ocup\u00f3 el puerto de La Guaira en Venezuela. Unos d\u00edas despu\u00e9s, la acci\u00f3n punitiva se repiti\u00f3 contra Puerto Cabello, y el 17 de enero de 1903 fue agredido tambi\u00e9n el Castillo de San Carlos en el lago de Maracaibo por un buque de guerra alem\u00e1n. Las escuadras europeas bloquearon durante dos meses las costas de Venezuela para exigir al gobierno de Caracas la satisfacci\u00f3n de sus reclamaciones financieras, en un episodio muy parecido al que padeci\u00f3 M\u00e9xico en 1861 durante el gobierno de Benito Ju\u00e1rez y que fuera el preludio del Imperio de Maximiliano.<\/p>\n\n\n\n<!--more-->\n\n\n\n<p class=\"wp-block-paragraph\">El presidente venezolano Cipriano Castro, sin recursos para enfrentar la agresi\u00f3n, sali\u00f3 en defensa del pa\u00eds con un discurso nacionalista, dado a conocer en su proclama del 9 de diciembre de 1902, en la que declaraba: \u201c\u00a1<em>La planta insolente del Extranjero ha profanado el sagrado suelo de la Patria!\u201d<\/em>. Ante la posibilidad de que el conflicto se complicara, y preocupado por la intromisi\u00f3n europea en el mar Caribe, Estados Unidos impuso el arbitraje internacional, a pesar de los llamados de la propia prensa norteamericana en contra de los desacreditados e insolventes pa\u00edses suramericanos. Los gobiernos de Inglaterra, Alemania e Italia aceptaron retirar sus flotas el 19 de febrero de 1903 y abrir negociaciones. El fallo internacional oblig\u00f3 al presidente Castro a aceptar las exigencias europeas y entregar el 30 por ciento de los ingresos aduaneros a los acreedores.<\/p>\n\n\n\n<p class=\"wp-block-paragraph\">Castro hab\u00eda llegado al poder al frente de la denominada Revoluci\u00f3n Liberal Restauradora, enfilada contra el decadente <em>liberalismo amarillo<\/em>. Despu\u00e9s de derrotar a las tropas gubernamentales en los Andes y el centro del pa\u00eds, el ej\u00e9rcito de Cipriano Castro se impuso en la cruenta batalla de Tocuyito (Carabobo), que le permiti\u00f3 entrar en Caracas el 22 de octubre de 1899 y ser nombrado por una Asamblea Constituyente presidente interino (1901) y luego mandatario constitucional (1902-1908).<\/p>\n\n\n\n<p class=\"wp-block-paragraph\">La victoria militar no tranquiliz\u00f3 al pa\u00eds, pues la guerra civil se prolong\u00f3 promovida por varios caudillos locales y empresas extranjeras. Pero Castro se las arregl\u00f3 para derrotar a cada caudillo por separado, reconquistando casi todo el territorio nacional, salvo los \u00faltimos opositores arrinconados en Ciudad Bol\u00edvar, donde fueron doblegados por las fuerzas de su compadre el General Juan Vicente G\u00f3mez el 21 de julio de 1903. Desde ese momento, Castro impuso la hegemon\u00eda andina y un r\u00e9gimen autoritario, en un pa\u00eds arruinado y endeudado, pues los precios del caf\u00e9, principal producto de exportaci\u00f3n, se hab\u00edan desplomado.<\/p>\n\n\n\n<p class=\"wp-block-paragraph\">Terminada la confrontaci\u00f3n, aparecieron nuevos problemas internacionales motivados por pleitos judiciales con las compa\u00f1\u00edas que hab\u00edan apoyado a los opositores a Castro, que aspiraban a controlar un nuevo recurso del suelo venezolano: el petr\u00f3leo. En medio de juicios, reclamaciones, amenazas de invasi\u00f3n, campa\u00f1as difamatorias y conspiraciones anticastristas, se produjo entre 1906 y 1908 la ruptura de relaciones con Francia, Holanda y Estados Unidos, que calificaban a Castro de \u201carrogante dictador\u201d.<\/p>\n\n\n\n<p class=\"wp-block-paragraph\">En esta compleja situaci\u00f3n, Castro debi\u00f3 viajar a Europa para someterse a una impostergable operaci\u00f3n quir\u00fargica, dejando a G\u00f3mez encargado de la presidencia el 23 de noviembre de 1908. Aprovechando la ausencia del mandatario, su compadre, con la complicidad de potencias europeas y Estados Unidos, as\u00ed como de la propia oligarqu\u00eda venezolana, dio un golpe de estado el 19 de diciembre de ese a\u00f1o. Apenas unas semanas despu\u00e9s (13 de febrero de 1909), se firmaban acuerdos con Washington que satisfac\u00edan todas las reclamaciones de Estados Unidos. Ello permiti\u00f3 a G\u00f3mez gobernar Venezuela a su antojo hasta su muerte, por causas naturales, en 1935, mientras su antiguo jefe, perseguido con sa\u00f1a por las compa\u00f1\u00edas y gobiernos resentidos por su pol\u00edtica nacionalista, sin recursos propios, deb\u00eda peregrinar por diferentes pa\u00edses. Falleci\u00f3 el 5 de diciembre de 1924 en Santurce, Puerto Rico. Las cenizas de Cipriano Castro descansan dese el 2003 en el Pante\u00f3n Nacional, en cumplimiento del acuerdo de la Asamblea Nacional de la Rep\u00fablica Bolivariana de Venezuela que lo consider\u00f3 merecedor de esos honores porque \u201cdirigi\u00f3 la revoluci\u00f3n restauradora, que cerr\u00f3 el ciclo hist\u00f3rico del caudillismo guerrero, que rescat\u00f3 la unidad nacional, la estabilidad pol\u00edtica, la independencia y la seguridad del pa\u00eds.\u201d<\/p>\n\n\n\n<p class=\"wp-block-paragraph\">Fuente: informe.fracto 12 de marzo de 2020<\/p>\n\n\n\n<div style=\"height:20px\" aria-hidden=\"true\" class=\"wp-block-spacer\"><\/div>\n\n\n\n<p class=\"has-very-light-gray-color has-vivid-cyan-blue-background-color has-text-color has-background wp-block-paragraph\"><strong>Publicado por ADHILAC Internacional \u00a9 www.adhilac.com.ar<\/strong><\/p>\n\n\n\n<p class=\"has-vivid-cyan-blue-color has-very-light-gray-background-color has-text-color has-background wp-block-paragraph\"> Si Ud. desea asociarse de acuerdo a los Estatutos de ADHILAC&nbsp;<a href=\"https:\/\/adhilac.com.ar\/?page_id=263\">(ver)<\/a> complete el siguiente formulario&nbsp;(<a href=\"https:\/\/adhilac.com.ar\/?page_id=4779\">ver<\/a>)<\/p>\n\n\n\n<p class=\"has-very-light-gray-color has-vivid-cyan-blue-background-color has-text-color has-background wp-block-paragraph\"> E-mail:&nbsp;info@adhilac.com.ar <\/p>\n\n\n\n<p class=\"has-very-light-gray-color has-vivid-cyan-blue-background-color has-text-color has-background wp-block-paragraph\"> Twitter: @AdhilacInfo <\/p>\n\n\n\n<div class=\"wp-block-image\"><figure class=\"aligncenter size-large\"><img loading=\"lazy\" decoding=\"async\" width=\"85\" height=\"85\" src=\"https:\/\/adhilac.com.ar\/wp-content\/uploads\/2015\/02\/Logo-ADHILAC-Internacional-PEQ.jpg\" alt=\"\" class=\"wp-image-10473\"\/><\/figure><\/div>\n\n\n\n<p class=\"wp-block-paragraph\">Ver <a href=\"https:\/\/adhilac.com.ar\/?page_id=541\">Presentaci\u00f3n de ADHILAC<\/a><\/p>\n\n\n\n<div class=\"wp-block-group\"><div class=\"wp-block-group__inner-container is-layout-flow wp-block-group-is-layout-flow\">\n<p class=\"has-text-align-center has-very-light-gray-color has-vivid-cyan-blue-background-color has-text-color has-background wp-block-paragraph\"><strong><a href=\"https:\/\/adhilac.com.ar\/?page_id=541\">QUIENES SOMOS<\/a><\/strong><\/p>\n\n\n\n<p class=\"has-text-align-center has-vivid-cyan-blue-color has-very-light-gray-background-color has-text-color has-background wp-block-paragraph\"><strong><a href=\"https:\/\/adhilac.com.ar\/?page_id=15507\">DIRECTIVA DE ADHILAC INTERNACIONAL<\/a><\/strong><\/p>\n\n\n\n<p class=\"has-text-align-center has-very-light-gray-color has-vivid-cyan-blue-background-color has-text-color has-background wp-block-paragraph\"><strong><a href=\"https:\/\/adhilac.com.ar\/?page_id=267\">Declaraci\u00f3n de Caracas de ADHILAC (2007)<\/a><\/strong><\/p>\n\n\n\n<p class=\"has-text-align-center has-vivid-cyan-blue-color has-very-light-gray-background-color has-text-color has-background wp-block-paragraph\"><strong><a href=\"https:\/\/adhilac.com.ar\/?page_id=15873\">ADHILAC: Historia &#8211; Historidorxs<\/a><\/strong><\/p>\n\n\n\n<p class=\"has-text-align-center has-very-light-gray-color has-vivid-cyan-blue-background-color has-text-color has-background wp-block-paragraph\"><strong><a href=\"https:\/\/adhilac.com.ar\/?page_id=15876\">ADHILAC 20 a\u00f1os despu\u00e9s (1974-1994)<\/a> <\/strong><\/p>\n\n\n\n<p class=\"has-text-align-center has-vivid-cyan-blue-color has-very-light-gray-background-color has-text-color has-background wp-block-paragraph\"><strong><a href=\"https:\/\/adhilac.com.ar\/?page_id=15861\">ADHILAC Breve Historia<\/a> <\/strong><\/p>\n\n\n\n<p class=\"has-text-align-center has-very-light-gray-color has-vivid-cyan-blue-background-color has-text-color has-background wp-block-paragraph\"><strong><a href=\"https:\/\/adhilac.com.ar\/?page_id=15887\">ADHILAC: Miembrxs fundadores<\/a><\/strong><\/p>\n\n\n\n<p class=\"has-text-align-center has-vivid-cyan-blue-color has-very-light-gray-background-color has-text-color has-background wp-block-paragraph\"><strong><a href=\"https:\/\/adhilac.com.ar\/?page_id=15943\">ADHILAC: Historiadorxs Destacadxs<\/a><\/strong><\/p>\n\n\n\n<p class=\"has-text-align-center has-very-light-gray-color has-vivid-cyan-blue-background-color has-text-color has-background wp-block-paragraph\"><strong><a href=\"https:\/\/adhilac.com.ar\/?page_id=4779\">SOCIXS<\/a><\/strong><\/p>\n\n\n\n<p class=\"has-text-align-center has-vivid-cyan-blue-color has-very-light-gray-background-color has-text-color has-background wp-block-paragraph\"><strong><a href=\"https:\/\/adhilac.com.ar\/?page_id=263\">Estatutos de ADHILAC<\/a><\/strong><\/p>\n\n\n\n<p class=\"has-text-align-center has-very-light-gray-color has-vivid-cyan-blue-background-color has-text-color has-background wp-block-paragraph\"><strong><a href=\"https:\/\/adhilac.com.ar\/?page_id=8220\">BICENTENARIO<\/a><\/strong><\/p>\n\n\n\n<p class=\"has-text-align-center has-vivid-cyan-blue-color has-very-light-gray-background-color has-text-color has-background wp-block-paragraph\"><strong><a href=\"https:\/\/adhilac.com.ar\/?page_id=8279\">BIBLIOTECA<\/a><\/strong><\/p>\n\n\n\n<p class=\"has-text-align-center has-very-light-gray-color has-vivid-cyan-blue-background-color has-text-color has-background wp-block-paragraph\"><strong><a href=\"https:\/\/adhilac.com.ar\/?page_id=1698\">ENLACES<\/a> <\/strong><\/p>\n\n\n\n<p class=\"has-text-align-center has-vivid-cyan-blue-color has-very-light-gray-background-color has-text-color has-background wp-block-paragraph\"><a href=\"http:\/\/www.ariadnatucma.com.ar\">VISITE ARIADNA TUCMA REVISTA LATINOAMERICANA<\/a><\/p>\n<\/div><\/div>\n","protected":false},"excerpt":{"rendered":"<p>Por Sergio Guerra Vilaboy El 9 de diciembre de 1902, una flota de guerra conjunta de Inglaterra, Italia y Alemania ocup\u00f3 el puerto de La Guaira en Venezuela. Unos d\u00edas despu\u00e9s, la acci\u00f3n punitiva se repiti\u00f3 contra Puerto Cabello, y el 17 de enero de 1903 fue agredido tambi\u00e9n el Castillo de San Carlos en [&hellip;]<\/p>\n","protected":false},"author":17,"featured_media":0,"comment_status":"closed","ping_status":"closed","sticky":false,"template":"","format":"standard","meta":{"_crdt_document":"","footnotes":""},"categories":[15],"tags":[330,23],"class_list":["post-16418","post","type-post","status-publish","format-standard","hentry","category-historia","tag-imperialismo","tag-venezuela"],"_links":{"self":[{"href":"https:\/\/adhilac.com.ar\/index.php?rest_route=\/wp\/v2\/posts\/16418","targetHints":{"allow":["GET"]}}],"collection":[{"href":"https:\/\/adhilac.com.ar\/index.php?rest_route=\/wp\/v2\/posts"}],"about":[{"href":"https:\/\/adhilac.com.ar\/index.php?rest_route=\/wp\/v2\/types\/post"}],"author":[{"embeddable":true,"href":"https:\/\/adhilac.com.ar\/index.php?rest_route=\/wp\/v2\/users\/17"}],"replies":[{"embeddable":true,"href":"https:\/\/adhilac.com.ar\/index.php?rest_route=%2Fwp%2Fv2%2Fcomments&post=16418"}],"version-history":[{"count":5,"href":"https:\/\/adhilac.com.ar\/index.php?rest_route=\/wp\/v2\/posts\/16418\/revisions"}],"predecessor-version":[{"id":16833,"href":"https:\/\/adhilac.com.ar\/index.php?rest_route=\/wp\/v2\/posts\/16418\/revisions\/16833"}],"wp:attachment":[{"href":"https:\/\/adhilac.com.ar\/index.php?rest_route=%2Fwp%2Fv2%2Fmedia&parent=16418"}],"wp:term":[{"taxonomy":"category","embeddable":true,"href":"https:\/\/adhilac.com.ar\/index.php?rest_route=%2Fwp%2Fv2%2Fcategories&post=16418"},{"taxonomy":"post_tag","embeddable":true,"href":"https:\/\/adhilac.com.ar\/index.php?rest_route=%2Fwp%2Fv2%2Ftags&post=16418"}],"curies":[{"name":"wp","href":"https:\/\/api.w.org\/{rel}","templated":true}]}}