{"id":16424,"date":"2020-03-13T09:26:00","date_gmt":"2020-03-13T12:26:00","guid":{"rendered":"https:\/\/adhilac.com.ar\/?p=16424"},"modified":"2020-08-15T10:04:38","modified_gmt":"2020-08-15T13:04:38","slug":"la-milan-del-eternauta-como-es-vivir-en-la-italia-cerrada-por-el-coronavirus","status":"publish","type":"post","link":"https:\/\/adhilac.com.ar\/?p=16424","title":{"rendered":"La Mil\u00e1n del Eternauta: c\u00f3mo es vivir en la Italia cerrada por el coronavirus"},"content":{"rendered":"\n<p class=\"wp-block-paragraph\">E<strong>l relato de una argentina<\/strong><\/p>\n\n\n\n<div class=\"wp-block-media-text alignwide has-media-on-the-right is-stacked-on-mobile is-image-fill has-vivid-green-cyan-background-color has-background\"><figure class=\"wp-block-media-text__media\" style=\"background-image:url(https:\/\/adhilac.com.ar\/wp-content\/uploads\/2020\/03\/ETERNAUTA3.jpg);background-position:50% 50%\"><img loading=\"lazy\" decoding=\"async\" width=\"460\" height=\"276\" src=\"https:\/\/adhilac.com.ar\/wp-content\/uploads\/2020\/03\/ETERNAUTA3.jpg\" alt=\"\" class=\"wp-image-16425\"\/><\/figure><div class=\"wp-block-media-text__content\">\n<p class=\"has-vivid-purple-color has-text-color has-normal-font-size wp-block-paragraph\">Por Josefina Torino<\/p>\n<\/div><\/div>\n\n\n\n<p class=\"wp-block-paragraph\">Escribo desde una Mil\u00e1n espectral. Desde la Mil\u00e1n del Eternauta. Desde el d\u00eda de ayer, para salir de casa se necesita una declaraci\u00f3n jurada (autocertificazione) donde se declare que sal\u00eds de casa solamente para: hacer las compras en el supermercado o para ir a la farmacia, para ir a trabajar (y te la tiene que dar tu jefe) o por motivos de salud. Hay retenes policiales en las ciudades de toda Italia. Puede suceder que la polic\u00eda te pida la declaraci\u00f3n. Multas y arrestos para quien infrinja estas restricciones. Como hija de la primavera de la democracia del 85 \u00e9sta es para mi la pesadilla c\u00edvica m\u00e1s grande que hay. La gente est\u00e1 asustada, enojada con sus conciudadanos. En el sur de Italia la gente denunci\u00f3 a quienes escaparon del norte tras el decreto que dictamin\u00f3 que once provincias ser\u00edan declaradas zonas rojas (m\u00e1ximos centros de contagio) diciendo que pon\u00edan en riesgo a la poblaci\u00f3n del sur, hasta ese entonces con menos casos que en el norte. Y con menos infraestructura para aguantar una emergencia sanitaria. Parec\u00eda una vendetta hist\u00f3rica. Mi suegro siciliano me cuenta que cuando lleg\u00f3 a Tur\u00edn para estudiar en la universidad encontraba carteles que dec\u00edan: No se alquilan casas a meridionales, es decir, a personas de Roma para abajo. Despu\u00e9s del Diego, el coronavirus parec\u00eda el vengador 2.0. No le abrimos la puerta a los resfriados del norte.<\/p>\n\n\n\n<!--more-->\n\n\n\n<p class=\"wp-block-paragraph\">\u00bfComo se lleg\u00f3 a todo esto? \u00bfEn que momento el p\u00e1nico y la guerra entre norte y sur llev\u00f3 al aislamiento completo de 60 millones de italianos?<\/p>\n\n\n\n<p class=\"wp-block-paragraph\">La fanfarria medi\u00e1tica que advert\u00eda sobre los riesgos del coronavirus nos lleg\u00f3 el 25 de febrero. Ten\u00edamos planificadas vacaciones para visitar parientes en el sur de Francia. Y yo me qued\u00e9 sin trabajo. Lo primero que cerraron fueron escuelas y teatros. Soy actriz, cantante y profesora de teatro en la escuela p\u00fablica. Me cancelaron funciones y clases. Los primeros golpes los sufrieron la educaci\u00f3n y la cultura. Como siempre. Me parecieron medidas demasiado dr\u00e1sticas. Y los noticieros sembraron terror en todes. No resistimos la paranoia colectiva y nos fuimos a Francia con el auto. Nos advirtieron nuestros amigos y familiares: seguro no los van a dejar pasar en la frontera, los van a dejar en cuarentena porque vienen de Lombard\u00eda (la provincia donde se encuentra Mil\u00e1n). Pensamos, de \u00faltima, damos media vuelta y volvemos. El control en la frontera fue un gendarme muerto de fr\u00edo bajo la nieve que mir\u00f3 desinteresado dentro del auto y dijo: \u201cAllez!\u201d (\u00a1Vayan!).<\/p>\n\n\n\n<p class=\"wp-block-paragraph\">En Francia la familia nos recibi\u00f3 con los brazos abiertos. Nos sentamos a cenar. En la tele el partido Lyon-Juventus con 50.000 espectadores en el Parc Olympique Lyonnais. Era el 26 de febrero. Puse el grito en el cielo \u00bfCierran teatros y escuelas y dejan abiertos estadios de f\u00fatbol con miles de espectadores venidos desde el centro del contagio? \u00bfSin ning\u00fan control? Volvimos a Mil\u00e1n el primero de marzo. Las medidas empezaron a ser m\u00e1s severas pero dejaban abiertos bares y restaurantes. Apelaban al buen sentido c\u00edvico de las personas. El gobierno dec\u00eda que las medidas se tomar\u00edan de manera gradual, apelando a que los ciudadanos tomen responsabilidad y conciencia de la epidemia y dejaran de frecuentar espacios p\u00fablicos. Los n\u00fameros de infectados segu\u00edan en aumento. Cuarentena voluntaria aun sin s\u00edntomas para que el sistema de salud italiano pueda garantizar camas en terapia intensiva por posibles complicaciones respiratorias para proteger los m\u00e1s d\u00e9biles.<\/p>\n\n\n\n<p class=\"wp-block-paragraph\">Las calles de Mil\u00e1n empezaban a respirar primavera y la gente invad\u00eda los parques. Las plazas estaban repletas de ni\u00f1es desahog\u00e1ndose del encierro forzado. A la hora del verm\u00fa se hac\u00edan los famosos aperitivos italianos. La gente se lo tom\u00f3 como unas vacaciones en pleno a\u00f1o lectivo. Todos los negocios y centros comerciales abiertos. Medidas blandas todav\u00eda. Era el 7 de marzo. La marcha del 8 de marzo no se hizo. S\u00e9 que por estas horas, peligra la del 24 en Argentina.<\/p>\n\n\n\n<p class=\"wp-block-paragraph\">Los hospitales empezaron a no dar abasto. Est\u00e1n colapsando. El de nuestro barrio acaba de transformarse en un hospital Covid de emergencia para los enfermos de coronavirus. La salud p\u00fablica italiana era una de las mejores del mundo pero la privatizaci\u00f3n la puso de rodillas en los \u00faltimos veinte a\u00f1os.<\/p>\n\n\n\n<p class=\"wp-block-paragraph\">Todes nos tomamos a la ligera un problema a\u00fan mas grave: la falta de empat\u00eda y conciencia c\u00edvica por el otro. Y las medidas que tom\u00f3 Italia apelaban a no hacer como China: obligar con el ej\u00e9rcito a la gente a quedarse en casa para evitar contagios. Italia confi\u00f3 en la madurez democr\u00e1tica del pa\u00eds. Con resultados terribles. Las instituciones no estuvieron a la altura de las circunstancias y los ciudadanos fuimos indisciplinados y no nos quedamos en casa con el \u201cno pasa nada\u201d tan caracter\u00edstico que heredamos los argentinos de los italianos. Y ahora somos 60 millones presos en nuestras ciudades. Por las malas.<\/p>\n\n\n\n<p class=\"wp-block-paragraph\"><em>* Actriz y cantante argentina. Represent\u00f3 a la Patria en el desfile hist\u00f3rico del Bicentenario de 2010<\/em>.<\/p>\n\n\n\n<p class=\"wp-block-paragraph\">Fuente: P\u00e1gina 12.  www.pagina12.com.ar &#8211; 13 de marzo de 2020<\/p>\n\n\n\n<div style=\"height:20px\" aria-hidden=\"true\" class=\"wp-block-spacer\"><\/div>\n\n\n\n<p class=\"has-very-light-gray-color has-vivid-cyan-blue-background-color has-text-color has-background wp-block-paragraph\"><strong>Publicado por ADHILAC Internacional \u00a9 www.adhilac.com.ar<\/strong><\/p>\n\n\n\n<p class=\"has-vivid-cyan-blue-color has-very-light-gray-background-color has-text-color has-background wp-block-paragraph\"> Si Ud. desea asociarse de acuerdo a los Estatutos de ADHILAC&nbsp;<a href=\"https:\/\/adhilac.com.ar\/?page_id=263\">(ver)<\/a> complete el siguiente formulario&nbsp;(<a href=\"https:\/\/adhilac.com.ar\/?page_id=4779\">ver<\/a>)<\/p>\n\n\n\n<p class=\"has-very-light-gray-color has-vivid-cyan-blue-background-color has-text-color has-background wp-block-paragraph\"> E-mail:&nbsp;info@adhilac.com.ar <\/p>\n\n\n\n<p class=\"has-very-light-gray-color has-vivid-cyan-blue-background-color has-text-color has-background wp-block-paragraph\"> Twitter: @AdhilacInfo <\/p>\n\n\n\n<div class=\"wp-block-image\"><figure class=\"aligncenter size-large\"><img loading=\"lazy\" decoding=\"async\" width=\"85\" height=\"85\" src=\"https:\/\/adhilac.com.ar\/wp-content\/uploads\/2015\/02\/Logo-ADHILAC-Internacional-PEQ.jpg\" alt=\"\" class=\"wp-image-10473\"\/><\/figure><\/div>\n\n\n\n<p class=\"wp-block-paragraph\">Ver <a href=\"https:\/\/adhilac.com.ar\/?page_id=541\">Presentaci\u00f3n de ADHILAC<\/a><\/p>\n\n\n\n<div style=\"height:20px\" aria-hidden=\"true\" class=\"wp-block-spacer\"><\/div>\n\n\n\n<div class=\"wp-block-group\"><div class=\"wp-block-group__inner-container is-layout-flow wp-block-group-is-layout-flow\">\n<p class=\"has-text-align-center has-very-light-gray-color has-vivid-cyan-blue-background-color has-text-color has-background wp-block-paragraph\"><strong><a href=\"https:\/\/adhilac.com.ar\/?page_id=541\">QUIENES SOMOS<\/a><\/strong><\/p>\n\n\n\n<p class=\"has-text-align-center has-vivid-cyan-blue-color has-very-light-gray-background-color has-text-color has-background wp-block-paragraph\"><strong><a href=\"https:\/\/adhilac.com.ar\/?page_id=15507\">DIRECTIVA DE ADHILAC INTERNACIONAL<\/a><\/strong><\/p>\n\n\n\n<p class=\"has-text-align-center has-very-light-gray-color has-vivid-cyan-blue-background-color has-text-color has-background wp-block-paragraph\"><strong><a href=\"https:\/\/adhilac.com.ar\/?page_id=267\">Declaraci\u00f3n de Caracas de ADHILAC (2007)<\/a><\/strong><\/p>\n\n\n\n<p class=\"has-text-align-center has-vivid-cyan-blue-color has-very-light-gray-background-color has-text-color has-background wp-block-paragraph\"><strong><a href=\"https:\/\/adhilac.com.ar\/?page_id=15873\">ADHILAC: Historia &#8211; Historidorxs<\/a><\/strong><\/p>\n\n\n\n<p class=\"has-text-align-center has-very-light-gray-color has-vivid-cyan-blue-background-color has-text-color has-background wp-block-paragraph\"><strong><a href=\"https:\/\/adhilac.com.ar\/?page_id=15876\">ADHILAC 20 a\u00f1os despu\u00e9s (1974-1994)<\/a> <\/strong><\/p>\n\n\n\n<p class=\"has-text-align-center has-vivid-cyan-blue-color has-very-light-gray-background-color has-text-color has-background wp-block-paragraph\"><strong><a href=\"https:\/\/adhilac.com.ar\/?page_id=15861\">ADHILAC Breve Historia<\/a> <\/strong><\/p>\n\n\n\n<p class=\"has-text-align-center has-very-light-gray-color has-vivid-cyan-blue-background-color has-text-color has-background wp-block-paragraph\"><strong><a href=\"https:\/\/adhilac.com.ar\/?page_id=15887\">ADHILAC: Miembrxs fundadores<\/a><\/strong><\/p>\n\n\n\n<p class=\"has-text-align-center has-vivid-cyan-blue-color has-very-light-gray-background-color has-text-color has-background wp-block-paragraph\"><strong><a href=\"https:\/\/adhilac.com.ar\/?page_id=15943\">ADHILAC: Historiadorxs Destacadxs<\/a><\/strong><\/p>\n\n\n\n<p class=\"has-text-align-center has-very-light-gray-color has-vivid-cyan-blue-background-color has-text-color has-background wp-block-paragraph\"><strong><a href=\"https:\/\/adhilac.com.ar\/?page_id=4779\">SOCIXS<\/a><\/strong><\/p>\n\n\n\n<p class=\"has-text-align-center has-vivid-cyan-blue-color has-very-light-gray-background-color has-text-color has-background wp-block-paragraph\"><strong><a href=\"https:\/\/adhilac.com.ar\/?page_id=263\">Estatutos de ADHILAC<\/a><\/strong><\/p>\n\n\n\n<p class=\"has-text-align-center has-very-light-gray-color has-vivid-cyan-blue-background-color has-text-color has-background wp-block-paragraph\"><strong><a href=\"https:\/\/adhilac.com.ar\/?page_id=8220\">BICENTENARIO<\/a><\/strong><\/p>\n\n\n\n<p class=\"has-text-align-center has-vivid-cyan-blue-color has-very-light-gray-background-color has-text-color has-background wp-block-paragraph\"><strong><a href=\"https:\/\/adhilac.com.ar\/?page_id=8279\">BIBLIOTECA<\/a><\/strong><\/p>\n\n\n\n<p class=\"has-text-align-center has-very-light-gray-color has-vivid-cyan-blue-background-color has-text-color has-background wp-block-paragraph\"><strong><a href=\"https:\/\/adhilac.com.ar\/?page_id=1698\">ENLACES<\/a> <\/strong><\/p>\n\n\n\n<p class=\"has-text-align-center has-vivid-cyan-blue-color has-very-light-gray-background-color has-text-color has-background wp-block-paragraph\"><a href=\"http:\/\/www.ariadnatucma.com.ar\">VISITE ARIADNA TUCMA REVISTA LATINOAMERICANA<\/a><\/p>\n<\/div><\/div>\n","protected":false},"excerpt":{"rendered":"<p>El relato de una argentina Por Josefina Torino Escribo desde una Mil\u00e1n espectral. Desde la Mil\u00e1n del Eternauta. Desde el d\u00eda de ayer, para salir de casa se necesita una declaraci\u00f3n jurada (autocertificazione) donde se declare que sal\u00eds de casa solamente para: hacer las compras en el supermercado o para ir a la farmacia, para [&hellip;]<\/p>\n","protected":false},"author":2,"featured_media":0,"comment_status":"closed","ping_status":"closed","sticky":false,"template":"","format":"standard","meta":{"_crdt_document":"","footnotes":""},"categories":[40],"tags":[961,962],"class_list":["post-16424","post","type-post","status-publish","format-standard","hentry","category-informaciones","tag-covid19","tag-pandemia"],"_links":{"self":[{"href":"https:\/\/adhilac.com.ar\/index.php?rest_route=\/wp\/v2\/posts\/16424","targetHints":{"allow":["GET"]}}],"collection":[{"href":"https:\/\/adhilac.com.ar\/index.php?rest_route=\/wp\/v2\/posts"}],"about":[{"href":"https:\/\/adhilac.com.ar\/index.php?rest_route=\/wp\/v2\/types\/post"}],"author":[{"embeddable":true,"href":"https:\/\/adhilac.com.ar\/index.php?rest_route=\/wp\/v2\/users\/2"}],"replies":[{"embeddable":true,"href":"https:\/\/adhilac.com.ar\/index.php?rest_route=%2Fwp%2Fv2%2Fcomments&post=16424"}],"version-history":[{"count":4,"href":"https:\/\/adhilac.com.ar\/index.php?rest_route=\/wp\/v2\/posts\/16424\/revisions"}],"predecessor-version":[{"id":16831,"href":"https:\/\/adhilac.com.ar\/index.php?rest_route=\/wp\/v2\/posts\/16424\/revisions\/16831"}],"wp:attachment":[{"href":"https:\/\/adhilac.com.ar\/index.php?rest_route=%2Fwp%2Fv2%2Fmedia&parent=16424"}],"wp:term":[{"taxonomy":"category","embeddable":true,"href":"https:\/\/adhilac.com.ar\/index.php?rest_route=%2Fwp%2Fv2%2Fcategories&post=16424"},{"taxonomy":"post_tag","embeddable":true,"href":"https:\/\/adhilac.com.ar\/index.php?rest_route=%2Fwp%2Fv2%2Ftags&post=16424"}],"curies":[{"name":"wp","href":"https:\/\/api.w.org\/{rel}","templated":true}]}}