{"id":16429,"date":"2020-03-14T15:01:18","date_gmt":"2020-03-14T18:01:18","guid":{"rendered":"https:\/\/adhilac.com.ar\/?p=16429"},"modified":"2020-03-14T15:01:18","modified_gmt":"2020-03-14T18:01:18","slug":"la-leccion-que-deja-la-pandemia-la-salud-publica","status":"publish","type":"post","link":"https:\/\/adhilac.com.ar\/?p=16429","title":{"rendered":"La lecci\u00f3n que deja la pandemia. La salud p\u00fablica"},"content":{"rendered":"\n<p class=\"wp-block-paragraph\">Por Sandra Russo <\/p>\n\n\n\n<p class=\"wp-block-paragraph\">Desde Madrid, el veterano dirigente de Izquierda Unida Julio Anguita, tuite\u00f3: \u201cRecuerden esto cada vez que les digan \u00b4la sanidad privada es m\u00e1s barata\u00b4. El coronavirus est\u00e1 poniendo en evidencia lo que ya sab\u00edamos, que la sanidad privada es parasitaria de la p\u00fablica. Empresas multimillonarias cuyo modelo de negocio depende de derivar pacientes graves a la p\u00fablica y de desentenderse cuando pasa algo como esto\u201d. Un enfermero del Hospital Central de Madrid &#8211;donde el equipo de gobierno est\u00e1 siendo testeado despu\u00e9s de la ministra de Igualdad, Irene Montero, diera positivo, y su pareja, Pablo Iglesias, bridara con el rey&#8211;, informaba en un canal de televisi\u00f3n, ayer, que la situaci\u00f3n dentro de los hospitales es ca\u00f3tica. Falta de todo. Desde insumos hasta personal. Falta planificaci\u00f3n y direcci\u00f3n. Contratan personal m\u00e9dico temporario pero no hay partidas presupuestarias para contratar m\u00e1s personal de limpieza en esos hospitales colapsados.<\/p>\n\n\n\n<!--more-->\n\n\n\n<p class=\"wp-block-paragraph\">Desde Nueva York, la cantante y compositora Isabel de Sebasti\u00e1n posteaba esta semana: \u201cEstoy en el pa\u00eds econ\u00f3micamente m\u00e1s poderoso del mundo, pero gran parte de la poblaci\u00f3n no va al m\u00e9dico porque el seguro es car\u00edsimo e igualmente pagas una fortuna deducible antes de que el sistema comience a pagar algo. No hay salud p\u00fablica salvo para gente indigente y jubilados. Trump le sac\u00f3 los fondos a las organizaciones encargadas de este tipo de cat\u00e1strofes hace meses, est\u00e1n desfinanciadas y hacen lo que pueden. A cargo de la crisis est\u00e1 Pence, culpable de muertes en los tiempos de la epidemia del VIH por haber votado contra la financiaci\u00f3n del test. El gobierno dice que hay kits de an\u00e1lisis, pero las noticias muestran a m\u00e9dicos de hospital diciendo que no los tienen. Los m\u00e9dicos a domicilio aqu\u00ed no existen, y desde hace unos d\u00edas los hospitales te piden que no vayas si ten\u00e9s fiebre o tos\u201d.<\/p>\n\n\n\n<p class=\"wp-block-paragraph\">Ayer el <em>New York Times<\/em> reafirm\u00f3 la falta generalizada de kits de prueba de coronavirus en Estados Unidos. El d\u00eda anterior el <em>New Yorker<\/em> public\u00f3 en su tapa una caricatura de Trump con el barbijo puesto pero en los ojos. Ahora Trump deber\u00e1 conseguirse un kit, ya que un funcionario de Bolsonaro con el que se reuni\u00f3 hace poco dio positivo.<\/p>\n\n\n\n<p class=\"wp-block-paragraph\">La distop\u00eda nos ven\u00eda corriendo. Mordi\u00e9ndonos los talones. Los medios opinan y opinan y opinan. Opinan los entrevistados y los entrevistadores. Hay que llenar el tiempo al aire y hay conteos de infectados, indicaciones contradictorias (\u00bfEs obligatorio u opcional hacer cuarentena despu\u00e9s de un viaje? \u00bfEl barbijo protege o fragiliza?), alertas cada cinco minutos y noticias de todo el mundo. La m\u00e1s estremecedora llega de Italia, donde tambi\u00e9n la salud p\u00fablica sufri\u00f3 en los \u00faltimos a\u00f1os uno de esos recortes que tanto le gustan al FMI. Fueron una de sus pruebas de \u201cconfianza\u201d. No alcanzan los respiradores, y los param\u00e9dicos deben elegir a qui\u00e9n salvar, y optan por los j\u00f3venes. La distop\u00eda ya nos alcanz\u00f3.<\/p>\n\n\n\n<p class=\"wp-block-paragraph\">El Italia no se tomaron las medidas a tiempo, no existi\u00f3 ni por asomo la decisi\u00f3n china de aislar una ciudad entera cuando hubo quinientos casos, sin perder ni un d\u00eda desde que sospecharon, pese a desconocer todav\u00eda el origen del virus, que se trataba de un fen\u00f3meno de alto poder de contagio. Corea del Norte al d\u00eda siguiente tambi\u00e9n cerr\u00f3 su frontera con China. Todav\u00eda no reporta ni un caso. La inexistencia de medidas masivas y de reflejos r\u00e1pidos que mostr\u00f3 China se hizo esperar en Europa. Quiz\u00e1 se les haya ocurrido. Pero no tienen con qu\u00e9. La peste nos est\u00e1 mostrando que los Estados fuertes y la salud p\u00fablica tienen poderosas razones para existir en beneficio de toda la poblaci\u00f3n, porque este virus tiene dos tipos de seres m\u00e1s vulnerables que otros: los ancianos con enfermedades preexistentes a veces sencillamente por la edad, y los viajeros. \u00bfA qu\u00e9 guionista se le hubiera ocurrido?<\/p>\n\n\n\n<p class=\"wp-block-paragraph\">Probablemente gracias a la fuerte decisi\u00f3n de un Estado como el chino, all\u00ed la infecci\u00f3n se ameset\u00f3 y comenz\u00f3 a bajar r\u00e1pidamente, mientras su traslado a pa\u00edses de Estados debilitados por el neoliberalismo encontr\u00f3 escenarios f\u00e9rtiles para la propagaci\u00f3n. Occidente tiene adem\u00e1s sus medios, que hacen dif\u00edcil discernir hasta d\u00f3nde llega la pandemia y hasta d\u00f3nde el p\u00e1nico y la especulaci\u00f3n. De este modo, observamos c\u00f3mo el sistema cuya degradaci\u00f3n siempre hemos denunciado por su elitismo y su crueldad, se adapta perfectamente a la muerte en todas sus formas. Las muertes por desnutrici\u00f3n, por falta de atenci\u00f3n m\u00e9dica, por depresi\u00f3n y ahora por su fragilidad financiera cuando el que debe actuar es el Estado, incapaz de gestos dr\u00e1sticos despu\u00e9s de d\u00e9cadas de recortes. Hace tres meses en este pa\u00eds no hab\u00eda ni ministerio de Salud. No hay que olvidarlo ni un minuto cuando comience la ciza\u00f1a.<\/p>\n\n\n\n<p class=\"wp-block-paragraph\">Este desastre vuelve a mostrar la mala entra\u00f1a capitalista en su peor faceta. Deber\u00edan repartir por la calle el alcohol en gel que ya no se consigue en las farmacias de ninguna parte. Nos hay aprovisionamientos de alimentos coordinados para las poblaciones en cuarentena, no hay distribuci\u00f3n de agua potable ni barbijos ni, como en Estados Unidos, kits de prueba al alcance de cualquiera que tenga los s\u00edntomas. \u00bfEs concebible una situaci\u00f3n m\u00e1s lacerante que la de un pa\u00eds cuyos hospitales en lugar de recibir a los enfermos les piden que no vayan, sabiendo que se trata de gente que no tendr\u00e1 ning\u00fan tipo de atenci\u00f3n m\u00e9dica? Se llama abandono de persona, y lo est\u00e1n haciendo Estados que nunca reconocieron el valor universal de lo p\u00fablico y hace d\u00e9cadas que se dedican a alimentar la salud prepaga.<\/p>\n\n\n\n<h5 class=\"wp-block-heading\"><a href=\"https:\/\/www.pagina12.com.ar\/252915-espana-extrema-las-medidas-frente-al-coronavirus-y-restringe\">Leer m\u00e1s Espa\u00f1a extrema las medidas frente al coronavirus y restringe al m\u00e1ximo las salidas a la calle | Los espa\u00f1oles deber\u00e1n permanecer en sus casas<\/a><\/h5>\n\n\n\n<p class=\"wp-block-paragraph\">Una vez m\u00e1s, este caos que nos mantiene en estado de excepci\u00f3n permanente &#8211;ese estado que seg\u00fan Giorgio Agamben es el que buscan los Estados autoritarios de las nuevas derechas&#8211;, nos confirma que los Estados nacionales, cuando fueron creados, trajeron paz despu\u00e9s de siglos de guerras ininterrumpidas porque por primera vez el diezmo que antes se le pagaba al conde, al duque o al rey se convirtieron en impuestos para ver nacer, poco despu\u00e9s, la salud y la educaci\u00f3n p\u00fablicas. Hace medio siglo que el neoliberalismo intenta desmentir esa verdad que hoy se traduce en torpezas y vac\u00edo de protecci\u00f3n. Hace medio siglo que rechazamos el desmantelamiento de lo que llegado el momento, como ahora, es lo \u00fanico que nos puede dar cierta seguridad.<\/p>\n\n\n\n<p class=\"wp-block-paragraph\">Esos pa\u00edses que fueron desfinanciando sus sistemas sanitarios, humillando a sus m\u00e9dicos, despreciando a los enfermeros, echando a sus cient\u00edficos para que trabajen en la esfera privada, hoy son los m\u00e1s vulnerables del mundo. Tal vez esta pandemia, cuyas derivaciones son todav\u00eda imprevisibles, genere p\u00e9rdidas econ\u00f3micas tan grandes que llame a algunos a la reflexi\u00f3n. Quiz\u00e1 no desde un punto de vista humanista y solidario, sino desde lo \u00fanico que entienden, que es cu\u00e1nto ganan.<\/p>\n\n\n\n<p class=\"wp-block-paragraph\">Cuando esto amaine habr\u00e1 que repensar el Estado sin los arteros mitos neoliberales que han engordado sus discursos miles de veces. Parafraseando al cura del siglo XIX Henri De la Cordiere, que dijo que \u201centre el fuerte y el d\u00e9bil, la ley es la que protege y la libertad es la que oprime\u201d, hoy podr\u00edamos decir que entre el sano y el enfermo, el Estado es el que protege y la medicina privada es la que se desentiende. Esta tragedia global debe dejarnos al menos una lecci\u00f3n: la resignificaci\u00f3n de lo estatal.<\/p>\n\n\n\n<p class=\"wp-block-paragraph\">Fuente: P\u00e1gina 12. www.pagina12.com.ar &#8211; 14 de marzo de 2020.<\/p>\n\n\n\n<div style=\"height:20px\" aria-hidden=\"true\" class=\"wp-block-spacer\"><\/div>\n\n\n\n<p class=\"has-text-color has-background has-very-light-gray-color has-vivid-cyan-blue-background-color wp-block-paragraph\"><strong>Publicado por ADHILAC Internacional \u00a9 www.adhilac.com.ar<\/strong><\/p>\n\n\n\n<p class=\"has-text-color has-background has-vivid-cyan-blue-color has-very-light-gray-background-color wp-block-paragraph\"> Si Ud. desea asociarse de acuerdo a los Estatutos de ADHILAC&nbsp;<a href=\"https:\/\/adhilac.com.ar\/?page_id=263\">(ver)<\/a> complete el siguiente formulario&nbsp;(<a href=\"https:\/\/adhilac.com.ar\/?page_id=4779\">ver<\/a>)<\/p>\n\n\n\n<p class=\"has-text-color has-background has-very-light-gray-color has-vivid-cyan-blue-background-color wp-block-paragraph\"> E-mail:&nbsp;info@adhilac.com.ar <\/p>\n\n\n\n<p class=\"has-text-color has-background has-very-light-gray-color has-vivid-cyan-blue-background-color wp-block-paragraph\"> Twitter: @AdhilacInfo <\/p>\n\n\n\n<div class=\"wp-block-image\"><figure class=\"aligncenter size-large\"><img loading=\"lazy\" decoding=\"async\" width=\"85\" height=\"85\" src=\"https:\/\/adhilac.com.ar\/wp-content\/uploads\/2015\/02\/Logo-ADHILAC-Internacional-PEQ.jpg\" alt=\"\" class=\"wp-image-10473\"\/><\/figure><\/div>\n\n\n\n<p class=\"wp-block-paragraph\">Ver <a href=\"https:\/\/adhilac.com.ar\/?page_id=541\">Presentaci\u00f3n de ADHILAC<\/a><\/p>\n\n\n\n<div style=\"height:20px\" aria-hidden=\"true\" class=\"wp-block-spacer\"><\/div>\n\n\n\n<p class=\"wp-block-paragraph\"><\/p>\n","protected":false},"excerpt":{"rendered":"<p>Por Sandra Russo Desde Madrid, el veterano dirigente de Izquierda Unida Julio Anguita, tuite\u00f3: \u201cRecuerden esto cada vez que les digan \u00b4la sanidad privada es m\u00e1s barata\u00b4. El coronavirus est\u00e1 poniendo en evidencia lo que ya sab\u00edamos, que la sanidad privada es parasitaria de la p\u00fablica. Empresas multimillonarias cuyo modelo de negocio depende de derivar [&hellip;]<\/p>\n","protected":false},"author":2,"featured_media":0,"comment_status":"closed","ping_status":"closed","sticky":false,"template":"","format":"standard","meta":{"_crdt_document":"","footnotes":""},"categories":[40],"tags":[961,962],"class_list":["post-16429","post","type-post","status-publish","format-standard","hentry","category-informaciones","tag-covid19","tag-pandemia"],"_links":{"self":[{"href":"https:\/\/adhilac.com.ar\/index.php?rest_route=\/wp\/v2\/posts\/16429","targetHints":{"allow":["GET"]}}],"collection":[{"href":"https:\/\/adhilac.com.ar\/index.php?rest_route=\/wp\/v2\/posts"}],"about":[{"href":"https:\/\/adhilac.com.ar\/index.php?rest_route=\/wp\/v2\/types\/post"}],"author":[{"embeddable":true,"href":"https:\/\/adhilac.com.ar\/index.php?rest_route=\/wp\/v2\/users\/2"}],"replies":[{"embeddable":true,"href":"https:\/\/adhilac.com.ar\/index.php?rest_route=%2Fwp%2Fv2%2Fcomments&post=16429"}],"version-history":[{"count":1,"href":"https:\/\/adhilac.com.ar\/index.php?rest_route=\/wp\/v2\/posts\/16429\/revisions"}],"predecessor-version":[{"id":16430,"href":"https:\/\/adhilac.com.ar\/index.php?rest_route=\/wp\/v2\/posts\/16429\/revisions\/16430"}],"wp:attachment":[{"href":"https:\/\/adhilac.com.ar\/index.php?rest_route=%2Fwp%2Fv2%2Fmedia&parent=16429"}],"wp:term":[{"taxonomy":"category","embeddable":true,"href":"https:\/\/adhilac.com.ar\/index.php?rest_route=%2Fwp%2Fv2%2Fcategories&post=16429"},{"taxonomy":"post_tag","embeddable":true,"href":"https:\/\/adhilac.com.ar\/index.php?rest_route=%2Fwp%2Fv2%2Ftags&post=16429"}],"curies":[{"name":"wp","href":"https:\/\/api.w.org\/{rel}","templated":true}]}}