{"id":16439,"date":"2020-03-11T14:42:00","date_gmt":"2020-03-11T17:42:00","guid":{"rendered":"https:\/\/adhilac.com.ar\/?p=16439"},"modified":"2020-08-15T10:05:55","modified_gmt":"2020-08-15T13:05:55","slug":"juan-perez-de-la-riva-mi-inolvidable-profesor-de-demografia","status":"publish","type":"post","link":"https:\/\/adhilac.com.ar\/?p=16439","title":{"rendered":"Juan P\u00e9rez de la Riva, mi inolvidable profesor de demograf\u00eda"},"content":{"rendered":"\n<div class=\"wp-block-media-text alignwide is-stacked-on-mobile is-image-fill has-cyan-bluish-gray-background-color has-background\"><figure class=\"wp-block-media-text__media\" style=\"background-image:url(https:\/\/adhilac.com.ar\/wp-content\/uploads\/2020\/03\/Juan-Perez-de-la-Riva.jpeg);background-position:50% 50%\"><img loading=\"lazy\" decoding=\"async\" width=\"1000\" height=\"600\" src=\"https:\/\/adhilac.com.ar\/wp-content\/uploads\/2020\/03\/Juan-Perez-de-la-Riva.jpeg\" alt=\"\" class=\"wp-image-16440\" srcset=\"https:\/\/adhilac.com.ar\/wp-content\/uploads\/2020\/03\/Juan-Perez-de-la-Riva.jpeg 1000w, https:\/\/adhilac.com.ar\/wp-content\/uploads\/2020\/03\/Juan-Perez-de-la-Riva-500x300.jpeg 500w, https:\/\/adhilac.com.ar\/wp-content\/uploads\/2020\/03\/Juan-Perez-de-la-Riva-768x461.jpeg 768w\" sizes=\"auto, (max-width: 1000px) 100vw, 1000px\" \/><\/figure><div class=\"wp-block-media-text__content\">\n<p class=\"has-text-align-right has-vivid-purple-color has-text-color has-normal-font-size wp-block-paragraph\">Por Sergio Guerra Vilaboy<\/p>\n<\/div><\/div>\n\n\n\n<p class=\"wp-block-paragraph\">Le\u00eda el peri\u00f3dico mientras esperaba al profesor que dar\u00eda la siguiente materia, cuando Juan P\u00e9rez de la Riva entr\u00f3 al sal\u00f3n y desde sus primeras palabras atrajo toda mi atenci\u00f3n al adentrarme en un mundo desconocido: la demograf\u00eda hist\u00f3rica. Poco tiempo despu\u00e9s me toc\u00f3 ser su alumno ayudante, junto con Alberto Prieto, y no olvido nuestra dif\u00edcil primera reuni\u00f3n con el ir\u00f3nico y enigm\u00e1tico profesor, siempre armado con su pipa, en la biblioteca de la Escuela de Historia. Mi \u00faltimo encuentro con \u00e9l fue totalmente diferente, en una recepci\u00f3n del <strong><em>Premio Casa de las Am\u00e9ricas en 1976<\/em><\/strong>, donde compartimos, como si hubi\u00e9ramos sido viejos amigos, en compa\u00f1\u00eda del gran caricaturista cubano Juan David, a quien me hab\u00eda presentado.<\/p>\n\n\n\n<!--more-->\n\n\n\n<p class=\"wp-block-paragraph\">P\u00e9rez de la Riva, no s\u00f3lo fue quien le puso apellido a la demograf\u00eda, con sus enjundiosas indagaciones del devenir de la poblaci\u00f3n cubana, sino tambi\u00e9n el iniciador de las investigaciones sobre <em>la historia de la gente sin historia<\/em>, frase que acu\u00f1\u00f3. Proced\u00eda de una acaudalada familia burguesa cuyo lujoso palacete, construido en 1907 al estilo renacimiento italiano, fue vendido por su madre a la canciller\u00eda cubana y es hoy la sede del Museo de la M\u00fasica. Nacido casualmente en Biarritz (Francia), el 14 de julio de 1913, donde su familia pasaba largas vacaciones, con apenas 17 a\u00f1os ingres\u00f3 en la Liga Juvenil Comunista, particip\u00f3 en actividades del Socorro Rojo \u2013junto a obreros y vendedores ambulantes jud\u00edos que le hicieron conocer \u201cla pobreza, la generosidad y la abnegaci\u00f3n por un ideal\u201c- y trab\u00f3 amistad con importantes figuras como Juan Marinello \u2013que lo inici\u00f3 en el marxismo- y el poeta Federico Garc\u00eda Lorca. Opuesto a la dictadura de Gerardo Machado en las filas del Ala Izquierda Estudiantil, junto a Ra\u00fal Roa y Pablo de la Torriente, fue detenido en 1932 y encarcelado en el Castillo del Pr\u00edncipe y el llamado Presidio Modelo de Isla de Pinos, hasta que fue expulsado del pa\u00eds como \u201cextranjero indeseable\u201d.<\/p>\n\n\n\n<p class=\"wp-block-paragraph\">En Grenoble y Paris estudio ingenier\u00eda el\u00e9ctrica y ciencias sociales, teniendo entre sus profesores a los destacados historiadores Marc Bloch, Jacques Pirenne y Edmond Esmonin, al ge\u00f3grafo Raoul Blanchard y al dem\u00f3grafo Alfred Sauvy, etapa a la que corresponde su primer texto impreso: <strong><em>\u201cInglaterra y Cuba durante la primera mitad del siglo xviii\u201d<\/em><\/strong> (1935). En 1943, huyendo del avance del nazismo en Europa, retorn\u00f3 a Cuba, con su mujer francesa Sarah Fidelzait (1912-1991), una maestra de primaria, hebrea y comunista, con quien se hab\u00eda casado en 1936 y que tra\u00eda su \u00fanico hijo.<\/p>\n\n\n\n<p class=\"wp-block-paragraph\">En la mayor de las Antillas se hizo cargos de la administraci\u00f3n del extenso latifundio familiar, m\u00e1s de 4 mil hect\u00e1reas en San Jos\u00e9 de Sumidero, en la Sierra del Rosario (Pinar del Rio), donde viv\u00edan varios centenares de campesinos. Reducido a s\u00f3lo 600 hect\u00e1reas en 1959 por la reforma agraria dictada por la Revoluci\u00f3n, P\u00e9rez de la Riva decidi\u00f3 entregar al Estado el resto de la tierra, con su ganado, equipos y la propia casa de vivienda en el municipio de Rancho Mundito. Radicado en la ciudad de La Habana en forma definitiva, con 47 a\u00f1os de edad, fue contratado como asesor de la colecci\u00f3n cubana de la Biblioteca Nacional, donde luego dirigi\u00f3 la revista de esta instituci\u00f3n, mientras su esposa se convert\u00eda en bibliotecaria de las escuelas de Historia y Letras. Desde entonces pudo consagrarse por completo al trabajo intelectual.<\/p>\n\n\n\n<p class=\"wp-block-paragraph\">Sin abandonar la Biblioteca Nacional, en 1962 se encarg\u00f3 del centro de documentaci\u00f3n del Instituto de Geograf\u00eda de la Academia de Ciencias de Cuba y fue profesor en la Escuela de Geograf\u00eda de la Universidad de La Habana, hasta que en 1971 se traslad\u00f3 a la Escuela de Historia. Public\u00f3 m\u00e1s de setenta art\u00edculos y ensayos, como <strong><em>\u201c\u00bfCu\u00e1ntos africanos fueron tra\u00eddos a Cuba?\u201d<\/em><\/strong> (1970), junto a unos 25 libros, entre ellos <strong><em>Contribuci\u00f3n a historia de la gente sin historia<\/em><\/strong> (con Pedro Deschamps) en 1974; <strong>El barrac\u00f3n y otros ensayos<\/strong> (1975); <strong><em>Los cul\u00edes chinos en Cuba (<\/em><\/strong>2000) y <strong>La conquista del espacio cubano<\/strong> (2001), estos dos \u00faltimos editados despu\u00e9s de su muerte. Adem\u00e1s, fue profesor invitado del&nbsp;Colegio de Francia&nbsp;y del St. Anthony\u00b4s College de Oxford, as\u00ed como de la Universidad de Par\u00eds-Nanterre.<\/p>\n\n\n\n<p class=\"wp-block-paragraph\">En 1969 tuvo la ocasi\u00f3n de recorrer de nuevo sus antiguas propiedades, de lo que dej\u00f3 constancia en una mini autobiograf\u00eda: \u201c<em>Pude regresar a la hacienda familiar con mis alumnos a investigar lo que hab\u00eda hecho la Revoluci\u00f3n por campesinos, que yo cre\u00eda haber tratado bien. Convers\u00e9 con los viejos amigos, pero ahora en un plano distinto, y estrenamos todos palabras nuevas. Volv\u00ed a ver la casa que yo hab\u00eda hecho construir pensando en mi mundo quim\u00e9rico y convertida en c\u00edrculo social, me gust\u00f3 mucho m\u00e1s.\u201d <\/em>No en balde le gustaba presentarse como: \u201cGe\u00f3grafo e Historiador. Cubano y revolucionario\u201d. Muri\u00f3 en La Habana el 4 de diciembre de 1976.<\/p>\n\n\n\n<div style=\"height:20px\" aria-hidden=\"true\" class=\"wp-block-spacer\"><\/div>\n\n\n\n<p class=\"has-very-light-gray-color has-vivid-cyan-blue-background-color has-text-color has-background wp-block-paragraph\"><strong>Publicado por ADHILAC Internacional \u00a9 www.adhilac.com.ar<\/strong><\/p>\n\n\n\n<p class=\"has-vivid-cyan-blue-color has-very-light-gray-background-color has-text-color has-background wp-block-paragraph\"> Si Ud. desea asociarse de acuerdo a los Estatutos de ADHILAC&nbsp;<a href=\"https:\/\/adhilac.com.ar\/?page_id=263\">(ver)<\/a> complete el siguiente formulario&nbsp;(<a href=\"https:\/\/adhilac.com.ar\/?page_id=4779\">ver<\/a>)<\/p>\n\n\n\n<p class=\"has-very-light-gray-color has-vivid-cyan-blue-background-color has-text-color has-background wp-block-paragraph\"> E-mail:&nbsp;info@adhilac.com.ar <\/p>\n\n\n\n<p class=\"has-very-light-gray-color has-vivid-cyan-blue-background-color has-text-color has-background wp-block-paragraph\"> Twitter: @AdhilacInfo <\/p>\n\n\n\n<div class=\"wp-block-image\"><figure class=\"aligncenter size-large\"><img loading=\"lazy\" decoding=\"async\" width=\"85\" height=\"85\" src=\"https:\/\/adhilac.com.ar\/wp-content\/uploads\/2015\/02\/Logo-ADHILAC-Internacional-PEQ.jpg\" alt=\"\" class=\"wp-image-10473\"\/><\/figure><\/div>\n\n\n\n<p class=\"wp-block-paragraph\">Ver <a href=\"https:\/\/adhilac.com.ar\/?page_id=541\">Presentaci\u00f3n de ADHILAC<\/a><\/p>\n\n\n\n<div style=\"height:20px\" aria-hidden=\"true\" class=\"wp-block-spacer\"><\/div>\n\n\n\n<div class=\"wp-block-group\"><div class=\"wp-block-group__inner-container is-layout-flow wp-block-group-is-layout-flow\">\n<p class=\"has-text-align-center has-very-light-gray-color has-vivid-cyan-blue-background-color has-text-color has-background wp-block-paragraph\"><strong><a href=\"https:\/\/adhilac.com.ar\/?page_id=541\">QUIENES SOMOS<\/a><\/strong><\/p>\n\n\n\n<p class=\"has-text-align-center has-vivid-cyan-blue-color has-very-light-gray-background-color has-text-color has-background wp-block-paragraph\"><strong><a href=\"https:\/\/adhilac.com.ar\/?page_id=15507\">DIRECTIVA DE ADHILAC INTERNACIONAL<\/a><\/strong><\/p>\n\n\n\n<p class=\"has-text-align-center has-very-light-gray-color has-vivid-cyan-blue-background-color has-text-color has-background wp-block-paragraph\"><strong><a href=\"https:\/\/adhilac.com.ar\/?page_id=267\">Declaraci\u00f3n de Caracas de ADHILAC (2007)<\/a><\/strong><\/p>\n\n\n\n<p class=\"has-text-align-center has-vivid-cyan-blue-color has-very-light-gray-background-color has-text-color has-background wp-block-paragraph\"><strong><a href=\"https:\/\/adhilac.com.ar\/?page_id=15873\">ADHILAC: Historia &#8211; Historidorxs<\/a><\/strong><\/p>\n\n\n\n<p class=\"has-text-align-center has-very-light-gray-color has-vivid-cyan-blue-background-color has-text-color has-background wp-block-paragraph\"><strong><a href=\"https:\/\/adhilac.com.ar\/?page_id=15876\">ADHILAC 20 a\u00f1os despu\u00e9s (1974-1994)<\/a> <\/strong><\/p>\n\n\n\n<p class=\"has-text-align-center has-vivid-cyan-blue-color has-very-light-gray-background-color has-text-color has-background wp-block-paragraph\"><strong><a href=\"https:\/\/adhilac.com.ar\/?page_id=15861\">ADHILAC Breve Historia<\/a> <\/strong><\/p>\n\n\n\n<p class=\"has-text-align-center has-very-light-gray-color has-vivid-cyan-blue-background-color has-text-color has-background wp-block-paragraph\"><strong><a href=\"https:\/\/adhilac.com.ar\/?page_id=15887\">ADHILAC: Miembrxs fundadores<\/a><\/strong><\/p>\n\n\n\n<p class=\"has-text-align-center has-vivid-cyan-blue-color has-very-light-gray-background-color has-text-color has-background wp-block-paragraph\"><strong><a href=\"https:\/\/adhilac.com.ar\/?page_id=15943\">ADHILAC: Historiadorxs Destacadxs<\/a><\/strong><\/p>\n\n\n\n<p class=\"has-text-align-center has-very-light-gray-color has-vivid-cyan-blue-background-color has-text-color has-background wp-block-paragraph\"><strong><a href=\"https:\/\/adhilac.com.ar\/?page_id=4779\">SOCIXS<\/a><\/strong><\/p>\n\n\n\n<p class=\"has-text-align-center has-vivid-cyan-blue-color has-very-light-gray-background-color has-text-color has-background wp-block-paragraph\"><strong><a href=\"https:\/\/adhilac.com.ar\/?page_id=263\">Estatutos de ADHILAC<\/a><\/strong><\/p>\n\n\n\n<p class=\"has-text-align-center has-very-light-gray-color has-vivid-cyan-blue-background-color has-text-color has-background wp-block-paragraph\"><strong><a href=\"https:\/\/adhilac.com.ar\/?page_id=8220\">BICENTENARIO<\/a><\/strong><\/p>\n\n\n\n<p class=\"has-text-align-center has-vivid-cyan-blue-color has-very-light-gray-background-color has-text-color has-background wp-block-paragraph\"><strong><a href=\"https:\/\/adhilac.com.ar\/?page_id=8279\">BIBLIOTECA<\/a><\/strong><\/p>\n\n\n\n<p class=\"has-text-align-center has-very-light-gray-color has-vivid-cyan-blue-background-color has-text-color has-background wp-block-paragraph\"><strong><a href=\"https:\/\/adhilac.com.ar\/?page_id=1698\">ENLACES<\/a> <\/strong><\/p>\n\n\n\n<p class=\"has-text-align-center has-vivid-cyan-blue-color has-very-light-gray-background-color has-text-color has-background wp-block-paragraph\"><a href=\"http:\/\/www.ariadnatucma.com.ar\">VISITE ARIADNA TUCMA REVISTA LATINOAMERICANA<\/a><\/p>\n<\/div><\/div>\n","protected":false},"excerpt":{"rendered":"<p>Por Sergio Guerra Vilaboy Le\u00eda el peri\u00f3dico mientras esperaba al profesor que dar\u00eda la siguiente materia, cuando Juan P\u00e9rez de la Riva entr\u00f3 al sal\u00f3n y desde sus primeras palabras atrajo toda mi atenci\u00f3n al adentrarme en un mundo desconocido: la demograf\u00eda hist\u00f3rica. Poco tiempo despu\u00e9s me toc\u00f3 ser su alumno ayudante, junto con Alberto [&hellip;]<\/p>\n","protected":false},"author":2,"featured_media":0,"comment_status":"closed","ping_status":"open","sticky":false,"template":"","format":"standard","meta":{"_crdt_document":"","footnotes":""},"categories":[384],"tags":[63],"class_list":["post-16439","post","type-post","status-publish","format-standard","hentry","category-cientistas-sociales","tag-cuba"],"_links":{"self":[{"href":"https:\/\/adhilac.com.ar\/index.php?rest_route=\/wp\/v2\/posts\/16439","targetHints":{"allow":["GET"]}}],"collection":[{"href":"https:\/\/adhilac.com.ar\/index.php?rest_route=\/wp\/v2\/posts"}],"about":[{"href":"https:\/\/adhilac.com.ar\/index.php?rest_route=\/wp\/v2\/types\/post"}],"author":[{"embeddable":true,"href":"https:\/\/adhilac.com.ar\/index.php?rest_route=\/wp\/v2\/users\/2"}],"replies":[{"embeddable":true,"href":"https:\/\/adhilac.com.ar\/index.php?rest_route=%2Fwp%2Fv2%2Fcomments&post=16439"}],"version-history":[{"count":3,"href":"https:\/\/adhilac.com.ar\/index.php?rest_route=\/wp\/v2\/posts\/16439\/revisions"}],"predecessor-version":[{"id":16834,"href":"https:\/\/adhilac.com.ar\/index.php?rest_route=\/wp\/v2\/posts\/16439\/revisions\/16834"}],"wp:attachment":[{"href":"https:\/\/adhilac.com.ar\/index.php?rest_route=%2Fwp%2Fv2%2Fmedia&parent=16439"}],"wp:term":[{"taxonomy":"category","embeddable":true,"href":"https:\/\/adhilac.com.ar\/index.php?rest_route=%2Fwp%2Fv2%2Fcategories&post=16439"},{"taxonomy":"post_tag","embeddable":true,"href":"https:\/\/adhilac.com.ar\/index.php?rest_route=%2Fwp%2Fv2%2Ftags&post=16439"}],"curies":[{"name":"wp","href":"https:\/\/api.w.org\/{rel}","templated":true}]}}