{"id":16442,"date":"2020-03-18T14:47:00","date_gmt":"2020-03-18T17:47:00","guid":{"rendered":"https:\/\/adhilac.com.ar\/?p=16442"},"modified":"2020-08-15T10:03:27","modified_gmt":"2020-08-15T13:03:27","slug":"tribulaciones-e-increibles-aventuras-de-un-venezolano","status":"publish","type":"post","link":"https:\/\/adhilac.com.ar\/?p=16442","title":{"rendered":"Tribulaciones e incre\u00edbles aventuras de un venezolano"},"content":{"rendered":"\n<div class=\"wp-block-media-text alignwide is-stacked-on-mobile is-image-fill has-vivid-purple-background-color has-background\"><figure class=\"wp-block-media-text__media\" style=\"background-image:url(https:\/\/adhilac.com.ar\/wp-content\/uploads\/2020\/03\/Rafael-Nogales-Mendez.jpeg);background-position:50% 50%\"><img loading=\"lazy\" decoding=\"async\" width=\"1000\" height=\"600\" src=\"https:\/\/adhilac.com.ar\/wp-content\/uploads\/2020\/03\/Rafael-Nogales-Mendez.jpeg\" alt=\"\" class=\"wp-image-16443\" srcset=\"https:\/\/adhilac.com.ar\/wp-content\/uploads\/2020\/03\/Rafael-Nogales-Mendez.jpeg 1000w, https:\/\/adhilac.com.ar\/wp-content\/uploads\/2020\/03\/Rafael-Nogales-Mendez-500x300.jpeg 500w, https:\/\/adhilac.com.ar\/wp-content\/uploads\/2020\/03\/Rafael-Nogales-Mendez-768x461.jpeg 768w\" sizes=\"auto, (max-width: 1000px) 100vw, 1000px\" \/><\/figure><div class=\"wp-block-media-text__content\">\n<p class=\"has-text-align-right has-very-light-gray-color has-text-color has-normal-font-size wp-block-paragraph\"><strong>Por Sergio Guerra Vilaboy<\/strong><\/p>\n<\/div><\/div>\n\n\n\n<p class=\"wp-block-paragraph\">La vida del venezolano Rafael Nogales M\u00e9ndez, parece salida de una novela de aventuras. Nacido en San Crist\u00f3bal (T\u00e1chira) en 1877, en una familia acomodada de origen vasco, siendo todav\u00eda un ni\u00f1o fue enviado a estudiar en la Real Academia Militar de Berl\u00edn en Alemania y, despu\u00e9s de graduado, pas\u00f3 cursos en las universidades de Bruselas, Lovaina y Barcelona, donde aprendi\u00f3 varios idiomas.<\/p>\n\n\n\n<!--more-->\n\n\n\n<p class=\"wp-block-paragraph\">Llevado por su animadversi\u00f3n a los Estados Unidos, se uni\u00f3 a las fuerzas espa\u00f1olas en la Guerra Hispano-Cubano-Norteamericana (1898), cuando adopt\u00f3 el apellido de Nogales, en lugar del paterno: Intxauspe. Derrotada Espa\u00f1a y herido en combate, pas\u00f3 a Hait\u00ed y entre 1899 y 1900 recorri\u00f3 el norte de \u00c1frica, la India, Afganist\u00e1n, Indonesia, Angola, Argentina, Brasil, Inglaterra, Irlanda y Estados Unidos.<\/p>\n\n\n\n<p class=\"wp-block-paragraph\">A principios del 1901, de regreso a su tierra natal, tuvo un altercado verbal con el Presidente Cipriano Castro, por lo que tuvo que escapar a la carrera, sin cambiar su elegante vestuario, a la Rep\u00fablica Dominicana. Enfrentado al gobierno venezolano, recorri\u00f3 Centroam\u00e9rica en busca de apoyos y se enrol\u00f3 en la fallida expedici\u00f3n de la goleta <em>La Libertad<\/em>. Enfermo de malaria y herido en una pierna, se refugi\u00f3 de nuevo en la Rep\u00fablica Dominicana y despu\u00e9s en Hait\u00ed.<\/p>\n\n\n\n<p class=\"wp-block-paragraph\">Exiliado en M\u00e9xico, cruz\u00f3 a Estados Unidos, donde fue vaquero en Arizona y cazador de osos en Nevada, hasta que se mud\u00f3 a San Francisco. De aqu\u00ed viaj\u00f3 a China, convirti\u00e9ndose en agente secreto del gobierno de Jap\u00f3n durante la guerra de este pa\u00eds con Rusia en 1904. Perseguido, atraves\u00f3 Siberia y se refugi\u00f3 en Alaska, donde vivi\u00f3 por dos a\u00f1os con los esquimales y caz\u00f3 ballenas. Atra\u00eddo por la b\u00fasqueda de oro march\u00f3 a California, donde conoci\u00f3 al l\u00edder del Partido Liberal Mexicano (PLM) Ricardo Flores Mag\u00f3n, a quien respald\u00f3 en la lucha contra la dictadura de Porfirio D\u00edaz, consigui\u00e9ndole armas para su invasi\u00f3n a Chihuahua en 1908.<\/p>\n\n\n\n<figure class=\"wp-block-image\"><img decoding=\"async\" src=\"https:\/\/informefracto.com\/wp-content\/uploads\/2020\/03\/Madre-AM\u00e9rica-22.jpeg\" alt=\"\" class=\"wp-image-22919\"\/><\/figure>\n\n\n\n<p class=\"wp-block-paragraph\">Al a\u00f1o siguiente regres\u00f3 a Venezuela, tras el derrocamiento de Cipriano Castro por el general Juan Vicente G\u00f3mez, a quien pronto se opuso, exigiendo la democratizaci\u00f3n del pa\u00eds y alentando la sublevaci\u00f3n de los llaneros e indios de la Guajira. En1913 organiz\u00f3 en Curazao una frustrada invasi\u00f3n armada que lo arroj\u00f3 al exilio durante casi dos d\u00e9cadas.<\/p>\n\n\n\n<p class=\"wp-block-paragraph\">Al estallar la Primera Guerra Mundial se incorpor\u00f3 como capit\u00e1n al ej\u00e9rcito de Alemania, aliado de Austria-Hungr\u00eda y Turqu\u00eda. De enero de 1915 a octubre de 1918 sirvi\u00f3 en las fuerzas militares otomanas, en las que lleg\u00f3 a General de Brigada. Luch\u00f3 contra el ej\u00e9rcito zarista en Anatolia, contra sus aliados armenios del C\u00e1ucaso y la caballer\u00eda cosaca en las monta\u00f1as del Kurdist\u00e1n. En protesta por las masacres de armenios cristianos cometida por los turcos solicit\u00f3 su baja del ej\u00e9rcito otomano y, trasladado de frente militar, combati\u00f3 a brit\u00e1nicos y \u00e1rabes en Irak, Siria y Gaza. En 1917 fue nombrado Gobernador de una parte del litoral de Palestina. Por los servicios prestados durante la Primera Guerra Mundial, Nogales alcanz\u00f3 el t\u00edtulo de <em>Bey<\/em> y fue condecorado con la media luna como insignia, dos cruces de hierro y la Estrella de Mechedieh, que porta con orgullo en una de sus fotos m\u00e1s conocidas. Muchas de estas experiencias las cont\u00f3 en varios libros que public\u00f3 desde 1922, que contienen testimonios de los abusos cometidos contra pueblos y etnias, en particular el genocidio armenio.<\/p>\n\n\n\n<p class=\"wp-block-paragraph\">Radicado en los Andes colombianos, en la frontera con Venezuela, la permanente hostilidad del r\u00e9gimen de G\u00f3mez lo oblig\u00f3 a peregrinar por varios pa\u00edses centroamericanos. Por un naufragio se adentr\u00f3 en las selvas del Dari\u00e9n (Panam\u00e1) y luego estuvo en los bosques de Nicaragua, pa\u00eds al que volvi\u00f3 entre 1927 y 1928 para apoyar la gesta de Augusto C\u00e9sar Sandino, a quien entrevist\u00f3. La epopeya sandinista es el tema de su libro <em>El saqueo de Nicaragua<\/em>, cuya publicaci\u00f3n en Estados Unidos desat\u00f3 un gran esc\u00e1ndalo y la prohibici\u00f3n de la obra (1930).<\/p>\n\n\n\n<p class=\"wp-block-paragraph\">Tras la muerte del aborrecido dictador venezolano en diciembre de 1935, Nogales regres\u00f3 a su tierra natal. Arruinado y sin familia, pues nunca se cas\u00f3 ni tuvo hijos, acept\u00f3 marchar a Panam\u00e1 para estudiar el funcionamiento de la Guardia Nacional, donde enferm\u00f3 de gravedad y muri\u00f3 el 10 de julio de 1937, a los 59 a\u00f1os de edad.<\/p>\n\n\n\n<p class=\"wp-block-paragraph\">El propio k\u00e1iser de Alemania Guillermo II, exiliado en Holanda, envi\u00f3 a su funeral una corona de flores y una tarjeta con este texto:&nbsp;\u201c<em>A Rafael de Nogales M\u00e9ndez, general\u00edsimo en la gran guerra, uno de los caballeros m\u00e1s valientes y nobles que haya conocido\u201d<\/em>. Cuatro d\u00e9cadas despu\u00e9s, en 1975, sus restos fueron trasladados al Pante\u00f3n de las Fuerzas Armadas de Venezuela.<\/p>\n\n\n\n<p class=\"wp-block-paragraph\">Fuente: Informe Fracto. www.informefracto.com &#8211; 17 de marzo de 2020<\/p>\n\n\n\n<div style=\"height:20px\" aria-hidden=\"true\" class=\"wp-block-spacer\"><\/div>\n\n\n\n<p class=\"has-very-light-gray-color has-vivid-cyan-blue-background-color has-text-color has-background wp-block-paragraph\"><strong>Publicado por ADHILAC Internacional \u00a9 www.adhilac.com.ar<\/strong><\/p>\n\n\n\n<p class=\"has-vivid-cyan-blue-color has-very-light-gray-background-color has-text-color has-background wp-block-paragraph\"> Si Ud. desea asociarse de acuerdo a los Estatutos de ADHILAC&nbsp;<a href=\"https:\/\/adhilac.com.ar\/?page_id=263\">(ver)<\/a> complete el siguiente formulario&nbsp;(<a href=\"https:\/\/adhilac.com.ar\/?page_id=4779\">ver<\/a>)<\/p>\n\n\n\n<p class=\"has-very-light-gray-color has-vivid-cyan-blue-background-color has-text-color has-background wp-block-paragraph\"> E-mail:&nbsp;info@adhilac.com.ar <\/p>\n\n\n\n<p class=\"has-very-light-gray-color has-vivid-cyan-blue-background-color has-text-color has-background wp-block-paragraph\"> Twitter: @AdhilacInfo <\/p>\n\n\n\n<div class=\"wp-block-image\"><figure class=\"aligncenter size-large\"><img loading=\"lazy\" decoding=\"async\" width=\"85\" height=\"85\" src=\"https:\/\/adhilac.com.ar\/wp-content\/uploads\/2015\/02\/Logo-ADHILAC-Internacional-PEQ.jpg\" alt=\"\" class=\"wp-image-10473\"\/><\/figure><\/div>\n\n\n\n<p class=\"wp-block-paragraph\">Ver <a href=\"https:\/\/adhilac.com.ar\/?page_id=541\">Presentaci\u00f3n de ADHILAC<\/a><\/p>\n\n\n\n<div style=\"height:20px\" aria-hidden=\"true\" class=\"wp-block-spacer\"><\/div>\n\n\n\n<div class=\"wp-block-group\"><div class=\"wp-block-group__inner-container is-layout-flow wp-block-group-is-layout-flow\">\n<p class=\"has-text-align-center has-very-light-gray-color has-vivid-cyan-blue-background-color has-text-color has-background wp-block-paragraph\"><strong><a href=\"https:\/\/adhilac.com.ar\/?page_id=541\">QUIENES SOMOS<\/a><\/strong><\/p>\n\n\n\n<p class=\"has-text-align-center has-vivid-cyan-blue-color has-very-light-gray-background-color has-text-color has-background wp-block-paragraph\"><strong><a href=\"https:\/\/adhilac.com.ar\/?page_id=15507\">DIRECTIVA DE ADHILAC INTERNACIONAL<\/a><\/strong><\/p>\n\n\n\n<p class=\"has-text-align-center has-very-light-gray-color has-vivid-cyan-blue-background-color has-text-color has-background wp-block-paragraph\"><strong><a href=\"https:\/\/adhilac.com.ar\/?page_id=267\">Declaraci\u00f3n de Caracas de ADHILAC (2007)<\/a><\/strong><\/p>\n\n\n\n<p class=\"has-text-align-center has-vivid-cyan-blue-color has-very-light-gray-background-color has-text-color has-background wp-block-paragraph\"><strong><a href=\"https:\/\/adhilac.com.ar\/?page_id=15873\">ADHILAC: Historia &#8211; Historidorxs<\/a><\/strong><\/p>\n\n\n\n<p class=\"has-text-align-center has-very-light-gray-color has-vivid-cyan-blue-background-color has-text-color has-background wp-block-paragraph\"><strong><a href=\"https:\/\/adhilac.com.ar\/?page_id=15876\">ADHILAC 20 a\u00f1os despu\u00e9s (1974-1994)<\/a> <\/strong><\/p>\n\n\n\n<p class=\"has-text-align-center has-vivid-cyan-blue-color has-very-light-gray-background-color has-text-color has-background wp-block-paragraph\"><strong><a href=\"https:\/\/adhilac.com.ar\/?page_id=15861\">ADHILAC Breve Historia<\/a> <\/strong><\/p>\n\n\n\n<p class=\"has-text-align-center has-very-light-gray-color has-vivid-cyan-blue-background-color has-text-color has-background wp-block-paragraph\"><strong><a href=\"https:\/\/adhilac.com.ar\/?page_id=15887\">ADHILAC: Miembrxs fundadores<\/a><\/strong><\/p>\n\n\n\n<p class=\"has-text-align-center has-vivid-cyan-blue-color has-very-light-gray-background-color has-text-color has-background wp-block-paragraph\"><strong><a href=\"https:\/\/adhilac.com.ar\/?page_id=15943\">ADHILAC: Historiadorxs Destacadxs<\/a><\/strong><\/p>\n\n\n\n<p class=\"has-text-align-center has-very-light-gray-color has-vivid-cyan-blue-background-color has-text-color has-background wp-block-paragraph\"><strong><a href=\"https:\/\/adhilac.com.ar\/?page_id=4779\">SOCIXS<\/a><\/strong><\/p>\n\n\n\n<p class=\"has-text-align-center has-vivid-cyan-blue-color has-very-light-gray-background-color has-text-color has-background wp-block-paragraph\"><strong><a href=\"https:\/\/adhilac.com.ar\/?page_id=263\">Estatutos de ADHILAC<\/a><\/strong><\/p>\n\n\n\n<p class=\"has-text-align-center has-very-light-gray-color has-vivid-cyan-blue-background-color has-text-color has-background wp-block-paragraph\"><strong><a href=\"https:\/\/adhilac.com.ar\/?page_id=8220\">BICENTENARIO<\/a><\/strong><\/p>\n\n\n\n<p class=\"has-text-align-center has-vivid-cyan-blue-color has-very-light-gray-background-color has-text-color has-background wp-block-paragraph\"><strong><a href=\"https:\/\/adhilac.com.ar\/?page_id=8279\">BIBLIOTECA<\/a><\/strong><\/p>\n\n\n\n<p class=\"has-text-align-center has-very-light-gray-color has-vivid-cyan-blue-background-color has-text-color has-background wp-block-paragraph\"><strong><a href=\"https:\/\/adhilac.com.ar\/?page_id=1698\">ENLACES<\/a> <\/strong><\/p>\n\n\n\n<p class=\"has-text-align-center has-vivid-cyan-blue-color has-very-light-gray-background-color has-text-color has-background wp-block-paragraph\"><a href=\"http:\/\/www.ariadnatucma.com.ar\">VISITE ARIADNA TUCMA REVISTA LATINOAMERICANA<\/a><\/p>\n<\/div><\/div>\n","protected":false},"excerpt":{"rendered":"<p>Por Sergio Guerra Vilaboy La vida del venezolano Rafael Nogales M\u00e9ndez, parece salida de una novela de aventuras. Nacido en San Crist\u00f3bal (T\u00e1chira) en 1877, en una familia acomodada de origen vasco, siendo todav\u00eda un ni\u00f1o fue enviado a estudiar en la Real Academia Militar de Berl\u00edn en Alemania y, despu\u00e9s de graduado, pas\u00f3 cursos [&hellip;]<\/p>\n","protected":false},"author":2,"featured_media":0,"comment_status":"closed","ping_status":"open","sticky":false,"template":"","format":"standard","meta":{"_crdt_document":"","footnotes":""},"categories":[40],"tags":[],"class_list":["post-16442","post","type-post","status-publish","format-standard","hentry","category-informaciones"],"_links":{"self":[{"href":"https:\/\/adhilac.com.ar\/index.php?rest_route=\/wp\/v2\/posts\/16442","targetHints":{"allow":["GET"]}}],"collection":[{"href":"https:\/\/adhilac.com.ar\/index.php?rest_route=\/wp\/v2\/posts"}],"about":[{"href":"https:\/\/adhilac.com.ar\/index.php?rest_route=\/wp\/v2\/types\/post"}],"author":[{"embeddable":true,"href":"https:\/\/adhilac.com.ar\/index.php?rest_route=\/wp\/v2\/users\/2"}],"replies":[{"embeddable":true,"href":"https:\/\/adhilac.com.ar\/index.php?rest_route=%2Fwp%2Fv2%2Fcomments&post=16442"}],"version-history":[{"count":2,"href":"https:\/\/adhilac.com.ar\/index.php?rest_route=\/wp\/v2\/posts\/16442\/revisions"}],"predecessor-version":[{"id":16830,"href":"https:\/\/adhilac.com.ar\/index.php?rest_route=\/wp\/v2\/posts\/16442\/revisions\/16830"}],"wp:attachment":[{"href":"https:\/\/adhilac.com.ar\/index.php?rest_route=%2Fwp%2Fv2%2Fmedia&parent=16442"}],"wp:term":[{"taxonomy":"category","embeddable":true,"href":"https:\/\/adhilac.com.ar\/index.php?rest_route=%2Fwp%2Fv2%2Fcategories&post=16442"},{"taxonomy":"post_tag","embeddable":true,"href":"https:\/\/adhilac.com.ar\/index.php?rest_route=%2Fwp%2Fv2%2Ftags&post=16442"}],"curies":[{"name":"wp","href":"https:\/\/api.w.org\/{rel}","templated":true}]}}