{"id":16469,"date":"2020-04-05T18:25:14","date_gmt":"2020-04-05T21:25:14","guid":{"rendered":"https:\/\/adhilac.com.ar\/?p=16469"},"modified":"2020-08-14T11:43:19","modified_gmt":"2020-08-14T14:43:19","slug":"piet-hein-y-la-captura-de-la-flota-de-la-plata","status":"publish","type":"post","link":"https:\/\/adhilac.com.ar\/?p=16469","title":{"rendered":"Piet Hein y la captura de la Flota de La Plata"},"content":{"rendered":"\n<div class=\"wp-block-media-text alignwide has-media-on-the-right is-stacked-on-mobile is-image-fill has-luminous-vivid-amber-background-color has-background\"><figure class=\"wp-block-media-text__media\" style=\"background-image:url(https:\/\/adhilac.com.ar\/wp-content\/uploads\/2020\/04\/piet-hein-flota-plata.jpg);background-position:0% 50%\"><img loading=\"lazy\" decoding=\"async\" width=\"624\" height=\"351\" src=\"https:\/\/adhilac.com.ar\/wp-content\/uploads\/2020\/04\/piet-hein-flota-plata.jpg\" alt=\"\" class=\"wp-image-16470\" srcset=\"https:\/\/adhilac.com.ar\/wp-content\/uploads\/2020\/04\/piet-hein-flota-plata.jpg 624w, https:\/\/adhilac.com.ar\/wp-content\/uploads\/2020\/04\/piet-hein-flota-plata-500x281.jpg 500w\" sizes=\"auto, (max-width: 624px) 100vw, 624px\" \/><\/figure><div class=\"wp-block-media-text__content\">\n<p class=\"has-text-align-right has-vivid-green-cyan-color has-text-color has-normal-font-size wp-block-paragraph\"><strong>Por Sergio Guerra Vilaboy<\/strong><\/p>\n<\/div><\/div>\n\n\n\n<p class=\"wp-block-paragraph\">La vida del marino holand\u00e9s Piet Pietersen Hein estuvo dedicada a luchar por la independencia de su patria, durante la llamada Guerra de Flandes o de los ochenta a\u00f1os (1588-1548) contra Espa\u00f1a. Desde muy joven, pues hab\u00eda nacido en Delft en 1577, entr\u00f3 en la armada de su pa\u00eds como simple grumete y ya en 1623 era vicealmirante de la reci\u00e9n creada flota de la Compa\u00f1\u00eda Holandesa de las Indias Occidentales.<\/p>\n\n\n\n<!--more-->\n\n\n\n<p class=\"wp-block-paragraph\">Esta empresa mercantil, fundada dos a\u00f1os antes por comerciantes holandeses de Amsterdam, al estilo de la ya existente para las Indias Orientales, deb\u00eda esquivar el cierre de los puertos de Portugal y sus colonias a los buques de los Pa\u00edses Bajos decretado por Felipe IV en 1594. El monarca espa\u00f1ol se hab\u00eda valido de sus prerrogativas como soberano de todos los territorios lusitanos, pues desde 1580 -y hasta 1640- ocupaba tambi\u00e9n el trono portugu\u00e9s. La Compa\u00f1\u00eda de Indias Occidentales imprimi\u00f3 nuevos br\u00edos a las actividades comerciales y al corso, en especial despu\u00e9s de reanudada la guerra entre los reinos de la pen\u00ednsula ib\u00e9rica y los Pa\u00edses Bajos (1621-1640).<\/p>\n\n\n\n<p class=\"wp-block-paragraph\">En junio de 1624, como segundo al mando de la flota holandesa del almirante Jacob Willekens, Piet Hein particip\u00f3 en la toma de San Salvador de Bah\u00eda, entonces capital de Brasil, recuperada al a\u00f1o siguiente por las fuerzas de Espa\u00f1a y Portugal. Poco despu\u00e9s, y ya al mando de su propia flota, Hein, intent\u00f3 tomar Luanda, en Angola, y en 1627 volvi\u00f3 a atacar Bah\u00eda. Aunque no pudo ocupar de nuevo esta ciudad, se apoder\u00f3 de varias naves en su puerto, lo que le vali\u00f3 su ascenso a Almirante<\/p>\n\n\n\n<p class=\"wp-block-paragraph\">Sin duda el mayor \u00e9xito de la breve carrera de Piet Hein fue capturar a la hasta entonces invicta Flota de Indias, creada por Espa\u00f1a en 1561 para proteger a los nav\u00edos que extra\u00edan las riquezas de Am\u00e9rica. El corsario holand\u00e9s embosc\u00f3 a La Flota de la Plata, como se conoc\u00eda a la procedente del Virreinato de Nueva Espa\u00f1a, que hab\u00eda salido en agosto de 1628 del puerto de Veracruz con un valioso cargamento de mineral argent\u00edfero estimado en 117 329 libras y otras mercanc\u00edas valoradas en unos cinco millones de ducados oro. Eran cuatro galeones y once mercantes con 213 ca\u00f1ones, al mando del almirante sevillano Juan de Benavides y Baz\u00e1n, Marqu\u00e9s de Jabalquinto, quien al parecer no tom\u00f3 las debidas precauciones en su traves\u00eda hacia su escala en La Habana.&nbsp;<\/p>\n\n\n\n<p class=\"wp-block-paragraph\">Cuando los barcos espa\u00f1oles se encontraban frente al extremo occidental de Cuba, a la altura de Bah\u00eda Honda, la impresionante flota de Piet Hein, integrada por 36 buques con 620 ca\u00f1ones y m\u00e1s de tres mil hombres, le sorprendi\u00f3, impidi\u00e9ndole aproximarse al puerto de La Habana. Sin muchas alternativas, el almirante Benavides orden\u00f3 seguir a toda vela a la cercana bah\u00eda de Matanzas. La desesperada maniobra sali\u00f3 mal, pues varios de sus barcos encallaron, azotados por la artiller\u00eda holandesa. Perdido, Benavides busc\u00f3 refugio en un ingenio matancero, tras ordenar la destrucci\u00f3n de la flota, pero los marinos de Hein actuaron tan r\u00e1pido que pudieron abordar la mayor\u00eda de las embarcaciones espa\u00f1olas, entregadas casi sin resistencia por sus tripulantes.<\/p>\n\n\n\n<p class=\"wp-block-paragraph\">La batalla naval de la bah\u00eda de Matanzas result\u00f3 un golpe demoledor para el sistema de flotas de Espa\u00f1a y la propia Corona la consider\u00f3 el mayor desastre militar desde 1492. Responsabilizado por el descalabro, el almirante Juan de Benavides fue encarcelado y sometido a juicio. Condenado a muerte, su ejecuci\u00f3n se efectu\u00f3 en la plaza p\u00fablica de San Francisco en Sevilla, el 18 de mayo de 1643, mientras se escuchaba este preg\u00f3n <strong>\u201cEsta es la justicia que manda hacer el Rey Nuestro Se\u00f1or a este hombre por las culpas que tuvo en la p\u00e9rdida de la Flota del a\u00f1o 1628 de la que fue general. M\u00e1ndenle degollar por ello. Quien tal hace que tal pague\u2026\u201d<\/strong><\/p>\n\n\n\n<p class=\"wp-block-paragraph\">Piet Hein aporto a su pa\u00eds ocho galeones espa\u00f1oles y un bot\u00edn estimado en once millones y medio de florines. Recibido como h\u00e9roe nacional, fue puesto al frente de la&nbsp;<strong>Marina de Guerra<\/strong> en enero de 1629, pocos meses antes de su muerte en un nuevo combate naval cerca de Flandes. En su honor se interpretaron canciones sobre su hist\u00f3rica haza\u00f1a, que hoy forman parte del imaginario popular de los Pa\u00edses Bajos y su nombre aparece en calles, hoteles y otros sitios. En 1998 el artista pl\u00e1stico holand\u00e9s&nbsp;<strong>Willen Bermon<\/strong>&nbsp;don\u00f3 a Cubauna escultura de&nbsp;<strong>Piet Hein<\/strong>, que desde entonces vigila las aguas de la hermosa bah\u00eda de Matanzas, como protegiendo los tesoros de la Flota de La Plata que, seg\u00fan una leyenda, todav\u00eda una parte yacen en el fondo del mar esperando su rescate.<\/p>\n\n\n\n<p class=\"wp-block-paragraph\">Fuente: Informe fracto, www.informefracto.com &#8211; 3 de abril de 2020<\/p>\n\n\n\n<div style=\"height:20px\" aria-hidden=\"true\" class=\"wp-block-spacer\"><\/div>\n\n\n\n<p class=\"has-very-light-gray-color has-vivid-cyan-blue-background-color has-text-color has-background wp-block-paragraph\"><strong>Publicado por ADHILAC Internacional \u00a9 www.adhilac.com.ar<\/strong><\/p>\n\n\n\n<p class=\"has-vivid-cyan-blue-color has-very-light-gray-background-color has-text-color has-background wp-block-paragraph\"> Si Ud. desea asociarse de acuerdo a los Estatutos de ADHILAC&nbsp;<a href=\"https:\/\/adhilac.com.ar\/?page_id=263\">(ver)<\/a> complete el siguiente formulario&nbsp;(<a href=\"https:\/\/adhilac.com.ar\/?page_id=4779\">ver<\/a>)<\/p>\n\n\n\n<p class=\"has-very-light-gray-color has-vivid-cyan-blue-background-color has-text-color has-background wp-block-paragraph\"> E-mail:&nbsp;info@adhilac.com.ar <\/p>\n\n\n\n<p class=\"has-very-light-gray-color has-vivid-cyan-blue-background-color has-text-color has-background wp-block-paragraph\"> Twitter: @AdhilacInfo <\/p>\n\n\n\n<div class=\"wp-block-image\"><figure class=\"aligncenter size-large\"><img loading=\"lazy\" decoding=\"async\" width=\"85\" height=\"85\" src=\"https:\/\/adhilac.com.ar\/wp-content\/uploads\/2015\/02\/Logo-ADHILAC-Internacional-PEQ.jpg\" alt=\"\" class=\"wp-image-10473\"\/><\/figure><\/div>\n\n\n\n<p class=\"wp-block-paragraph\">Ver <a href=\"https:\/\/adhilac.com.ar\/?page_id=541\">Presentaci\u00f3n de ADHILAC<\/a><\/p>\n\n\n\n<div style=\"height:20px\" aria-hidden=\"true\" class=\"wp-block-spacer\"><\/div>\n\n\n\n<div class=\"wp-block-group\"><div class=\"wp-block-group__inner-container is-layout-flow wp-block-group-is-layout-flow\">\n<p class=\"has-text-align-center has-very-light-gray-color has-vivid-cyan-blue-background-color has-text-color has-background wp-block-paragraph\"><strong><a href=\"https:\/\/adhilac.com.ar\/?page_id=541\">QUIENES SOMOS<\/a><\/strong><\/p>\n\n\n\n<p class=\"has-text-align-center has-vivid-cyan-blue-color has-very-light-gray-background-color has-text-color has-background wp-block-paragraph\"><strong><a href=\"https:\/\/adhilac.com.ar\/?page_id=15507\">DIRECTIVA DE ADHILAC INTERNACIONAL<\/a><\/strong><\/p>\n\n\n\n<p class=\"has-text-align-center has-very-light-gray-color has-vivid-cyan-blue-background-color has-text-color has-background wp-block-paragraph\"><strong><a href=\"https:\/\/adhilac.com.ar\/?page_id=267\">Declaraci\u00f3n de Caracas de ADHILAC (2007)<\/a><\/strong><\/p>\n\n\n\n<p class=\"has-text-align-center has-vivid-cyan-blue-color has-very-light-gray-background-color has-text-color has-background wp-block-paragraph\"><strong><a href=\"https:\/\/adhilac.com.ar\/?page_id=15873\">ADHILAC: Historia &#8211; Historidorxs<\/a><\/strong><\/p>\n\n\n\n<p class=\"has-text-align-center has-very-light-gray-color has-vivid-cyan-blue-background-color has-text-color has-background wp-block-paragraph\"><strong><a href=\"https:\/\/adhilac.com.ar\/?page_id=15876\">ADHILAC 20 a\u00f1os despu\u00e9s (1974-1994)<\/a> <\/strong><\/p>\n\n\n\n<p class=\"has-text-align-center has-vivid-cyan-blue-color has-very-light-gray-background-color has-text-color has-background wp-block-paragraph\"><strong><a href=\"https:\/\/adhilac.com.ar\/?page_id=15861\">ADHILAC Breve Historia<\/a> <\/strong><\/p>\n\n\n\n<p class=\"has-text-align-center has-very-light-gray-color has-vivid-cyan-blue-background-color has-text-color has-background wp-block-paragraph\"><strong><a href=\"https:\/\/adhilac.com.ar\/?page_id=15887\">ADHILAC: Miembrxs fundadores<\/a><\/strong><\/p>\n\n\n\n<p class=\"has-text-align-center has-vivid-cyan-blue-color has-very-light-gray-background-color has-text-color has-background wp-block-paragraph\"><strong><a href=\"https:\/\/adhilac.com.ar\/?page_id=15943\">ADHILAC: Historiadorxs Destacadxs<\/a><\/strong><\/p>\n\n\n\n<p class=\"has-text-align-center has-very-light-gray-color has-vivid-cyan-blue-background-color has-text-color has-background wp-block-paragraph\"><strong><a href=\"https:\/\/adhilac.com.ar\/?page_id=4779\">SOCIXS<\/a><\/strong><\/p>\n\n\n\n<p class=\"has-text-align-center has-vivid-cyan-blue-color has-very-light-gray-background-color has-text-color has-background wp-block-paragraph\"><strong><a href=\"https:\/\/adhilac.com.ar\/?page_id=263\">Estatutos de ADHILAC<\/a><\/strong><\/p>\n\n\n\n<p class=\"has-text-align-center has-very-light-gray-color has-vivid-cyan-blue-background-color has-text-color has-background wp-block-paragraph\"><strong><a href=\"https:\/\/adhilac.com.ar\/?page_id=8220\">BICENTENARIO<\/a><\/strong><\/p>\n\n\n\n<p class=\"has-text-align-center has-vivid-cyan-blue-color has-very-light-gray-background-color has-text-color has-background wp-block-paragraph\"><strong><a href=\"https:\/\/adhilac.com.ar\/?page_id=8279\">BIBLIOTECA<\/a><\/strong><\/p>\n\n\n\n<p class=\"has-text-align-center has-very-light-gray-color has-vivid-cyan-blue-background-color has-text-color has-background wp-block-paragraph\"><strong><a href=\"https:\/\/adhilac.com.ar\/?page_id=1698\">ENLACES<\/a> <\/strong><\/p>\n\n\n\n<p class=\"has-text-align-center has-vivid-cyan-blue-color has-very-light-gray-background-color has-text-color has-background wp-block-paragraph\"><a href=\"http:\/\/www.ariadnatucma.com.ar\">VISITE ARIADNA TUCMA REVISTA LATINOAMERICANA<\/a><\/p>\n<\/div><\/div>\n","protected":false},"excerpt":{"rendered":"<p>Por Sergio Guerra Vilaboy La vida del marino holand\u00e9s Piet Pietersen Hein estuvo dedicada a luchar por la independencia de su patria, durante la llamada Guerra de Flandes o de los ochenta a\u00f1os (1588-1548) contra Espa\u00f1a. Desde muy joven, pues hab\u00eda nacido en Delft en 1577, entr\u00f3 en la armada de su pa\u00eds como simple [&hellip;]<\/p>\n","protected":false},"author":17,"featured_media":0,"comment_status":"closed","ping_status":"closed","sticky":false,"template":"","format":"standard","meta":{"_crdt_document":"","footnotes":""},"categories":[40],"tags":[765],"class_list":["post-16469","post","type-post","status-publish","format-standard","hentry","category-informaciones","tag-historia-colonial-americana"],"_links":{"self":[{"href":"https:\/\/adhilac.com.ar\/index.php?rest_route=\/wp\/v2\/posts\/16469","targetHints":{"allow":["GET"]}}],"collection":[{"href":"https:\/\/adhilac.com.ar\/index.php?rest_route=\/wp\/v2\/posts"}],"about":[{"href":"https:\/\/adhilac.com.ar\/index.php?rest_route=\/wp\/v2\/types\/post"}],"author":[{"embeddable":true,"href":"https:\/\/adhilac.com.ar\/index.php?rest_route=\/wp\/v2\/users\/17"}],"replies":[{"embeddable":true,"href":"https:\/\/adhilac.com.ar\/index.php?rest_route=%2Fwp%2Fv2%2Fcomments&post=16469"}],"version-history":[{"count":4,"href":"https:\/\/adhilac.com.ar\/index.php?rest_route=\/wp\/v2\/posts\/16469\/revisions"}],"predecessor-version":[{"id":16822,"href":"https:\/\/adhilac.com.ar\/index.php?rest_route=\/wp\/v2\/posts\/16469\/revisions\/16822"}],"wp:attachment":[{"href":"https:\/\/adhilac.com.ar\/index.php?rest_route=%2Fwp%2Fv2%2Fmedia&parent=16469"}],"wp:term":[{"taxonomy":"category","embeddable":true,"href":"https:\/\/adhilac.com.ar\/index.php?rest_route=%2Fwp%2Fv2%2Fcategories&post=16469"},{"taxonomy":"post_tag","embeddable":true,"href":"https:\/\/adhilac.com.ar\/index.php?rest_route=%2Fwp%2Fv2%2Ftags&post=16469"}],"curies":[{"name":"wp","href":"https:\/\/api.w.org\/{rel}","templated":true}]}}