{"id":16476,"date":"2020-04-12T19:35:00","date_gmt":"2020-04-12T22:35:00","guid":{"rendered":"https:\/\/adhilac.com.ar\/?p=16476"},"modified":"2020-04-14T19:39:14","modified_gmt":"2020-04-14T22:39:14","slug":"convocatoria-dossier-revistas-culturales-en-tiempos-de-guerra-siglos-xix-y-xx","status":"publish","type":"post","link":"https:\/\/adhilac.com.ar\/?p=16476","title":{"rendered":"Convocatoria dossier Revistas culturales en tiempos de guerra, siglos XIX y XX"},"content":{"rendered":"\n<p class=\"wp-block-paragraph\">Estimados colegas:<\/p>\n\n\n\n<p class=\"wp-block-paragraph\">Agradezco la posibilidad de hacerles llegar la convocatoria de trabajos para el dossier&nbsp;\u00abRevistas culturales en tiempos de guerra (siglos XIX y XX)\u00bb (que coordinamos junto a la Dra. Mariana Moraes), que ser\u00e1 publicado en el n\u00famero 9 (junio 2021) de la revista&nbsp;<em>Humanidades<\/em>&nbsp;de la Universidad de Montevideo.&nbsp;<\/p>\n\n\n\n<p class=\"wp-block-paragraph\">El plazo para la recepci\u00f3n de los trabajos vence el\u00a0<strong>30 de octubre<\/strong>\u00a0del corriente. Pueden consultar las instrucciones a los autores en este enlace:\u00a0<a rel=\"noreferrer noopener\" href=\"http:\/\/www.scielo.edu.uy\/revistas\/hum\/einstruc.htm\" target=\"_blank\">http:\/\/www.scielo.edu.uy\/revistas\/hum\/einstruc.htm<\/a><\/p>\n\n\n\n<!--more-->\n\n\n\n<p class=\"wp-block-paragraph\"><br \/>Cordialmente,<br \/>Nicol\u00e1s Arenas Dele\u00f3n<br \/>Universidad de los Andes \/ ANID &#8211; Chile<\/p>\n\n\n\n<div style=\"height:20px\" aria-hidden=\"true\" class=\"wp-block-spacer\"><\/div>\n\n\n\n<figure class=\"wp-block-image size-large\"><img loading=\"lazy\" decoding=\"async\" width=\"724\" height=\"1024\" src=\"https:\/\/adhilac.com.ar\/wp-content\/uploads\/2020\/04\/Rev-Humanidades-CONVOCATORIA-N\u00ba9-JUNIO-2021-724x1024.png\" alt=\"\" class=\"wp-image-16477\" srcset=\"https:\/\/adhilac.com.ar\/wp-content\/uploads\/2020\/04\/Rev-Humanidades-CONVOCATORIA-N\u00ba9-JUNIO-2021-724x1024.png 724w, https:\/\/adhilac.com.ar\/wp-content\/uploads\/2020\/04\/Rev-Humanidades-CONVOCATORIA-N\u00ba9-JUNIO-2021-354x500.png 354w, https:\/\/adhilac.com.ar\/wp-content\/uploads\/2020\/04\/Rev-Humanidades-CONVOCATORIA-N\u00ba9-JUNIO-2021-768x1086.png 768w, https:\/\/adhilac.com.ar\/wp-content\/uploads\/2020\/04\/Rev-Humanidades-CONVOCATORIA-N\u00ba9-JUNIO-2021-1086x1536.png 1086w, https:\/\/adhilac.com.ar\/wp-content\/uploads\/2020\/04\/Rev-Humanidades-CONVOCATORIA-N\u00ba9-JUNIO-2021.png 1414w\" sizes=\"auto, (max-width: 724px) 100vw, 724px\" \/><\/figure>\n\n\n\n<div style=\"height:20px\" aria-hidden=\"true\" class=\"wp-block-spacer\"><\/div>\n\n\n\n<div class=\"wp-block-file\"><a href=\"https:\/\/adhilac.com.ar\/wp-content\/uploads\/2020\/04\/revista-Humanidades-CONVOCATORIA-N\u00ba9-JUNIO-2021.pdf\">Revista Humanidades. CONVOCATORIA N\u00ba9 .JUNIO-2021<\/a><a href=\"https:\/\/adhilac.com.ar\/wp-content\/uploads\/2020\/04\/revista-Humanidades-CONVOCATORIA-N\u00ba9-JUNIO-2021.pdf\" class=\"wp-block-file__button\" download>Descarga<\/a><\/div>\n\n\n\n<p class=\"has-text-color has-background has-very-light-gray-color has-vivid-cyan-blue-background-color wp-block-paragraph\"><strong>Publicado por ADHILAC Internacional \u00a9 www.adhilac.com.ar<\/strong><\/p>\n\n\n\n<p class=\"has-text-color has-background has-vivid-cyan-blue-color has-very-light-gray-background-color wp-block-paragraph\"> Si Ud. desea asociarse de acuerdo a los Estatutos de ADHILAC&nbsp;<a href=\"https:\/\/adhilac.com.ar\/?page_id=263\">(ver)<\/a> complete el siguiente formulario&nbsp;(<a href=\"https:\/\/adhilac.com.ar\/?page_id=4779\">ver<\/a>)<\/p>\n\n\n\n<p class=\"has-text-color has-background has-very-light-gray-color has-vivid-cyan-blue-background-color wp-block-paragraph\"> E-mail:&nbsp;info@adhilac.com.ar <\/p>\n\n\n\n<p class=\"has-text-color has-background has-very-light-gray-color has-vivid-cyan-blue-background-color wp-block-paragraph\"> Twitter: @AdhilacInfo <\/p>\n\n\n\n<div class=\"wp-block-image\"><figure class=\"aligncenter size-large\"><img loading=\"lazy\" decoding=\"async\" width=\"85\" height=\"85\" src=\"https:\/\/adhilac.com.ar\/wp-content\/uploads\/2015\/02\/Logo-ADHILAC-Internacional-PEQ.jpg\" alt=\"\" class=\"wp-image-10473\"\/><\/figure><\/div>\n\n\n\n<p class=\"wp-block-paragraph\">Ver <a href=\"https:\/\/adhilac.com.ar\/?page_id=541\">Presentaci\u00f3n de ADHILAC<\/a><\/p>\n\n\n\n<div style=\"height:20px\" aria-hidden=\"true\" class=\"wp-block-spacer\"><\/div>\n\n\n\n<div class=\"wp-block-group\"><div class=\"wp-block-group__inner-container is-layout-flow wp-block-group-is-layout-flow\">\n<p class=\"has-text-color has-background has-text-align-center has-very-light-gray-color has-vivid-cyan-blue-background-color wp-block-paragraph\"><strong><a href=\"https:\/\/adhilac.com.ar\/?page_id=541\">QUIENES SOMOS<\/a><\/strong><\/p>\n\n\n\n<p class=\"has-text-color has-background has-text-align-center has-vivid-cyan-blue-color has-very-light-gray-background-color wp-block-paragraph\"><strong><a href=\"https:\/\/adhilac.com.ar\/?page_id=15507\">DIRECTIVA DE ADHILAC INTERNACIONAL<\/a><\/strong><\/p>\n\n\n\n<p class=\"has-text-color has-background has-text-align-center has-very-light-gray-color has-vivid-cyan-blue-background-color wp-block-paragraph\"><strong><a href=\"https:\/\/adhilac.com.ar\/?page_id=267\">Declaraci\u00f3n de Caracas de ADHILAC (2007)<\/a><\/strong><\/p>\n\n\n\n<p class=\"has-text-color has-background has-text-align-center has-vivid-cyan-blue-color has-very-light-gray-background-color wp-block-paragraph\"><strong><a href=\"https:\/\/adhilac.com.ar\/?page_id=15873\">ADHILAC: Historia &#8211; Historidorxs<\/a><\/strong><\/p>\n\n\n\n<p class=\"has-text-color has-background has-text-align-center has-very-light-gray-color has-vivid-cyan-blue-background-color wp-block-paragraph\"><strong><a href=\"https:\/\/adhilac.com.ar\/?page_id=15876\">ADHILAC 20 a\u00f1os despu\u00e9s (1974-1994)<\/a> <\/strong><\/p>\n\n\n\n<p class=\"has-text-color has-background has-text-align-center has-vivid-cyan-blue-color has-very-light-gray-background-color wp-block-paragraph\"><strong><a href=\"https:\/\/adhilac.com.ar\/?page_id=15861\">ADHILAC Breve Historia<\/a> <\/strong><\/p>\n\n\n\n<p class=\"has-text-color has-background has-text-align-center has-very-light-gray-color has-vivid-cyan-blue-background-color wp-block-paragraph\"><strong><a href=\"https:\/\/adhilac.com.ar\/?page_id=15887\">ADHILAC: Miembrxs fundadores<\/a><\/strong><\/p>\n\n\n\n<p class=\"has-text-color has-background has-text-align-center has-vivid-cyan-blue-color has-very-light-gray-background-color wp-block-paragraph\"><strong><a href=\"https:\/\/adhilac.com.ar\/?page_id=15943\">ADHILAC: Historiadorxs Destacadxs<\/a><\/strong><\/p>\n\n\n\n<p class=\"has-text-color has-background has-text-align-center has-very-light-gray-color has-vivid-cyan-blue-background-color wp-block-paragraph\"><strong><a href=\"https:\/\/adhilac.com.ar\/?page_id=4779\">SOCIXS<\/a><\/strong><\/p>\n\n\n\n<p class=\"has-text-color has-background has-text-align-center has-vivid-cyan-blue-color has-very-light-gray-background-color wp-block-paragraph\"><strong><a href=\"https:\/\/adhilac.com.ar\/?page_id=263\">Estatutos de ADHILAC<\/a><\/strong><\/p>\n\n\n\n<p class=\"has-text-color has-background has-text-align-center has-very-light-gray-color has-vivid-cyan-blue-background-color wp-block-paragraph\"><strong><a href=\"https:\/\/adhilac.com.ar\/?page_id=8220\">BICENTENARIO<\/a><\/strong><\/p>\n\n\n\n<p class=\"has-text-color has-background has-text-align-center has-vivid-cyan-blue-color has-very-light-gray-background-color wp-block-paragraph\"><strong><a href=\"https:\/\/adhilac.com.ar\/?page_id=8279\">BIBLIOTECA<\/a><\/strong><\/p>\n\n\n\n<p class=\"has-text-color has-background has-text-align-center has-very-light-gray-color has-vivid-cyan-blue-background-color wp-block-paragraph\"><strong><a href=\"https:\/\/adhilac.com.ar\/?page_id=1698\">ENLACES<\/a> <\/strong><\/p>\n\n\n\n<p class=\"has-text-color has-background has-text-align-center has-vivid-cyan-blue-color has-very-light-gray-background-color wp-block-paragraph\"><a href=\"http:\/\/www.ariadnatucma.com.ar\">VISITE ARIADNA TUCMA REVISTA LATINOAMERICANA<\/a><\/p>\n<\/div><\/div>\n","protected":false},"excerpt":{"rendered":"<p>Estimados colegas: Agradezco la posibilidad de hacerles llegar la convocatoria de trabajos para el dossier&nbsp;\u00abRevistas culturales en tiempos de guerra (siglos XIX y XX)\u00bb (que coordinamos junto a la Dra. Mariana Moraes), que ser\u00e1 publicado en el n\u00famero 9 (junio 2021) de la revista&nbsp;Humanidades&nbsp;de la Universidad de Montevideo.&nbsp; El plazo para la recepci\u00f3n de los [&hellip;]<\/p>\n","protected":false},"author":2,"featured_media":0,"comment_status":"closed","ping_status":"open","sticky":false,"template":"","format":"standard","meta":{"_crdt_document":"","footnotes":""},"categories":[15,7],"tags":[],"class_list":["post-16476","post","type-post","status-publish","format-standard","hentry","category-historia","category-publicac-info"],"_links":{"self":[{"href":"https:\/\/adhilac.com.ar\/index.php?rest_route=\/wp\/v2\/posts\/16476","targetHints":{"allow":["GET"]}}],"collection":[{"href":"https:\/\/adhilac.com.ar\/index.php?rest_route=\/wp\/v2\/posts"}],"about":[{"href":"https:\/\/adhilac.com.ar\/index.php?rest_route=\/wp\/v2\/types\/post"}],"author":[{"embeddable":true,"href":"https:\/\/adhilac.com.ar\/index.php?rest_route=\/wp\/v2\/users\/2"}],"replies":[{"embeddable":true,"href":"https:\/\/adhilac.com.ar\/index.php?rest_route=%2Fwp%2Fv2%2Fcomments&post=16476"}],"version-history":[{"count":1,"href":"https:\/\/adhilac.com.ar\/index.php?rest_route=\/wp\/v2\/posts\/16476\/revisions"}],"predecessor-version":[{"id":16479,"href":"https:\/\/adhilac.com.ar\/index.php?rest_route=\/wp\/v2\/posts\/16476\/revisions\/16479"}],"wp:attachment":[{"href":"https:\/\/adhilac.com.ar\/index.php?rest_route=%2Fwp%2Fv2%2Fmedia&parent=16476"}],"wp:term":[{"taxonomy":"category","embeddable":true,"href":"https:\/\/adhilac.com.ar\/index.php?rest_route=%2Fwp%2Fv2%2Fcategories&post=16476"},{"taxonomy":"post_tag","embeddable":true,"href":"https:\/\/adhilac.com.ar\/index.php?rest_route=%2Fwp%2Fv2%2Ftags&post=16476"}],"curies":[{"name":"wp","href":"https:\/\/api.w.org\/{rel}","templated":true}]}}