{"id":16480,"date":"2020-04-21T20:21:44","date_gmt":"2020-04-21T23:21:44","guid":{"rendered":"https:\/\/adhilac.com.ar\/?p=16480"},"modified":"2020-08-14T11:39:04","modified_gmt":"2020-08-14T14:39:04","slug":"miguel-leon-portilla-su-obra-on-line","status":"publish","type":"post","link":"https:\/\/adhilac.com.ar\/?p=16480","title":{"rendered":"Miguel Le\u00f3n Portilla: su obra on line"},"content":{"rendered":"\n<h3 class=\"wp-block-heading\">\u201cLa huida de Quetzalc\u00f3atl\u201d, de Le\u00f3n-Portilla<\/h3>\n\n\n\n<div class=\"wp-block-media-text alignwide is-stacked-on-mobile is-image-fill has-luminous-vivid-orange-to-vivid-red-gradient-background has-background\"><figure class=\"wp-block-media-text__media\" style=\"background-image:url(https:\/\/adhilac.com.ar\/wp-content\/uploads\/2010\/03\/PORTILLA-1.jpg);background-position:49% 22%\"><img loading=\"lazy\" decoding=\"async\" width=\"227\" height=\"263\" src=\"https:\/\/adhilac.com.ar\/wp-content\/uploads\/2010\/03\/PORTILLA-1.jpg\" alt=\"\" class=\"wp-image-976\"\/><\/figure><div class=\"wp-block-media-text__content\">\n<p class=\"has-text-align-center has-very-light-gray-color has-text-color wp-block-paragraph\"><strong>\u201cLa huida de Quetzalc\u00f3atl\u201d, de Le\u00f3n-Portilla. <\/strong><\/p>\n\n\n\n<p class=\"has-text-align-center has-very-light-gray-color has-text-color wp-block-paragraph\"><strong>Por Indira Cat<\/strong>o<\/p>\n<\/div><\/div>\n\n\n\n<p class=\"wp-block-paragraph\">Como parte de un merecido homenaje al fil\u00f3sofo y escritor Miguel Le\u00f3n Portilla, la UNAM presenta la \u00fanica obra de teatro escrita por \u00e9l: La huida de Quetzalc\u00f3atl.<\/p>\n\n\n\n<!--nextpage-->\n\n\n\n<p class=\"wp-block-paragraph\">La encargada del montaje fue la dise\u00f1adora teatral M\u00f3nica Raya, recientemente nombrada Coordinadora del Colegio de Literatura Dram\u00e1tica y Teatro de la UNAM.<\/p>\n\n\n\n<p class=\"wp-block-paragraph\">Raya no aboga por el cr\u00e9dito de directora. Se autodenomina, en cambio, adaptadora e investigadora en escena.<\/p>\n\n\n\n<p class=\"wp-block-paragraph\">La obra del tambi\u00e9n autor de Visi\u00f3n de los vencidos, cuenta la historia del otro Quetzalc\u00f3atl, menos conocido que el dios: Un hombre de carne y hueso, admirable gobernador de la cultura tolteca, quien bajo su r\u00e9gimen levanta con gran esplendor la ciudad de Tula, su capital.<\/p>\n\n\n\n<p class=\"wp-block-paragraph\">Rescatar las ra\u00edces -sobre todo en estos tiempos, donde instituciones como la Secretar\u00eda de Educaci\u00f3n P\u00fablica toma absurdas medidas como comenzar las lecciones de historia a partir de la llegada de los espa\u00f1oles a Mesoam\u00e9rica- es de una importancia trascendental.<\/p>\n\n\n\n<p class=\"wp-block-paragraph\">Los relatos de los pueblos originarios son bellos, intensos y nos ayudan a explicar -con una nueva alternativa quiz\u00e1 fant\u00e1stica- el espacio que habitamos. Reconocerlo como parte de la construcci\u00f3n de los mexicanos nos da identidad y nos anima a erguirnos con el orgullo de poder decir que nuestros mitos son tan entra\u00f1ables para el mundo mesoamericano como los griegos para la antig\u00fcedad cl\u00e1sica.<\/p>\n\n\n\n<p class=\"wp-block-paragraph\">La obra habla de eso que marc\u00f3 la grandeza y el posterior olvido de las culturas prehisp\u00e1nicas de M\u00e9xico: el implacable tiempo. No obstante, la riqueza de la historia, los di\u00e1logos en el texto son un tanto obsoletos, dif\u00edciles de digerir e incluso un tanto repetitivos, en especial los de los hechiceros-b\u00faho. Se trata de reflexiones filos\u00f3ficas llevadas a escena.<\/p>\n\n\n\n<p class=\"wp-block-paragraph\">La atenci\u00f3n del p\u00fablico es sin duda acaparada por la vista. La gigantesca escenograf\u00eda y los alucinantes trajes de una superproducci\u00f3n de la que pocas veces podemos gozar en nuestro pa\u00eds, lo dejan con la boca abierta.<\/p>\n\n\n\n<p class=\"wp-block-paragraph\">Y es que el fuerte de Raya es evidente. Utiliza como base una enorme cantidad de elementos prehisp\u00e1nicos -las formas piramidales, los cenotes, los plumajes-, los reinterpreta e inserta la m\u00e1s pura modernidad al servicio del montaje: un mapping (proyecciones que construyen sobre una superficie) perfectamente cuidado.<\/p>\n\n\n\n<p class=\"wp-block-paragraph\">La pieza se acompa\u00f1a de bases sonoras del m\u00fasico Jorge Reyes -un cl\u00e1sico en el rescate de nuestras ra\u00edces musicales-, las cuales se funden con los vigorosos bailes -interpretados por Gustavo Sanders, Priscila Sol\u00f3rzano, Daryl Guadarrama, Pablo G\u00e1lvez, Omar Cervantes y Nik\u00fa Barmat- en los espacios casi on\u00edricos.<\/p>\n\n\n\n<p class=\"wp-block-paragraph\">Escenificaci\u00f3n para conocer m\u00e1s de nosotros mismos y, de paso, deleitarse con un espect\u00e1culo visual de primera calidad.<\/p>\n\n\n\n<figure class=\"wp-block-embed-youtube wp-block-embed is-type-video is-provider-youtube wp-embed-aspect-16-9 wp-has-aspect-ratio\"><div class=\"wp-block-embed__wrapper\">\n<iframe loading=\"lazy\" title=\"La Huida de Quetzac\u00f3atl\" width=\"764\" height=\"430\" src=\"https:\/\/www.youtube.com\/embed\/tip5nJQL3Yo?feature=oembed\" frameborder=\"0\" allow=\"accelerometer; autoplay; clipboard-write; encrypted-media; gyroscope; picture-in-picture\" allowfullscreen><\/iframe>\n<\/div><\/figure>\n\n\n\n<p class=\"wp-block-paragraph\">Fuente: &nbsp;www.proceso.com.mx  30 de noviembre de 2017<\/p>\n\n\n\n<div style=\"height:20px\" aria-hidden=\"true\" class=\"wp-block-spacer\"><\/div>\n\n\n\n<p class=\"has-very-light-gray-color has-vivid-cyan-blue-background-color has-text-color has-background wp-block-paragraph\"><strong>Publicado por ADHILAC Internacional \u00a9 www.adhilac.com.ar<\/strong><\/p>\n\n\n\n<p class=\"has-vivid-cyan-blue-color has-very-light-gray-background-color has-text-color has-background wp-block-paragraph\"> Si Ud. desea asociarse de acuerdo a los Estatutos de ADHILAC&nbsp;<a href=\"https:\/\/adhilac.com.ar\/?page_id=263\">(ver)<\/a> complete el siguiente formulario&nbsp;(<a href=\"https:\/\/adhilac.com.ar\/?page_id=4779\">ver<\/a>)<\/p>\n\n\n\n<p class=\"has-very-light-gray-color has-vivid-cyan-blue-background-color has-text-color has-background wp-block-paragraph\"> E-mail:&nbsp;info@adhilac.com.ar <\/p>\n\n\n\n<p class=\"has-very-light-gray-color has-vivid-cyan-blue-background-color has-text-color has-background wp-block-paragraph\"> Twitter: @AdhilacInfo <\/p>\n\n\n\n<div class=\"wp-block-image\"><figure class=\"aligncenter size-large\"><img loading=\"lazy\" decoding=\"async\" width=\"85\" height=\"85\" src=\"https:\/\/adhilac.com.ar\/wp-content\/uploads\/2015\/02\/Logo-ADHILAC-Internacional-PEQ.jpg\" alt=\"\" class=\"wp-image-10473\"\/><\/figure><\/div>\n\n\n\n<p class=\"wp-block-paragraph\">Ver <a href=\"https:\/\/adhilac.com.ar\/?page_id=541\">Presentaci\u00f3n de ADHILAC<\/a><\/p>\n\n\n\n<div style=\"height:20px\" aria-hidden=\"true\" class=\"wp-block-spacer\"><\/div>\n\n\n\n<div class=\"wp-block-group\"><div class=\"wp-block-group__inner-container is-layout-flow wp-block-group-is-layout-flow\">\n<p class=\"has-text-align-center has-very-light-gray-color has-vivid-cyan-blue-background-color has-text-color has-background wp-block-paragraph\"><strong><a href=\"https:\/\/adhilac.com.ar\/?page_id=541\">QUIENES SOMOS<\/a><\/strong><\/p>\n\n\n\n<p class=\"has-text-align-center has-vivid-cyan-blue-color has-very-light-gray-background-color has-text-color has-background wp-block-paragraph\"><strong><a href=\"https:\/\/adhilac.com.ar\/?page_id=15507\">DIRECTIVA DE ADHILAC INTERNACIONAL<\/a><\/strong><\/p>\n\n\n\n<p class=\"has-text-align-center has-very-light-gray-color has-vivid-cyan-blue-background-color has-text-color has-background wp-block-paragraph\"><strong><a href=\"https:\/\/adhilac.com.ar\/?page_id=267\">Declaraci\u00f3n de Caracas de ADHILAC (2007)<\/a><\/strong><\/p>\n\n\n\n<p class=\"has-text-align-center has-vivid-cyan-blue-color has-very-light-gray-background-color has-text-color has-background wp-block-paragraph\"><strong><a href=\"https:\/\/adhilac.com.ar\/?page_id=15873\">ADHILAC: Historia &#8211; Historidorxs<\/a><\/strong><\/p>\n\n\n\n<p class=\"has-text-align-center has-very-light-gray-color has-vivid-cyan-blue-background-color has-text-color has-background wp-block-paragraph\"><strong><a href=\"https:\/\/adhilac.com.ar\/?page_id=15876\">ADHILAC 20 a\u00f1os despu\u00e9s (1974-1994)<\/a> <\/strong><\/p>\n\n\n\n<p class=\"has-text-align-center has-vivid-cyan-blue-color has-very-light-gray-background-color has-text-color has-background wp-block-paragraph\"><strong><a href=\"https:\/\/adhilac.com.ar\/?page_id=15861\">ADHILAC Breve Historia<\/a> <\/strong><\/p>\n\n\n\n<p class=\"has-text-align-center has-very-light-gray-color has-vivid-cyan-blue-background-color has-text-color has-background wp-block-paragraph\"><strong><a href=\"https:\/\/adhilac.com.ar\/?page_id=15887\">ADHILAC: Miembrxs fundadores<\/a><\/strong><\/p>\n\n\n\n<p class=\"has-text-align-center has-vivid-cyan-blue-color has-very-light-gray-background-color has-text-color has-background wp-block-paragraph\"><strong><a href=\"https:\/\/adhilac.com.ar\/?page_id=15943\">ADHILAC: Historiadorxs Destacadxs<\/a><\/strong><\/p>\n\n\n\n<p class=\"has-text-align-center has-very-light-gray-color has-vivid-cyan-blue-background-color has-text-color has-background wp-block-paragraph\"><strong><a href=\"https:\/\/adhilac.com.ar\/?page_id=4779\">SOCIXS<\/a><\/strong><\/p>\n\n\n\n<p class=\"has-text-align-center has-vivid-cyan-blue-color has-very-light-gray-background-color has-text-color has-background wp-block-paragraph\"><strong><a href=\"https:\/\/adhilac.com.ar\/?page_id=263\">Estatutos de ADHILAC<\/a><\/strong><\/p>\n\n\n\n<p class=\"has-text-align-center has-very-light-gray-color has-vivid-cyan-blue-background-color has-text-color has-background wp-block-paragraph\"><strong><a href=\"https:\/\/adhilac.com.ar\/?page_id=8220\">BICENTENARIO<\/a><\/strong><\/p>\n\n\n\n<p class=\"has-text-align-center has-vivid-cyan-blue-color has-very-light-gray-background-color has-text-color has-background wp-block-paragraph\"><strong><a href=\"https:\/\/adhilac.com.ar\/?page_id=8279\">BIBLIOTECA<\/a><\/strong><\/p>\n\n\n\n<p class=\"has-text-align-center has-very-light-gray-color has-vivid-cyan-blue-background-color has-text-color has-background wp-block-paragraph\"><strong><a href=\"https:\/\/adhilac.com.ar\/?page_id=1698\">ENLACES<\/a> <\/strong><\/p>\n\n\n\n<p class=\"has-text-align-center has-vivid-cyan-blue-color has-very-light-gray-background-color has-text-color has-background wp-block-paragraph\"><a href=\"http:\/\/www.ariadnatucma.com.ar\">VISITE ARIADNA TUCMA REVISTA LATINOAMERICANA<\/a><\/p>\n<\/div><\/div>\n","protected":false},"excerpt":{"rendered":"<p>\u201cLa huida de Quetzalc\u00f3atl\u201d, de Le\u00f3n-Portilla \u201cLa huida de Quetzalc\u00f3atl\u201d, de Le\u00f3n-Portilla. Por Indira Cato Como parte de un merecido homenaje al fil\u00f3sofo y escritor Miguel Le\u00f3n Portilla, la UNAM presenta la \u00fanica obra de teatro escrita por \u00e9l: La huida de Quetzalc\u00f3atl.<\/p>\n","protected":false},"author":2,"featured_media":0,"comment_status":"closed","ping_status":"closed","sticky":false,"template":"","format":"standard","meta":{"_crdt_document":"","footnotes":""},"categories":[106,40],"tags":[121,429],"class_list":["post-16480","post","type-post","status-publish","format-standard","hentry","category-arte-y-artistas","category-informaciones","tag-mexico","tag-teatro"],"_links":{"self":[{"href":"https:\/\/adhilac.com.ar\/index.php?rest_route=\/wp\/v2\/posts\/16480","targetHints":{"allow":["GET"]}}],"collection":[{"href":"https:\/\/adhilac.com.ar\/index.php?rest_route=\/wp\/v2\/posts"}],"about":[{"href":"https:\/\/adhilac.com.ar\/index.php?rest_route=\/wp\/v2\/types\/post"}],"author":[{"embeddable":true,"href":"https:\/\/adhilac.com.ar\/index.php?rest_route=\/wp\/v2\/users\/2"}],"replies":[{"embeddable":true,"href":"https:\/\/adhilac.com.ar\/index.php?rest_route=%2Fwp%2Fv2%2Fcomments&post=16480"}],"version-history":[{"count":4,"href":"https:\/\/adhilac.com.ar\/index.php?rest_route=\/wp\/v2\/posts\/16480\/revisions"}],"predecessor-version":[{"id":16814,"href":"https:\/\/adhilac.com.ar\/index.php?rest_route=\/wp\/v2\/posts\/16480\/revisions\/16814"}],"wp:attachment":[{"href":"https:\/\/adhilac.com.ar\/index.php?rest_route=%2Fwp%2Fv2%2Fmedia&parent=16480"}],"wp:term":[{"taxonomy":"category","embeddable":true,"href":"https:\/\/adhilac.com.ar\/index.php?rest_route=%2Fwp%2Fv2%2Fcategories&post=16480"},{"taxonomy":"post_tag","embeddable":true,"href":"https:\/\/adhilac.com.ar\/index.php?rest_route=%2Fwp%2Fv2%2Ftags&post=16480"}],"curies":[{"name":"wp","href":"https:\/\/api.w.org\/{rel}","templated":true}]}}