{"id":16492,"date":"2020-04-09T18:33:00","date_gmt":"2020-04-09T21:33:00","guid":{"rendered":"https:\/\/adhilac.com.ar\/?p=16492"},"modified":"2020-08-14T11:42:26","modified_gmt":"2020-08-14T14:42:26","slug":"la-inmolacion-del-presidente-vargas-en-brasil","status":"publish","type":"post","link":"https:\/\/adhilac.com.ar\/?p=16492","title":{"rendered":"La inmolaci\u00f3n del presidente Vargas en Brasil"},"content":{"rendered":"\n<div class=\"wp-block-media-text alignwide is-stacked-on-mobile is-image-fill has-blush-light-purple-gradient-background has-background\"><figure class=\"wp-block-media-text__media\" style=\"background-image:url(https:\/\/adhilac.com.ar\/wp-content\/uploads\/2020\/05\/Getulio-Vargas-SGV.jpg);background-position:50% 50%\"><img loading=\"lazy\" decoding=\"async\" width=\"1024\" height=\"761\" src=\"https:\/\/adhilac.com.ar\/wp-content\/uploads\/2020\/05\/Getulio-Vargas-SGV.jpg\" alt=\"\" class=\"wp-image-16493\" srcset=\"https:\/\/adhilac.com.ar\/wp-content\/uploads\/2020\/05\/Getulio-Vargas-SGV.jpg 1024w, https:\/\/adhilac.com.ar\/wp-content\/uploads\/2020\/05\/Getulio-Vargas-SGV-500x372.jpg 500w, https:\/\/adhilac.com.ar\/wp-content\/uploads\/2020\/05\/Getulio-Vargas-SGV-768x571.jpg 768w\" sizes=\"auto, (max-width: 1024px) 100vw, 1024px\" \/><\/figure><div class=\"wp-block-media-text__content\">\n<p class=\"has-text-align-right has-luminous-vivid-orange-color has-text-color has-normal-font-size wp-block-paragraph\"><strong>Por Sergio Guerra Vilaboy<\/strong><\/p>\n<\/div><\/div>\n\n\n\n<p class=\"wp-block-paragraph\">El 31 de enero de 1951 el ex dictador brasile\u00f1o Getulio Vargas, quien en los a\u00f1os treinta hab\u00eda llegado a imponer un r\u00e9gimen autoritario en Brasil, denominado <em>Estado Novo,<\/em> y que fuera derrocado al t\u00e9rmino de la Segunda Guerra Mundial, volvi\u00f3 al poder. Ahora reapareci\u00f3 con un programa que pretend\u00eda dar continuidad al desarrollo industrial del pa\u00eds y propiciar una serie de demandas populares, entre ellas la reforma agraria.<\/p>\n\n\n\n<!--more-->\n\n\n\n<p class=\"wp-block-paragraph\">Durante este nuevo gobierno, Vargas ampli\u00f3 la siderurgia de Volta Redonda, cre\u00f3 una nueva hidroel\u00e9ctrica, culmin\u00f3 varios proyectos desarrollistas y fund\u00f3, en octubre de 1953, una empresa estatal monopolista para los hidrocarburos: la hoy famosa Petrobr\u00e1s. En 1952 tambi\u00e9n dict\u00f3 las primeras disposiciones para contener la hemorragia de capitales provocada por las empresas extranjeras. La coyuntura favorable a las exportaciones, permitieron a la industria llegar a representar casi un cuarto de toda la producci\u00f3n nacional.<\/p>\n\n\n\n<p class=\"wp-block-paragraph\">Pero hacia 1953 la situaci\u00f3n se complic\u00f3, al caer en crisis la producci\u00f3n fabril, agotadas las posibilidades de la \u201csustituci\u00f3n de importaciones\u201d. Al mismo tiempo, se produc\u00eda el desplome de los precios de los tradicionales art\u00edculos de exportaci\u00f3n \u2013terminaba el ef\u00edmero <em>boom<\/em> de la Guerra de Corea-, lo que repercut\u00eda en una aguda disminuci\u00f3n del ingreso en divisas. Por a\u00f1adidura, las empresas extranjeras continuaban la descapitalizaci\u00f3n del pa\u00eds con las constantes remesas a sus casas matrices, provocando end\u00e9micos d\u00e9ficits en la balanza de pagos. En estas condiciones, la oligarqu\u00eda agrario-exportadora y la burgues\u00eda aliada al capital extranjero increment\u00f3 su hostilidad a Vargas, lo que se expres\u00f3 en protestas en el parlamento, la prensa y las asociaciones profesionales.<\/p>\n\n\n\n<p class=\"wp-block-paragraph\">Acosado por la derecha y la izquierda, Vargas realiz\u00f3 entonces una restructuraci\u00f3n ministerial. Sac\u00f3 de su gabinete a los elementos m\u00e1s conservadores e incorpor\u00f3 a personalidades progresistas como JoaoGoulart. En ese contexto, se adoptaron medidas de austeridad sin devaluar el <em>cruzeiro, <\/em>se sustituy\u00f3 el sistema de las licencias de importaci\u00f3n por uno de cambios m\u00faltiples, mientras se sosten\u00eda el cr\u00e9dito a la industria con nuevas emisiones y se fijaba un tope a la remisi\u00f3n de utilidades. El endurecimiento de la pol\u00edtica nacionalista de Vargas tambi\u00e9n se manifest\u00f3 en su acercamiento a la Argentina de Per\u00f3n, la elaboraci\u00f3n de un plan de reforma agraria y de una empresa estatal, semejante a la del petr\u00f3leo, para el control de la electricidad (Electrobras).<\/p>\n\n\n\n<p class=\"wp-block-paragraph\">La desestabilizaci\u00f3n econ\u00f3mica propiciada por Estados Unidos, unido a la ineficacia de las medidas gubernamentales, produjeron una apreciable disminuci\u00f3n del crecimiento industrial. La incontenible alza de los precios continu\u00f3, mientras el costo de la vida se elev\u00f3 en un 40%, el doble de dos a\u00f1os antes. Los m\u00e1s afectados eran los trabajadores. En marzo de 1953 cerca de trescientos mil obreros de Sao Paulo pararon durante un mes, y exigieron aumento de salarios y el control de la inflaci\u00f3n. El ascenso de la lucha popular fue facilitado por el Ministro de Trabajo Joao Goulart, quien no imped\u00eda las huelgas y promulg\u00f3 un aumento del 100% en el salario m\u00ednimo.<\/p>\n\n\n\n<p class=\"wp-block-paragraph\">Desde ese instante, la casi totalidad de la burgues\u00eda se volvi\u00f3 contra Vargas. La gran prensa acus\u00f3 al mandatario de implantar una rep\u00fablica sindicalista al estilo peronista, con Goulart a la cabeza, y sacaron a la luz p\u00fablica los negocios sucios de algunas figuras del gobierno. La oposici\u00f3n tambi\u00e9n se hizo eco en las fuerzas armadas: el 8 de febrero de 1954 un grupo de altos oficiales envi\u00f3 un documento al Ministro de Guerra preocupados por lo que llamaban la p\u00e9rdida de autoridad del ej\u00e9rcito y reclamaban la suspensi\u00f3n de la ley del salario m\u00ednimo. La presi\u00f3n oblig\u00f3 a Vargas a dejar sin efecto esta medida y a sacar a Goulart de su gabinete.<\/p>\n\n\n\n<p class=\"wp-block-paragraph\">La tormenta finalmente se precipit\u00f3 el 5 de agosto, cuando un pistolero, al servicio de la guardia personal de Vargas, Gregorio Fortunato, el <em>\u00c1ngel negro del Catete, <\/em>como le puso la prensa-envuelto en la corrupci\u00f3n denunciada por la prensa opositora-, asesin\u00f3 a un mayor de la aeron\u00e1utica al intentar eliminar al periodista Carlos Lacerda. El esc\u00e1ndalo dio a la oposici\u00f3n los argumentos para acusar a Vargas y exigir su dimisi\u00f3n. Despu\u00e9s de la \u00faltima reuni\u00f3n del gabinete, en la madrugada del 25 de agosto, el anciano mandatario se suicid\u00f3 en su dormitorio del Palacio del Catete, dejando un pat\u00e9tico testamento pol\u00edtico en el cual responsabilizaba por su muerte a la reacci\u00f3n interna y a los \u201cgrupos internacionales econ\u00f3micos y financieros\u201d, vaticinando la inexorable liberaci\u00f3n nacional y social del pueblo brasile\u00f1o.<\/p>\n\n\n\n<div style=\"height:20px\" aria-hidden=\"true\" class=\"wp-block-spacer\"><\/div>\n\n\n\n<p class=\"wp-block-paragraph\">Fuente: www.informefracto.com &#8211; 8 de abril de 2020 <\/p>\n\n\n\n<div style=\"height:20px\" aria-hidden=\"true\" class=\"wp-block-spacer\"><\/div>\n\n\n\n<div style=\"height:20px\" aria-hidden=\"true\" class=\"wp-block-spacer\"><\/div>\n\n\n\n<p class=\"has-very-light-gray-color has-vivid-cyan-blue-background-color has-text-color has-background wp-block-paragraph\"><strong>Publicado por ADHILAC Internacional \u00a9 www.adhilac.com.ar<\/strong><\/p>\n\n\n\n<p class=\"has-vivid-cyan-blue-color has-very-light-gray-background-color has-text-color has-background wp-block-paragraph\"> Si Ud. desea asociarse de acuerdo a los Estatutos de ADHILAC&nbsp;<a href=\"https:\/\/adhilac.com.ar\/?page_id=263\">(ver)<\/a> complete el siguiente formulario&nbsp;(<a href=\"https:\/\/adhilac.com.ar\/?page_id=4779\">ver<\/a>)<\/p>\n\n\n\n<p class=\"has-very-light-gray-color has-vivid-cyan-blue-background-color has-text-color has-background wp-block-paragraph\"> E-mail:&nbsp;info@adhilac.com.ar <\/p>\n\n\n\n<p class=\"has-very-light-gray-color has-vivid-cyan-blue-background-color has-text-color has-background wp-block-paragraph\"> Twitter: @AdhilacInfo <\/p>\n\n\n\n<div class=\"wp-block-image\"><figure class=\"aligncenter size-large\"><img loading=\"lazy\" decoding=\"async\" width=\"85\" height=\"85\" src=\"https:\/\/adhilac.com.ar\/wp-content\/uploads\/2015\/02\/Logo-ADHILAC-Internacional-PEQ.jpg\" alt=\"\" class=\"wp-image-10473\"\/><\/figure><\/div>\n\n\n\n<p class=\"wp-block-paragraph\">Ver <a href=\"https:\/\/adhilac.com.ar\/?page_id=541\">Presentaci\u00f3n de ADHILAC<\/a><\/p>\n\n\n\n<div style=\"height:20px\" aria-hidden=\"true\" class=\"wp-block-spacer\"><\/div>\n\n\n\n<div class=\"wp-block-group\"><div class=\"wp-block-group__inner-container is-layout-flow wp-block-group-is-layout-flow\">\n<p class=\"has-text-align-center has-very-light-gray-color has-vivid-cyan-blue-background-color has-text-color has-background wp-block-paragraph\"><strong><a href=\"https:\/\/adhilac.com.ar\/?page_id=541\">QUIENES SOMOS<\/a><\/strong><\/p>\n\n\n\n<p class=\"has-text-align-center has-vivid-cyan-blue-color has-very-light-gray-background-color has-text-color has-background wp-block-paragraph\"><strong><a href=\"https:\/\/adhilac.com.ar\/?page_id=15507\">DIRECTIVA DE ADHILAC INTERNACIONAL<\/a><\/strong><\/p>\n\n\n\n<p class=\"has-text-align-center has-very-light-gray-color has-vivid-cyan-blue-background-color has-text-color has-background wp-block-paragraph\"><strong><a href=\"https:\/\/adhilac.com.ar\/?page_id=267\">Declaraci\u00f3n de Caracas de ADHILAC (2007)<\/a><\/strong><\/p>\n\n\n\n<p class=\"has-text-align-center has-vivid-cyan-blue-color has-very-light-gray-background-color has-text-color has-background wp-block-paragraph\"><strong><a href=\"https:\/\/adhilac.com.ar\/?page_id=15873\">ADHILAC: Historia &#8211; Historidorxs<\/a><\/strong><\/p>\n\n\n\n<p class=\"has-text-align-center has-very-light-gray-color has-vivid-cyan-blue-background-color has-text-color has-background wp-block-paragraph\"><strong><a href=\"https:\/\/adhilac.com.ar\/?page_id=15876\">ADHILAC 20 a\u00f1os despu\u00e9s (1974-1994)<\/a> <\/strong><\/p>\n\n\n\n<p class=\"has-text-align-center has-vivid-cyan-blue-color has-very-light-gray-background-color has-text-color has-background wp-block-paragraph\"><strong><a href=\"https:\/\/adhilac.com.ar\/?page_id=15861\">ADHILAC Breve Historia<\/a> <\/strong><\/p>\n\n\n\n<p class=\"has-text-align-center has-very-light-gray-color has-vivid-cyan-blue-background-color has-text-color has-background wp-block-paragraph\"><strong><a href=\"https:\/\/adhilac.com.ar\/?page_id=15887\">ADHILAC: Miembrxs fundadores<\/a><\/strong><\/p>\n\n\n\n<p class=\"has-text-align-center has-vivid-cyan-blue-color has-very-light-gray-background-color has-text-color has-background wp-block-paragraph\"><strong><a href=\"https:\/\/adhilac.com.ar\/?page_id=15943\">ADHILAC: Historiadorxs Destacadxs<\/a><\/strong><\/p>\n\n\n\n<p class=\"has-text-align-center has-very-light-gray-color has-vivid-cyan-blue-background-color has-text-color has-background wp-block-paragraph\"><strong><a href=\"https:\/\/adhilac.com.ar\/?page_id=4779\">SOCIXS<\/a><\/strong><\/p>\n\n\n\n<p class=\"has-text-align-center has-vivid-cyan-blue-color has-very-light-gray-background-color has-text-color has-background wp-block-paragraph\"><strong><a href=\"https:\/\/adhilac.com.ar\/?page_id=263\">Estatutos de ADHILAC<\/a><\/strong><\/p>\n\n\n\n<p class=\"has-text-align-center has-very-light-gray-color has-vivid-cyan-blue-background-color has-text-color has-background wp-block-paragraph\"><strong><a href=\"https:\/\/adhilac.com.ar\/?page_id=8220\">BICENTENARIO<\/a><\/strong><\/p>\n\n\n\n<p class=\"has-text-align-center has-vivid-cyan-blue-color has-very-light-gray-background-color has-text-color has-background wp-block-paragraph\"><strong><a href=\"https:\/\/adhilac.com.ar\/?page_id=8279\">BIBLIOTECA<\/a><\/strong><\/p>\n\n\n\n<p class=\"has-text-align-center has-very-light-gray-color has-vivid-cyan-blue-background-color has-text-color has-background wp-block-paragraph\"><strong><a href=\"https:\/\/adhilac.com.ar\/?page_id=1698\">ENLACES<\/a> <\/strong><\/p>\n\n\n\n<p class=\"has-text-align-center has-vivid-cyan-blue-color has-very-light-gray-background-color has-text-color has-background wp-block-paragraph\"><a href=\"http:\/\/www.ariadnatucma.com.ar\">VISITE ARIADNA TUCMA REVISTA LATINOAMERICANA<\/a><\/p>\n<\/div><\/div>\n","protected":false},"excerpt":{"rendered":"<p>Por Sergio Guerra Vilaboy El 31 de enero de 1951 el ex dictador brasile\u00f1o Getulio Vargas, quien en los a\u00f1os treinta hab\u00eda llegado a imponer un r\u00e9gimen autoritario en Brasil, denominado Estado Novo, y que fuera derrocado al t\u00e9rmino de la Segunda Guerra Mundial, volvi\u00f3 al poder. Ahora reapareci\u00f3 con un programa que pretend\u00eda dar [&hellip;]<\/p>\n","protected":false},"author":17,"featured_media":0,"comment_status":"closed","ping_status":"closed","sticky":false,"template":"","format":"standard","meta":{"_crdt_document":"","footnotes":""},"categories":[15,40],"tags":[74,1012],"class_list":["post-16492","post","type-post","status-publish","format-standard","hentry","category-historia","category-informaciones","tag-brasil","tag-getulio-vargas"],"_links":{"self":[{"href":"https:\/\/adhilac.com.ar\/index.php?rest_route=\/wp\/v2\/posts\/16492","targetHints":{"allow":["GET"]}}],"collection":[{"href":"https:\/\/adhilac.com.ar\/index.php?rest_route=\/wp\/v2\/posts"}],"about":[{"href":"https:\/\/adhilac.com.ar\/index.php?rest_route=\/wp\/v2\/types\/post"}],"author":[{"embeddable":true,"href":"https:\/\/adhilac.com.ar\/index.php?rest_route=\/wp\/v2\/users\/17"}],"replies":[{"embeddable":true,"href":"https:\/\/adhilac.com.ar\/index.php?rest_route=%2Fwp%2Fv2%2Fcomments&post=16492"}],"version-history":[{"count":5,"href":"https:\/\/adhilac.com.ar\/index.php?rest_route=\/wp\/v2\/posts\/16492\/revisions"}],"predecessor-version":[{"id":16820,"href":"https:\/\/adhilac.com.ar\/index.php?rest_route=\/wp\/v2\/posts\/16492\/revisions\/16820"}],"wp:attachment":[{"href":"https:\/\/adhilac.com.ar\/index.php?rest_route=%2Fwp%2Fv2%2Fmedia&parent=16492"}],"wp:term":[{"taxonomy":"category","embeddable":true,"href":"https:\/\/adhilac.com.ar\/index.php?rest_route=%2Fwp%2Fv2%2Fcategories&post=16492"},{"taxonomy":"post_tag","embeddable":true,"href":"https:\/\/adhilac.com.ar\/index.php?rest_route=%2Fwp%2Fv2%2Ftags&post=16492"}],"curies":[{"name":"wp","href":"https:\/\/api.w.org\/{rel}","templated":true}]}}