{"id":16496,"date":"2020-04-11T18:40:00","date_gmt":"2020-04-11T21:40:00","guid":{"rendered":"https:\/\/adhilac.com.ar\/?p=16496"},"modified":"2020-08-14T11:41:11","modified_gmt":"2020-08-14T14:41:11","slug":"jose-manuel-balmaceda-primer-presidente-nacionalista","status":"publish","type":"post","link":"https:\/\/adhilac.com.ar\/?p=16496","title":{"rendered":"Jos\u00e9 Manuel Balmaceda, primer presidente nacionalista"},"content":{"rendered":"\n<div class=\"wp-block-media-text alignwide has-media-on-the-right is-stacked-on-mobile is-image-fill has-luminous-vivid-amber-to-luminous-vivid-orange-gradient-background has-background\"><figure class=\"wp-block-media-text__media\" style=\"background-image:url(https:\/\/adhilac.com.ar\/wp-content\/uploads\/2020\/05\/Balmaceda-SGV.jpg);background-position:50% 50%\"><img loading=\"lazy\" decoding=\"async\" width=\"932\" height=\"792\" src=\"https:\/\/adhilac.com.ar\/wp-content\/uploads\/2020\/05\/Balmaceda-SGV.jpg\" alt=\"\" class=\"wp-image-16497\" srcset=\"https:\/\/adhilac.com.ar\/wp-content\/uploads\/2020\/05\/Balmaceda-SGV.jpg 932w, https:\/\/adhilac.com.ar\/wp-content\/uploads\/2020\/05\/Balmaceda-SGV-500x425.jpg 500w, https:\/\/adhilac.com.ar\/wp-content\/uploads\/2020\/05\/Balmaceda-SGV-768x653.jpg 768w\" sizes=\"auto, (max-width: 932px) 100vw, 932px\" \/><\/figure><div class=\"wp-block-media-text__content\">\n<p class=\"has-vivid-purple-color has-text-color has-normal-font-size wp-block-paragraph\"><strong>Por Sergio Guerra Vilaboy<\/strong><\/p>\n<\/div><\/div>\n\n\n\n<p class=\"wp-block-paragraph\">La penetraci\u00f3n del imperialismo ingl\u00e9s en Chile se consolid\u00f3 en los a\u00f1os posteriores a la invasi\u00f3n chilena al litoral de Bolivia y Per\u00fa, durante la llamada Guerra del Pac\u00edfico (1879-1883). Ya en 1886 el capital brit\u00e1nico, que hab\u00eda alentado la contienda fratricida, controlaba el 70% de la producci\u00f3n de la principal riqueza del pa\u00eds austral, el salitre o caliche, y en 1890 hab\u00eda triplicado sus inversiones, dominando toda su vida econ\u00f3mica. Jos\u00e9 Manuel Balmaceda, qui\u00e9n gan\u00f3 las elecciones de 1886 a su principal contrincante, el rico contratista ferrocarrilero \u2013fundador de Vi\u00f1a del Mar- Jos\u00e9 Francisco Vergara, intent\u00f3 poner coto a los ingleses con una pol\u00edtica nacionalista.<\/p>\n\n\n\n<!--more-->\n\n\n\n<p class=\"wp-block-paragraph\">Desde el inicio de su gesti\u00f3n, el 18 de septiembre de ese a\u00f1o, Balmaceda encamin\u00f3 su gobierno a la recuperaci\u00f3n de los recursos naturales. Para lograrlo, intent\u00f3 aprovechar las ya visibles contradicciones inter imperialistas de la \u00e9poca para atraer capitalistas alemanes, norteamericanos y franceses, promoviendo sus inversiones y aflojar la asfixiante hegemon\u00eda inglesa.&nbsp; Adem\u00e1s, aument\u00f3 los derechos de exportaci\u00f3n del caliche, con lo que se incrementaron los ingresos fiscales, eliminando viejas contribuciones. Tambi\u00e9n el mandatario contrat\u00f3 un empr\u00e9stito para adquirir explotaciones salitreras brit\u00e1nicas en Tarapac\u00e1, liber\u00f3 de derechos la importaci\u00f3n de maquinarias, a la vez que impulsaba la creaci\u00f3n de un banco central, la estatizaci\u00f3n de los ferrocarriles y su extensi\u00f3n en el sur hasta Puerto Montt.<\/p>\n\n\n\n<p class=\"wp-block-paragraph\">Sin embargo, los intereses de la elite criolla aliada al capital brit\u00e1nico, nucleados en el Congreso, perjudicados por la pol\u00edtica nacionalista de Balmaceda, se le opusieron abiertamente. En realidad, detr\u00e1s del enfrentamiento entre el legislativo y ejecutivo se ocultaba la lucha de los grandes latifundistas, mineros enriquecidos y la burgues\u00eda comercial intermediaria asociada a Inglaterra, contra la naciente burgues\u00eda industrial, la peque\u00f1a burgues\u00eda urbana y el emergente proletariado. El rechazo de varios proyectos balmacedistas por el Congreso fue el preludio del choque final entre los dos poderes del Estado que se agudiz\u00f3 a principios de 1889, cuando Balmaceda se neg\u00f3 a que los diputados nombraran a sus ministros. Para intentar paliar la crisis pol\u00edtica, el mandatario hizo concesiones al parlamento, pero no acept\u00f3 la designaci\u00f3n de su eventual sucesor en la presidencia. La proliferaci\u00f3n de huelgas obreras, como las de Tarapac\u00e1 y Antofagasta en julio de 1890, sirvi\u00f3 de pretexto para acelerar las actividades conspirativas de las fuerzas asociadas al Congreso, que acusaron a Balmaceda de proteger al movimiento obrero. A fines de 1890, el propio parlamento, opuesto a una reforma constitucional, aprob\u00f3 un acta que en la pr\u00e1ctica destitu\u00eda al mandatario, acus\u00e1ndolo de violar la Constituci\u00f3n, en un virtual golpe de Estado.<\/p>\n\n\n\n<p class=\"wp-block-paragraph\">Finalmente, el 7 de enero de 1891, la flota de guerra chilena surta en Valpara\u00edso, siguiendo \u00f3rdenes de Jorge Montt, se rebel\u00f3 contra el gobierno de Balmaceda y bloque\u00f3 los puertos salitreros para impedir la obtenci\u00f3n de recursos por el gobierno. La propia mayor\u00eda parlamentaria que hab\u00eda firmado el acta de deposici\u00f3n del Presidente iba en los buques de la escuadra. Balmaceda replic\u00f3 asumiendo poderes dictatoriales, lo que condujo a la breve guerra civil de 1891.<\/p>\n\n\n\n<p class=\"wp-block-paragraph\">Al principio, las tropas de la Junta opositora, formada por el legislativo, fueron detenidas por las fuerzas militares leales al mandatario. Tras recibir refuerzos desde el mar, los sublevados pudieron avanzar hasta Caldera. El 19 de agosto entraron en Quintero, al norte de Valpara\u00edso. En las batallas de Conc\u00f3n \u2013en la desembocadura del r\u00edo Aconcagua- y de Placilla -26 de agosto- los balmacedistas fueron derrotados. M\u00e1s de ocho mil bajas, entre muertos y heridos, fue el saldo de estos dos sangrientos enfrentamientos. El 31 de agosto de 1891 la capital fue ocupada por los sublevados, mientras el mandatario se asilaba en la Legaci\u00f3n Argentina. El 19 de septiembre, un d\u00eda despu\u00e9s de terminado su mandato constitucional, Balmaceda se suicid\u00f3 en esa embajada. Su muerte puso fin al r\u00e9gimen presidencialista en Chile y al primer gobierno nacionalista en la historia contempor\u00e1nea de Am\u00e9rica Latina.<\/p>\n\n\n\n<div style=\"height:29px\" aria-hidden=\"true\" class=\"wp-block-spacer\"><\/div>\n\n\n\n<p class=\"wp-block-paragraph\">Fuente: www.informefracto.com &#8211; 10 de abril de 2020 <\/p>\n\n\n\n<div style=\"height:20px\" aria-hidden=\"true\" class=\"wp-block-spacer\"><\/div>\n\n\n\n<p class=\"has-very-light-gray-color has-vivid-cyan-blue-background-color has-text-color has-background wp-block-paragraph\"><strong>Publicado por ADHILAC Internacional \u00a9 www.adhilac.com.ar<\/strong><\/p>\n\n\n\n<p class=\"has-vivid-cyan-blue-color has-very-light-gray-background-color has-text-color has-background wp-block-paragraph\"> Si Ud. desea asociarse de acuerdo a los Estatutos de ADHILAC&nbsp;<a href=\"https:\/\/adhilac.com.ar\/?page_id=263\">(ver)<\/a> complete el siguiente formulario&nbsp;(<a href=\"https:\/\/adhilac.com.ar\/?page_id=4779\">ver<\/a>)<\/p>\n\n\n\n<p class=\"has-very-light-gray-color has-vivid-cyan-blue-background-color has-text-color has-background wp-block-paragraph\"> E-mail:&nbsp;info@adhilac.com.ar <\/p>\n\n\n\n<p class=\"has-very-light-gray-color has-vivid-cyan-blue-background-color has-text-color has-background wp-block-paragraph\"> Twitter: @AdhilacInfo <\/p>\n\n\n\n<div class=\"wp-block-image\"><figure class=\"aligncenter size-large\"><img loading=\"lazy\" decoding=\"async\" width=\"85\" height=\"85\" src=\"https:\/\/adhilac.com.ar\/wp-content\/uploads\/2015\/02\/Logo-ADHILAC-Internacional-PEQ.jpg\" alt=\"\" class=\"wp-image-10473\"\/><\/figure><\/div>\n\n\n\n<p class=\"wp-block-paragraph\">Ver <a href=\"https:\/\/adhilac.com.ar\/?page_id=541\">Presentaci\u00f3n de ADHILAC<\/a><\/p>\n\n\n\n<div style=\"height:20px\" aria-hidden=\"true\" class=\"wp-block-spacer\"><\/div>\n\n\n\n<div class=\"wp-block-group\"><div class=\"wp-block-group__inner-container is-layout-flow wp-block-group-is-layout-flow\">\n<p class=\"has-text-align-center has-very-light-gray-color has-vivid-cyan-blue-background-color has-text-color has-background wp-block-paragraph\"><strong><a href=\"https:\/\/adhilac.com.ar\/?page_id=541\">QUIENES SOMOS<\/a><\/strong><\/p>\n\n\n\n<p class=\"has-text-align-center has-vivid-cyan-blue-color has-very-light-gray-background-color has-text-color has-background wp-block-paragraph\"><strong><a href=\"https:\/\/adhilac.com.ar\/?page_id=15507\">DIRECTIVA DE ADHILAC INTERNACIONAL<\/a><\/strong><\/p>\n\n\n\n<p class=\"has-text-align-center has-very-light-gray-color has-vivid-cyan-blue-background-color has-text-color has-background wp-block-paragraph\"><strong><a href=\"https:\/\/adhilac.com.ar\/?page_id=267\">Declaraci\u00f3n de Caracas de ADHILAC (2007)<\/a><\/strong><\/p>\n\n\n\n<p class=\"has-text-align-center has-vivid-cyan-blue-color has-very-light-gray-background-color has-text-color has-background wp-block-paragraph\"><strong><a href=\"https:\/\/adhilac.com.ar\/?page_id=15873\">ADHILAC: Historia &#8211; Historidorxs<\/a><\/strong><\/p>\n\n\n\n<p class=\"has-text-align-center has-very-light-gray-color has-vivid-cyan-blue-background-color has-text-color has-background wp-block-paragraph\"><strong><a href=\"https:\/\/adhilac.com.ar\/?page_id=15876\">ADHILAC 20 a\u00f1os despu\u00e9s (1974-1994)<\/a> <\/strong><\/p>\n\n\n\n<p class=\"has-text-align-center has-vivid-cyan-blue-color has-very-light-gray-background-color has-text-color has-background wp-block-paragraph\"><strong><a href=\"https:\/\/adhilac.com.ar\/?page_id=15861\">ADHILAC Breve Historia<\/a> <\/strong><\/p>\n\n\n\n<p class=\"has-text-align-center has-very-light-gray-color has-vivid-cyan-blue-background-color has-text-color has-background wp-block-paragraph\"><strong><a href=\"https:\/\/adhilac.com.ar\/?page_id=15887\">ADHILAC: Miembrxs fundadores<\/a><\/strong><\/p>\n\n\n\n<p class=\"has-text-align-center has-vivid-cyan-blue-color has-very-light-gray-background-color has-text-color has-background wp-block-paragraph\"><strong><a href=\"https:\/\/adhilac.com.ar\/?page_id=15943\">ADHILAC: Historiadorxs Destacadxs<\/a><\/strong><\/p>\n\n\n\n<p class=\"has-text-align-center has-very-light-gray-color has-vivid-cyan-blue-background-color has-text-color has-background wp-block-paragraph\"><strong><a href=\"https:\/\/adhilac.com.ar\/?page_id=4779\">SOCIXS<\/a><\/strong><\/p>\n\n\n\n<p class=\"has-text-align-center has-vivid-cyan-blue-color has-very-light-gray-background-color has-text-color has-background wp-block-paragraph\"><strong><a href=\"https:\/\/adhilac.com.ar\/?page_id=263\">Estatutos de ADHILAC<\/a><\/strong><\/p>\n\n\n\n<p class=\"has-text-align-center has-very-light-gray-color has-vivid-cyan-blue-background-color has-text-color has-background wp-block-paragraph\"><strong><a href=\"https:\/\/adhilac.com.ar\/?page_id=8220\">BICENTENARIO<\/a><\/strong><\/p>\n\n\n\n<p class=\"has-text-align-center has-vivid-cyan-blue-color has-very-light-gray-background-color has-text-color has-background wp-block-paragraph\"><strong><a href=\"https:\/\/adhilac.com.ar\/?page_id=8279\">BIBLIOTECA<\/a><\/strong><\/p>\n\n\n\n<p class=\"has-text-align-center has-very-light-gray-color has-vivid-cyan-blue-background-color has-text-color has-background wp-block-paragraph\"><strong><a href=\"https:\/\/adhilac.com.ar\/?page_id=1698\">ENLACES<\/a> <\/strong><\/p>\n\n\n\n<p class=\"has-text-align-center has-vivid-cyan-blue-color has-very-light-gray-background-color has-text-color has-background wp-block-paragraph\"><a href=\"http:\/\/www.ariadnatucma.com.ar\">VISITE ARIADNA TUCMA REVISTA LATINOAMERICANA<\/a><\/p>\n<\/div><\/div>\n","protected":false},"excerpt":{"rendered":"<p>Por Sergio Guerra Vilaboy La penetraci\u00f3n del imperialismo ingl\u00e9s en Chile se consolid\u00f3 en los a\u00f1os posteriores a la invasi\u00f3n chilena al litoral de Bolivia y Per\u00fa, durante la llamada Guerra del Pac\u00edfico (1879-1883). Ya en 1886 el capital brit\u00e1nico, que hab\u00eda alentado la contienda fratricida, controlaba el 70% de la producci\u00f3n de la principal [&hellip;]<\/p>\n","protected":false},"author":17,"featured_media":0,"comment_status":"closed","ping_status":"closed","sticky":false,"template":"","format":"standard","meta":{"_crdt_document":"","footnotes":""},"categories":[40],"tags":[1013,77],"class_list":["post-16496","post","type-post","status-publish","format-standard","hentry","category-informaciones","tag-balmaceda","tag-chile"],"_links":{"self":[{"href":"https:\/\/adhilac.com.ar\/index.php?rest_route=\/wp\/v2\/posts\/16496","targetHints":{"allow":["GET"]}}],"collection":[{"href":"https:\/\/adhilac.com.ar\/index.php?rest_route=\/wp\/v2\/posts"}],"about":[{"href":"https:\/\/adhilac.com.ar\/index.php?rest_route=\/wp\/v2\/types\/post"}],"author":[{"embeddable":true,"href":"https:\/\/adhilac.com.ar\/index.php?rest_route=\/wp\/v2\/users\/17"}],"replies":[{"embeddable":true,"href":"https:\/\/adhilac.com.ar\/index.php?rest_route=%2Fwp%2Fv2%2Fcomments&post=16496"}],"version-history":[{"count":3,"href":"https:\/\/adhilac.com.ar\/index.php?rest_route=\/wp\/v2\/posts\/16496\/revisions"}],"predecessor-version":[{"id":16818,"href":"https:\/\/adhilac.com.ar\/index.php?rest_route=\/wp\/v2\/posts\/16496\/revisions\/16818"}],"wp:attachment":[{"href":"https:\/\/adhilac.com.ar\/index.php?rest_route=%2Fwp%2Fv2%2Fmedia&parent=16496"}],"wp:term":[{"taxonomy":"category","embeddable":true,"href":"https:\/\/adhilac.com.ar\/index.php?rest_route=%2Fwp%2Fv2%2Fcategories&post=16496"},{"taxonomy":"post_tag","embeddable":true,"href":"https:\/\/adhilac.com.ar\/index.php?rest_route=%2Fwp%2Fv2%2Ftags&post=16496"}],"curies":[{"name":"wp","href":"https:\/\/api.w.org\/{rel}","templated":true}]}}