{"id":16499,"date":"2020-04-16T18:48:00","date_gmt":"2020-04-16T21:48:00","guid":{"rendered":"https:\/\/adhilac.com.ar\/?p=16499"},"modified":"2020-08-14T11:40:33","modified_gmt":"2020-08-14T14:40:33","slug":"suicidio-del-presidente-german-busch-en-bolivia","status":"publish","type":"post","link":"https:\/\/adhilac.com.ar\/?p=16499","title":{"rendered":"Suicidio del presidente German Busch en Bolivia"},"content":{"rendered":"\n<div class=\"wp-block-media-text alignwide is-stacked-on-mobile is-image-fill has-pale-ocean-gradient-background has-background\"><figure class=\"wp-block-media-text__media\" style=\"background-image:url(https:\/\/adhilac.com.ar\/wp-content\/uploads\/2020\/05\/Germ\u00e1n-Busch-1024x695.jpg);background-position:11% 62%\"><img loading=\"lazy\" decoding=\"async\" width=\"1024\" height=\"695\" src=\"https:\/\/adhilac.com.ar\/wp-content\/uploads\/2020\/05\/Germ\u00e1n-Busch-1024x695.jpg\" alt=\"\" class=\"wp-image-16500\" srcset=\"https:\/\/adhilac.com.ar\/wp-content\/uploads\/2020\/05\/Germ\u00e1n-Busch-1024x695.jpg 1024w, https:\/\/adhilac.com.ar\/wp-content\/uploads\/2020\/05\/Germ\u00e1n-Busch-500x339.jpg 500w, https:\/\/adhilac.com.ar\/wp-content\/uploads\/2020\/05\/Germ\u00e1n-Busch-768x521.jpg 768w, https:\/\/adhilac.com.ar\/wp-content\/uploads\/2020\/05\/Germ\u00e1n-Busch.jpg 1500w\" sizes=\"auto, (max-width: 1024px) 100vw, 1024px\" \/><\/figure><div class=\"wp-block-media-text__content\">\n<p class=\"has-text-align-right has-vivid-cyan-blue-color has-text-color has-normal-font-size wp-block-paragraph\"><strong>Sergio Guerra Vilaboy<\/strong><\/p>\n<\/div><\/div>\n\n\n\n<p class=\"wp-block-paragraph\">En notas anteriores de <em>Madre Am\u00e9rica<\/em> relatamos la historia de dos presidentes nacionalistas que se mataron, acosados por la oligarqu\u00eda aliada al capital extranjero. Nos referimos a Jos\u00e9 Manuel Balmaceda y Getulio Vargas, inmolados en Chile (1891) y Brasil (1954). La de hoy la dedicamos a otro presidente latinoamericano suicidado, quiz\u00e1s menos conocido, el coronel boliviano Germ\u00e1n Busch, que se quit\u00f3 la vida en 1939.<\/p>\n\n\n\n<!--more-->\n\n\n\n<p class=\"wp-block-paragraph\">El tr\u00e1gico desenlace de este mandatario de Bolivia est\u00e1 relacionado con la Guerra del Chaco (1931-1936), que hab\u00eda enfrentado a su pa\u00eds con Paraguay por los yacimientos petrol\u00edferos en la zona fronteriza. Terminada la sangrienta contienda fratricida, la prensa internacional revel\u00f3 el siniestro papel jugado por el monopolio estadounidense Standard Oil Company para empujar a la guerra al gobierno de La Paz, as\u00ed como sus violaciones de los contratos y fraudes al fisco boliviano. Las revelaciones estremecieron al pa\u00eds, que hab\u00eda perdido miles de hombres en la contienda y una parte de su territorio.<\/p>\n\n\n\n<p class=\"wp-block-paragraph\">En medio de la frustraci\u00f3n nacional, agravada por la crisis econ\u00f3mica de posguerra, que despertaron protestas, huelgas y manifestaciones, se agudizaron las contradicciones intestinas de la <em>rosca<\/em>, la reducida \u00e9lite de los grandes propietarios de minas, enfrentada por las cuotas de exportaci\u00f3n asignadas a Bolivia por un Comit\u00e9 Internacional del Esta\u00f1o (CIE). El grupo liderado por Carlos V. Aramayo, rival de la Pati\u00f1o Mines, alent\u00f3 a los militares a derrocar al gobierno, sin comprender que entre la joven oficialidad hab\u00eda calado el rechazo a la vieja oligarqu\u00eda, sentimiento forjado en las logias surgidas en los propios campamentos de prisioneros bolivianos en Paraguay.&nbsp; El 17 de mayo de 1936 miembros de la logia Mariscal Santa Cruz, encabezados por el coronel Germ\u00e1n Busch, derrocaron al presidente Jos\u00e9 Luis Tejada Sorzano y lo sustituyeron por el coronel David Toro, sepultando la llamada \u201cRep\u00fablica Liberal\u201d.<\/p>\n\n\n\n<p class=\"wp-block-paragraph\">Bajo presi\u00f3n de los militares nacionalistas, Toro decret\u00f3 las primeras disposiciones contra la Standard Oil Company, as\u00ed como varias medidas sociales y pol\u00edticas ins\u00f3litas en la historia del pa\u00eds. Fueron disueltos los partidos de la oligarqu\u00eda y se autoriz\u00f3 el funcionamiento del Partido Socialista de Gobierno, dirigido por militares y civiles de la nueva \u201cgeneraci\u00f3n del Chaco\u201d. Adem\u00e1s, se permiti\u00f3 desde agosto de 1936 la formaci\u00f3n de sindicatos y surgi\u00f3 la Confederaci\u00f3n Sindical de Trabajadores de Bolivia (CSTB).<\/p>\n\n\n\n<p class=\"wp-block-paragraph\">El 21 de diciembre de 1936, Toro aprob\u00f3 la creaci\u00f3n de Yacimientos Petrol\u00edferos Fiscales Bolivianos (YPFB), decreto firmado en la casa del millonario Aramayo. Presionado por la oficialidad joven, Toro fue a\u00fan m\u00e1s lejos: dict\u00f3 el 13 de marzo de 1937, la \u201cResoluci\u00f3n Suprema\u201d que cancelaba las concesiones de la Standard Oil en Bolivia y dispon\u00eda la nacionalizaci\u00f3n de todas sus propiedades: 31 pozos de petr\u00f3leo, dos destiler\u00edas y siete millones de hect\u00e1reas, medida entonces sin precedente en la historia latinoamericana, pues s\u00f3lo al a\u00f1o siguiente L\u00e1zaro C\u00e1rdenas adoptar\u00eda una disposici\u00f3n similar en M\u00e9xico. Cuatro meses despu\u00e9s de la expropiaci\u00f3n petrolera boliviana, el coronel Busch desplaz\u00f3 a Toro en el gobierno, desgastado por sus v\u00ednculos con la <em>rosca<\/em> y en medio de un extendido movimiento huelgu\u00edstico.<\/p>\n\n\n\n<p class=\"wp-block-paragraph\">Busch, que al parecer se inclinaba m\u00e1s por el consorcio Pati\u00f1o, convoc\u00f3 a una convenci\u00f3n que lo proclam\u00f3 presidente de la Rep\u00fablica y emiti\u00f3 una constituci\u00f3n de inspiraci\u00f3n nacionalista (1938). La nueva carta magna establec\u00eda el derecho del Estado sobre las riquezas naturales del pa\u00eds, alud\u00eda a la funci\u00f3n social de la propiedad, y reconoc\u00eda a los campesinos sus tierras comunales. Adem\u00e1s, Busch promulg\u00f3 el primer C\u00f3digo de Trabajo y cre\u00f3 el Banco Minero, encargado de proteger y fomentar la peque\u00f1a miner\u00eda.<\/p>\n\n\n\n<figure class=\"wp-block-image\"><img decoding=\"async\" src=\"https:\/\/informefracto.com\/wp-content\/uploads\/2020\/04\/Madre-Am\u00e9rica-2.jpg\" alt=\"\" class=\"wp-image-24064\"\/><\/figure>\n\n\n\n<p class=\"wp-block-paragraph\">Enfrentado al congreso, dominado por grupos olig\u00e1rquicos que promov\u00edan medidas liberales sobre impuestos y transferencias de divisas, el coronel Busch disolvi\u00f3 el legislativo, asumi\u00f3 poderes dictatoriales en abril de 1939 y dispuso la entrega al Estado todas de las divisas provenientes del esta\u00f1o. Era m\u00e1s de lo que pod\u00eda soportar la <em>rosca<\/em>. El ej\u00e9rcito lo abandon\u00f3 y el 23 de agosto de ese a\u00f1o fue hallado muerto de un balazo en su residencia particular en La Paz. Poco antes hab\u00eda declarado: \u201cS\u00e9 que el paso es sumamente grave para mi gobierno y que numerosos peligros me acechan. M\u00e1s no importa, estoy luchando por el pueblo boliviano y si caigo habr\u00e9 ca\u00eddo con una gran bandera: la libertad econ\u00f3mica de Bolivia\u201d.<\/p>\n\n\n\n<div style=\"height:20px\" aria-hidden=\"true\" class=\"wp-block-spacer\"><\/div>\n\n\n\n<p class=\"wp-block-paragraph\">Fuente: www.informefracto.com &#8211; 15 de abril de 2020 <\/p>\n\n\n\n<div style=\"height:20px\" aria-hidden=\"true\" class=\"wp-block-spacer\"><\/div>\n\n\n\n<p class=\"has-very-light-gray-color has-vivid-cyan-blue-background-color has-text-color has-background wp-block-paragraph\"><strong>Publicado por ADHILAC Internacional \u00a9 www.adhilac.com.ar<\/strong><\/p>\n\n\n\n<p class=\"has-vivid-cyan-blue-color has-very-light-gray-background-color has-text-color has-background wp-block-paragraph\"> Si Ud. desea asociarse de acuerdo a los Estatutos de ADHILAC&nbsp;<a href=\"https:\/\/adhilac.com.ar\/?page_id=263\">(ver)<\/a> complete el siguiente formulario&nbsp;(<a href=\"https:\/\/adhilac.com.ar\/?page_id=4779\">ver<\/a>)<\/p>\n\n\n\n<p class=\"has-very-light-gray-color has-vivid-cyan-blue-background-color has-text-color has-background wp-block-paragraph\"> E-mail:&nbsp;info@adhilac.com.ar <\/p>\n\n\n\n<p class=\"has-very-light-gray-color has-vivid-cyan-blue-background-color has-text-color has-background wp-block-paragraph\"> Twitter: @AdhilacInfo <\/p>\n\n\n\n<div class=\"wp-block-image\"><figure class=\"aligncenter size-large\"><img loading=\"lazy\" decoding=\"async\" width=\"85\" height=\"85\" src=\"https:\/\/adhilac.com.ar\/wp-content\/uploads\/2015\/02\/Logo-ADHILAC-Internacional-PEQ.jpg\" alt=\"\" class=\"wp-image-10473\"\/><\/figure><\/div>\n\n\n\n<p class=\"wp-block-paragraph\">Ver <a href=\"https:\/\/adhilac.com.ar\/?page_id=541\">Presentaci\u00f3n de ADHILAC<\/a><\/p>\n\n\n\n<div style=\"height:20px\" aria-hidden=\"true\" class=\"wp-block-spacer\"><\/div>\n\n\n\n<div class=\"wp-block-group\"><div class=\"wp-block-group__inner-container is-layout-flow wp-block-group-is-layout-flow\">\n<p class=\"has-text-align-center has-very-light-gray-color has-vivid-cyan-blue-background-color has-text-color has-background wp-block-paragraph\"><strong><a href=\"https:\/\/adhilac.com.ar\/?page_id=541\">QUIENES SOMOS<\/a><\/strong><\/p>\n\n\n\n<p class=\"has-text-align-center has-vivid-cyan-blue-color has-very-light-gray-background-color has-text-color has-background wp-block-paragraph\"><strong><a href=\"https:\/\/adhilac.com.ar\/?page_id=15507\">DIRECTIVA DE ADHILAC INTERNACIONAL<\/a><\/strong><\/p>\n\n\n\n<p class=\"has-text-align-center has-very-light-gray-color has-vivid-cyan-blue-background-color has-text-color has-background wp-block-paragraph\"><strong><a href=\"https:\/\/adhilac.com.ar\/?page_id=267\">Declaraci\u00f3n de Caracas de ADHILAC (2007)<\/a><\/strong><\/p>\n\n\n\n<p class=\"has-text-align-center has-vivid-cyan-blue-color has-very-light-gray-background-color has-text-color has-background wp-block-paragraph\"><strong><a href=\"https:\/\/adhilac.com.ar\/?page_id=15873\">ADHILAC: Historia &#8211; Historidorxs<\/a><\/strong><\/p>\n\n\n\n<p class=\"has-text-align-center has-very-light-gray-color has-vivid-cyan-blue-background-color has-text-color has-background wp-block-paragraph\"><strong><a href=\"https:\/\/adhilac.com.ar\/?page_id=15876\">ADHILAC 20 a\u00f1os despu\u00e9s (1974-1994)<\/a> <\/strong><\/p>\n\n\n\n<p class=\"has-text-align-center has-vivid-cyan-blue-color has-very-light-gray-background-color has-text-color has-background wp-block-paragraph\"><strong><a href=\"https:\/\/adhilac.com.ar\/?page_id=15861\">ADHILAC Breve Historia<\/a> <\/strong><\/p>\n\n\n\n<p class=\"has-text-align-center has-very-light-gray-color has-vivid-cyan-blue-background-color has-text-color has-background wp-block-paragraph\"><strong><a href=\"https:\/\/adhilac.com.ar\/?page_id=15887\">ADHILAC: Miembrxs fundadores<\/a><\/strong><\/p>\n\n\n\n<p class=\"has-text-align-center has-vivid-cyan-blue-color has-very-light-gray-background-color has-text-color has-background wp-block-paragraph\"><strong><a href=\"https:\/\/adhilac.com.ar\/?page_id=15943\">ADHILAC: Historiadorxs Destacadxs<\/a><\/strong><\/p>\n\n\n\n<p class=\"has-text-align-center has-very-light-gray-color has-vivid-cyan-blue-background-color has-text-color has-background wp-block-paragraph\"><strong><a href=\"https:\/\/adhilac.com.ar\/?page_id=4779\">SOCIXS<\/a><\/strong><\/p>\n\n\n\n<p class=\"has-text-align-center has-vivid-cyan-blue-color has-very-light-gray-background-color has-text-color has-background wp-block-paragraph\"><strong><a href=\"https:\/\/adhilac.com.ar\/?page_id=263\">Estatutos de ADHILAC<\/a><\/strong><\/p>\n\n\n\n<p class=\"has-text-align-center has-very-light-gray-color has-vivid-cyan-blue-background-color has-text-color has-background wp-block-paragraph\"><strong><a href=\"https:\/\/adhilac.com.ar\/?page_id=8220\">BICENTENARIO<\/a><\/strong><\/p>\n\n\n\n<p class=\"has-text-align-center has-vivid-cyan-blue-color has-very-light-gray-background-color has-text-color has-background wp-block-paragraph\"><strong><a href=\"https:\/\/adhilac.com.ar\/?page_id=8279\">BIBLIOTECA<\/a><\/strong><\/p>\n\n\n\n<p class=\"has-text-align-center has-very-light-gray-color has-vivid-cyan-blue-background-color has-text-color has-background wp-block-paragraph\"><strong><a href=\"https:\/\/adhilac.com.ar\/?page_id=1698\">ENLACES<\/a> <\/strong><\/p>\n\n\n\n<p class=\"has-text-align-center has-vivid-cyan-blue-color has-very-light-gray-background-color has-text-color has-background wp-block-paragraph\"><a href=\"http:\/\/www.ariadnatucma.com.ar\">VISITE ARIADNA TUCMA REVISTA LATINOAMERICANA<\/a><\/p>\n<\/div><\/div>\n","protected":false},"excerpt":{"rendered":"<p>Sergio Guerra Vilaboy En notas anteriores de Madre Am\u00e9rica relatamos la historia de dos presidentes nacionalistas que se mataron, acosados por la oligarqu\u00eda aliada al capital extranjero. Nos referimos a Jos\u00e9 Manuel Balmaceda y Getulio Vargas, inmolados en Chile (1891) y Brasil (1954). La de hoy la dedicamos a otro presidente latinoamericano suicidado, quiz\u00e1s menos [&hellip;]<\/p>\n","protected":false},"author":17,"featured_media":0,"comment_status":"closed","ping_status":"closed","sticky":false,"template":"","format":"standard","meta":{"_crdt_document":"","footnotes":""},"categories":[15,40],"tags":[298,1014],"class_list":["post-16499","post","type-post","status-publish","format-standard","hentry","category-historia","category-informaciones","tag-bolivia","tag-german-busch"],"_links":{"self":[{"href":"https:\/\/adhilac.com.ar\/index.php?rest_route=\/wp\/v2\/posts\/16499","targetHints":{"allow":["GET"]}}],"collection":[{"href":"https:\/\/adhilac.com.ar\/index.php?rest_route=\/wp\/v2\/posts"}],"about":[{"href":"https:\/\/adhilac.com.ar\/index.php?rest_route=\/wp\/v2\/types\/post"}],"author":[{"embeddable":true,"href":"https:\/\/adhilac.com.ar\/index.php?rest_route=\/wp\/v2\/users\/17"}],"replies":[{"embeddable":true,"href":"https:\/\/adhilac.com.ar\/index.php?rest_route=%2Fwp%2Fv2%2Fcomments&post=16499"}],"version-history":[{"count":3,"href":"https:\/\/adhilac.com.ar\/index.php?rest_route=\/wp\/v2\/posts\/16499\/revisions"}],"predecessor-version":[{"id":16817,"href":"https:\/\/adhilac.com.ar\/index.php?rest_route=\/wp\/v2\/posts\/16499\/revisions\/16817"}],"wp:attachment":[{"href":"https:\/\/adhilac.com.ar\/index.php?rest_route=%2Fwp%2Fv2%2Fmedia&parent=16499"}],"wp:term":[{"taxonomy":"category","embeddable":true,"href":"https:\/\/adhilac.com.ar\/index.php?rest_route=%2Fwp%2Fv2%2Fcategories&post=16499"},{"taxonomy":"post_tag","embeddable":true,"href":"https:\/\/adhilac.com.ar\/index.php?rest_route=%2Fwp%2Fv2%2Ftags&post=16499"}],"curies":[{"name":"wp","href":"https:\/\/api.w.org\/{rel}","templated":true}]}}