{"id":16505,"date":"2020-04-22T19:03:00","date_gmt":"2020-04-22T22:03:00","guid":{"rendered":"https:\/\/adhilac.com.ar\/?p=16505"},"modified":"2020-08-14T11:38:23","modified_gmt":"2020-08-14T14:38:23","slug":"la-toma-de-bogota-por-lo-artesanos-en-abril-de-1854","status":"publish","type":"post","link":"https:\/\/adhilac.com.ar\/?p=16505","title":{"rendered":"La toma de Bogot\u00e1 por lo artesanos en abril de 1854"},"content":{"rendered":"\n<div class=\"wp-block-media-text alignwide has-media-on-the-right is-stacked-on-mobile is-image-fill has-luminous-dusk-gradient-background has-background\"><figure class=\"wp-block-media-text__media\" style=\"background-image:url(https:\/\/adhilac.com.ar\/wp-content\/uploads\/2020\/05\/Artesanos-Bogota-1854-SGV.jpg);background-position:75% 52%\"><img loading=\"lazy\" decoding=\"async\" width=\"1000\" height=\"530\" src=\"https:\/\/adhilac.com.ar\/wp-content\/uploads\/2020\/05\/Artesanos-Bogota-1854-SGV.jpg\" alt=\"\" class=\"wp-image-16506\" srcset=\"https:\/\/adhilac.com.ar\/wp-content\/uploads\/2020\/05\/Artesanos-Bogota-1854-SGV.jpg 1000w, https:\/\/adhilac.com.ar\/wp-content\/uploads\/2020\/05\/Artesanos-Bogota-1854-SGV-500x265.jpg 500w, https:\/\/adhilac.com.ar\/wp-content\/uploads\/2020\/05\/Artesanos-Bogota-1854-SGV-768x407.jpg 768w\" sizes=\"auto, (max-width: 1000px) 100vw, 1000px\" \/><\/figure><div class=\"wp-block-media-text__content\">\n<p class=\"has-text-align-left has-light-green-cyan-color has-text-color has-normal-font-size wp-block-paragraph\"><strong>Por Sergio Guerra Vilaboy<\/strong><\/p>\n<\/div><\/div>\n\n\n\n<p class=\"wp-block-paragraph\">En la Rep\u00fablica de Colombia, denominada hasta 1863 con su nombre colonial de Nueva Granada, segu\u00edan en vigor despu\u00e9s de la independencia el viejo monopolio fiscal, los grav\u00e1menes a cada transacci\u00f3n comercial y el estanco del tabaco. Las rentas estancadas y los derechos de aduanas constitu\u00edan, despu\u00e9s del fin del tributo ind\u00edgena, las fuentes principales del exiguo presupuesto estatal, dedicado en su mayor parte al mantenimiento de un Ej\u00e9rcito sobredimensionado y al pago de la deuda externa.<\/p>\n\n\n\n<!--more-->\n\n\n\n<p class=\"wp-block-paragraph\">Ante el brusco descenso de las entradas fiscales, los continuos d\u00e9ficits en la balanza comercial y la creciente falta de circulante, el gobierno del General Tom\u00e1s Cipriano de Mosquera, extendido de 1845 a 1849, busc\u00f3 nuevos recursos financieros. Para impulsar el comercio exterior foment\u00f3 desde 1847 la libre navegaci\u00f3n por el Magdalena, aboli\u00f3 el estanco y redujo las tarifas aduaneras.<\/p>\n\n\n\n<p class=\"wp-block-paragraph\">Estas disposiciones favorecieron una mayor afluencia de manufacturas extranjeras en Nueva Granada, lo que caus\u00f3 estragos en las tradicionales producciones aut\u00f3ctonas, en particular en la meseta central andina y la ciudad de Bogot\u00e1, centro de un tercio de las artesan\u00edas nacionales. Ante la creciente competencia de los art\u00edculos importados, los trabajadores capitalinos, encabezados por el sastre Ambrosio L\u00f3pez, el zapatero Jos\u00e9 Mar\u00eda Vega y el herrero Miguel Le\u00f3n, fundaron en noviembre de ese a\u00f1o la Sociedad Democr\u00e1tica de Bogot\u00e1.<\/p>\n\n\n\n<p class=\"wp-block-paragraph\">En poco tiempo la asociaci\u00f3n artesanal se convirti\u00f3 en la m\u00e1s nutrida del pa\u00eds, influida por algunos preceptos del socialismo ut\u00f3pico franc\u00e9s. En esas condiciones, se inici\u00f3 en 1849 la revoluci\u00f3n liberal neogranadina con el ascenso a la presidencia de Jos\u00e9 Hilario L\u00f3pez, elegido por un atemorizado congreso que cedi\u00f3 ante las airadas presiones de los artesanos en la propia sede del legislativo. En el gobierno, los liberales decretaron la expulsi\u00f3n de los jesuitas, la libertad de prensa, la extinci\u00f3n de censos, la abolici\u00f3n del diezmo y de la esclavitud (1851). Adem\u00e1s, prohibieron toda actividad a las \u00f3rdenes religiosas, separaron la Iglesia del Estado e introdujeron otras reformas democr\u00e1ticas en la Constituci\u00f3n de 1853, proceso denominado en la historia de Colombia como la <em>revoluci\u00f3n del medio siglo<\/em>.&nbsp;<\/p>\n\n\n\n<p class=\"wp-block-paragraph\">Pero los liberales, representantes del sector agrario-comercial exportador, no cumplieron sus promesas de subir los aranceles de aduana y proteger las producciones aut\u00f3ctonas, por lo que los artesanos se sintieron traicionados. Convertidos en enemigos irreconciliables de los liberales extremistas o radicales, conocidos como <em>g\u00f3lgotas<\/em>, partidarios del<em> laissez faire<\/em> y de disminuir al m\u00e1ximo al Estado y el Ej\u00e9rcito, los artesanos, vestidos con la <em>ruana<\/em> tradicional, se enfrentaron en peleas callejeras con los <em>cachacos<\/em>, ricos j\u00f3venes liberales que usaban casacas importadas de tart\u00e1n escoc\u00e9s. Las contradicciones clasistas subieron de tono cuando los miembros de la Sociedad Democr\u00e1tica decidieron ocupar el poder en Bogot\u00e1. Para conseguirlo, se aliaron a los liberales moderados, llamados <em>draconianos, <\/em>y a un sector militar, afectado por la dr\u00e1stica disminuci\u00f3n de los efectivos del Ej\u00e9rcito dispuesta por los <em>g\u00f3lgotas<\/em> aliados a los conservadores.<\/p>\n\n\n\n<p class=\"wp-block-paragraph\">El 17 de abril de 1854, los artesanos se armaron y junto al cuerpo de h\u00fasares, encabezado por el General Jos\u00e9 Mar\u00eda Melo, un antiguo oficial de Bol\u00edvar, depusieron al gobierno y derogaron la Constituci\u00f3n liberal, aunque el movimiento no tuvo \u00e9xito en el resto del pa\u00eds. En cambio, los conservadores y liberales se unieron y organizaron un poderoso cuerpo militar, puesto a las \u00f3rdenes del ex Presidente Mosquera.<\/p>\n\n\n\n<p class=\"wp-block-paragraph\">Aislada en el altiplano de Bogot\u00e1, la rep\u00fablica artesana estaba condenada al fracaso. La capital fue sitiada en diciembre y, tras arduos combates, ocupada. Melo fue desterrado a M\u00e9xico, donde se uni\u00f3 a los partidarios de Benito Ju\u00e1rez, hasta que fue capturado por los conservadores y fusilado en Chiapas en junio de 1860; mientras m\u00e1s de doscientos artesanos, hechos prisioneros con las armas en la mano, eran enviados a realizar trabajos forzados en las selvas de Chagres (Panam\u00e1), donde murieron v\u00edctimas de la fiebre amarilla y el paludismo.<\/p>\n\n\n\n<div style=\"height:20px\" aria-hidden=\"true\" class=\"wp-block-spacer\"><\/div>\n\n\n\n<p class=\"wp-block-paragraph\">Fuente: www.informefracto.com &#8211; 21 de abril de 2020 <\/p>\n\n\n\n<div style=\"height:20px\" aria-hidden=\"true\" class=\"wp-block-spacer\"><\/div>\n\n\n\n<p class=\"has-very-light-gray-color has-vivid-cyan-blue-background-color has-text-color has-background wp-block-paragraph\"><strong>Publicado por ADHILAC Internacional \u00a9 www.adhilac.com.ar<\/strong><\/p>\n\n\n\n<p class=\"has-vivid-cyan-blue-color has-very-light-gray-background-color has-text-color has-background wp-block-paragraph\"> Si Ud. desea asociarse de acuerdo a los Estatutos de ADHILAC&nbsp;<a href=\"https:\/\/adhilac.com.ar\/?page_id=263\">(ver)<\/a> complete el siguiente formulario&nbsp;(<a href=\"https:\/\/adhilac.com.ar\/?page_id=4779\">ver<\/a>)<\/p>\n\n\n\n<p class=\"has-very-light-gray-color has-vivid-cyan-blue-background-color has-text-color has-background wp-block-paragraph\"> E-mail:&nbsp;info@adhilac.com.ar <\/p>\n\n\n\n<p class=\"has-very-light-gray-color has-vivid-cyan-blue-background-color has-text-color has-background wp-block-paragraph\"> Twitter: @AdhilacInfo <\/p>\n\n\n\n<div class=\"wp-block-image\"><figure class=\"aligncenter size-large\"><img loading=\"lazy\" decoding=\"async\" width=\"85\" height=\"85\" src=\"https:\/\/adhilac.com.ar\/wp-content\/uploads\/2015\/02\/Logo-ADHILAC-Internacional-PEQ.jpg\" alt=\"\" class=\"wp-image-10473\"\/><\/figure><\/div>\n\n\n\n<p class=\"wp-block-paragraph\">Ver <a href=\"https:\/\/adhilac.com.ar\/?page_id=541\">Presentaci\u00f3n de ADHILAC<\/a><\/p>\n\n\n\n<div style=\"height:20px\" aria-hidden=\"true\" class=\"wp-block-spacer\"><\/div>\n\n\n\n<div class=\"wp-block-group\"><div class=\"wp-block-group__inner-container is-layout-flow wp-block-group-is-layout-flow\">\n<p class=\"has-text-align-center has-very-light-gray-color has-vivid-cyan-blue-background-color has-text-color has-background wp-block-paragraph\"><strong><a href=\"https:\/\/adhilac.com.ar\/?page_id=541\">QUIENES SOMOS<\/a><\/strong><\/p>\n\n\n\n<p class=\"has-text-align-center has-vivid-cyan-blue-color has-very-light-gray-background-color has-text-color has-background wp-block-paragraph\"><strong><a href=\"https:\/\/adhilac.com.ar\/?page_id=15507\">DIRECTIVA DE ADHILAC INTERNACIONAL<\/a><\/strong><\/p>\n\n\n\n<p class=\"has-text-align-center has-very-light-gray-color has-vivid-cyan-blue-background-color has-text-color has-background wp-block-paragraph\"><strong><a href=\"https:\/\/adhilac.com.ar\/?page_id=267\">Declaraci\u00f3n de Caracas de ADHILAC (2007)<\/a><\/strong><\/p>\n\n\n\n<p class=\"has-text-align-center has-vivid-cyan-blue-color has-very-light-gray-background-color has-text-color has-background wp-block-paragraph\"><strong><a href=\"https:\/\/adhilac.com.ar\/?page_id=15873\">ADHILAC: Historia &#8211; Historidorxs<\/a><\/strong><\/p>\n\n\n\n<p class=\"has-text-align-center has-very-light-gray-color has-vivid-cyan-blue-background-color has-text-color has-background wp-block-paragraph\"><strong><a href=\"https:\/\/adhilac.com.ar\/?page_id=15876\">ADHILAC 20 a\u00f1os despu\u00e9s (1974-1994)<\/a> <\/strong><\/p>\n\n\n\n<p class=\"has-text-align-center has-vivid-cyan-blue-color has-very-light-gray-background-color has-text-color has-background wp-block-paragraph\"><strong><a href=\"https:\/\/adhilac.com.ar\/?page_id=15861\">ADHILAC Breve Historia<\/a> <\/strong><\/p>\n\n\n\n<p class=\"has-text-align-center has-very-light-gray-color has-vivid-cyan-blue-background-color has-text-color has-background wp-block-paragraph\"><strong><a href=\"https:\/\/adhilac.com.ar\/?page_id=15887\">ADHILAC: Miembrxs fundadores<\/a><\/strong><\/p>\n\n\n\n<p class=\"has-text-align-center has-vivid-cyan-blue-color has-very-light-gray-background-color has-text-color has-background wp-block-paragraph\"><strong><a href=\"https:\/\/adhilac.com.ar\/?page_id=15943\">ADHILAC: Historiadorxs Destacadxs<\/a><\/strong><\/p>\n\n\n\n<p class=\"has-text-align-center has-very-light-gray-color has-vivid-cyan-blue-background-color has-text-color has-background wp-block-paragraph\"><strong><a href=\"https:\/\/adhilac.com.ar\/?page_id=4779\">SOCIXS<\/a><\/strong><\/p>\n\n\n\n<p class=\"has-text-align-center has-vivid-cyan-blue-color has-very-light-gray-background-color has-text-color has-background wp-block-paragraph\"><strong><a href=\"https:\/\/adhilac.com.ar\/?page_id=263\">Estatutos de ADHILAC<\/a><\/strong><\/p>\n\n\n\n<p class=\"has-text-align-center has-very-light-gray-color has-vivid-cyan-blue-background-color has-text-color has-background wp-block-paragraph\"><strong><a href=\"https:\/\/adhilac.com.ar\/?page_id=8220\">BICENTENARIO<\/a><\/strong><\/p>\n\n\n\n<p class=\"has-text-align-center has-vivid-cyan-blue-color has-very-light-gray-background-color has-text-color has-background wp-block-paragraph\"><strong><a href=\"https:\/\/adhilac.com.ar\/?page_id=8279\">BIBLIOTECA<\/a><\/strong><\/p>\n\n\n\n<p class=\"has-text-align-center has-very-light-gray-color has-vivid-cyan-blue-background-color has-text-color has-background wp-block-paragraph\"><strong><a href=\"https:\/\/adhilac.com.ar\/?page_id=1698\">ENLACES<\/a> <\/strong><\/p>\n\n\n\n<p class=\"has-text-align-center has-vivid-cyan-blue-color has-very-light-gray-background-color has-text-color has-background wp-block-paragraph\"><a href=\"http:\/\/www.ariadnatucma.com.ar\">VISITE ARIADNA TUCMA REVISTA LATINOAMERICANA<\/a><\/p>\n<\/div><\/div>\n","protected":false},"excerpt":{"rendered":"<p>Por Sergio Guerra Vilaboy En la Rep\u00fablica de Colombia, denominada hasta 1863 con su nombre colonial de Nueva Granada, segu\u00edan en vigor despu\u00e9s de la independencia el viejo monopolio fiscal, los grav\u00e1menes a cada transacci\u00f3n comercial y el estanco del tabaco. Las rentas estancadas y los derechos de aduanas constitu\u00edan, despu\u00e9s del fin del tributo [&hellip;]<\/p>\n","protected":false},"author":17,"featured_media":0,"comment_status":"closed","ping_status":"closed","sticky":false,"template":"","format":"standard","meta":{"_crdt_document":"","footnotes":""},"categories":[15],"tags":[1015,26],"class_list":["post-16505","post","type-post","status-publish","format-standard","hentry","category-historia","tag-artesanos","tag-colombia"],"_links":{"self":[{"href":"https:\/\/adhilac.com.ar\/index.php?rest_route=\/wp\/v2\/posts\/16505","targetHints":{"allow":["GET"]}}],"collection":[{"href":"https:\/\/adhilac.com.ar\/index.php?rest_route=\/wp\/v2\/posts"}],"about":[{"href":"https:\/\/adhilac.com.ar\/index.php?rest_route=\/wp\/v2\/types\/post"}],"author":[{"embeddable":true,"href":"https:\/\/adhilac.com.ar\/index.php?rest_route=\/wp\/v2\/users\/17"}],"replies":[{"embeddable":true,"href":"https:\/\/adhilac.com.ar\/index.php?rest_route=%2Fwp%2Fv2%2Fcomments&post=16505"}],"version-history":[{"count":5,"href":"https:\/\/adhilac.com.ar\/index.php?rest_route=\/wp\/v2\/posts\/16505\/revisions"}],"predecessor-version":[{"id":16812,"href":"https:\/\/adhilac.com.ar\/index.php?rest_route=\/wp\/v2\/posts\/16505\/revisions\/16812"}],"wp:attachment":[{"href":"https:\/\/adhilac.com.ar\/index.php?rest_route=%2Fwp%2Fv2%2Fmedia&parent=16505"}],"wp:term":[{"taxonomy":"category","embeddable":true,"href":"https:\/\/adhilac.com.ar\/index.php?rest_route=%2Fwp%2Fv2%2Fcategories&post=16505"},{"taxonomy":"post_tag","embeddable":true,"href":"https:\/\/adhilac.com.ar\/index.php?rest_route=%2Fwp%2Fv2%2Ftags&post=16505"}],"curies":[{"name":"wp","href":"https:\/\/api.w.org\/{rel}","templated":true}]}}