{"id":16510,"date":"2020-04-25T19:09:00","date_gmt":"2020-04-25T22:09:00","guid":{"rendered":"https:\/\/adhilac.com.ar\/?p=16510"},"modified":"2020-08-14T11:37:32","modified_gmt":"2020-08-14T14:37:32","slug":"bicentenario-del-acta-de-rancagua-de-san-martin","status":"publish","type":"post","link":"https:\/\/adhilac.com.ar\/?p=16510","title":{"rendered":"Bicentenario del Acta de Rancagua de San Mart\u00edn"},"content":{"rendered":"\n<div class=\"wp-block-media-text alignwide is-stacked-on-mobile is-image-fill has-pale-ocean-gradient-background has-background\"><figure class=\"wp-block-media-text__media\" style=\"background-image:url(https:\/\/adhilac.com.ar\/wp-content\/uploads\/2020\/05\/Rancagua-1820-SGV.jpg);background-position:1% 4%\"><img loading=\"lazy\" decoding=\"async\" width=\"1024\" height=\"576\" src=\"https:\/\/adhilac.com.ar\/wp-content\/uploads\/2020\/05\/Rancagua-1820-SGV.jpg\" alt=\"\" class=\"wp-image-16511\" srcset=\"https:\/\/adhilac.com.ar\/wp-content\/uploads\/2020\/05\/Rancagua-1820-SGV.jpg 1024w, https:\/\/adhilac.com.ar\/wp-content\/uploads\/2020\/05\/Rancagua-1820-SGV-500x281.jpg 500w, https:\/\/adhilac.com.ar\/wp-content\/uploads\/2020\/05\/Rancagua-1820-SGV-768x432.jpg 768w\" sizes=\"auto, (max-width: 1024px) 100vw, 1024px\" \/><\/figure><div class=\"wp-block-media-text__content\">\n<p class=\"has-text-align-right has-vivid-red-color has-text-color has-normal-font-size wp-block-paragraph\"><strong>Por Sergio Guerra Vilaboy <\/strong><\/p>\n<\/div><\/div>\n\n\n\n<p class=\"wp-block-paragraph\">Este mes se cumple el bicentenario del <em>Acta de Rancagua<\/em>, firmada por el General Jos\u00e9 de San Mart\u00edn y treinta y cinco oficiales del <em>Ej\u00e9rcito de los Andes<\/em>, negados a obedecer al gobierno de Buenos Aires que los conminaba a regresar al R\u00edo de la Plata para combatir a los federalistas. En este trascendental documento, que recoge la hist\u00f3rica desobediencia de San Mart\u00edn y sus hombres, fechado el 2 de abril de 1820 en la localidad chilena de Rancagua, los firmantes se declaran convencidos \u201cde que la defensa y seguridad de la causa de Am\u00e9rica es el objeto primario de esta fuerza\u201d, creada para culminar la liberaci\u00f3n continental.&nbsp;<\/p>\n\n\n\n<!--more-->\n\n\n\n<p class=\"wp-block-paragraph\">El Director Supremo de las <em>Provincias Unidas en Sudam\u00e9rica<\/em>, Juan Mart\u00edn de Pueyrred\u00f3n -elegido en 1816 por el Congreso de Tucum\u00e1n-, encaprichado en imponer el centralismo porte\u00f1o a las dem\u00e1s provincias del antiguo Virreinato del R\u00edo de la Plata, hab\u00eda aprovechado la invasi\u00f3n portuguesa a la Banda Oriental en ese a\u00f1o para desatar su propia ofensiva militar contra los federalistas liderados por Jos\u00e9 Artigas, atrapados en una guerra de dos frentes. Para aplastarlos, Pueyrred\u00f3n orden\u00f3 el regreso de los ej\u00e9rcitos de San Mart\u00edn y de Manuel Belgrado, desde Chile y la frontera Norte respectivamente, con la excusa de la pr\u00f3xima salida de C\u00e1diz de una gran expedici\u00f3n espa\u00f1ola de reconquista. Al final, el empecinamiento porte\u00f1o determin\u00f3 el amotinamiento y disoluci\u00f3n de las fuerzas de Belgrano en Arequito (7 de enero de 1820), seguido poco despu\u00e9s de la desaparici\u00f3n del propio gobierno rioplatense y de la proclamaci\u00f3n del <em>Acta de Rancagua<\/em>.<\/p>\n\n\n\n<p class=\"wp-block-paragraph\">Hay que recordar que San Mart\u00edn hab\u00eda renunciado en 1814 a la jefatura del Ej\u00e9rcito del Norte, que ocupaba desde el a\u00f1o anterior, a cambio de la gobernaci\u00f3n de Cuyo, lo que le permiti\u00f3 levantar al pie de la cordillera de Los Andes un ej\u00e9rcito integrado por unos tres mil hombres, en su mayor\u00eda campesinos pobres y ex esclavos liberados por sus propietarios.<\/p>\n\n\n\n<p class=\"wp-block-paragraph\">Despu\u00e9s de la derrota patriota de Sipe Sipe (1815), San Mart\u00edn se convenci\u00f3 de la imposibilidad de avanzar hacia el Virreinato del Per\u00fa, verdadero baluarte realista en la Am\u00e9rica del Sur y amenaza permanente a la independencia americana, por el agreste territorio altoperuano (hoy Bolivia). De ah\u00ed su plan secreto: \u201cUn ej\u00e9rcito peque\u00f1o y bien disciplinado en Mendoza, pasar a Chile y acabar all\u00ed con los godos, apoyando un gobierno de amigos s\u00f3lidos para concluir tambi\u00e9n con la anarqu\u00eda que reina; aliando las fuerzas pasaremos por el mar a tomar a Lima; ese es el camino (\u2026) y hasta que no estemos sobre Lima la guerra no se acabar\u00e1.\u201d<\/p>\n\n\n\n<p class=\"wp-block-paragraph\">Con esa finalidad estrat\u00e9gica, tras atravesar laderas escarpadas y grandes alturas, con la artiller\u00eda a lomo de mula, el <em>Ej\u00e9rcito de los Andes<\/em> venci\u00f3 a los realistas en las serran\u00edas de Chacabuco (12 de febrero de 1817), lo que le permiti\u00f3 liberar todo el centro Norte de Chile.&nbsp; El triunfo de las fuerzas patriotas de rioplatenses y chilenos se consolid\u00f3 con la victoria del 5 de abril de 1818 en las llanuras de Maip\u00fa. Fue entonces que San Mart\u00edn pudo consagrarse a la reorganizaci\u00f3n de sus tropas, ahora con el apoyo del nuevo gobierno austral encabezado por Bernardo O\u00b4Higgins, mientras se contrataba una flota que los llevara al litoral peruano.<\/p>\n\n\n\n<p class=\"wp-block-paragraph\">Unos d\u00edas antes de partir al frente del<em> Ej\u00e9rcito Libertador del Per\u00fa, <\/em>nuevo nombre del &nbsp;<em>Ej\u00e9rcito de los Andes<\/em>, San Mart\u00edn circul\u00f3 el 22 de julio de 1820 un mensaje a sus compatriotas desde el puerto de Valpara\u00edso: \u201cYo os dejo con el profundo sentimiento que causa la perspectiva de vuestras desgracias; vosotros me hab\u00e9is acriminado, aun de no haber contribuido a aumentarlas, porque \u00e9ste habr\u00eda sido el resultado si yo hubiera tomado una parte activa en la guerra contra los federalistas: mi ej\u00e9rcito era el \u00fanico que conservaba su moral, y lo expon\u00eda a perderla abriendo una campa\u00f1a en que el ejemplo de la licencia armase mis tropas contra el orden. En tal caso, era preciso renunciar a la empresa de liberar al Per\u00fa, y suponiendo que la suerte de las armas me hubiera sido favorable en la guerra civil, yo habr\u00eda tenido que llorar la victoria con los mismos vencidos. No, el general San Mart\u00edn jam\u00e1s derramar\u00e1 la sangre de sus compatriotas, y s\u00f3lo desenvainar\u00e1 la espada contra los enemigos de la independencia de Sudam\u00e9rica.\u201d<\/p>\n\n\n\n<div style=\"height:28px\" aria-hidden=\"true\" class=\"wp-block-spacer\"><\/div>\n\n\n\n<p class=\"wp-block-paragraph\">Fuente: www.informefracto.com &#8211; 24 de abril de 2020<\/p>\n\n\n\n<div style=\"height:20px\" aria-hidden=\"true\" class=\"wp-block-spacer\"><\/div>\n\n\n\n\n\n<div style=\"height:20px\" aria-hidden=\"true\" class=\"wp-block-spacer\"><\/div>\n\n\n\n<div class=\"wp-block-group\"><div class=\"wp-block-group__inner-container is-layout-flow wp-block-group-is-layout-flow\">\n<p class=\"has-text-align-center has-very-light-gray-color has-vivid-cyan-blue-background-color has-text-color has-background wp-block-paragraph\"><strong><a href=\"https:\/\/adhilac.com.ar\/?page_id=541\">QUIENES SOMOS<\/a><\/strong><\/p>\n\n\n\n<p class=\"has-text-align-center has-vivid-cyan-blue-color has-very-light-gray-background-color has-text-color has-background wp-block-paragraph\"><strong><a href=\"https:\/\/adhilac.com.ar\/?page_id=15507\">DIRECTIVA DE ADHILAC INTERNACIONAL<\/a><\/strong><\/p>\n\n\n\n<p class=\"has-text-align-center has-very-light-gray-color has-vivid-cyan-blue-background-color has-text-color has-background wp-block-paragraph\"><strong><a href=\"https:\/\/adhilac.com.ar\/?page_id=267\">Declaraci\u00f3n de Caracas de ADHILAC (2007)<\/a><\/strong><\/p>\n\n\n\n<p class=\"has-text-align-center has-vivid-cyan-blue-color has-very-light-gray-background-color has-text-color has-background wp-block-paragraph\"><strong><a href=\"https:\/\/adhilac.com.ar\/?page_id=15873\">ADHILAC: Historia &#8211; Historidorxs<\/a><\/strong><\/p>\n\n\n\n<p class=\"has-text-align-center has-very-light-gray-color has-vivid-cyan-blue-background-color has-text-color has-background wp-block-paragraph\"><strong><a href=\"https:\/\/adhilac.com.ar\/?page_id=15876\">ADHILAC 20 a\u00f1os despu\u00e9s (1974-1994)<\/a> <\/strong><\/p>\n\n\n\n<p class=\"has-text-align-center has-vivid-cyan-blue-color has-very-light-gray-background-color has-text-color has-background wp-block-paragraph\"><strong><a href=\"https:\/\/adhilac.com.ar\/?page_id=15861\">ADHILAC Breve Historia<\/a> <\/strong><\/p>\n\n\n\n<p class=\"has-text-align-center has-very-light-gray-color has-vivid-cyan-blue-background-color has-text-color has-background wp-block-paragraph\"><strong><a href=\"https:\/\/adhilac.com.ar\/?page_id=15887\">ADHILAC: Miembrxs fundadores<\/a><\/strong><\/p>\n\n\n\n<p class=\"has-text-align-center has-vivid-cyan-blue-color has-very-light-gray-background-color has-text-color has-background wp-block-paragraph\"><strong><a href=\"https:\/\/adhilac.com.ar\/?page_id=15943\">ADHILAC: Historiadorxs Destacadxs<\/a><\/strong><\/p>\n\n\n\n<p class=\"has-text-align-center has-very-light-gray-color has-vivid-cyan-blue-background-color has-text-color has-background wp-block-paragraph\"><strong><a href=\"https:\/\/adhilac.com.ar\/?page_id=4779\">SOCIXS<\/a><\/strong><\/p>\n\n\n\n<p class=\"has-text-align-center has-vivid-cyan-blue-color has-very-light-gray-background-color has-text-color has-background wp-block-paragraph\"><strong><a href=\"https:\/\/adhilac.com.ar\/?page_id=263\">Estatutos de ADHILAC<\/a><\/strong><\/p>\n\n\n\n<p class=\"has-text-align-center has-very-light-gray-color has-vivid-cyan-blue-background-color has-text-color has-background wp-block-paragraph\"><strong><a href=\"https:\/\/adhilac.com.ar\/?page_id=8220\">BICENTENARIO<\/a><\/strong><\/p>\n\n\n\n<p class=\"has-text-align-center has-vivid-cyan-blue-color has-very-light-gray-background-color has-text-color has-background wp-block-paragraph\"><strong><a href=\"https:\/\/adhilac.com.ar\/?page_id=8279\">BIBLIOTECA<\/a><\/strong><\/p>\n\n\n\n<p class=\"has-text-align-center has-very-light-gray-color has-vivid-cyan-blue-background-color has-text-color has-background wp-block-paragraph\"><strong><a href=\"https:\/\/adhilac.com.ar\/?page_id=1698\">ENLACES<\/a> <\/strong><\/p>\n\n\n\n<p class=\"has-text-align-center has-vivid-cyan-blue-color has-very-light-gray-background-color has-text-color has-background wp-block-paragraph\"><a href=\"http:\/\/www.ariadnatucma.com.ar\">VISITE ARIADNA TUCMA REVISTA LATINOAMERICANA<\/a><\/p>\n<\/div><\/div>\n","protected":false},"excerpt":{"rendered":"<p>Por Sergio Guerra Vilaboy Este mes se cumple el bicentenario del Acta de Rancagua, firmada por el General Jos\u00e9 de San Mart\u00edn y treinta y cinco oficiales del Ej\u00e9rcito de los Andes, negados a obedecer al gobierno de Buenos Aires que los conminaba a regresar al R\u00edo de la Plata para combatir a los federalistas. [&hellip;]<\/p>\n","protected":false},"author":17,"featured_media":0,"comment_status":"closed","ping_status":"closed","sticky":false,"template":"","format":"standard","meta":{"_crdt_document":"","footnotes":""},"categories":[15],"tags":[67,14,77,86],"class_list":["post-16510","post","type-post","status-publish","format-standard","hentry","category-historia","tag-argentina","tag-bicentenario","tag-chile","tag-san-martin"],"_links":{"self":[{"href":"https:\/\/adhilac.com.ar\/index.php?rest_route=\/wp\/v2\/posts\/16510","targetHints":{"allow":["GET"]}}],"collection":[{"href":"https:\/\/adhilac.com.ar\/index.php?rest_route=\/wp\/v2\/posts"}],"about":[{"href":"https:\/\/adhilac.com.ar\/index.php?rest_route=\/wp\/v2\/types\/post"}],"author":[{"embeddable":true,"href":"https:\/\/adhilac.com.ar\/index.php?rest_route=\/wp\/v2\/users\/17"}],"replies":[{"embeddable":true,"href":"https:\/\/adhilac.com.ar\/index.php?rest_route=%2Fwp%2Fv2%2Fcomments&post=16510"}],"version-history":[{"count":4,"href":"https:\/\/adhilac.com.ar\/index.php?rest_route=\/wp\/v2\/posts\/16510\/revisions"}],"predecessor-version":[{"id":16810,"href":"https:\/\/adhilac.com.ar\/index.php?rest_route=\/wp\/v2\/posts\/16510\/revisions\/16810"}],"wp:attachment":[{"href":"https:\/\/adhilac.com.ar\/index.php?rest_route=%2Fwp%2Fv2%2Fmedia&parent=16510"}],"wp:term":[{"taxonomy":"category","embeddable":true,"href":"https:\/\/adhilac.com.ar\/index.php?rest_route=%2Fwp%2Fv2%2Fcategories&post=16510"},{"taxonomy":"post_tag","embeddable":true,"href":"https:\/\/adhilac.com.ar\/index.php?rest_route=%2Fwp%2Fv2%2Ftags&post=16510"}],"curies":[{"name":"wp","href":"https:\/\/api.w.org\/{rel}","templated":true}]}}