{"id":16513,"date":"2020-04-29T19:16:00","date_gmt":"2020-04-29T22:16:00","guid":{"rendered":"https:\/\/adhilac.com.ar\/?p=16513"},"modified":"2020-08-14T11:36:45","modified_gmt":"2020-08-14T14:36:45","slug":"la-revolucion-de-abril-en-santo-domingo","status":"publish","type":"post","link":"https:\/\/adhilac.com.ar\/?p=16513","title":{"rendered":"La Revoluci\u00f3n de Abril en Santo Domingo"},"content":{"rendered":"\n<div class=\"wp-block-media-text alignwide has-media-on-the-right is-stacked-on-mobile is-image-fill has-background\" style=\"background:linear-gradient(135deg,rgba(252,185,0,1) 0%,rgb(155,174,132) 17%,rgba(255,105,0,1) 100%)\"><figure class=\"wp-block-media-text__media\" style=\"background-image:url(https:\/\/adhilac.com.ar\/wp-content\/uploads\/2020\/05\/Rev-Abril-Sto-Domingo-1965-SGV.jpg);background-position:50% 50%\"><img loading=\"lazy\" decoding=\"async\" width=\"900\" height=\"563\" src=\"https:\/\/adhilac.com.ar\/wp-content\/uploads\/2020\/05\/Rev-Abril-Sto-Domingo-1965-SGV.jpg\" alt=\"\" class=\"wp-image-16514\" srcset=\"https:\/\/adhilac.com.ar\/wp-content\/uploads\/2020\/05\/Rev-Abril-Sto-Domingo-1965-SGV.jpg 900w, https:\/\/adhilac.com.ar\/wp-content\/uploads\/2020\/05\/Rev-Abril-Sto-Domingo-1965-SGV-500x313.jpg 500w, https:\/\/adhilac.com.ar\/wp-content\/uploads\/2020\/05\/Rev-Abril-Sto-Domingo-1965-SGV-768x480.jpg 768w\" sizes=\"auto, (max-width: 900px) 100vw, 900px\" \/><\/figure><div class=\"wp-block-media-text__content\">\n<p class=\"has-vivid-purple-color has-text-color has-normal-font-size wp-block-paragraph\"><strong>Por Sergio Guerra Vilaboy<\/strong><\/p>\n<\/div><\/div>\n\n\n\n<p class=\"wp-block-paragraph\">El 24 de abril de 1965 estall\u00f3 en Rep\u00fablica Dominicana un levantamiento c\u00edvico militar, liderado por un grupo de oficiales j\u00f3venes, que exig\u00eda el retorno al poder de Juan Bosch, derrocado hacia a\u00f1o y medio por partidarios del dictador Rafael Le\u00f3nidas Trujillo, asesinado en 1961. Durante su mandato de siete meses, Bosch nacionaliz\u00f3 las extensas propiedades trujillistas, inici\u00f3 repartos agrarios, hizo una administraci\u00f3n honesta y puso en vigor la nueva constituci\u00f3n de1963.<\/p>\n\n\n\n<!--more-->\n\n\n\n<p class=\"wp-block-paragraph\">&nbsp;El restablecimiento de la democracia y el regreso de Bosch, eran objetivos de la oficialidad constitucionalista, aleccionada por el Coronel Rafael Fern\u00e1ndez Dom\u00ednguez. En la ma\u00f1ana del 25 de abril de 1965 los militares rebeldes, encabezados por los coroneles Miguel \u00c1ngel Hernando Ram\u00edrez y Francisco Caama\u00f1o De\u00f1\u00f3, ocuparon el Palacio Presidencial y depusieron a Donald Reid Cabral. Enterado de estos sucesos, el l\u00edder del Partido Revolucionario Dominicano (PRD), Jos\u00e9 Francisco Pe\u00f1a G\u00f3mez, llam\u00f3 por radio a respaldar el movimiento constitucionalista. Miles de personas enardecidas se volcaron a las calles al grito de \u00a1Viva la Revoluci\u00f3n!<\/p>\n\n\n\n<p class=\"wp-block-paragraph\">De inmediato se estableci\u00f3 un gobierno provisional dirigido por Rafael Molina Ure\u00f1a, Presidente de la C\u00e1mara de Diputados hasta el golpe de estado de 1963, en espera de Bosch. Pero el ex mandatario no pudo retornar al pa\u00eds, pues fue retenido por las autoridades norteamericanas en Puerto Rico. Por su parte, el sector derechista del ej\u00e9rcito, atrincherado en la base de San Isidro, a las \u00f3rdenes del General El\u00edas Wessin y Wessin, verdadero poder detr\u00e1s del gobierno depuesto, se opuso a los constitucionalistas y pidi\u00f3 ayuda a Estados Unidos. El 26 abril la fuerza a\u00e9rea bajo su control, con apoyo de la marina, bombarde\u00f3 el Palacio Presidencial, dando inici\u00f3 a los enfrentamientos. El impetuoso avance hacia la capital de las fuerzas blindadas de Wessin, unido a la postura injerencista norteamericana, sembr\u00f3 el desaliento entre los partidarios de Bosch. El propio Presidente Molina Ure\u00f1a renunci\u00f3 y pidi\u00f3 asilo en la Embajada de Colombia, mientras varios de sus allegados se refugiaban en otras misiones diplom\u00e1ticas.<\/p>\n\n\n\n<p class=\"wp-block-paragraph\">Sin embargo, en la tarde del 27 de abril, la ofensiva de las tropas de Wessin se estrell\u00f3 en el Puente Duarte ante la resistencia de civiles armados, dirigidos por el Coronel Caama\u00f1o, Ministro del Interior del gobierno constitucionalista, y el Capit\u00e1n de Nav\u00edo Manuel Ram\u00f3n Montes Arache. Esta victoria defensiva, que oblig\u00f3 al repliegue de los tanques enemigos, dio nuevo impulso al movimiento revolucionario. A continuaci\u00f3n, los seguidores de Caama\u00f1o, devenido en verdadero h\u00e9roe nacional, consolidaron su control de Santo Domingo, incluyendo cuarteles de la polic\u00eda y el fuerte Ozama. Wessin, arrinconado en San Isidro, organiz\u00f3 a toda carrera una Junta Militar que solicit\u00f3 la intervenci\u00f3n de Estados Unidos (28 de abril). Casi de inmediato comenz\u00f3 el desembarco de los <em>marines<\/em> norteamericanos, que en dos semanas superaron los veinte mil efectivos, con la finalidad de impedir otra Cuba, como declar\u00f3 sin escr\u00fapulos el propio presidente Lyndon B. Johnson. Para intentar legitimar la violaci\u00f3n de la soberan\u00eda dominicana, Estados Unidos consigui\u00f3 formar una simb\u00f3lica fuerza intervencionista de la Organizaci\u00f3n de Estados Americanos (OEA).&nbsp;<\/p>\n\n\n\n<p class=\"wp-block-paragraph\">Dispuesto a resistir a los invasores, el Coronel Caama\u00f1o fue elegido el 4 de mayo Presidente constitucional por el Congreso dominicano, formado con los restos del disuelto en 1963. Bajo su direcci\u00f3n, durante quince d\u00edas hubo sangrientos combates con las tropas de Wessin y el propio ej\u00e9rcito estadounidense, hasta que los <em>marines<\/em> lograron dividir la capital en dos sectores.&nbsp; En uno de esos violentos choques cayo (19 de mayo) el Coronel Fern\u00e1ndez Dom\u00ednguez, destacado militar constitucionalista. Finalmente, la abrumadora superioridad estadounidense impuso una soluci\u00f3n negociada en la llamada <em>Acta de Reconciliaci\u00f3n<\/em> (31 de agosto), que conllev\u00f3 el desarme de los patriotas y su salida del pa\u00eds, proceso acelerado por la emboscada tendida a fines de 1965 contra Caama\u00f1o y sus hombres en el Hotel Matum, devenido en costoso rev\u00e9s para sus agresores, que despert\u00f3 airadas protestas populares.<\/p>\n\n\n\n<p class=\"wp-block-paragraph\">Como resultado de la frustrada Revoluci\u00f3n de Abril, Juan Bosch se radicaliz\u00f3, abandono el PRD y vertebr\u00f3 un nuevo partido, marxista y antimperialista, mientras el Coronel Caama\u00f1o, se inclinaba por la lucha armada. Despu\u00e9s de abandonar en secreto su cargo diplom\u00e1tico en Londres, el m\u00e1ximo l\u00edder del movimiento constitucionalista, junto a ocho fieles seguidores, desembarc\u00f3 en su patria, el 2 de febrero de 1973, por playa Caracoles, donde libr\u00f3 algunos combates con el ej\u00e9rcito hasta ser capturado y asesinado. El ejemplo del Coronel Francisco Caama\u00f1o De\u00f1\u00f3, un militar que tomaba partido por su pueblo, no quedar\u00eda como algo ins\u00f3lito en la historia de Am\u00e9rica Latina.<\/p>\n\n\n\n<div style=\"height:20px\" aria-hidden=\"true\" class=\"wp-block-spacer\"><\/div>\n\n\n\n<p class=\"wp-block-paragraph\">Fuente: www.informefracto.com &#8211; 28 de abril de 2020 <\/p>\n\n\n\n<div style=\"height:20px\" aria-hidden=\"true\" class=\"wp-block-spacer\"><\/div>\n\n\n\n<p class=\"has-very-light-gray-color has-vivid-cyan-blue-background-color has-text-color has-background wp-block-paragraph\"><strong>Publicado por ADHILAC Internacional \u00a9 www.adhilac.com.ar<\/strong><\/p>\n\n\n\n<p class=\"has-vivid-cyan-blue-color has-very-light-gray-background-color has-text-color has-background wp-block-paragraph\"> Si Ud. desea asociarse de acuerdo a los Estatutos de ADHILAC&nbsp;<a href=\"https:\/\/adhilac.com.ar\/?page_id=263\">(ver)<\/a> complete el siguiente formulario&nbsp;(<a href=\"https:\/\/adhilac.com.ar\/?page_id=4779\">ver<\/a>)<\/p>\n\n\n\n<p class=\"has-very-light-gray-color has-vivid-cyan-blue-background-color has-text-color has-background wp-block-paragraph\"> E-mail:&nbsp;info@adhilac.com.ar <\/p>\n\n\n\n<p class=\"has-very-light-gray-color has-vivid-cyan-blue-background-color has-text-color has-background wp-block-paragraph\"> Twitter: @AdhilacInfo <\/p>\n\n\n\n<div class=\"wp-block-image\"><figure class=\"aligncenter size-large\"><img loading=\"lazy\" decoding=\"async\" width=\"85\" height=\"85\" src=\"https:\/\/adhilac.com.ar\/wp-content\/uploads\/2015\/02\/Logo-ADHILAC-Internacional-PEQ.jpg\" alt=\"\" class=\"wp-image-10473\"\/><\/figure><\/div>\n\n\n\n<p class=\"wp-block-paragraph\">Ver <a href=\"https:\/\/adhilac.com.ar\/?page_id=541\">Presentaci\u00f3n de ADHILAC<\/a><\/p>\n\n\n\n<div style=\"height:20px\" aria-hidden=\"true\" class=\"wp-block-spacer\"><\/div>\n\n\n\n<div class=\"wp-block-group\"><div class=\"wp-block-group__inner-container is-layout-flow wp-block-group-is-layout-flow\">\n<p class=\"has-text-align-center has-very-light-gray-color has-vivid-cyan-blue-background-color has-text-color has-background wp-block-paragraph\"><strong><a href=\"https:\/\/adhilac.com.ar\/?page_id=541\">QUIENES SOMOS<\/a><\/strong><\/p>\n\n\n\n<p class=\"has-text-align-center has-vivid-cyan-blue-color has-very-light-gray-background-color has-text-color has-background wp-block-paragraph\"><strong><a href=\"https:\/\/adhilac.com.ar\/?page_id=15507\">DIRECTIVA DE ADHILAC INTERNACIONAL<\/a><\/strong><\/p>\n\n\n\n<p class=\"has-text-align-center has-very-light-gray-color has-vivid-cyan-blue-background-color has-text-color has-background wp-block-paragraph\"><strong><a href=\"https:\/\/adhilac.com.ar\/?page_id=267\">Declaraci\u00f3n de Caracas de ADHILAC (2007)<\/a><\/strong><\/p>\n\n\n\n<p class=\"has-text-align-center has-vivid-cyan-blue-color has-very-light-gray-background-color has-text-color has-background wp-block-paragraph\"><strong><a href=\"https:\/\/adhilac.com.ar\/?page_id=15873\">ADHILAC: Historia &#8211; Historidorxs<\/a><\/strong><\/p>\n\n\n\n<p class=\"has-text-align-center has-very-light-gray-color has-vivid-cyan-blue-background-color has-text-color has-background wp-block-paragraph\"><strong><a href=\"https:\/\/adhilac.com.ar\/?page_id=15876\">ADHILAC 20 a\u00f1os despu\u00e9s (1974-1994)<\/a> <\/strong><\/p>\n\n\n\n<p class=\"has-text-align-center has-vivid-cyan-blue-color has-very-light-gray-background-color has-text-color has-background wp-block-paragraph\"><strong><a href=\"https:\/\/adhilac.com.ar\/?page_id=15861\">ADHILAC Breve Historia<\/a> <\/strong><\/p>\n\n\n\n<p class=\"has-text-align-center has-very-light-gray-color has-vivid-cyan-blue-background-color has-text-color has-background wp-block-paragraph\"><strong><a href=\"https:\/\/adhilac.com.ar\/?page_id=15887\">ADHILAC: Miembrxs fundadores<\/a><\/strong><\/p>\n\n\n\n<p class=\"has-text-align-center has-vivid-cyan-blue-color has-very-light-gray-background-color has-text-color has-background wp-block-paragraph\"><strong><a href=\"https:\/\/adhilac.com.ar\/?page_id=15943\">ADHILAC: Historiadorxs Destacadxs<\/a><\/strong><\/p>\n\n\n\n<p class=\"has-text-align-center has-very-light-gray-color has-vivid-cyan-blue-background-color has-text-color has-background wp-block-paragraph\"><strong><a href=\"https:\/\/adhilac.com.ar\/?page_id=4779\">SOCIXS<\/a><\/strong><\/p>\n\n\n\n<p class=\"has-text-align-center has-vivid-cyan-blue-color has-very-light-gray-background-color has-text-color has-background wp-block-paragraph\"><strong><a href=\"https:\/\/adhilac.com.ar\/?page_id=263\">Estatutos de ADHILAC<\/a><\/strong><\/p>\n\n\n\n<p class=\"has-text-align-center has-very-light-gray-color has-vivid-cyan-blue-background-color has-text-color has-background wp-block-paragraph\"><strong><a href=\"https:\/\/adhilac.com.ar\/?page_id=8220\">BICENTENARIO<\/a><\/strong><\/p>\n\n\n\n<p class=\"has-text-align-center has-vivid-cyan-blue-color has-very-light-gray-background-color has-text-color has-background wp-block-paragraph\"><strong><a href=\"https:\/\/adhilac.com.ar\/?page_id=8279\">BIBLIOTECA<\/a><\/strong><\/p>\n\n\n\n<p class=\"has-text-align-center has-very-light-gray-color has-vivid-cyan-blue-background-color has-text-color has-background wp-block-paragraph\"><strong><a href=\"https:\/\/adhilac.com.ar\/?page_id=1698\">ENLACES<\/a> <\/strong><\/p>\n\n\n\n<p class=\"has-text-align-center has-vivid-cyan-blue-color has-very-light-gray-background-color has-text-color has-background wp-block-paragraph\"><a href=\"http:\/\/www.ariadnatucma.com.ar\">VISITE ARIADNA TUCMA REVISTA LATINOAMERICANA<\/a><\/p>\n<\/div><\/div>\n","protected":false},"excerpt":{"rendered":"<p>Por Sergio Guerra Vilaboy El 24 de abril de 1965 estall\u00f3 en Rep\u00fablica Dominicana un levantamiento c\u00edvico militar, liderado por un grupo de oficiales j\u00f3venes, que exig\u00eda el retorno al poder de Juan Bosch, derrocado hacia a\u00f1o y medio por partidarios del dictador Rafael Le\u00f3nidas Trujillo, asesinado en 1961. Durante su mandato de siete meses, [&hellip;]<\/p>\n","protected":false},"author":17,"featured_media":0,"comment_status":"closed","ping_status":"closed","sticky":false,"template":"","format":"standard","meta":{"_crdt_document":"","footnotes":""},"categories":[15],"tags":[1016,319],"class_list":["post-16513","post","type-post","status-publish","format-standard","hentry","category-historia","tag-revolucion-de-abril","tag-santo-domingo"],"_links":{"self":[{"href":"https:\/\/adhilac.com.ar\/index.php?rest_route=\/wp\/v2\/posts\/16513","targetHints":{"allow":["GET"]}}],"collection":[{"href":"https:\/\/adhilac.com.ar\/index.php?rest_route=\/wp\/v2\/posts"}],"about":[{"href":"https:\/\/adhilac.com.ar\/index.php?rest_route=\/wp\/v2\/types\/post"}],"author":[{"embeddable":true,"href":"https:\/\/adhilac.com.ar\/index.php?rest_route=\/wp\/v2\/users\/17"}],"replies":[{"embeddable":true,"href":"https:\/\/adhilac.com.ar\/index.php?rest_route=%2Fwp%2Fv2%2Fcomments&post=16513"}],"version-history":[{"count":5,"href":"https:\/\/adhilac.com.ar\/index.php?rest_route=\/wp\/v2\/posts\/16513\/revisions"}],"predecessor-version":[{"id":16808,"href":"https:\/\/adhilac.com.ar\/index.php?rest_route=\/wp\/v2\/posts\/16513\/revisions\/16808"}],"wp:attachment":[{"href":"https:\/\/adhilac.com.ar\/index.php?rest_route=%2Fwp%2Fv2%2Fmedia&parent=16513"}],"wp:term":[{"taxonomy":"category","embeddable":true,"href":"https:\/\/adhilac.com.ar\/index.php?rest_route=%2Fwp%2Fv2%2Fcategories&post=16513"},{"taxonomy":"post_tag","embeddable":true,"href":"https:\/\/adhilac.com.ar\/index.php?rest_route=%2Fwp%2Fv2%2Ftags&post=16513"}],"curies":[{"name":"wp","href":"https:\/\/api.w.org\/{rel}","templated":true}]}}