{"id":16565,"date":"2020-05-21T11:01:00","date_gmt":"2020-05-21T14:01:00","guid":{"rendered":"https:\/\/adhilac.com.ar\/?p=16565"},"modified":"2020-08-14T11:30:44","modified_gmt":"2020-08-14T14:30:44","slug":"zoomyo-apruebo-una-nueva-constitucion-para-chile-de-lautaro-ramos-fuentes-29-05-2020","status":"publish","type":"post","link":"https:\/\/adhilac.com.ar\/?p=16565","title":{"rendered":"Zoom: \u00abYo Apruebo. Nueva Constituci\u00f3n para Chile\u00bb  de Lautaro Ramos Fuentes. 29\/05\/2020"},"content":{"rendered":"\n<div class=\"wp-block-media-text alignwide is-stacked-on-mobile is-image-fill has-blush-light-purple-gradient-background has-background\"><figure class=\"wp-block-media-text__media\" style=\"background-image:url(http:\/\/adhilac.com.ar\/wp-content\/uploads\/2020\/05\/Yo-apruebo-constituc-Chile-1024x1024.png);background-position:50% 50%\"><img loading=\"lazy\" decoding=\"async\" width=\"1024\" height=\"1024\" src=\"http:\/\/adhilac.com.ar\/wp-content\/uploads\/2020\/05\/Yo-apruebo-constituc-Chile-1024x1024.png\" alt=\"\" class=\"wp-image-16567\" srcset=\"https:\/\/adhilac.com.ar\/wp-content\/uploads\/2020\/05\/Yo-apruebo-constituc-Chile-1024x1024.png 1024w, https:\/\/adhilac.com.ar\/wp-content\/uploads\/2020\/05\/Yo-apruebo-constituc-Chile-500x500.png 500w, https:\/\/adhilac.com.ar\/wp-content\/uploads\/2020\/05\/Yo-apruebo-constituc-Chile-150x150.png 150w, https:\/\/adhilac.com.ar\/wp-content\/uploads\/2020\/05\/Yo-apruebo-constituc-Chile-768x768.png 768w, https:\/\/adhilac.com.ar\/wp-content\/uploads\/2020\/05\/Yo-apruebo-constituc-Chile.png 1080w\" sizes=\"auto, (max-width: 1024px) 100vw, 1024px\" \/><\/figure><div class=\"wp-block-media-text__content\">\n<p class=\"has-text-align-center has-very-dark-gray-color has-text-color wp-block-paragraph\"><strong>Presentaci\u00f3n por Zoom de <\/strong><\/p>\n\n\n\n<p class=\"has-text-align-center has-very-dark-gray-color has-text-color wp-block-paragraph\"><strong>\u00abYo Apruebo. <\/strong><\/p>\n\n\n\n<p class=\"has-text-align-center has-very-dark-gray-color has-text-color wp-block-paragraph\"><strong>Nueva Constituci\u00f3n para Chile\u00bb<\/strong><\/p>\n\n\n\n<p class=\"has-text-align-center wp-block-paragraph\"><strong>Lautaro Ramos Fuentes<\/strong><\/p>\n<\/div><\/div>\n\n\n\n<p class=\"wp-block-paragraph\">Queridos y queridas colegas, quisiera invitarles a la presentaci\u00f3n del libro \u00ab<strong>Yo Apruebo una nueva constituci\u00f3n para Chile<\/strong>\u00bb del Profesor de Historia&nbsp;<strong>Lautaro Ramos Fuentes<\/strong>, vecino de la ciudad de Valdivia, Chile. <\/p>\n\n\n\n<!--more-->\n\n\n\n<p class=\"wp-block-paragraph\">Publicado por&nbsp;<a rel=\"noreferrer noopener\" href=\"http:\/\/www.a89.cl\/\" target=\"_blank\">Ediciones A89<\/a> El libro trata de la historia reciente de Chile y c\u00f3mo se fue gestando la demanda social por una nueva Constituci\u00f3n Pol\u00edtica del Estado de Chile.&nbsp;<br \/>La presentaci\u00f3n del libro se realizar\u00e1 por: <\/p>\n\n\n\n<p class=\"wp-block-paragraph\"><strong>ZOOM 29 de mayo 2020 19:00 hora de Chile. <\/strong><\/p>\n\n\n\n<p class=\"wp-block-paragraph\"><strong> <\/strong><a rel=\"noreferrer noopener\" href=\"https:\/\/us04web.zoom.us\/j\/71632658932?pwd=ZUY0UkthUnZlOWdVNkJwYitVWHVqUT09\" target=\"_blank\"><strong>U<\/strong><\/a><strong><a rel=\"noreferrer noopener\" href=\"https:\/\/us04web.zoom.us\/j\/71632658932?pwd=ZUY0UkthUnZlOWdVNkJwYitVWHVqUT09\" target=\"_blank\">nirse a la reuni\u00f3n Zoom<\/a><br \/>ID de reuni\u00f3n: 716 3265 8932<br \/>Contrase\u00f1a: 1V1UNC&nbsp;<\/strong><\/p>\n\n\n\n<figure class=\"wp-block-image\"><img decoding=\"async\" src=\"https:\/\/mail.google.com\/mail\/e\/1f447\" alt=\"\ud83d\udc47\"\/><\/figure>\n\n\n\n<p class=\"wp-block-paragraph\"><a rel=\"noreferrer noopener\" href=\"https:\/\/www.a89.cl\/single-post\/2020\/05\/11\/Presentaci%C3%B3n-del-libro-Yo-Apruebo\" target=\"_blank\">Leer m\u00e1s informaci\u00f3n<\/a><\/p>\n\n\n\n<p class=\"has-very-light-gray-color has-vivid-cyan-blue-background-color has-text-color has-background wp-block-paragraph\"><strong>Publicado por ADHILAC Internacional \u00a9 www.adhilac.com.ar<\/strong><\/p>\n\n\n\n<p class=\"has-vivid-cyan-blue-color has-very-light-gray-background-color has-text-color has-background wp-block-paragraph\"> Si Ud. desea asociarse de acuerdo a los Estatutos de ADHILAC&nbsp;<a href=\"http:\/\/adhilac.com.ar\/?page_id=263\">(ver)<\/a> complete el siguiente formulario&nbsp;(<a href=\"http:\/\/adhilac.com.ar\/?page_id=4779\">ver<\/a>)<\/p>\n\n\n\n<p class=\"has-very-light-gray-color has-vivid-cyan-blue-background-color has-text-color has-background wp-block-paragraph\"> E-mail:&nbsp;info@adhilac.com.ar <\/p>\n\n\n\n<p class=\"has-very-light-gray-color has-vivid-cyan-blue-background-color has-text-color has-background wp-block-paragraph\"> Twitter: @AdhilacInfo <\/p>\n\n\n\n<div class=\"wp-block-image\"><figure class=\"aligncenter size-large\"><img loading=\"lazy\" decoding=\"async\" width=\"85\" height=\"85\" src=\"http:\/\/adhilac.com.ar\/wp-content\/uploads\/2015\/02\/Logo-ADHILAC-Internacional-PEQ.jpg\" alt=\"\" class=\"wp-image-10473\"\/><\/figure><\/div>\n\n\n\n<p class=\"wp-block-paragraph\">Ver <a href=\"http:\/\/adhilac.com.ar\/?page_id=541\">Presentaci\u00f3n de ADHILAC<\/a><\/p>\n\n\n\n<div style=\"height:20px\" aria-hidden=\"true\" class=\"wp-block-spacer\"><\/div>\n\n\n\n<div class=\"wp-block-group\"><div class=\"wp-block-group__inner-container is-layout-flow wp-block-group-is-layout-flow\">\n<p class=\"has-text-align-center has-very-light-gray-color has-vivid-cyan-blue-background-color has-text-color has-background wp-block-paragraph\"><strong><a href=\"http:\/\/adhilac.com.ar\/?page_id=541\">QUIENES SOMOS<\/a><\/strong><\/p>\n\n\n\n<p class=\"has-text-align-center has-vivid-cyan-blue-color has-very-light-gray-background-color has-text-color has-background wp-block-paragraph\"><strong><a href=\"http:\/\/adhilac.com.ar\/?page_id=15507\">DIRECTIVA DE ADHILAC INTERNACIONAL<\/a><\/strong><\/p>\n\n\n\n<p class=\"has-text-align-center has-very-light-gray-color has-vivid-cyan-blue-background-color has-text-color has-background wp-block-paragraph\"><strong><a href=\"http:\/\/adhilac.com.ar\/?page_id=267\">Declaraci\u00f3n de Caracas de ADHILAC (2007)<\/a><\/strong><\/p>\n\n\n\n<p class=\"has-text-align-center has-vivid-cyan-blue-color has-very-light-gray-background-color has-text-color has-background wp-block-paragraph\"><strong><a href=\"http:\/\/adhilac.com.ar\/?page_id=15873\">ADHILAC: Historia &#8211; Historidorxs<\/a><\/strong><\/p>\n\n\n\n<p class=\"has-text-align-center has-very-light-gray-color has-vivid-cyan-blue-background-color has-text-color has-background wp-block-paragraph\"><strong><a href=\"http:\/\/adhilac.com.ar\/?page_id=15876\">ADHILAC 20 a\u00f1os despu\u00e9s (1974-1994)<\/a> <\/strong><\/p>\n\n\n\n<p class=\"has-text-align-center has-vivid-cyan-blue-color has-very-light-gray-background-color has-text-color has-background wp-block-paragraph\"><strong><a href=\"http:\/\/adhilac.com.ar\/?page_id=15861\">ADHILAC Breve Historia<\/a> <\/strong><\/p>\n\n\n\n<p class=\"has-text-align-center has-very-light-gray-color has-vivid-cyan-blue-background-color has-text-color has-background wp-block-paragraph\"><strong><a href=\"http:\/\/adhilac.com.ar\/?page_id=15887\">ADHILAC: Miembrxs fundadores<\/a><\/strong><\/p>\n\n\n\n<p class=\"has-text-align-center has-vivid-cyan-blue-color has-very-light-gray-background-color has-text-color has-background wp-block-paragraph\"><strong><a href=\"http:\/\/adhilac.com.ar\/?page_id=15943\">ADHILAC: Historiadorxs Destacadxs<\/a><\/strong><\/p>\n\n\n\n<p class=\"has-text-align-center has-very-light-gray-color has-vivid-cyan-blue-background-color has-text-color has-background wp-block-paragraph\"><strong><a href=\"http:\/\/adhilac.com.ar\/?page_id=4779\">SOCIXS<\/a><\/strong><\/p>\n\n\n\n<p class=\"has-text-align-center has-vivid-cyan-blue-color has-very-light-gray-background-color has-text-color has-background wp-block-paragraph\"><strong><a href=\"http:\/\/adhilac.com.ar\/?page_id=263\">Estatutos de ADHILAC<\/a><\/strong><\/p>\n\n\n\n<p class=\"has-text-align-center has-very-light-gray-color has-vivid-cyan-blue-background-color has-text-color has-background wp-block-paragraph\"><strong><a href=\"http:\/\/adhilac.com.ar\/?page_id=8220\">BICENTENARIO<\/a><\/strong><\/p>\n\n\n\n<p class=\"has-text-align-center has-vivid-cyan-blue-color has-very-light-gray-background-color has-text-color has-background wp-block-paragraph\"><strong><a href=\"http:\/\/adhilac.com.ar\/?page_id=8279\">BIBLIOTECA<\/a><\/strong><\/p>\n\n\n\n<p class=\"has-text-align-center has-very-light-gray-color has-vivid-cyan-blue-background-color has-text-color has-background wp-block-paragraph\"><strong><a href=\"http:\/\/adhilac.com.ar\/?page_id=1698\">ENLACES<\/a> <\/strong><\/p>\n\n\n\n<p class=\"has-text-align-center has-vivid-cyan-blue-color has-very-light-gray-background-color has-text-color has-background wp-block-paragraph\"><a href=\"http:\/\/www.ariadnatucma.com.ar\">VISITE ARIADNA TUCMA REVISTA LATINOAMERICANA<\/a><\/p>\n<\/div><\/div>\n","protected":false},"excerpt":{"rendered":"<p>Presentaci\u00f3n por Zoom de \u00abYo Apruebo. Nueva Constituci\u00f3n para Chile\u00bb Lautaro Ramos Fuentes Queridos y queridas colegas, quisiera invitarles a la presentaci\u00f3n del libro \u00abYo Apruebo una nueva constituci\u00f3n para Chile\u00bb del Profesor de Historia&nbsp;Lautaro Ramos Fuentes, vecino de la ciudad de Valdivia, Chile.<\/p>\n","protected":false},"author":2,"featured_media":0,"comment_status":"closed","ping_status":"closed","sticky":false,"template":"","format":"standard","meta":{"_crdt_document":"","footnotes":""},"categories":[40,7],"tags":[77,320],"class_list":["post-16565","post","type-post","status-publish","format-standard","hentry","category-informaciones","category-publicac-info","tag-chile","tag-constitucion"],"_links":{"self":[{"href":"https:\/\/adhilac.com.ar\/index.php?rest_route=\/wp\/v2\/posts\/16565","targetHints":{"allow":["GET"]}}],"collection":[{"href":"https:\/\/adhilac.com.ar\/index.php?rest_route=\/wp\/v2\/posts"}],"about":[{"href":"https:\/\/adhilac.com.ar\/index.php?rest_route=\/wp\/v2\/types\/post"}],"author":[{"embeddable":true,"href":"https:\/\/adhilac.com.ar\/index.php?rest_route=\/wp\/v2\/users\/2"}],"replies":[{"embeddable":true,"href":"https:\/\/adhilac.com.ar\/index.php?rest_route=%2Fwp%2Fv2%2Fcomments&post=16565"}],"version-history":[{"count":13,"href":"https:\/\/adhilac.com.ar\/index.php?rest_route=\/wp\/v2\/posts\/16565\/revisions"}],"predecessor-version":[{"id":16798,"href":"https:\/\/adhilac.com.ar\/index.php?rest_route=\/wp\/v2\/posts\/16565\/revisions\/16798"}],"wp:attachment":[{"href":"https:\/\/adhilac.com.ar\/index.php?rest_route=%2Fwp%2Fv2%2Fmedia&parent=16565"}],"wp:term":[{"taxonomy":"category","embeddable":true,"href":"https:\/\/adhilac.com.ar\/index.php?rest_route=%2Fwp%2Fv2%2Fcategories&post=16565"},{"taxonomy":"post_tag","embeddable":true,"href":"https:\/\/adhilac.com.ar\/index.php?rest_route=%2Fwp%2Fv2%2Ftags&post=16565"}],"curies":[{"name":"wp","href":"https:\/\/api.w.org\/{rel}","templated":true}]}}