{"id":16612,"date":"2020-05-16T07:57:00","date_gmt":"2020-05-16T10:57:00","guid":{"rendered":"https:\/\/adhilac.com.ar\/?p=16612"},"modified":"2020-08-14T11:33:20","modified_gmt":"2020-08-14T14:33:20","slug":"el-estado-novo-brasileno","status":"publish","type":"post","link":"https:\/\/adhilac.com.ar\/?p=16612","title":{"rendered":"El Estado Novo brasile\u00f1o"},"content":{"rendered":"\n<div class=\"wp-block-media-text alignwide is-stacked-on-mobile is-image-fill has-pale-ocean-gradient-background has-background\"><figure class=\"wp-block-media-text__media\" style=\"background-image:url(https:\/\/adhilac.com.ar\/wp-content\/uploads\/2020\/05\/Estado-Novo-brasileiro.jpg);background-position:50% 50%\"><img loading=\"lazy\" decoding=\"async\" width=\"733\" height=\"491\" src=\"https:\/\/adhilac.com.ar\/wp-content\/uploads\/2020\/05\/Estado-Novo-brasileiro.jpg\" alt=\"\" class=\"wp-image-16613\" srcset=\"https:\/\/adhilac.com.ar\/wp-content\/uploads\/2020\/05\/Estado-Novo-brasileiro.jpg 733w, https:\/\/adhilac.com.ar\/wp-content\/uploads\/2020\/05\/Estado-Novo-brasileiro-500x335.jpg 500w\" sizes=\"auto, (max-width: 733px) 100vw, 733px\" \/><\/figure><div class=\"wp-block-media-text__content\">\n<p class=\"has-text-align-center wp-block-paragraph\" style=\"font-size:15px\"><strong>Por Sergio Guerra Vilaboy<\/strong><\/p>\n<\/div><\/div>\n\n\n\n<p class=\"wp-block-paragraph\">La cruel represi\u00f3n desatada en 1935 contra la sublevaci\u00f3n de la Alianza Nacional Libertadora en Brasil, que contamos en una nota de <em>Madre Am\u00e9rica<\/em>, desarticul\u00f3 a las organizaciones democr\u00e1ticas y posibilit\u00f3 un repunte de los partidos tradicionales con vistas a las pr\u00f3ximas elecciones, que podr\u00edan permitir un regreso al esquema olig\u00e1rquico de la <em>Republica Velha<\/em>. Esta posibilidad, unido a los obst\u00e1culos para la reelecci\u00f3n presidencial, llevaron al gobierno de Getulio Vargas, en el poder desde 1930, a organizar una conspiraci\u00f3n con el partido fascista Acci\u00f3n Integralista.<\/p>\n\n\n\n<!--more-->\n\n\n\n<p class=\"wp-block-paragraph\">La atm\u00f3sfera favorable al golpe militar fue preparada en septiembre de 1937 con la divulgaci\u00f3n de un falso complot comunista: el Plan Cohen. El supuesto levantamiento marxista, proporcion\u00f3 a Vargas el pretexto que necesitaba para declarar el estado de guerra interno. El 10 de noviembre, con la activa colaboraci\u00f3n de los integralistas, convertidos en verdaderas tropas de choque al estilo nazi, Vargas clausur\u00f3 el Congreso, disolvi\u00f3 los partidos y destituy\u00f3 a los gobernadores opositores. Esa noche, el flamante dictador anunci\u00f3 por la radio el contenido de la nueva Constituci\u00f3n del <em>Estado Novo.<\/em><\/p>\n\n\n\n<p class=\"wp-block-paragraph\">El llamado Nuevo Estado, basado en una carta magna al estilo fascista, permiti\u00f3 someter al movimiento obrero a una estructura burocr\u00e1tica, calcada de la carta del trabajo de Mussolini (1927), amoldando a la colaboraci\u00f3n de clases a los combativos sindicatos. A las organizaciones proletarias, encabezadas ahora por l\u00edderes designados por el gobierno, apodados <em>pelegos<\/em>, se les prohibieron las huelgas, protestas, as\u00ed como los contratos colectivos, reduci\u00e9ndose su labor a actividades recreativas y de asistencia social.<\/p>\n\n\n\n<p class=\"wp-block-paragraph\">La implantaci\u00f3n del autoritario <em>Estado Novo<\/em> vino tambi\u00e9n acompa\u00f1ada de una f\u00e9rrea censura, la creaci\u00f3n de un aparato oficial de propaganda, que presentaba a Vargas como \u201cel padre de los pobres\u201d. Pero la luna de miel con los integralistas, que ve\u00edan al mandatario como una especie de Hindenburg, al que deb\u00edan desplazar, dur\u00f3 poco tiempo. El 11 de mayo de 1938 los envalentonados nazis criollos atacaron el Ministerio de Marina, la Radio Mayrink Veiga y el Palacio del Catete en Guanabara, en donde estuvieron a punto de apresar al propio mandatario y su familia. Despu\u00e9s de cinco horas de intenso tiroteo, los atacantes fueron derrotados y Vargas se consolid\u00f3 en el poder.<\/p>\n\n\n\n<p class=\"wp-block-paragraph\">La coyuntura econ\u00f3mica internacional contribuy\u00f3 a cimentar la dictadura varguista, pues con la Segunda Guerra Mundial los precios del caf\u00e9 y las materias primas subieron, mientras la creciente orientaci\u00f3n b\u00e9lica de la industria europea y norteamericana creaba posibilidades inesperadas para el aumento y diversificaci\u00f3n de la producci\u00f3n aut\u00f3ctona. Adem\u00e1s, como parte del <em>Estado Novo<\/em> se fundaron empresas estatales en sectores claves \u2013acero, energ\u00eda, transporte, etc.-, que no eran atractivos para los capitalistas privados o ten\u00edan una importancia estrat\u00e9gica.<\/p>\n\n\n\n<p class=\"wp-block-paragraph\">Pero la Segunda Guerra Mundial tuvo tambi\u00e9n otro efecto: puso fin a los coqueteos de Vargas con los reg\u00edmenes fascistas. Desde 1942, ante el curso adverso a los nazis que tomaba el conflicto y los indiscriminados ataques alemanes a los mercantes brasile\u00f1os, Vargas se inclin\u00f3 a los aliados. El 21 de agosto de ese a\u00f1o, Brasil declar\u00f3 la guerra al Eje fascista, confisc\u00f3 las propiedades del Reich y organiz\u00f3 a fines de 1944 la Fuerza Expedicionaria Brasile\u00f1a (FEB), cuyos 25 mil hombres desembarcaron con los aliados en el frente italiano.<\/p>\n\n\n\n<p class=\"wp-block-paragraph\">Nada de esto pudo impedir el fin del <em>Estado<\/em> <em>Novo, <\/em>desacreditado por la creciente ola democratizadora internacional al acercarse el fin de la Segunda Guerra Mundial. Presionado por todas las fuerzas pol\u00edticas, entre ellas la reci\u00e9n creada Uni\u00f3n Democr\u00e1tica Nacional, Vargas tuvo que permitir el regreso de los exiliados y la excarcelaci\u00f3n de m\u00e1s de seiscientos presos pol\u00edticos, entre ellos el legendario Luis Carlos Prestes, ahora secretario general del Partido Comunista. La posibilidad de una convocatoria a una constituyente, que le pod\u00eda permitir al mandatario continuar en el poder, caldearon los \u00e1nimos de la oposici\u00f3n y precipitaron el golpe de Estado que lo derroc\u00f3 el 29 de octubre de 1945.<\/p>\n\n\n\n<p class=\"wp-block-paragraph\">Fuente: www.informefracto.com &#8211; 15 de mayo de 2020<\/p>\n\n\n\n<div style=\"height:20px\" aria-hidden=\"true\" class=\"wp-block-spacer\"><\/div>\n\n\n\n<p class=\"has-very-light-gray-color has-vivid-cyan-blue-background-color has-text-color has-background wp-block-paragraph\"><strong>Publicado por ADHILAC Internacional \u00a9 www.adhilac.com.ar<\/strong><\/p>\n\n\n\n<p class=\"has-vivid-cyan-blue-color has-very-light-gray-background-color has-text-color has-background wp-block-paragraph\"> Si Ud. desea asociarse de acuerdo a los Estatutos de ADHILAC&nbsp;<a href=\"https:\/\/adhilac.com.ar\/?page_id=263\">(ver)<\/a> complete el siguiente formulario&nbsp;(<a href=\"https:\/\/adhilac.com.ar\/?page_id=4779\">ver<\/a>)<\/p>\n\n\n\n<p class=\"has-very-light-gray-color has-vivid-cyan-blue-background-color has-text-color has-background wp-block-paragraph\"> E-mail:&nbsp;info@adhilac.com.ar <\/p>\n\n\n\n<p class=\"has-very-light-gray-color has-vivid-cyan-blue-background-color has-text-color has-background wp-block-paragraph\"> Twitter: @AdhilacInfo <\/p>\n\n\n\n<div class=\"wp-block-image\"><figure class=\"aligncenter size-large\"><img loading=\"lazy\" decoding=\"async\" width=\"85\" height=\"85\" src=\"https:\/\/adhilac.com.ar\/wp-content\/uploads\/2015\/02\/Logo-ADHILAC-Internacional-PEQ.jpg\" alt=\"\" class=\"wp-image-10473\"\/><\/figure><\/div>\n\n\n\n<p class=\"wp-block-paragraph\">Ver <a href=\"https:\/\/adhilac.com.ar\/?page_id=541\">Presentaci\u00f3n de ADHILAC<\/a><\/p>\n\n\n\n<div style=\"height:20px\" aria-hidden=\"true\" class=\"wp-block-spacer\"><\/div>\n\n\n\n<div class=\"wp-block-group\"><div class=\"wp-block-group__inner-container is-layout-flow wp-block-group-is-layout-flow\">\n<p class=\"has-text-align-center has-very-light-gray-color has-vivid-cyan-blue-background-color has-text-color has-background wp-block-paragraph\"><strong><a href=\"https:\/\/adhilac.com.ar\/?page_id=541\">QUIENES SOMOS<\/a><\/strong><\/p>\n\n\n\n<p class=\"has-text-align-center has-vivid-cyan-blue-color has-very-light-gray-background-color has-text-color has-background wp-block-paragraph\"><strong><a href=\"https:\/\/adhilac.com.ar\/?page_id=15507\">DIRECTIVA DE ADHILAC INTERNACIONAL<\/a><\/strong><\/p>\n\n\n\n<p class=\"has-text-align-center has-very-light-gray-color has-vivid-cyan-blue-background-color has-text-color has-background wp-block-paragraph\"><strong><a href=\"https:\/\/adhilac.com.ar\/?page_id=267\">Declaraci\u00f3n de Caracas de ADHILAC (2007)<\/a><\/strong><\/p>\n\n\n\n<p class=\"has-text-align-center has-vivid-cyan-blue-color has-very-light-gray-background-color has-text-color has-background wp-block-paragraph\"><strong><a href=\"https:\/\/adhilac.com.ar\/?page_id=15873\">ADHILAC: Historia &#8211; Historidorxs<\/a><\/strong><\/p>\n\n\n\n<p class=\"has-text-align-center has-very-light-gray-color has-vivid-cyan-blue-background-color has-text-color has-background wp-block-paragraph\"><strong><a href=\"https:\/\/adhilac.com.ar\/?page_id=15876\">ADHILAC 20 a\u00f1os despu\u00e9s (1974-1994)<\/a> <\/strong><\/p>\n\n\n\n<p class=\"has-text-align-center has-vivid-cyan-blue-color has-very-light-gray-background-color has-text-color has-background wp-block-paragraph\"><strong><a href=\"https:\/\/adhilac.com.ar\/?page_id=15861\">ADHILAC Breve Historia<\/a> <\/strong><\/p>\n\n\n\n<p class=\"has-text-align-center has-very-light-gray-color has-vivid-cyan-blue-background-color has-text-color has-background wp-block-paragraph\"><strong><a href=\"https:\/\/adhilac.com.ar\/?page_id=15887\">ADHILAC: Miembrxs fundadores<\/a><\/strong><\/p>\n\n\n\n<p class=\"has-text-align-center has-vivid-cyan-blue-color has-very-light-gray-background-color has-text-color has-background wp-block-paragraph\"><strong><a href=\"https:\/\/adhilac.com.ar\/?page_id=15943\">ADHILAC: Historiadorxs Destacadxs<\/a><\/strong><\/p>\n\n\n\n<p class=\"has-text-align-center has-very-light-gray-color has-vivid-cyan-blue-background-color has-text-color has-background wp-block-paragraph\"><strong><a href=\"https:\/\/adhilac.com.ar\/?page_id=4779\">SOCIXS<\/a><\/strong><\/p>\n\n\n\n<p class=\"has-text-align-center has-vivid-cyan-blue-color has-very-light-gray-background-color has-text-color has-background wp-block-paragraph\"><strong><a href=\"https:\/\/adhilac.com.ar\/?page_id=263\">Estatutos de ADHILAC<\/a><\/strong><\/p>\n\n\n\n<p class=\"has-text-align-center has-very-light-gray-color has-vivid-cyan-blue-background-color has-text-color has-background wp-block-paragraph\"><strong><a href=\"https:\/\/adhilac.com.ar\/?page_id=8220\">BICENTENARIO<\/a><\/strong><\/p>\n\n\n\n<p class=\"has-text-align-center has-vivid-cyan-blue-color has-very-light-gray-background-color has-text-color has-background wp-block-paragraph\"><strong><a href=\"https:\/\/adhilac.com.ar\/?page_id=8279\">BIBLIOTECA<\/a><\/strong><\/p>\n\n\n\n<p class=\"has-text-align-center has-very-light-gray-color has-vivid-cyan-blue-background-color has-text-color has-background wp-block-paragraph\"><strong><a href=\"https:\/\/adhilac.com.ar\/?page_id=1698\">ENLACES<\/a> <\/strong><\/p>\n\n\n\n<p class=\"has-text-align-center has-vivid-cyan-blue-color has-very-light-gray-background-color has-text-color has-background wp-block-paragraph\"><a href=\"http:\/\/www.ariadnatucma.com.ar\">VISITE ARIADNA TUCMA REVISTA LATINOAMERICANA<\/a><\/p>\n<\/div><\/div>\n","protected":false},"excerpt":{"rendered":"<p>Por Sergio Guerra Vilaboy La cruel represi\u00f3n desatada en 1935 contra la sublevaci\u00f3n de la Alianza Nacional Libertadora en Brasil, que contamos en una nota de Madre Am\u00e9rica, desarticul\u00f3 a las organizaciones democr\u00e1ticas y posibilit\u00f3 un repunte de los partidos tradicionales con vistas a las pr\u00f3ximas elecciones, que podr\u00edan permitir un regreso al esquema olig\u00e1rquico [&hellip;]<\/p>\n","protected":false},"author":17,"featured_media":0,"comment_status":"closed","ping_status":"closed","sticky":false,"template":"","format":"standard","meta":{"_crdt_document":"","footnotes":""},"categories":[15],"tags":[74,98],"class_list":["post-16612","post","type-post","status-publish","format-standard","hentry","category-historia","tag-brasil","tag-estado-novo"],"_links":{"self":[{"href":"https:\/\/adhilac.com.ar\/index.php?rest_route=\/wp\/v2\/posts\/16612","targetHints":{"allow":["GET"]}}],"collection":[{"href":"https:\/\/adhilac.com.ar\/index.php?rest_route=\/wp\/v2\/posts"}],"about":[{"href":"https:\/\/adhilac.com.ar\/index.php?rest_route=\/wp\/v2\/types\/post"}],"author":[{"embeddable":true,"href":"https:\/\/adhilac.com.ar\/index.php?rest_route=\/wp\/v2\/users\/17"}],"replies":[{"embeddable":true,"href":"https:\/\/adhilac.com.ar\/index.php?rest_route=%2Fwp%2Fv2%2Fcomments&post=16612"}],"version-history":[{"count":3,"href":"https:\/\/adhilac.com.ar\/index.php?rest_route=\/wp\/v2\/posts\/16612\/revisions"}],"predecessor-version":[{"id":16802,"href":"https:\/\/adhilac.com.ar\/index.php?rest_route=\/wp\/v2\/posts\/16612\/revisions\/16802"}],"wp:attachment":[{"href":"https:\/\/adhilac.com.ar\/index.php?rest_route=%2Fwp%2Fv2%2Fmedia&parent=16612"}],"wp:term":[{"taxonomy":"category","embeddable":true,"href":"https:\/\/adhilac.com.ar\/index.php?rest_route=%2Fwp%2Fv2%2Fcategories&post=16612"},{"taxonomy":"post_tag","embeddable":true,"href":"https:\/\/adhilac.com.ar\/index.php?rest_route=%2Fwp%2Fv2%2Ftags&post=16612"}],"curies":[{"name":"wp","href":"https:\/\/api.w.org\/{rel}","templated":true}]}}