{"id":16615,"date":"2020-05-19T15:28:00","date_gmt":"2020-05-19T18:28:00","guid":{"rendered":"https:\/\/adhilac.com.ar\/?p=16615"},"modified":"2020-08-14T11:33:02","modified_gmt":"2020-08-14T14:33:02","slug":"sandino-el-general-de-hombres-libres","status":"publish","type":"post","link":"https:\/\/adhilac.com.ar\/?p=16615","title":{"rendered":"Sandino, el General de Hombres Libres"},"content":{"rendered":"\n<div class=\"wp-block-media-text alignwide has-media-on-the-right is-image-fill has-background\" style=\"background:linear-gradient(192deg,rgba(252,185,0,1) 0%,rgba(255,105,0,1) 100%)\"><figure class=\"wp-block-media-text__media\" style=\"background-image:url(https:\/\/adhilac.com.ar\/wp-content\/uploads\/2020\/05\/Sandino.jpg);background-position:33% 47%\"><img loading=\"lazy\" decoding=\"async\" width=\"750\" height=\"500\" src=\"https:\/\/adhilac.com.ar\/wp-content\/uploads\/2020\/05\/Sandino.jpg\" alt=\"\" class=\"wp-image-16616\" srcset=\"https:\/\/adhilac.com.ar\/wp-content\/uploads\/2020\/05\/Sandino.jpg 750w, https:\/\/adhilac.com.ar\/wp-content\/uploads\/2020\/05\/Sandino-500x333.jpg 500w\" sizes=\"auto, (max-width: 750px) 100vw, 750px\" \/><\/figure><div class=\"wp-block-media-text__content\">\n<p class=\"has-text-align-center wp-block-paragraph\" style=\"font-size:15px\"><strong>Por Sergio Guerra Vilaboy<\/strong><\/p>\n<\/div><\/div>\n\n\n\n<p class=\"wp-block-paragraph\">El 18 de mayo de 1895, un d\u00eda antes de la ca\u00edda en combate de Jos\u00e9 Mart\u00ed en Cuba, naci\u00f3 en Niquinohomo (Masaya), Augusto C. Sandino, quien pasar\u00eda a la posteridad al encabezar la heroica resistencia de Nicaragua contra la intervenci\u00f3n militar de Estados Unidos. La conciencia patri\u00f3tica de Sandino comenz\u00f3 a forjarse en 1912, cuando presenci\u00f3 el entierro del General Benjam\u00edn Zeled\u00f3n, H\u00e9roe de Coyotepe, muerto por las tropas norteamericanas que ocupaban entonces el pa\u00eds.<\/p>\n\n\n\n<!--more-->\n\n\n\n<p class=\"wp-block-paragraph\">En 1920 Sandino viaj\u00f3 a Honduras, Guatemala y M\u00e9xico, donde trabaj\u00f3 en varios oficios. En Tampico y Veracruz, influido por masones, anarquistas, antimperialistas y marxistas, particip\u00f3 en el movimiento sindical fortalecido por la Revoluci\u00f3n Mexicana. Luego de la retirada de las tropas estadounidenses de Nicaragua (1925), Sandino regres\u00f3 a su patria y obtuvo empleo en la administraci\u00f3n de una mina. Al a\u00f1o siguiente, al desconocer los conservadores el triunfo del liberal Juan Bautista Sacasa y desatarse la <em>Guerra Constitucionalista<\/em>, Sandino se alz\u00f3 en armas. Sus sucesivas victorias militares le valieron en 1927 ser reconocido por el ej\u00e9rcito liberal como jefe de Las Segovias, su principal zona de operaciones.<\/p>\n\n\n\n<p class=\"wp-block-paragraph\">Anta la posibilidad de un triunfo de los insurrectos, los <em>marines<\/em>, llamados en su ayuda por los conservadores, volvieron a intervenir en Nicaragua e impusieron el Tratado de Tipitapa (1927), componenda aceptada por los liberales que desilusion\u00f3 a la mayor\u00eda de la poblaci\u00f3n. Sandino, negado a aceptar el vergonzoso acuerdo, mantuvo la resistencia armada en Las Segovias, llamando a la lucha contra los invasores extranjeros que <em>\u201cpretenden privarnos de nuestra Patria y nuestra Libertad<\/em>\u201d.<\/p>\n\n\n\n<figure class=\"wp-block-image size-large\"><img loading=\"lazy\" decoding=\"async\" width=\"750\" height=\"500\" src=\"https:\/\/adhilac.com.ar\/wp-content\/uploads\/2020\/05\/Sandino.jpg\" alt=\"\" class=\"wp-image-16616\" srcset=\"https:\/\/adhilac.com.ar\/wp-content\/uploads\/2020\/05\/Sandino.jpg 750w, https:\/\/adhilac.com.ar\/wp-content\/uploads\/2020\/05\/Sandino-500x333.jpg 500w\" sizes=\"auto, (max-width: 750px) 100vw, 750px\" \/><\/figure>\n\n\n\n<p class=\"wp-block-paragraph\">A partir de ese momento los sandinistas enarbolaron la tradicional bandera roja del liberalismo, a la que a\u00f1adieron una franja negra para indicar la alternativa de \u201c<em>patria libre o morir<\/em>\u201d. A continuaci\u00f3n, Sandino dio a conocer un Manifiesto Pol\u00edtico y libr\u00f3 la batalla de Ocotal, que ocasion\u00f3 el primer bombarde\u00f3 de la aviaci\u00f3n norteamericana a la poblaci\u00f3n civil. Como colof\u00f3n, vertebr\u00f3 el <em>Ej\u00e9rcito Defensor de la Soberan\u00eda de Nicaragua<\/em>, que muy pronto devendr\u00eda en todo un s\u00edmbolo para los pueblos amenazados por Estados Unidos,<\/p>\n\n\n\n<p class=\"wp-block-paragraph\">En 1929, como parte de una maniobra de distracci\u00f3n de factura norteamericana, ocup\u00f3 la presidencia el antiguo jefe liberal Jos\u00e9 Mar\u00eda Moncada, por lo que Sandino decidi\u00f3 viajar a M\u00e9xico, radic\u00e1ndose en M\u00e9rida, Yucat\u00e1n. A esta \u00e9poca corresponden sus cartas a varios mandatarios del continente, entre ellos el Presidente argentino Hip\u00f3lito Irigoyen, y su exhortaci\u00f3n a la unidad latinoamericana contra las imposiciones estadounidenses. Tras una entrevista con el presidente mexicano Emilio Portes Gil en 1930, el <em>General de Hombres Libres<\/em>, como le hab\u00eda llamado dos a\u00f1os antes Henri Barbusse, regres\u00f3 en forma clandestina a su tierra natal para ponerse de nuevo al frente del <em>Ej\u00e9rcito Defensor de la Soberan\u00eda Nacional<\/em>, que abri\u00f3 una segunda etapa de mayor envergadura en sus operaciones militares (1931-1932).<\/p>\n\n\n\n<p class=\"wp-block-paragraph\">El empantanamiento de la guerra en Nicaragua, la propia pol\u00edtica de Estados Unidos que evolucionaba a la llamada \u201cbuena vecindad\u201d, sumado a las crecientes protestas internacionales, obligaron al gobierno norteamericano a buscar f\u00f3rmulas m\u00e1s sofisticadas para acabar con los sandinistas. Con ese prop\u00f3sito, fue creada la Guardia Nacional, anunciada la retirada de los <em>marines<\/em> y realizadas nuevas elecciones, en noviembre de 1932, que llevaron al poder al liberal Juan Bautista Sacasa. &nbsp;El 8 de enero de 1933, seis d\u00edas despu\u00e9s de la retirada del \u00faltimo soldado estadounidense, se iniciaron las negociaciones entre los sandinistas y los representantes de los partidos tradicionales. Como resultado de ellas, Sandino acept\u00f3 desarmar el <em>Ej\u00e9rcito Defensor de la Soberan\u00eda Nacional<\/em> y retirarse con sus hombres a las tierras que se le ofrec\u00edan junto al r\u00edo Coco.&nbsp;<\/p>\n\n\n\n<p class=\"wp-block-paragraph\">Traicionado por sus interlocutores, Sandino fue emboscado y asesinado en la noche del 21 de febrero de 1934, por \u00f3rdenes expresas del flamante jefe de la Guardia Nacional, Anastasio Somoza Garc\u00eda, y del Embajador estadounidense en Nicaragua Arthur Bliss Lane. Al fusilamiento del <em>General de Hombres Libres<\/em> sigui\u00f3 pocas horas despu\u00e9s la masacre de sus compa\u00f1eros, acampados sin armas junto al r\u00edo Coco. Este tr\u00e1gico desenlace, convirti\u00f3 el nombre de Augusto C. Sandino, en bandera del movimiento de liberaci\u00f3n nacional de Nicaragua y s\u00edmbolo de la resistencia antimperialista en toda Am\u00e9rica Latina.<\/p>\n\n\n\n<p class=\"wp-block-paragraph\">Fuente: www.informefracto.com &#8211; 18 de mayo de 2020 <\/p>\n\n\n\n<p class=\"has-very-light-gray-color has-vivid-cyan-blue-background-color has-text-color has-background wp-block-paragraph\"><strong>Publicado por ADHILAC Internacional \u00a9 www.adhilac.com.ar<\/strong><\/p>\n\n\n\n<p class=\"has-vivid-cyan-blue-color has-very-light-gray-background-color has-text-color has-background wp-block-paragraph\"> Si Ud. desea asociarse de acuerdo a los Estatutos de ADHILAC&nbsp;<a href=\"https:\/\/adhilac.com.ar\/?page_id=263\">(ver)<\/a> complete el siguiente formulario&nbsp;(<a href=\"https:\/\/adhilac.com.ar\/?page_id=4779\">ver<\/a>)<\/p>\n\n\n\n<p class=\"has-very-light-gray-color has-vivid-cyan-blue-background-color has-text-color has-background wp-block-paragraph\"> E-mail:&nbsp;info@adhilac.com.ar <\/p>\n\n\n\n<p class=\"has-very-light-gray-color has-vivid-cyan-blue-background-color has-text-color has-background wp-block-paragraph\"> Twitter: @AdhilacInfo <\/p>\n\n\n\n<div class=\"wp-block-image\"><figure class=\"aligncenter size-large\"><img loading=\"lazy\" decoding=\"async\" width=\"85\" height=\"85\" src=\"https:\/\/adhilac.com.ar\/wp-content\/uploads\/2015\/02\/Logo-ADHILAC-Internacional-PEQ.jpg\" alt=\"\" class=\"wp-image-10473\"\/><\/figure><\/div>\n\n\n\n<p class=\"wp-block-paragraph\">Ver <a href=\"https:\/\/adhilac.com.ar\/?page_id=541\">Presentaci\u00f3n de ADHILAC<\/a><\/p>\n\n\n\n<div style=\"height:20px\" aria-hidden=\"true\" class=\"wp-block-spacer\"><\/div>\n\n\n\n<div class=\"wp-block-group\"><div class=\"wp-block-group__inner-container is-layout-flow wp-block-group-is-layout-flow\">\n<p class=\"has-text-align-center has-very-light-gray-color has-vivid-cyan-blue-background-color has-text-color has-background wp-block-paragraph\"><strong><a href=\"https:\/\/adhilac.com.ar\/?page_id=541\">QUIENES SOMOS<\/a><\/strong><\/p>\n\n\n\n<p class=\"has-text-align-center has-vivid-cyan-blue-color has-very-light-gray-background-color has-text-color has-background wp-block-paragraph\"><strong><a href=\"https:\/\/adhilac.com.ar\/?page_id=15507\">DIRECTIVA DE ADHILAC INTERNACIONAL<\/a><\/strong><\/p>\n\n\n\n<p class=\"has-text-align-center has-very-light-gray-color has-vivid-cyan-blue-background-color has-text-color has-background wp-block-paragraph\"><strong><a href=\"https:\/\/adhilac.com.ar\/?page_id=267\">Declaraci\u00f3n de Caracas de ADHILAC (2007)<\/a><\/strong><\/p>\n\n\n\n<p class=\"has-text-align-center has-vivid-cyan-blue-color has-very-light-gray-background-color has-text-color has-background wp-block-paragraph\"><strong><a href=\"https:\/\/adhilac.com.ar\/?page_id=15873\">ADHILAC: Historia &#8211; Historidorxs<\/a><\/strong><\/p>\n\n\n\n<p class=\"has-text-align-center has-very-light-gray-color has-vivid-cyan-blue-background-color has-text-color has-background wp-block-paragraph\"><strong><a href=\"https:\/\/adhilac.com.ar\/?page_id=15876\">ADHILAC 20 a\u00f1os despu\u00e9s (1974-1994)<\/a> <\/strong><\/p>\n\n\n\n<p class=\"has-text-align-center has-vivid-cyan-blue-color has-very-light-gray-background-color has-text-color has-background wp-block-paragraph\"><strong><a href=\"https:\/\/adhilac.com.ar\/?page_id=15861\">ADHILAC Breve Historia<\/a> <\/strong><\/p>\n\n\n\n<p class=\"has-text-align-center has-very-light-gray-color has-vivid-cyan-blue-background-color has-text-color has-background wp-block-paragraph\"><strong><a href=\"https:\/\/adhilac.com.ar\/?page_id=15887\">ADHILAC: Miembrxs fundadores<\/a><\/strong><\/p>\n\n\n\n<p class=\"has-text-align-center has-vivid-cyan-blue-color has-very-light-gray-background-color has-text-color has-background wp-block-paragraph\"><strong><a href=\"https:\/\/adhilac.com.ar\/?page_id=15943\">ADHILAC: Historiadorxs Destacadxs<\/a><\/strong><\/p>\n\n\n\n<p class=\"has-text-align-center has-very-light-gray-color has-vivid-cyan-blue-background-color has-text-color has-background wp-block-paragraph\"><strong><a href=\"https:\/\/adhilac.com.ar\/?page_id=4779\">SOCIXS<\/a><\/strong><\/p>\n\n\n\n<p class=\"has-text-align-center has-vivid-cyan-blue-color has-very-light-gray-background-color has-text-color has-background wp-block-paragraph\"><strong><a href=\"https:\/\/adhilac.com.ar\/?page_id=263\">Estatutos de ADHILAC<\/a><\/strong><\/p>\n\n\n\n<p class=\"has-text-align-center has-very-light-gray-color has-vivid-cyan-blue-background-color has-text-color has-background wp-block-paragraph\"><strong><a href=\"https:\/\/adhilac.com.ar\/?page_id=8220\">BICENTENARIO<\/a><\/strong><\/p>\n\n\n\n<p class=\"has-text-align-center has-vivid-cyan-blue-color has-very-light-gray-background-color has-text-color has-background wp-block-paragraph\"><strong><a href=\"https:\/\/adhilac.com.ar\/?page_id=8279\">BIBLIOTECA<\/a><\/strong><\/p>\n\n\n\n<p class=\"has-text-align-center has-very-light-gray-color has-vivid-cyan-blue-background-color has-text-color has-background wp-block-paragraph\"><strong><a href=\"https:\/\/adhilac.com.ar\/?page_id=1698\">ENLACES<\/a> <\/strong><\/p>\n\n\n\n<p class=\"has-text-align-center has-vivid-cyan-blue-color has-very-light-gray-background-color has-text-color has-background wp-block-paragraph\"><a href=\"http:\/\/www.ariadnatucma.com.ar\">VISITE ARIADNA TUCMA REVISTA LATINOAMERICANA<\/a><\/p>\n<\/div><\/div>\n","protected":false},"excerpt":{"rendered":"<p>Por Sergio Guerra Vilaboy El 18 de mayo de 1895, un d\u00eda antes de la ca\u00edda en combate de Jos\u00e9 Mart\u00ed en Cuba, naci\u00f3 en Niquinohomo (Masaya), Augusto C. Sandino, quien pasar\u00eda a la posteridad al encabezar la heroica resistencia de Nicaragua contra la intervenci\u00f3n militar de Estados Unidos. La conciencia patri\u00f3tica de Sandino comenz\u00f3 [&hellip;]<\/p>\n","protected":false},"author":17,"featured_media":0,"comment_status":"closed","ping_status":"closed","sticky":false,"template":"","format":"standard","meta":{"_crdt_document":"","footnotes":""},"categories":[15],"tags":[1062,369],"class_list":["post-16615","post","type-post","status-publish","format-standard","hentry","category-historia","tag-augusto-c-sandino","tag-nicaragua"],"_links":{"self":[{"href":"https:\/\/adhilac.com.ar\/index.php?rest_route=\/wp\/v2\/posts\/16615","targetHints":{"allow":["GET"]}}],"collection":[{"href":"https:\/\/adhilac.com.ar\/index.php?rest_route=\/wp\/v2\/posts"}],"about":[{"href":"https:\/\/adhilac.com.ar\/index.php?rest_route=\/wp\/v2\/types\/post"}],"author":[{"embeddable":true,"href":"https:\/\/adhilac.com.ar\/index.php?rest_route=\/wp\/v2\/users\/17"}],"replies":[{"embeddable":true,"href":"https:\/\/adhilac.com.ar\/index.php?rest_route=%2Fwp%2Fv2%2Fcomments&post=16615"}],"version-history":[{"count":5,"href":"https:\/\/adhilac.com.ar\/index.php?rest_route=\/wp\/v2\/posts\/16615\/revisions"}],"predecessor-version":[{"id":16801,"href":"https:\/\/adhilac.com.ar\/index.php?rest_route=\/wp\/v2\/posts\/16615\/revisions\/16801"}],"wp:attachment":[{"href":"https:\/\/adhilac.com.ar\/index.php?rest_route=%2Fwp%2Fv2%2Fmedia&parent=16615"}],"wp:term":[{"taxonomy":"category","embeddable":true,"href":"https:\/\/adhilac.com.ar\/index.php?rest_route=%2Fwp%2Fv2%2Fcategories&post=16615"},{"taxonomy":"post_tag","embeddable":true,"href":"https:\/\/adhilac.com.ar\/index.php?rest_route=%2Fwp%2Fv2%2Ftags&post=16615"}],"curies":[{"name":"wp","href":"https:\/\/api.w.org\/{rel}","templated":true}]}}