{"id":16620,"date":"2020-05-30T12:22:16","date_gmt":"2020-05-30T15:22:16","guid":{"rendered":"https:\/\/adhilac.com.ar\/?p=16620"},"modified":"2020-05-30T12:22:16","modified_gmt":"2020-05-30T15:22:16","slug":"xxiv-coloquio-de-historia-canario-americana-nueva-fecha-30-11-a-3-12-2020","status":"publish","type":"post","link":"https:\/\/adhilac.com.ar\/?p=16620","title":{"rendered":"XXIV Coloquio de Historia Canario-Americana. NUEVA FECHA. 30\/11 a 3\/12\/2020."},"content":{"rendered":"\n<p class=\"wp-block-paragraph\">Estimada Amiga \/Estimado Amigo:<br \/><br \/>Le dirijo estas l\u00edneas para comunicarle que en la reuni\u00f3n mantenida<br \/>con el Comit\u00e9 Cient\u00edfico del _XXIV COLOQUIO DE HISTORIA<br \/>CANARIO-AMERICANA_, teniendo en cuentas las especiales circunstancias<br \/>que estamos afrontando debido a la pandemia del COVID19, hemos decidido<br \/>retrasar su celebraci\u00f3n: del 30 DE NOVIEMBRE al 3 DE DICIEMBRE DE 2020.<br \/><br \/>Como consecuencia, las fechas previstas para la recepci\u00f3n y aceptaci\u00f3n<br \/>de propuestas, tambi\u00e9n se modifican, quedando de la siguiente manera:<br \/><br \/>\u00b7\u00a0 \u00a0 \u00a0 \u00a0 \u00a0Se ampl\u00eda el plazo para la recepci\u00f3n de propuestas hasta el<br \/>30 DE JUNIO.<br \/><br \/>\u00b7\u00a0 \u00a0 \u00a0 \u00a0 \u00a0Comunicaci\u00f3n de la valoraci\u00f3n por parte del Comit\u00e9<br \/>Cient\u00edfico de las propuestas recibidas: 31 DE JULIO<br \/><br \/>\u00b7\u00a0 \u00a0 \u00a0 \u00a0 \u00a0Fecha l\u00edmite para la entrega de los textos \u00edntegros que<br \/>hayan sido aceptados: 13 DE OCTUBRE.<\/p>\n\n\n\n<!--more-->\n\n\n\n<p class=\"wp-block-paragraph\">Se acompa\u00f1a circular del Congreso con estas nuevas fechas y toda la<br \/>informaci\u00f3n sobre los contenidos del mismo.<\/p>\n\n\n\n<p class=\"wp-block-paragraph\">En mi nombre, y en el de todo el equipo de esta Casa de Col\u00f3n, quiero<br \/>transmitirle nuestro deseo de que se encuentre bien y podamos volver a<br \/>saludarle personalmente muy pronto.<\/p>\n\n\n\n<p class=\"wp-block-paragraph\">Cordiales saludos,<\/p>\n\n\n\n<p class=\"wp-block-paragraph\">Elena Acosta Guerrero<\/p>\n\n\n\n<p class=\"wp-block-paragraph\">Directora Casa de Col\u00f3n<\/p>\n\n\n\n<p class=\"wp-block-paragraph\">Secretaria General del Coloquio<\/p>\n\n\n\n<p class=\"wp-block-paragraph\"><br \/><\/p>\n\n\n\n<p class=\"wp-block-paragraph\">Ver CONVOCATORIAS<\/p>\n\n\n\n<div class=\"wp-block-file\"><a href=\"https:\/\/adhilac.com.ar\/wp-content\/uploads\/2020\/05\/INFORMACI\u00d3N-GENERAL-XXIV-COLOQUIO-HISTORIA-CANARIO-AMERICANA.pdf\">INFORMACI\u00d3N GENERAL XXIV COLOQUIO HISTORIA CANARIO-AMERICANA<\/a><a href=\"https:\/\/adhilac.com.ar\/wp-content\/uploads\/2020\/05\/INFORMACI\u00d3N-GENERAL-XXIV-COLOQUIO-HISTORIA-CANARIO-AMERICANA.pdf\" class=\"wp-block-file__button\" download>Descarga<\/a><\/div>\n\n\n\n<div class=\"wp-block-file\"><a href=\"https:\/\/adhilac.com.ar\/wp-content\/uploads\/2020\/05\/FORMULARIO-DE-INSCRIPCI\u00d3N.pdf\">FORMULARIO DE INSCRIPCI\u00d3N<\/a><a href=\"https:\/\/adhilac.com.ar\/wp-content\/uploads\/2020\/05\/FORMULARIO-DE-INSCRIPCI\u00d3N.pdf\" class=\"wp-block-file__button\" download>Descarga<\/a><\/div>\n\n\n\n<p class=\"has-very-light-gray-color has-vivid-cyan-blue-background-color has-text-color has-background wp-block-paragraph\"><strong>Publicado por ADHILAC Internacional \u00a9 www.adhilac.com.ar<\/strong><\/p>\n\n\n\n<p class=\"has-vivid-cyan-blue-color has-very-light-gray-background-color has-text-color has-background wp-block-paragraph\"> Si Ud. desea asociarse de acuerdo a los Estatutos de ADHILAC&nbsp;<a href=\"https:\/\/adhilac.com.ar\/?page_id=263\">(ver)<\/a> complete el siguiente formulario&nbsp;(<a href=\"https:\/\/adhilac.com.ar\/?page_id=4779\">ver<\/a>)<\/p>\n\n\n\n<p class=\"has-very-light-gray-color has-vivid-cyan-blue-background-color has-text-color has-background wp-block-paragraph\"> E-mail:&nbsp;info@adhilac.com.ar <\/p>\n\n\n\n<p class=\"has-very-light-gray-color has-vivid-cyan-blue-background-color has-text-color has-background wp-block-paragraph\"> Twitter: @AdhilacInfo <\/p>\n\n\n\n<div class=\"wp-block-image\"><figure class=\"aligncenter size-large\"><img loading=\"lazy\" decoding=\"async\" width=\"85\" height=\"85\" src=\"https:\/\/adhilac.com.ar\/wp-content\/uploads\/2015\/02\/Logo-ADHILAC-Internacional-PEQ.jpg\" alt=\"\" class=\"wp-image-10473\"\/><\/figure><\/div>\n\n\n\n<p class=\"wp-block-paragraph\">Ver <a href=\"https:\/\/adhilac.com.ar\/?page_id=541\">Presentaci\u00f3n de ADHILAC<\/a><\/p>\n\n\n\n<div style=\"height:20px\" aria-hidden=\"true\" class=\"wp-block-spacer\"><\/div>\n\n\n\n<div class=\"wp-block-group\"><div class=\"wp-block-group__inner-container is-layout-flow wp-block-group-is-layout-flow\">\n<p class=\"has-text-align-center has-very-light-gray-color has-vivid-cyan-blue-background-color has-text-color has-background wp-block-paragraph\"><strong><a href=\"https:\/\/adhilac.com.ar\/?page_id=541\">QUIENES SOMOS<\/a><\/strong><\/p>\n\n\n\n<p class=\"has-text-align-center has-vivid-cyan-blue-color has-very-light-gray-background-color has-text-color has-background wp-block-paragraph\"><strong><a href=\"https:\/\/adhilac.com.ar\/?page_id=15507\">DIRECTIVA DE ADHILAC INTERNACIONAL<\/a><\/strong><\/p>\n\n\n\n<p class=\"has-text-align-center has-very-light-gray-color has-vivid-cyan-blue-background-color has-text-color has-background wp-block-paragraph\"><strong><a href=\"https:\/\/adhilac.com.ar\/?page_id=267\">Declaraci\u00f3n de Caracas de ADHILAC (2007)<\/a><\/strong><\/p>\n\n\n\n<p class=\"has-text-align-center has-vivid-cyan-blue-color has-very-light-gray-background-color has-text-color has-background wp-block-paragraph\"><strong><a href=\"https:\/\/adhilac.com.ar\/?page_id=15873\">ADHILAC: Historia &#8211; Historidorxs<\/a><\/strong><\/p>\n\n\n\n<p class=\"has-text-align-center has-very-light-gray-color has-vivid-cyan-blue-background-color has-text-color has-background wp-block-paragraph\"><strong><a href=\"https:\/\/adhilac.com.ar\/?page_id=15876\">ADHILAC 20 a\u00f1os despu\u00e9s (1974-1994)<\/a> <\/strong><\/p>\n\n\n\n<p class=\"has-text-align-center has-vivid-cyan-blue-color has-very-light-gray-background-color has-text-color has-background wp-block-paragraph\"><strong><a href=\"https:\/\/adhilac.com.ar\/?page_id=15861\">ADHILAC Breve Historia<\/a> <\/strong><\/p>\n\n\n\n<p class=\"has-text-align-center has-very-light-gray-color has-vivid-cyan-blue-background-color has-text-color has-background wp-block-paragraph\"><strong><a href=\"https:\/\/adhilac.com.ar\/?page_id=15887\">ADHILAC: Miembrxs fundadores<\/a><\/strong><\/p>\n\n\n\n<p class=\"has-text-align-center has-vivid-cyan-blue-color has-very-light-gray-background-color has-text-color has-background wp-block-paragraph\"><strong><a href=\"https:\/\/adhilac.com.ar\/?page_id=15943\">ADHILAC: Historiadorxs Destacadxs<\/a><\/strong><\/p>\n\n\n\n<p class=\"has-text-align-center has-very-light-gray-color has-vivid-cyan-blue-background-color has-text-color has-background wp-block-paragraph\"><strong><a href=\"https:\/\/adhilac.com.ar\/?page_id=4779\">SOCIXS<\/a><\/strong><\/p>\n\n\n\n<p class=\"has-text-align-center has-vivid-cyan-blue-color has-very-light-gray-background-color has-text-color has-background wp-block-paragraph\"><strong><a href=\"https:\/\/adhilac.com.ar\/?page_id=263\">Estatutos de ADHILAC<\/a><\/strong><\/p>\n\n\n\n<p class=\"has-text-align-center has-very-light-gray-color has-vivid-cyan-blue-background-color has-text-color has-background wp-block-paragraph\"><strong><a href=\"https:\/\/adhilac.com.ar\/?page_id=8220\">BICENTENARIO<\/a><\/strong><\/p>\n\n\n\n<p class=\"has-text-align-center has-vivid-cyan-blue-color has-very-light-gray-background-color has-text-color has-background wp-block-paragraph\"><strong><a href=\"https:\/\/adhilac.com.ar\/?page_id=8279\">BIBLIOTECA<\/a><\/strong><\/p>\n\n\n\n<p class=\"has-text-align-center has-very-light-gray-color has-vivid-cyan-blue-background-color has-text-color has-background wp-block-paragraph\"><strong><a href=\"https:\/\/adhilac.com.ar\/?page_id=1698\">ENLACES<\/a> <\/strong><\/p>\n\n\n\n<p class=\"has-text-align-center has-vivid-cyan-blue-color has-very-light-gray-background-color has-text-color has-background wp-block-paragraph\"><a href=\"http:\/\/www.ariadnatucma.com.ar\">VISITE ARIADNA TUCMA REVISTA LATINOAMERICANA<\/a><\/p>\n<\/div><\/div>\n","protected":false},"excerpt":{"rendered":"<p>Estimada Amiga \/Estimado Amigo: Le dirijo estas l\u00edneas para comunicarle que en la reuni\u00f3n mantenidacon el Comit\u00e9 Cient\u00edfico del _XXIV COLOQUIO DE HISTORIACANARIO-AMERICANA_, teniendo en cuentas las especiales circunstanciasque estamos afrontando debido a la pandemia del COVID19, hemos decididoretrasar su celebraci\u00f3n: del 30 DE NOVIEMBRE al 3 DE DICIEMBRE DE 2020. Como consecuencia, las fechas [&hellip;]<\/p>\n","protected":false},"author":2,"featured_media":0,"comment_status":"closed","ping_status":"open","sticky":false,"template":"","format":"standard","meta":{"_crdt_document":"","footnotes":""},"categories":[40],"tags":[],"class_list":["post-16620","post","type-post","status-publish","format-standard","hentry","category-informaciones"],"_links":{"self":[{"href":"https:\/\/adhilac.com.ar\/index.php?rest_route=\/wp\/v2\/posts\/16620","targetHints":{"allow":["GET"]}}],"collection":[{"href":"https:\/\/adhilac.com.ar\/index.php?rest_route=\/wp\/v2\/posts"}],"about":[{"href":"https:\/\/adhilac.com.ar\/index.php?rest_route=\/wp\/v2\/types\/post"}],"author":[{"embeddable":true,"href":"https:\/\/adhilac.com.ar\/index.php?rest_route=\/wp\/v2\/users\/2"}],"replies":[{"embeddable":true,"href":"https:\/\/adhilac.com.ar\/index.php?rest_route=%2Fwp%2Fv2%2Fcomments&post=16620"}],"version-history":[{"count":1,"href":"https:\/\/adhilac.com.ar\/index.php?rest_route=\/wp\/v2\/posts\/16620\/revisions"}],"predecessor-version":[{"id":16623,"href":"https:\/\/adhilac.com.ar\/index.php?rest_route=\/wp\/v2\/posts\/16620\/revisions\/16623"}],"wp:attachment":[{"href":"https:\/\/adhilac.com.ar\/index.php?rest_route=%2Fwp%2Fv2%2Fmedia&parent=16620"}],"wp:term":[{"taxonomy":"category","embeddable":true,"href":"https:\/\/adhilac.com.ar\/index.php?rest_route=%2Fwp%2Fv2%2Fcategories&post=16620"},{"taxonomy":"post_tag","embeddable":true,"href":"https:\/\/adhilac.com.ar\/index.php?rest_route=%2Fwp%2Fv2%2Ftags&post=16620"}],"curies":[{"name":"wp","href":"https:\/\/api.w.org\/{rel}","templated":true}]}}