{"id":16628,"date":"2020-06-09T14:02:30","date_gmt":"2020-06-09T17:02:30","guid":{"rendered":"https:\/\/adhilac.com.ar\/?p=16628"},"modified":"2020-06-09T14:02:30","modified_gmt":"2020-06-09T17:02:30","slug":"xv-encuentro-internacional-de-estudios-politicos-y-sociales-la-habana-22-26-03-2021","status":"publish","type":"post","link":"https:\/\/adhilac.com.ar\/?p=16628","title":{"rendered":"XV Encuentro Internacional de Estudios Pol\u00edticos y Sociales. La Habana. 22-26\/03\/2021"},"content":{"rendered":"\n<h4 class=\"has-pale-cyan-blue-background-color has-background wp-block-heading\">Convocatoria<\/h4>\n\n\n\n<p class=\"wp-block-paragraph\"><strong>Distinguido(a) colega:<\/strong><br \/>La Asociaci\u00f3n de Historiadores Latinoamericanos y del Caribe (Adhilac) y la Facultad de Filosof\u00eda e Historia de la Universidad de La Habana (UH) le invitan al <span class=\"has-inline-color has-vivid-purple-color\"><strong>XV Encuentro Internacional de Estudios Pol\u00edticos y Sociales<\/strong><\/span>, en el marco de los 62 a\u00f1os de la Revoluci\u00f3n cubana, del 293 Aniversario de la Universidad de La Habana y de los 47 a\u00f1os de la fundaci\u00f3n de Adhilac. Ser\u00e1 ocasi\u00f3n oportuna para el debate cient\u00edfico de ideas y experiencias en relaci\u00f3n con los problemas te\u00f3rico-pr\u00e1cticos m\u00e1s acuciantes de este siglo y sus complejos retos, desde la \u00f3ptica de las Ciencias Pol\u00edticas con enfoque multidisciplinario. Invitamos a profesores, investigadores, asesores, otros expertos y estudiantes interesados en las tem\u00e1ticas del evento. La Adhilac y la casi Tricentenaria Universidad de La Habana le dar\u00e1n la bienvenida a fin de desarrollar esta actividad cient\u00edfica y fortalecer los v\u00ednculos acad\u00e9micos, profesionales, de solidaridad y amistad.<\/p>\n\n\n\n<!--more-->\n\n\n\n<p class=\"wp-block-paragraph\"><strong>Ciencias Pol\u00edticas en di\u00e1logo con la transdisciplinariedad<\/strong> ser\u00e1 la idea central que gu\u00ede este Encuentro. Las tem\u00e1ticas que observen esta perspectiva se priorizar\u00e1n para su inclusi\u00f3n en el programa cient\u00edfico<\/p>\n\n\n\n<h4 class=\"has-pale-cyan-blue-background-color has-background wp-block-heading\">Durante el Encuentro tendr\u00e1n lugar los siguientes eventos:<\/h4>\n\n\n\n<p class=\"wp-block-paragraph\">\u2022 XI Taller sobre estudios pol\u00edticos y sociales multidisciplinarios<br \/>\u2022 V Taller de estudios hist\u00f3ricos y procesos pol\u00edticos multidisciplinarios y comparados sobre Am\u00e9rica Latina<br \/>\u2022 XIII Taller de estudios pol\u00edticos y sociales comparados<br \/>\u2022 VI Simposio sobre ciencia, tecnolog\u00eda, innovaci\u00f3n y pol\u00edtica<br \/>\u2022 IV Taller sobre Est\u00e9tica, pol\u00edtica, identidad y multiculturalidad<br \/>\u2022 Coloquio \u201cLa Revoluci\u00f3n cubana en su LXII Aniversario\u201d<br \/>\u2022 Coloquio \u201cMarx en su CCIII Aniversario\u201d<\/p>\n\n\n\n<h4 class=\"has-pale-cyan-blue-color has-text-color wp-block-heading\">Comit\u00e9 organizador<\/h4>\n\n\n\n<p class=\"wp-block-paragraph\"><strong>Presidente:<\/strong> Dr. Emilio Duharte D\u00edaz<br \/>Profesor Titular e Investigador de Ciencias Pol\u00edticas, \u00c9tica Aplicada y Estudios Sociales sobre Ciencia, Tecnolog\u00eda e Innovaci\u00f3n. Coordinador del Grupo de Estudios Pol\u00edticos Multidisciplinarios, Aplicados y Comparados (Gepol). Vicepresidente del Tribunal Nacional de Doctorados en Ciencias Pol\u00edticas<br \/><br \/><strong>Vicepresidenta y secretaria de divulgaci\u00f3n:<\/strong> Mtra. Anabel Recio Gonz\u00e1lez<br \/>Jefa del Departamento de Filosof\u00eda y Teor\u00eda Pol\u00edtica para las facultades de Ciencias Sociales y Econ\u00f3micas. M\u00e1ster en Antropolog\u00eda. Actualmente cursa el programa de Doctorado en Ciencias Pol\u00edticas<br \/>Otros expertos del Departamento que organiza el Encuentro<\/p>\n\n\n\n<h4 class=\"has-pale-cyan-blue-color has-text-color wp-block-heading\">Temas centrales y tem\u00e1ticas espec\u00edficas<\/h4>\n\n\n\n<p class=\"wp-block-paragraph\">\u2022 Estudios pol\u00edticos y sociales multidisciplinarios<br \/>\u2022 Estudios hist\u00f3ricos y procesos pol\u00edticos multidisciplinarios y comparados sobre Am\u00e9rica Latina<br \/>\u2022 Estudios pol\u00edticos y sociales comparados<br \/>\u2022 Ciencia, tecnolog\u00eda, innovaci\u00f3n y pol\u00edtica<br \/>\u2022 Est\u00e9tica, pol\u00edtica, identidad y multiculturalidad<br \/>\u2022 La Revoluci\u00f3n cubana en su LXII Aniversario<br \/>\u2022 Marx y las Ciencias Pol\u00edticas: En ocasi\u00f3n de su CCIII Aniversario<br \/>\u2022 Las relaciones acad\u00e9micas Cuba \u2013 Am\u00e9rica Latina y Caribe en Teor\u00eda Pol\u00edtica arribando a su Encuentro No. 15<br \/><br \/><strong>Algunas tem\u00e1ticas de inter\u00e9s espec\u00edfico del Comit\u00e9 organizador:<\/strong><br \/>\u2022 La multidisciplinariedad en los estudios de pregrado y posgrado de Ciencias Pol\u00edticas, Hist\u00f3ricas y Filos\u00f3ficas<br \/>\u2022 Estudios pol\u00edticos, hist\u00f3ricos y sociales multidisciplinarios, comparados y aplicados sobre Am\u00e9rica Latina<br \/>\u2022 Epistemolog\u00eda y metodolog\u00eda de la investigaci\u00f3n pol\u00edtica, filos\u00f3fica e hist\u00f3rico-social (cuantitativa y cualitativa)<br \/>\u2022 Ciencia Pol\u00edtica: b\u00fasqueda de la identidad y la transdisciplinariedad<br \/>\u2022 G\u00e9nero y pol\u00edtica<br \/>\u2022 Ecolog\u00eda pol\u00edtica<br \/>\u2022 Pol\u00edticas p\u00fablicas, Gobierno y Administraci\u00f3n P\u00fablica<br \/>\u2022 Din\u00e1micas de las corrientes pol\u00edticas y proyectos alternativos contra la dominaci\u00f3n<br \/>\u2022 Nociones de justicia social y solidaridad internacional<br \/>\u2022 Relaciones interamericanas. Visiones complejas<br \/>\u2022 La teor\u00eda de Carlos Marx: lo cl\u00e1sico y lo contempor\u00e1neo; integralidad, tradici\u00f3n e innovaci\u00f3n<br \/>\u2022 Impacto de los estudios multidisciplinarios y comparados en la formulaci\u00f3n y toma de decisiones pol\u00edticas<br \/>\u2022 Dilemas sociales (\u00e9ticos, pol\u00edticos, econ\u00f3micos, ecol\u00f3gicos\u2026) de la ciencia, la tecnolog\u00eda y la innovaci\u00f3n en la actualidad<br \/>\u2022 Proyecciones de ciencia, tecnolog\u00eda e innovaci\u00f3n en pol\u00edticas p\u00fablicas<br \/>\u2022 La Est\u00e9tica Pol\u00edtica hoy. Retos y perspectivas universitaria, multidisciplinaria y multicultural<\/p>\n\n\n\n<h4 class=\"has-pale-cyan-blue-color has-text-color wp-block-heading\">Modalidades de participaci\u00f3n y orientaciones a los participantes<\/h4>\n\n\n\n<h5 class=\"has-pale-cyan-blue-color has-text-color wp-block-heading\">Modalidades de Participaci\u00f3n<\/h5>\n\n\n\n<p class=\"wp-block-paragraph\">Se podr\u00e1 participar como ponente y como asistente. Los ponentes podr\u00e1n hacerlo en una o varias de las siguientes modalidades, seg\u00fan decida el Comit\u00e9 Organizador:<br \/>\u2022 Conferencias<br \/>\u2022 Paneles<br \/>\u2022 Mesas redondas<br \/>\u2022 Talleres<br \/>\u2022 Poster gr\u00e1fico<br \/>En todos los casos ser\u00e1 necesario entregar la ponencia escrita.<br \/><br \/><strong>Orientaciones para participar:<\/strong><br \/>Para participar deber\u00e1 rellenar el formulario de solicitud que aparece m\u00e1s abajo en esta misma p\u00e1gina web. Usted deber\u00e1 formalizar su solicitud hasta el <strong>15 de diciembre de 2020<\/strong>. El Comit\u00e9 Organizador informar\u00e1 (v\u00eda correo electr\u00f3nico) sobre la aceptaci\u00f3n hasta el d\u00eda <strong>15 de enero de 2021<\/strong> a todos los participantes.<br \/>Posterior a la solicitud de participaci\u00f3n recibir\u00e1 un correo con las instrucciones para la realizaci\u00f3n del pago de la cuota de inscripci\u00f3n. Usted deber\u00e1 realizar el pago despu\u00e9s de la aceptaci\u00f3n del Comit\u00e9 Organizador y hasta el <strong>29 de enero de 2021<\/strong>.<br \/>Los colegas que participan como ponentes deber\u00e1n enviar el resumen de su trabajo en documento de Microsoft Word adjunto, en el \u00e1rea que se indica en el formulario de inscripci\u00f3n en el momento que realice la misma. Y deber\u00e1n enviar la ponencia completa en documento de Microsoft Word, utilizando el mismo procedimiento hasta el <strong>15 de febrero de 2021<\/strong>. Adicionalmente deber\u00e1n entregar, en el momento de la acreditaci\u00f3n, el trabajo en formato digital e impreso a la secretar\u00eda del Comit\u00e9 Cient\u00edfico.<br \/>Los colegas que requieran cartas de invitaci\u00f3n para tramitar su viaje o necesiten alguna informaci\u00f3n adicional sobre el evento podr\u00e1n especificarlo en la secci\u00f3n final (comentarios) del formulario de inscripci\u00f3n.<br \/><br \/>Solo ser\u00e1n aceptados los res\u00famenes y ponencias que cumplan con las formalidades especificadas a continuaci\u00f3n:<br \/><strong>Sobre los res\u00famenes:<\/strong><br \/>Deber\u00e1n ser adjuntados en el formulario de inscripci\u00f3n que aparece en esta p\u00e1gina web, con los siguientes par\u00e1metros:<br \/>\u2022 En documento de Microsoft Word<br \/>\u2022 Tama\u00f1o de hoja: Carta (21.59 cm x 27.94 cm)<br \/>\u2022 M\u00e1rgenes: 2.5 cm (superior, inferior, izquierdo y derecho)<br \/>\u2022 Interlineado: 1.5 l\u00edneas<br \/>\u2022 Letra: Arial<br \/>\u2022 Tama\u00f1o: 12 puntos<br \/><br \/>Contenido del documento:<br \/>\u2022 Autor (nombre(s) y apellidos):<br \/>\u2022 Pa\u00eds de residencia:<br \/>\u2022 Ciudad de residencia:<br \/>\u2022 Instituci\u00f3n a la que pertenece:<br \/>\u2022 Ocupaci\u00f3n actual: (especificar si es profesor, investigador o estudiante):<br \/>\u2022 Especialidad de pregrado (Licenciatura, Ingenier\u00eda, etc.):<br \/>\u2022 Especialidad de postgrado 1 (Maestr\u00eda, Diplomado, Doctorado, etc.):<br \/>\u2022 Especialidad de postgrado 2 (Maestr\u00eda, Diplomado, Doctorado, etc.):<br \/>\u2022 Tema (s) de especializaci\u00f3n actual:<br \/>\u2022 Correo(s) electr\u00f3nico(s):<br \/>\u2022 Modalidad de participaci\u00f3n (conferencia, taller, panel, mesa redonda, poster gr\u00e1fico):<br \/>\u2022 T\u00edtulo de la ponencia (no m\u00e1s de 20 palabras):<br \/>\u2022 Resumen del trabajo (m\u00e1ximo 250 palabras):<br \/><br \/><strong>Sobre las ponencias:<\/strong><br \/>Deber\u00e1n ser adjuntadas en el formulario de inscripci\u00f3n que aparece en esta p\u00e1gina web, con los siguientes par\u00e1metros:<br \/>\u2022 En documento de Microsoft Word<br \/>\u2022 Tama\u00f1o de hoja: Carta (21.59 cm x 27.94 cm)<br \/>\u2022 M\u00e1rgenes: 2.5 cm por cada lado (superior, inferior, izquierdo y derecho)<br \/>\u2022 Interlineado: 1.5 l\u00edneas<br \/>\u2022 Letra: Arial<br \/>\u2022 Tama\u00f1o: 12 puntos<br \/>\u2022 Norma APA<br \/><br \/>Contenidos del documento:<br \/>\u2022 Autor (nombre(s) y apellidos):<br \/>\u2022 Pa\u00eds de residencia:<br \/>\u2022 Ciudad de residencia:<br \/>\u2022 Instituci\u00f3n a la que pertenece:<br \/>\u2022 Ocupaci\u00f3n actual: (especificar si es profesor, investigador o estudiante):<br \/>\u2022 Especialidad de pregrado (Licenciatura, Ingenier\u00eda, etc.):<br \/>\u2022 Especialidad de postgrado 1 (Maestr\u00eda, Diplomado, Doctorado, etc.)<br \/>\u2022 Especialidad de postgrado 2 (Maestr\u00eda, Diplomado, Doctorado, etc.)<br \/>\u2022 Tema (s) de especializaci\u00f3n actual:<br \/>\u2022 Correo (s) electr\u00f3nico (s):<br \/>\u2022 Modalidad de participaci\u00f3n (conferencia, taller, panel, mesa redonda, poster gr\u00e1fico):<br \/>\u2022 T\u00edtulo de la ponencia (no m\u00e1s de 20 palabras):<br \/>\u2022 Resumen del trabajo (tendr\u00e1 una extensi\u00f3n m\u00e1xima de 250 palabras):<br \/>\u2022 Ponencia (tendr\u00e1 una extensi\u00f3n m\u00e1xima de 15 p\u00e1ginas, incluyendo: hoja de presentaci\u00f3n, resumen, introducci\u00f3n, desarrollo del trabajo, conclusiones, recomendaciones, bibliograf\u00eda y anexos).<br \/><br \/>Para mayor seguridad, cuando env\u00ede los res\u00famenes y las ponencias, aparte de que lo haga por la v\u00eda del sitio web utilice, al mismo tiempo \u2013y como alternativas- las siguientes direcciones de correo electr\u00f3nico: <a href=\"mailto:estudiospoliticosysociales2021@gmail.com\">estudiospoliticosysociales2021@gmail.com<\/a> (p\u00e1gina del Encuentro), <a href=\"mailto:eduharte@ffh.uh.cu\">eduharte@ffh.uh.cu<\/a> y <a href=\"mailto:duhartediaz@gmail.com\">duhartediaz@gmail.com<\/a> (Dr. (PhD) Emilio Duharte D\u00edaz, Coordinador) y <a href=\"mailto:anabel@ffh.uh.cu\">anabel@ffh.uh.cu<\/a> (Mtra. Anabel Recio Gonz\u00e1lez, Vicecoordinadora).<\/p>\n\n\n\n<h4 class=\"has-pale-cyan-blue-color has-text-color wp-block-heading\">Cuotas de inscripci\u00f3n<\/h4>\n\n\n\n<p class=\"wp-block-paragraph\">Para pagos realizados hasta el <strong>29 de enero de 2021<\/strong> (cuotas reducidas):<br \/>Participantes extranjeros profesionales: \u20ac 100.00 euros<br \/>Participantes extranjeros estudiantes: \u20ac 60.00 euros<br \/>Participantes cubanos: $ 100.00 CUP<br \/><br \/>Para pagos realizados despu\u00e9s del <strong>29 de enero<\/strong>:<br \/>Participantes extranjeros profesionales: \u20ac 125.00 euros<br \/>Participantes extranjeros estudiantes: \u20ac 75.00 euros<br \/>Participantes cubanos: $ 125.00 CUP<br \/><br \/>Ser\u00e1n considerados como estudiantes solo los participantes que se encuentren cursando el pregrado al momento de la celebraci\u00f3n del evento. Los estudiantes deber\u00e1n certificar esta condici\u00f3n mediante documento emitido por su instituci\u00f3n de estudios, firmada y timbrada. Este documento deber\u00e1 ser enviado escaneado por correo electr\u00f3nico al Comit\u00e9 Organizador posterior al recibimiento de la carta de aceptaci\u00f3n y entregado el original en el momento de la acreditaci\u00f3n. Los estudiantes que no porten el documento original que avala su condici\u00f3n al momento de la acreditaci\u00f3n, deber\u00e1n efectuar el pago como profesionales.<br \/>Los participantes cubanos realizar\u00e1n el pago de la cuota de inscripci\u00f3n directamente al Comit\u00e9 Organizador hasta el 22 de febrero de 2021, siguiendo las orientaciones que se le enviar\u00e1n en el correo electr\u00f3nico donde se les comunica la aceptaci\u00f3n de su participaci\u00f3n.<br \/>Los participantes extranjeros realizar\u00e1n el pago de su cuota de inscripci\u00f3n hasta el <strong>22 de febrero de 2021<\/strong> y posterior a la aceptaci\u00f3n de su participaci\u00f3n siguiendo las instrucciones que recibir\u00e1n v\u00eda correo electr\u00f3nico despu\u00e9s de formalizar su solicitud de participaci\u00f3n.<\/p>\n\n\n\n<h4 class=\"has-pale-cyan-blue-color has-text-color wp-block-heading\">Fechas importantes<\/h4>\n\n\n\n<p class=\"wp-block-paragraph\">\u2022 <strong>Hasta el 15 de diciembre de 2020:<\/strong> Env\u00edo de solicitud de participaci\u00f3n como ponente y como asistente.<br \/>\u2022 <strong>Hasta el 15 de enero de 2021:<\/strong> Recibimiento de la aceptaci\u00f3n de participaci\u00f3n por los ponentes y asistentes.<br \/>\u2022 <strong>Hasta el 29 de enero de 2021:<\/strong> Pago de la cuota de inscripci\u00f3n reducida<br \/>\u2022 <strong>Hasta el 15 de febrero de 2021:<\/strong> Env\u00edo de la ponencia completa<br \/>\u2022 <strong>Hasta el 22 de febrero de 2021:<\/strong> Pago de la cuota inscripci\u00f3n por todos los participantes.<\/p>\n\n\n\n<h3 class=\"wp-block-heading\">Programa general (Preliminar)\u2013<\/h3>\n\n\n\n<p class=\"wp-block-paragraph\"><strong>Lunes 22 de marzo:<\/strong><br \/>1:30 p.m. a 4:00 p.m.: Acreditaci\u00f3n (Calle 19 # 156, entre K y L. Vedado, La Habana) Tel\u00e9fono: (53) 7 833 1967<br \/><br \/><strong>Martes 23 de marzo:<\/strong><br \/>9:30 a.m. a 12:00 m.: Acreditaci\u00f3n (en el mismo local del d\u00eda anterior)<br \/>1:30 p.m. a 4:00 p.m.:<br \/>&#8211; Apertura<br \/>&#8211; Conferencia especial<br \/>&#8211; Paneles (sesi\u00f3n plenaria)<br \/><br \/><strong>Mi\u00e9rcoles 24 de marzo:<\/strong><br \/>9:30 a.m. a 4:00 p.m.:<br \/>&#8211; Conferencia especial en sesi\u00f3n plenaria<br \/>&#8211; Trabajo en comisiones<br \/><br \/><strong>Jueves 25 de marzo:<\/strong><br \/>9:30 a.m. a 4:00 p.m.:<br \/>&#8211; Conferencia especial en sesi\u00f3n plenaria<br \/>&#8211; Trabajo en comisiones<br \/><br \/><strong>Viernes 26 de marzo:<\/strong><br \/>9:30 a.m. a 12:30 p.m.:<br \/>&#8211; Conferencia especial en sesi\u00f3n plenaria<br \/>&#8211; Trabajo en comisiones<br \/>1:00 p.m. Sesi\u00f3n de clausura<\/p>\n\n\n\n<h4 class=\"has-pale-cyan-blue-color has-text-color wp-block-heading\">Coauspician el evento<\/h4>\n\n\n\n<p class=\"wp-block-paragraph\">\u2022 Benem\u00e9rita Universidad Aut\u00f3noma de Puebla, M\u00e9xico<br \/>\u2022 Asociaci\u00f3n Rusa de Ciencia Pol\u00edtica (RAPN-RPSA)<br \/>\u2022 Facultad Latinoamericana de Ciencias Sociales (Programa FLACSO-Cuba)<br \/>\u2022 C\u00e1tedra \u201cNuestra Am\u00e9rica y Estados Unidos\u201d del Centro de Estudios Hemisf\u00e9ricos y Sobre Estados Unidos (Cehseu) de la Universidad de La Habana<br \/>\u2022 Centro de Estudios Demogr\u00e1ficos (Cedem) de la Universidad de La Habana<br \/>\u2022 Direcci\u00f3n de Marxismo del Ministerio de Educaci\u00f3n Superior de la Rep\u00fablica de Cuba<br \/>\u2022 Universidad de Cienfuegos, Cuba<br \/>\u2022 Universidad de la Isla de la Juventud, Cuba<br \/>\u2022 Caribbean \u00e0 la Carte<br \/><br \/>El Comit\u00e9 Organizador valorar\u00e1 las propuestas de otros centros, organizaciones, universidades y entidades, tanto de Cuba como de otros pa\u00edses, interesados en patrocinar el evento o colaborar en alg\u00fan otro sentido: divulgaci\u00f3n, organizaci\u00f3n de grupos de ponentes o participantes, y cualquier otro apoyo cient\u00edfico o log\u00edstico. Las entidades interesadas en colaborar deber\u00e1n comunicarlo v\u00eda correo electr\u00f3nico al Comit\u00e9 Organizador, dirigi\u00e9ndose directamente a su presidente: <a href=\"mailto:duhartediaz@gmail.com\">duhartediaz@gmail.com<\/a><\/p>\n\n\n\n<h4 class=\"wp-block-heading\"><a href=\"http:\/\/www.estudiospoliticosysociales.com\/\">Inscribirse (rellenar formulario de solicitud de<\/a> <a href=\"http:\/\/www.estudiospoliticosysociales.com\/\">participaci\u00f3n)<\/a><\/h4>\n\n\n\n<h4 class=\"wp-block-heading\"><a rel=\"noreferrer noopener\" href=\"http:\/\/www.estudiospoliticosysociales.com\/\" target=\"_blank\">Oferta de alojamientos y otros servicios para participantes y acompa\u00f1antes<\/a><\/h4>\n\n\n\n<p class=\"has-very-light-gray-color has-vivid-cyan-blue-background-color has-text-color has-background wp-block-paragraph\"><strong>Publicado por ADHILAC Internacional \u00a9 www.adhilac.com.ar<\/strong><\/p>\n\n\n\n<p class=\"has-vivid-cyan-blue-color has-very-light-gray-background-color has-text-color has-background wp-block-paragraph\"> Si Ud. desea asociarse de acuerdo a los Estatutos de ADHILAC&nbsp;<a href=\"https:\/\/adhilac.com.ar\/?page_id=263\">(ver)<\/a> complete el siguiente formulario&nbsp;(<a href=\"https:\/\/adhilac.com.ar\/?page_id=4779\">ver<\/a>)<\/p>\n\n\n\n<p class=\"has-very-light-gray-color has-vivid-cyan-blue-background-color has-text-color has-background wp-block-paragraph\"> E-mail:&nbsp;info@adhilac.com.ar <\/p>\n\n\n\n<p class=\"has-very-light-gray-color has-vivid-cyan-blue-background-color has-text-color has-background wp-block-paragraph\"> Twitter: @AdhilacInfo <\/p>\n\n\n\n<div class=\"wp-block-image\"><figure class=\"aligncenter size-large\"><img loading=\"lazy\" decoding=\"async\" width=\"85\" height=\"85\" src=\"https:\/\/adhilac.com.ar\/wp-content\/uploads\/2015\/02\/Logo-ADHILAC-Internacional-PEQ.jpg\" alt=\"\" class=\"wp-image-10473\"\/><\/figure><\/div>\n\n\n\n<p class=\"wp-block-paragraph\">Ver <a href=\"https:\/\/adhilac.com.ar\/?page_id=541\">Presentaci\u00f3n de ADHILAC<\/a><\/p>\n\n\n\n<div style=\"height:20px\" aria-hidden=\"true\" class=\"wp-block-spacer\"><\/div>\n\n\n\n<div class=\"wp-block-group\"><div class=\"wp-block-group__inner-container is-layout-flow wp-block-group-is-layout-flow\">\n<p class=\"has-text-align-center has-very-light-gray-color has-vivid-cyan-blue-background-color has-text-color has-background wp-block-paragraph\"><strong><a href=\"https:\/\/adhilac.com.ar\/?page_id=541\">QUIENES SOMOS<\/a><\/strong><\/p>\n\n\n\n<p class=\"has-text-align-center has-vivid-cyan-blue-color has-very-light-gray-background-color has-text-color has-background wp-block-paragraph\"><strong><a href=\"https:\/\/adhilac.com.ar\/?page_id=15507\">DIRECTIVA DE ADHILAC INTERNACIONAL<\/a><\/strong><\/p>\n\n\n\n<p class=\"has-text-align-center has-very-light-gray-color has-vivid-cyan-blue-background-color has-text-color has-background wp-block-paragraph\"><strong><a href=\"https:\/\/adhilac.com.ar\/?page_id=267\">Declaraci\u00f3n de Caracas de ADHILAC (2007)<\/a><\/strong><\/p>\n\n\n\n<p class=\"has-text-align-center has-vivid-cyan-blue-color has-very-light-gray-background-color has-text-color has-background wp-block-paragraph\"><strong><a href=\"https:\/\/adhilac.com.ar\/?page_id=15873\">ADHILAC: Historia &#8211; Historidorxs<\/a><\/strong><\/p>\n\n\n\n<p class=\"has-text-align-center has-very-light-gray-color has-vivid-cyan-blue-background-color has-text-color has-background wp-block-paragraph\"><strong><a href=\"https:\/\/adhilac.com.ar\/?page_id=15876\">ADHILAC 20 a\u00f1os despu\u00e9s (1974-1994)<\/a> <\/strong><\/p>\n\n\n\n<p class=\"has-text-align-center has-vivid-cyan-blue-color has-very-light-gray-background-color has-text-color has-background wp-block-paragraph\"><strong><a href=\"https:\/\/adhilac.com.ar\/?page_id=15861\">ADHILAC Breve Historia<\/a> <\/strong><\/p>\n\n\n\n<p class=\"has-text-align-center has-very-light-gray-color has-vivid-cyan-blue-background-color has-text-color has-background wp-block-paragraph\"><strong><a href=\"https:\/\/adhilac.com.ar\/?page_id=15887\">ADHILAC: Miembrxs fundadores<\/a><\/strong><\/p>\n\n\n\n<p class=\"has-text-align-center has-vivid-cyan-blue-color has-very-light-gray-background-color has-text-color has-background wp-block-paragraph\"><strong><a href=\"https:\/\/adhilac.com.ar\/?page_id=15943\">ADHILAC: Historiadorxs Destacadxs<\/a><\/strong><\/p>\n\n\n\n<p class=\"has-text-align-center has-very-light-gray-color has-vivid-cyan-blue-background-color has-text-color has-background wp-block-paragraph\"><strong><a href=\"https:\/\/adhilac.com.ar\/?page_id=4779\">SOCIXS<\/a><\/strong><\/p>\n\n\n\n<p class=\"has-text-align-center has-vivid-cyan-blue-color has-very-light-gray-background-color has-text-color has-background wp-block-paragraph\"><strong><a href=\"https:\/\/adhilac.com.ar\/?page_id=263\">Estatutos de ADHILAC<\/a><\/strong><\/p>\n\n\n\n<p class=\"has-text-align-center has-very-light-gray-color has-vivid-cyan-blue-background-color has-text-color has-background wp-block-paragraph\"><strong><a href=\"https:\/\/adhilac.com.ar\/?page_id=8220\">BICENTENARIO<\/a><\/strong><\/p>\n\n\n\n<p class=\"has-text-align-center has-vivid-cyan-blue-color has-very-light-gray-background-color has-text-color has-background wp-block-paragraph\"><strong><a href=\"https:\/\/adhilac.com.ar\/?page_id=8279\">BIBLIOTECA<\/a><\/strong><\/p>\n\n\n\n<p class=\"has-text-align-center has-very-light-gray-color has-vivid-cyan-blue-background-color has-text-color has-background wp-block-paragraph\"><strong><a href=\"https:\/\/adhilac.com.ar\/?page_id=1698\">ENLACES<\/a> <\/strong><\/p>\n\n\n\n<p class=\"has-text-align-center has-vivid-cyan-blue-color has-very-light-gray-background-color has-text-color has-background wp-block-paragraph\"><a href=\"http:\/\/www.ariadnatucma.com.ar\">VISITE ARIADNA TUCMA REVISTA LATINOAMERICANA<\/a><\/p>\n<\/div><\/div>\n","protected":false},"excerpt":{"rendered":"<p>Convocatoria Distinguido(a) colega:La Asociaci\u00f3n de Historiadores Latinoamericanos y del Caribe (Adhilac) y la Facultad de Filosof\u00eda e Historia de la Universidad de La Habana (UH) le invitan al XV Encuentro Internacional de Estudios Pol\u00edticos y Sociales, en el marco de los 62 a\u00f1os de la Revoluci\u00f3n cubana, del 293 Aniversario de la Universidad de La [&hellip;]<\/p>\n","protected":false},"author":2,"featured_media":0,"comment_status":"closed","ping_status":"closed","sticky":false,"template":"","format":"standard","meta":{"_crdt_document":"","footnotes":""},"categories":[18],"tags":[13,63,1063],"class_list":["post-16628","post","type-post","status-publish","format-standard","hentry","category-adhilac-cuba","tag-america-latina","tag-cuba","tag-estudios-politicos-y-sociales"],"_links":{"self":[{"href":"https:\/\/adhilac.com.ar\/index.php?rest_route=\/wp\/v2\/posts\/16628","targetHints":{"allow":["GET"]}}],"collection":[{"href":"https:\/\/adhilac.com.ar\/index.php?rest_route=\/wp\/v2\/posts"}],"about":[{"href":"https:\/\/adhilac.com.ar\/index.php?rest_route=\/wp\/v2\/types\/post"}],"author":[{"embeddable":true,"href":"https:\/\/adhilac.com.ar\/index.php?rest_route=\/wp\/v2\/users\/2"}],"replies":[{"embeddable":true,"href":"https:\/\/adhilac.com.ar\/index.php?rest_route=%2Fwp%2Fv2%2Fcomments&post=16628"}],"version-history":[{"count":1,"href":"https:\/\/adhilac.com.ar\/index.php?rest_route=\/wp\/v2\/posts\/16628\/revisions"}],"predecessor-version":[{"id":16629,"href":"https:\/\/adhilac.com.ar\/index.php?rest_route=\/wp\/v2\/posts\/16628\/revisions\/16629"}],"wp:attachment":[{"href":"https:\/\/adhilac.com.ar\/index.php?rest_route=%2Fwp%2Fv2%2Fmedia&parent=16628"}],"wp:term":[{"taxonomy":"category","embeddable":true,"href":"https:\/\/adhilac.com.ar\/index.php?rest_route=%2Fwp%2Fv2%2Fcategories&post=16628"},{"taxonomy":"post_tag","embeddable":true,"href":"https:\/\/adhilac.com.ar\/index.php?rest_route=%2Fwp%2Fv2%2Ftags&post=16628"}],"curies":[{"name":"wp","href":"https:\/\/api.w.org\/{rel}","templated":true}]}}