{"id":1668,"date":"2010-06-23T11:10:57","date_gmt":"2010-06-23T14:10:57","guid":{"rendered":"https:\/\/adhilac.com.ar\/?p=1668"},"modified":"2012-07-28T13:41:44","modified_gmt":"2012-07-28T16:41:44","slug":"coloquio-internacional-%e2%80%9cnuestra-america-una-idea-energica-flameada-a-tiempo-ante-el-mundo%e2%80%9d-18-20-de-mayo-de-2011-la-habana-cuba","status":"publish","type":"post","link":"https:\/\/adhilac.com.ar\/?p=1668","title":{"rendered":"Coloquio  Internacional \u201cNUESTRA AM\u00c9RICA: Una idea en\u00e9rgica flameada a tiempo ante el mundo\u201d.  18-20 de mayo de 2011. La Habana, Cuba"},"content":{"rendered":"<p style=\"text-align: justify;\"><span style=\"color: #339966;\"><strong>El Centro de Estudios Martianos convoca al Coloquio\u00a0 Internacional<\/strong><\/span><\/p>\n<p style=\"text-align: justify;\"><span style=\"color: #000000;\">\u201cNUESTRA AM\u00c9RICA: Una idea en\u00e9rgica flameada a tiempo ante el mundo\u201d<\/span><\/p>\n<p style=\"text-align: justify;\">Del 18 al 20 de mayo de 2011<br \/>\nCiudad de La Habana, Cuba<\/p>\n<p style=\"text-align: justify;\">El Coloquio Cient\u00edfico Internacional \u201cNuestra Am\u00e9rica: Una idea en\u00e9rgica flameada a tiempo ante el mundo\u201d se propone crear un espacio de reflexi\u00f3n multidisciplinaria y actualizada en torno a la trascendencia del ensayo Nuestra Am\u00e9rica de Jos\u00e9 Mart\u00ed \u2014a su repercusi\u00f3n y vigencia\u2014, y al universo donde este documento capital se engendr\u00f3.<!--more--><\/p>\n<p style=\"text-align: justify;\">&nbsp;<\/p>\n<p style=\"text-align: justify;\">Estaremos dedicando nuestro encuentro a homenajear el 90 aniversario del natalicio de Cintio Vitier, ensayista, poeta, narrador, maestro de generaciones de estudiosos del legado martiano, y l\u00facido exegeta de este magno ensayo.<\/p>\n<p style=\"text-align: justify;\">Aparecido por primera vez en 1891, Nuestra Am\u00e9rica es uno de los textos esenciales para la comprensi\u00f3n y defensa de la identidad de nuestro continente. All\u00ed el Ap\u00f3stol expuso con claridad los elementos \u00e9ticos y pol\u00edticos conformadores de su proyecto emancipador, cultural en su sentido amplio, y anticip\u00f3 con entera nitidez los peligros que nos sobrevendr\u00edan.<\/p>\n<p style=\"text-align: justify;\">&nbsp;<\/p>\n<p style=\"text-align: justify;\">Con esta convocatoria deseamos abrir, igualmente, un umbral acad\u00e9mico amplio, capaz de abarcar el acercamiento a otros t\u00f3picos referidos a la vida y la obra martianas, que se vinculen a la legitimaci\u00f3n de la historia y la cultura de nuestros pueblos.<\/p>\n<p style=\"text-align: justify;\">Proponemos cuatro grandes \u00e1reas de trabajo y algunas alternativas tem\u00e1ticas:<\/p>\n<p style=\"text-align: justify;\">Estrategias discursivas en Nuestra Am\u00e9rica: la voluntad literaria<\/p>\n<ul style=\"text-align: justify;\">\n<li>\u201cLas im\u00e1genes de Nuestra Am\u00e9rica\u201d: hacia una po\u00e9tica propia. Un reto que nos provoca el quehacer de Cintio Vitier.<\/li>\n<li>Precedentes y consiguientes de Nuestra Am\u00e9rica en el pensamiento est\u00e9tico y el corpus literario de Jos\u00e9 Mart\u00ed. Vasos comunicantes.<\/li>\n<li>La \u201cobra de un pintor verbal\u201d: prosa modernista en la pasi\u00f3n nuestramericana.<\/li>\n<li>La ensay\u00edstica martiana: una experiencia de hibridez gen\u00e9rica.<\/li>\n<li>Impronta cultural \u201cmestiza\u201d en la referencialidad de Nuestra Am\u00e9rica. Intertextualidades y contaminaciones.<\/li>\n<li>Su magnitud comunicacional en pos de un periodismo hispanoamericano.<\/li>\n<\/ul>\n<p style=\"text-align: justify;\">Estrategias discursivas en Nuestra Am\u00e9rica: la intencionalidad pol\u00edtica<\/p>\n<ul style=\"text-align: justify;\">\n<li>La lecci\u00f3n hist\u00f3rica, de la Conquista a la segunda independencia.<\/li>\n<li>La utop\u00eda nuestramericana. \u00c9tica y filosof\u00eda que avala un pensamiento: del ser al deber ser.<\/li>\n<li>La Am\u00e9rica ajena desde Nuestra Am\u00e9rica y la otredad como opci\u00f3n de resistencia.<\/li>\n<li>Ideas sobre el equilibrio del mundo y el papel de las Antillas en el concierto regional.<\/li>\n<li>La religiosidad como elemento del discurso emancipador nuestramericano.<\/li>\n<li>Nuestra Am\u00e9rica: la construcci\u00f3n de la identidad regional.<\/li>\n<li>Percepci\u00f3n martiana de la diversidad cultural y \u00e9tnica en Hispanoam\u00e9rica.<\/li>\n<li>En torno a la instrucci\u00f3n del hombre: de su derecho al ejercicio de la raz\u00f3n.<\/li>\n<\/ul>\n<p style=\"text-align: justify;\">Escenarios de las rep\u00fablicas hispanoamericanas expresados en Nuestra Am\u00e9rica. Su significaci\u00f3n y pertinencia dentro del proyecto martiano<\/p>\n<ul style=\"text-align: justify;\">\n<li>Ambientes socioculturales.<\/li>\n<li>Contextos geopol\u00edticos.<\/li>\n<li>Entornos literarios.<\/li>\n<li>Figuras prominentes.<\/li>\n<li>Hechos hist\u00f3ricos.<\/li>\n<\/ul>\n<p style=\"text-align: justify;\">Su contemporaneidad<\/p>\n<ul style=\"text-align: justify;\">\n<li>Relecturas actuales de Nuestra Am\u00e9rica: identidades y diversidades, subalternidades, hegemon\u00edas, dominaciones y dependencias.<\/li>\n<li>Su inserci\u00f3n en el discurso antropol\u00f3gico americano.<\/li>\n<li>La anticipada visi\u00f3n ecol\u00f3gica martiana: \u201ccon la armon\u00eda serena de la Naturaleza\u201d.<\/li>\n<li>Su huella en el amplio espectro de la modernidad literaria.<\/li>\n<li>Prevalencias y circulaci\u00f3n: estudios, ediciones, traducciones\u2026<\/li>\n<\/ul>\n<p style=\"text-align: justify;\"><strong>De los asistentes<\/strong><\/p>\n<p style=\"text-align: justify;\">Se podr\u00e1 concurrir en calidad de ponentes. Deber\u00e1n acreditarse durante la sesi\u00f3n inicial del evento. Podr\u00e1n asistir, como ponentes, investigadores o profesionales en cualquier \u00e1rea de las letras, las artes o las ciencias sociales. Tambi\u00e9n se aceptar\u00e1n propuestas de estudiantes de nivel superior de cualquier especialidad af\u00edn.<\/p>\n<p style=\"text-align: justify;\"><strong>De las propuestas <\/strong><br \/>\nCada aspirante a ponente enviar\u00e1, antes del 1ro de marzo de 2011, un extracto del contenido de su trabajo, que incluya el t\u00edtulo y los nombres y apellidos del autor, acompa\u00f1ado de sus datos personales: resumen curricular, instituci\u00f3n de procedencia, direcci\u00f3n particular, tel\u00e9fono y correo electr\u00f3nico. Los res\u00famenes de las ponencias no exceder\u00e1n los 250 caracteres.<br \/>\nEl Comit\u00e9 Cient\u00edfico evaluar\u00e1 las propuestas y se reserva el derecho de rechazar las que no considere con la calidad o la pertinencia requeridas. Los autores aceptados recibir\u00e1n la comunicaci\u00f3n correspondiente y enviar\u00e1n la ponencia antes del 1 de mayo. Se presentar\u00e1n en formato tama\u00f1o carta, extensi\u00f3n doc (Word), letra Times New Roman, 12 puntos, interlineado a espacio y medio. Ser\u00e1n admitidas un m\u00e1ximo de 15 cuartillas y se publicar\u00e1 en las memorias del evento.<\/p>\n<p style=\"text-align: justify;\">En ning\u00fan caso el tema podr\u00eda ser variado en el momento de la exposici\u00f3n.<br \/>\nLas exposiciones durante el coloquio no podr\u00e1n exceder los 15 minutos.<\/p>\n<p style=\"text-align: justify;\"><strong>Cuotas de inscripci\u00f3n<\/strong><br \/>\nPonentes extranjeros:\u00a0\u00a0\u00a0\u00a0\u00a0\u00a0\u00a0\u00a0\u00a0\u00a0\u00a0\u00a0\u00a0\u00a0\u00a0\u00a0\u00a0\u00a0\u00a0\u00a0\u00a0\u00a0\u00a0\u00a0\u00a0\u00a0\u00a0\u00a0\u00a0\u00a0\u00a0\u00a0\u00a0\u00a0\u00a0\u00a0\u00a0\u00a0\u00a0\u00a0\u00a0\u00a0\u00a0 60 CUC<br \/>\nAcompa\u00f1antes y estudiantes extranjeros:\u00a0\u00a0\u00a0 30 CUC<br \/>\nPonentes cubanos:\u00a0\u00a0\u00a0\u00a0\u00a0\u00a0\u00a0\u00a0\u00a0\u00a0\u00a0\u00a0\u00a0\u00a0\u00a0\u00a0\u00a0\u00a0\u00a0\u00a0\u00a0\u00a0\u00a0\u00a0\u00a0\u00a0\u00a0\u00a0\u00a0\u00a0\u00a0\u00a0\u00a0\u00a0\u00a0\u00a0\u00a0\u00a0\u00a0\u00a0\u00a0\u00a0\u00a0\u00a0\u00a0\u00a0\u00a0\u00a0\u00a0\u00a0 60 MN<br \/>\nEstudiantes cubanos:\u00a0\u00a0\u00a0\u00a0\u00a0\u00a0\u00a0\u00a0\u00a0\u00a0\u00a0\u00a0\u00a0\u00a0\u00a0\u00a0\u00a0\u00a0\u00a0\u00a0\u00a0\u00a0\u00a0\u00a0\u00a0\u00a0\u00a0\u00a0\u00a0\u00a0\u00a0\u00a0\u00a0\u00a0\u00a0\u00a0\u00a0\u00a0\u00a0\u00a0\u00a0\u00a0\u00a0\u00a0\u00a0 30 MN<\/p>\n<p style=\"text-align: justify;\">Las cuotas de inscripci\u00f3n ser\u00e1n entregadas al realizarse la acreditaci\u00f3n al evento.<\/p>\n<p style=\"text-align: justify;\"><strong>Informaciones y entregas <\/strong><br \/>\nLos interesados podr\u00e1n informarse o hacer sus entregas, directamente o por v\u00eda de correo regular, en la sede del Centro de Estudios Martianos:<br \/>\nCalzada n\u00fam. 807, esq. a 4,<br \/>\nEl Vedado, Ciudad de La Habana, Cuba<br \/>\nC.P. 10400<br \/>\nTelf. 836 4966 al 69<\/p>\n<p style=\"text-align: justify;\">O enviar sus comunicaciones electr\u00f3nicas a:<\/p>\n<p style=\"text-align: justify;\"><strong><span style=\"color: #0000ff;\"><span style=\"color: #000000;\">e-mail:<\/span> nuestraamerica120@josemarti.co.cu<\/span><\/strong><\/p>\n<p style=\"text-align: justify;\"><strong>Comit\u00e9 Organizador del Coloquio<\/strong><br \/>\nPresidenta: Dra. Ana S\u00e1nchez Collazo<br \/>\nVicepresidente: Dr. Pedro Pablo Rodr\u00edguez L\u00f3pez<br \/>\nVicepresidenta: Dra. Mar\u00eda Elena Segura Su\u00e1rez<br \/>\nSecretarios cient\u00edficos: Lic. Mayra Beatriz Mart\u00ednez<br \/>\nMSc. Jos\u00e9 Antonio Bedia Pulido.<br \/>\n<strong><br \/>\nOferta especial de alojamiento<\/strong><br \/>\nPor persona, por noche, expresados en CUC<br \/>\nHOTEL\u00a0\u00a0 \u00a0CATEG.\u00a0\u00a0 \u00a0SENCILLA\u00a0\u00a0\u00a0\u00a0\u00a0 DOBLE x PERSONA<br \/>\nRIVIERA\u00a0\u00a0 \u00a0\u00a0 4*\u00a0\u00a0 \u00a0$ 70.00\u00a0\u00a0 \u00a0\u00a0\u00a0\u00a0\u00a0\u00a0\u00a0\u00a0\u00a0\u00a0\u00a0\u00a0\u00a0\u00a0 $ 50.00<br \/>\nVEDADO\u00a0\u00a0\u00a0\u00a0\u00a0\u00a0\u00a0\u00a0\u00a0\u00a0\u00a0\u00a0\u00a0\u00a0\u00a0\u00a0\u00a0 3\u00a0\u00a0\u00a0\u00a0\u00a0\u00a0\u00a0\u00a0\u00a0\u00a0\u00a0\u00a0\u00a0\u00a0\u00a0 $ 50.00\u00a0\u00a0 \u00a0\u00a0\u00a0\u00a0\u00a0\u00a0\u00a0\u00a0\u00a0\u00a0\u00a0\u00a0\u00a0\u00a0 $ 40.00<br \/>\nCOLINA\u00a0\u00a0\u00a0\u00a0\u00a0\u00a0\u00a0\u00a0\u00a0\u00a0\u00a0\u00a0\u00a0\u00a0\u00a0\u00a0\u00a0\u00a0 3*\u00a0\u00a0\u00a0\u00a0\u00a0\u00a0\u00a0\u00a0\u00a0\u00a0\u00a0\u00a0\u00a0\u00a0 $ 35.00\u00a0\u00a0 \u00a0\u00a0\u00a0\u00a0\u00a0\u00a0\u00a0\u00a0\u00a0\u00a0\u00a0\u00a0\u00a0\u00a0 $ 50.00<br \/>\nST. JOHN\u2019S\u00a0\u00a0\u00a0\u00a0\u00a0\u00a0\u00a0\u00a0\u00a0\u00a0\u00a0\u00a0 3*\u00a0\u00a0\u00a0\u00a0\u00a0\u00a0\u00a0\u00a0\u00a0\u00a0\u00a0\u00a0\u00a0\u00a0 $ 50.00\u00a0\u00a0 \u00a0\u00a0\u00a0\u00a0\u00a0\u00a0\u00a0\u00a0\u00a0\u00a0\u00a0\u00a0\u00a0\u00a0 $ 40.00<\/p>\n<p style=\"text-align: justify;\">Incluye desayuno<\/p>\n<p><strong>Publicado por ADHILAC Internacional \u00a9 www.adhilac.com.ar<\/strong><\/p>\n<p>Si Ud. desea asociarse de acuerdo a los Estatutos de ADHILAC\u00a0<a title=\"(ver)\" href=\"https:\/\/adhilac.com.ar\/?page_id=263\">(ver)<\/a> complete el siguiente formulario\u00a0<a title=\"(ver)\" href=\"https:\/\/adhilac.com.ar\/?page_id=3194\">(ver)<\/a><\/p>\n<p>E-mail: info@adhilac.com.ar<strong> <\/strong><\/p>\n<p>Twitter: @AdhilacInfo<\/p>\n<p style=\"text-align: justify;\">&nbsp;<\/p>\n","protected":false},"excerpt":{"rendered":"<p>El Centro de Estudios Martianos convoca al Coloquio\u00a0 Internacional \u201cNUESTRA AM\u00c9RICA: Una idea en\u00e9rgica flameada a tiempo ante el mundo\u201d Del 18 al 20 de mayo de 2011 Ciudad de La Habana, Cuba El Coloquio Cient\u00edfico Internacional \u201cNuestra Am\u00e9rica: Una idea en\u00e9rgica flameada a tiempo ante el mundo\u201d se propone crear un espacio de reflexi\u00f3n [&hellip;]<\/p>\n","protected":false},"author":2,"featured_media":0,"comment_status":"closed","ping_status":"closed","sticky":false,"template":"","format":"standard","meta":{"_crdt_document":"","footnotes":""},"categories":[5,40],"tags":[13,56],"class_list":["post-1668","post","type-post","status-publish","format-standard","hentry","category-congresos","category-informaciones","tag-america-latina","tag-congreso"],"_links":{"self":[{"href":"https:\/\/adhilac.com.ar\/index.php?rest_route=\/wp\/v2\/posts\/1668","targetHints":{"allow":["GET"]}}],"collection":[{"href":"https:\/\/adhilac.com.ar\/index.php?rest_route=\/wp\/v2\/posts"}],"about":[{"href":"https:\/\/adhilac.com.ar\/index.php?rest_route=\/wp\/v2\/types\/post"}],"author":[{"embeddable":true,"href":"https:\/\/adhilac.com.ar\/index.php?rest_route=\/wp\/v2\/users\/2"}],"replies":[{"embeddable":true,"href":"https:\/\/adhilac.com.ar\/index.php?rest_route=%2Fwp%2Fv2%2Fcomments&post=1668"}],"version-history":[{"count":5,"href":"https:\/\/adhilac.com.ar\/index.php?rest_route=\/wp\/v2\/posts\/1668\/revisions"}],"predecessor-version":[{"id":6381,"href":"https:\/\/adhilac.com.ar\/index.php?rest_route=\/wp\/v2\/posts\/1668\/revisions\/6381"}],"wp:attachment":[{"href":"https:\/\/adhilac.com.ar\/index.php?rest_route=%2Fwp%2Fv2%2Fmedia&parent=1668"}],"wp:term":[{"taxonomy":"category","embeddable":true,"href":"https:\/\/adhilac.com.ar\/index.php?rest_route=%2Fwp%2Fv2%2Fcategories&post=1668"},{"taxonomy":"post_tag","embeddable":true,"href":"https:\/\/adhilac.com.ar\/index.php?rest_route=%2Fwp%2Fv2%2Ftags&post=1668"}],"curies":[{"name":"wp","href":"https:\/\/api.w.org\/{rel}","templated":true}]}}