{"id":16701,"date":"2020-07-15T09:02:00","date_gmt":"2020-07-15T12:02:00","guid":{"rendered":"https:\/\/adhilac.com.ar\/?p=16701"},"modified":"2020-08-13T08:16:23","modified_gmt":"2020-08-13T11:16:23","slug":"la-olvidada-reforma-agraria-peruana","status":"publish","type":"post","link":"https:\/\/adhilac.com.ar\/?p=16701","title":{"rendered":"La olvidada reforma agraria peruana"},"content":{"rendered":"\n<div class=\"wp-block-media-text alignwide is-stacked-on-mobile is-image-fill has-background\" style=\"background:linear-gradient(135deg,rgba(252,185,0,1) 69%,rgba(255,105,0,1) 100%)\"><figure class=\"wp-block-media-text__media\" style=\"background-image:url(https:\/\/adhilac.com.ar\/wp-content\/uploads\/2020\/07\/ReformAgrariaPeru.jpeg);background-position:50% 50%\"><img loading=\"lazy\" decoding=\"async\" width=\"1000\" height=\"600\" src=\"https:\/\/adhilac.com.ar\/wp-content\/uploads\/2020\/07\/ReformAgrariaPeru.jpeg\" alt=\"\" class=\"wp-image-16702\" srcset=\"https:\/\/adhilac.com.ar\/wp-content\/uploads\/2020\/07\/ReformAgrariaPeru.jpeg 1000w, https:\/\/adhilac.com.ar\/wp-content\/uploads\/2020\/07\/ReformAgrariaPeru-500x300.jpeg 500w, https:\/\/adhilac.com.ar\/wp-content\/uploads\/2020\/07\/ReformAgrariaPeru-768x461.jpeg 768w\" sizes=\"auto, (max-width: 1000px) 100vw, 1000px\" \/><\/figure><div class=\"wp-block-media-text__content\">\n<p class=\"has-text-align-center has-vivid-green-cyan-color has-text-color has-normal-font-size wp-block-paragraph\"><strong>Sergio Guerra Vilaboy<\/strong><\/p>\n<\/div><\/div>\n\n\n\n<p class=\"wp-block-paragraph\">Hoy pocos recuerdan la trascendental reforma agraria de Per\u00fa, promulgada el 24 de junio de 1969 por el general Juan Velasco Alvarado, con el lema \u201c<em>Campesino, el patr\u00f3n no vivir\u00e1 de tu pobreza\u201d<\/em>, un verdadero parteaguas en la historia del pa\u00eds andino. La llegada al poder de los militares peruanos, el 3 de octubre de1968, ocurri\u00f3 en reacci\u00f3n a la terrible situaci\u00f3n econ\u00f3mico-social \u2013la devaluaci\u00f3n de la moneda era de un 40%-, agravada por la manifiesta incapacidad del presidente Fernando Belaunde Terry.<\/p>\n\n\n\n<!--more-->\n\n\n\n<p class=\"wp-block-paragraph\">La profunda crisis hab\u00eda conducido al recrudecimiento de las luchas estudiantiles, las huelgas obreras, al aumento de protestas rurales y la eclosi\u00f3n de guerrillas. La sed de tierras y justicia social agitaban al campesinado ind\u00edgena, que en pleno siglo XX todav\u00eda soportaba una barbarie medieval: para los <em>gamonales<\/em> eran como animales de su propiedad, que deb\u00edan arrodillarse ante ellos, cargarlos para cruzar los r\u00edos y sufrir inhumanos castigos corporales, entre ellos ser marcados como reses.<\/p>\n\n\n\n<p class=\"wp-block-paragraph\">La primera medida revolucionaria de Velasco Alvarado sorprendi\u00f3 a todo el mundo, acostumbrado a los tradicionales golpes militares latinoamericanos al servicio de la oligarqu\u00eda y Estados Unidos. El 19 de noviembre de 1968 tropas del ej\u00e9rcito ocuparon los yacimientos de hidrocarburos de la Brea y Pari\u00f1as, junto a las instalaciones de la refiner\u00eda de Talara, ambas en manos de la empresa norteamericana <em>International Petroleum Company<\/em>, envuelta en un esc\u00e1ndalo de ilegalidades y corrupci\u00f3n.<\/p>\n\n\n\n<p class=\"wp-block-paragraph\">Aunque el ej\u00e9rcito peruano era considerado una instituci\u00f3n de casta, algunos oficiales de origen humilde, formados en el Centro de Altos Estudios Militares (CAEM), de concepciones desarrollistas de seguridad nacional, impactados por los problemas sociales palpados en la represi\u00f3n a las guerrillas, hab\u00edan escalado posiciones silenciosamente en la cadena de mando. Su programa, denominado <em>Plan Inca<\/em>, ten\u00eda por eje una ambiciosa reforma agraria que desde 1969 expropi\u00f3 varios millones de hect\u00e1reas, casi la mitad del \u00e1rea agr\u00edcola del pa\u00eds, en provecho de la cuarta parte de la poblaci\u00f3n rural. Los grandes complejos agroindustriales de los llamados barones del az\u00facar y el algod\u00f3n de la costa fueron entregados a cooperativas de trabajadores, mientras que los latifundios y haciendas ganaderas de los Andes se repart\u00edan a las comunidades campesinas tradicionales o a las llamadas sociedades agr\u00edcolas de inter\u00e9s social.<\/p>\n\n\n\n<p class=\"wp-block-paragraph\"><em>E<\/em><em>l<\/em> <em>Gobierno Revolucionario de la Fuerza Armada<\/em>, como se autodenomin\u00f3, tambi\u00e9n nacionaliz\u00f3 la mayor parte de la banca, los recursos naturales estrat\u00e9gicos y los servicios p\u00fablicos b\u00e1sicos, entre ellos electricidad, ferrocarriles, telecomunicaciones, televisi\u00f3n, radio, tel\u00e9fonos y prensa escrita. A ello debe a\u00f1adirse la firme defensa de la soberan\u00eda nacional sobre las 200 millas de mar territorial y la creaci\u00f3n de una serie de organismos e instituciones estatales de nuevo tipo, como <em>Petroper\u00fa<\/em>. Adem\u00e1s, dict\u00f3 avanzadas leyes sociales que regularon la actividad laboral, los salarios, las jubilaciones y beneficiaron en especial al campesinado ind\u00edgena con la prohibici\u00f3n de los servicios personales (<em>pongueaje<\/em>) y el voto a los analfabetos, condici\u00f3n de la mayor\u00eda de la numerosa poblaci\u00f3n quechua. Por \u00faltimo, la pol\u00edtica exterior peruana se proyect\u00f3 soberana e independiente, hizo causa com\u00fan con la del Tercer Mundo y restableci\u00f3 relaciones con Cuba (1972).<\/p>\n\n\n\n<p class=\"wp-block-paragraph\">Pero los militares nacionalistas peruanos no pudieron sostener esta pol\u00edtica durante mucho tiempo, sobre todo despu\u00e9s de la grave enfermedad que aquej\u00f3 al presidente Velasco Alvarado, quien falleci\u00f3 el 24 de diciembre de 1977. Dos a\u00f1os antes hab\u00eda sido sustituido por el general Francisco Morales Berm\u00fadez, principal responsable del retroceso de la singular revoluci\u00f3n peruana al firmar acuerdos neoliberales con el Fondo Monetario Internacional (FMI), permitir la reaparici\u00f3n de la prensa tradicional y pasar a retiro a los oficiales de izquierda. Este giro no s\u00f3lo era un repliegue frente a la hostilidad olig\u00e1rquico-imperialista, sino tambi\u00e9n fruto de la propia hechura socio-clasista del movimiento militar que limitaba la participaci\u00f3n popular.<\/p>\n\n\n\n<p class=\"wp-block-paragraph\">Cada vez m\u00e1s aisladas, las fuerzas armadas de Per\u00fa fueron creando condiciones para dejar el gobierno, cediendo paulatinamente en sus programas originales de transformaciones socioecon\u00f3micas. En 1980 se cerr\u00f3 el ciclo revolucionario con la devoluci\u00f3n del poder a Belaunde Terry, el mismo presidente derrocado por los militares doce a\u00f1os atr\u00e1s. Pero la reforma agraria peruana, una de las m\u00e1s radicales de la historia de Am\u00e9rica Latina, ya no podr\u00eda ser revertida.<\/p>\n\n\n\n<p class=\"wp-block-paragraph\">Fuente: www.informefracto.com &#8211; 14 de julio de 2020 <\/p>\n\n\n\n<div style=\"height:20px\" aria-hidden=\"true\" class=\"wp-block-spacer\"><\/div>\n\n\n\n<p class=\"has-very-light-gray-color has-vivid-cyan-blue-background-color has-text-color has-background wp-block-paragraph\"><strong>Publicado por ADHILAC Internacional \u00a9 www.adhilac.com.ar<\/strong><\/p>\n\n\n\n<p class=\"has-vivid-cyan-blue-color has-very-light-gray-background-color has-text-color has-background wp-block-paragraph\"> Si Ud. desea asociarse de acuerdo a los Estatutos de ADHILAC&nbsp;<a href=\"https:\/\/adhilac.com.ar\/?page_id=263\">(ver)<\/a> complete el siguiente formulario&nbsp;(<a href=\"https:\/\/adhilac.com.ar\/?page_id=4779\">ver<\/a>)<\/p>\n\n\n\n<p class=\"has-very-light-gray-color has-vivid-cyan-blue-background-color has-text-color has-background wp-block-paragraph\"> E-mail:&nbsp;info@adhilac.com.ar <\/p>\n\n\n\n<p class=\"has-very-light-gray-color has-vivid-cyan-blue-background-color has-text-color has-background wp-block-paragraph\"> Twitter: @AdhilacInfo <\/p>\n\n\n\n<div class=\"wp-block-image\"><figure class=\"aligncenter size-large\"><img loading=\"lazy\" decoding=\"async\" width=\"85\" height=\"85\" src=\"https:\/\/adhilac.com.ar\/wp-content\/uploads\/2015\/02\/Logo-ADHILAC-Internacional-PEQ.jpg\" alt=\"\" class=\"wp-image-10473\"\/><\/figure><\/div>\n\n\n\n<p class=\"wp-block-paragraph\">Ver <a href=\"https:\/\/adhilac.com.ar\/?page_id=541\">Presentaci\u00f3n de ADHILAC<\/a><\/p>\n\n\n\n<div style=\"height:20px\" aria-hidden=\"true\" class=\"wp-block-spacer\"><\/div>\n\n\n\n<div class=\"wp-block-group\"><div class=\"wp-block-group__inner-container is-layout-flow wp-block-group-is-layout-flow\">\n<p class=\"has-text-align-center has-very-light-gray-color has-vivid-cyan-blue-background-color has-text-color has-background wp-block-paragraph\"><strong><a href=\"https:\/\/adhilac.com.ar\/?page_id=541\">QUIENES SOMOS<\/a><\/strong><\/p>\n\n\n\n<p class=\"has-text-align-center has-vivid-cyan-blue-color has-very-light-gray-background-color has-text-color has-background wp-block-paragraph\"><strong><a href=\"https:\/\/adhilac.com.ar\/?page_id=15507\">DIRECTIVA DE ADHILAC INTERNACIONAL<\/a><\/strong><\/p>\n\n\n\n<p class=\"has-text-align-center has-very-light-gray-color has-vivid-cyan-blue-background-color has-text-color has-background wp-block-paragraph\"><strong><a href=\"https:\/\/adhilac.com.ar\/?page_id=267\">Declaraci\u00f3n de Caracas de ADHILAC (2007)<\/a><\/strong><\/p>\n\n\n\n<p class=\"has-text-align-center has-vivid-cyan-blue-color has-very-light-gray-background-color has-text-color has-background wp-block-paragraph\"><strong><a href=\"https:\/\/adhilac.com.ar\/?page_id=15873\">ADHILAC: Historia &#8211; Historidorxs<\/a><\/strong><\/p>\n\n\n\n<p class=\"has-text-align-center has-very-light-gray-color has-vivid-cyan-blue-background-color has-text-color has-background wp-block-paragraph\"><strong><a href=\"https:\/\/adhilac.com.ar\/?page_id=15876\">ADHILAC 20 a\u00f1os despu\u00e9s (1974-1994)<\/a> <\/strong><\/p>\n\n\n\n<p class=\"has-text-align-center has-vivid-cyan-blue-color has-very-light-gray-background-color has-text-color has-background wp-block-paragraph\"><strong><a href=\"https:\/\/adhilac.com.ar\/?page_id=15861\">ADHILAC Breve Historia<\/a> <\/strong><\/p>\n\n\n\n<p class=\"has-text-align-center has-very-light-gray-color has-vivid-cyan-blue-background-color has-text-color has-background wp-block-paragraph\"><strong><a href=\"https:\/\/adhilac.com.ar\/?page_id=15887\">ADHILAC: Miembrxs fundadores<\/a><\/strong><\/p>\n\n\n\n<p class=\"has-text-align-center has-vivid-cyan-blue-color has-very-light-gray-background-color has-text-color has-background wp-block-paragraph\"><strong><a href=\"https:\/\/adhilac.com.ar\/?page_id=15943\">ADHILAC: Historiadorxs Destacadxs<\/a><\/strong><\/p>\n\n\n\n<p class=\"has-text-align-center has-very-light-gray-color has-vivid-cyan-blue-background-color has-text-color has-background wp-block-paragraph\"><strong><a href=\"https:\/\/adhilac.com.ar\/?page_id=4779\">SOCIXS<\/a><\/strong><\/p>\n\n\n\n<p class=\"has-text-align-center has-vivid-cyan-blue-color has-very-light-gray-background-color has-text-color has-background wp-block-paragraph\"><strong><a href=\"https:\/\/adhilac.com.ar\/?page_id=263\">Estatutos de ADHILAC<\/a><\/strong><\/p>\n\n\n\n<p class=\"has-text-align-center has-very-light-gray-color has-vivid-cyan-blue-background-color has-text-color has-background wp-block-paragraph\"><strong><a href=\"https:\/\/adhilac.com.ar\/?page_id=8220\">BICENTENARIO<\/a><\/strong><\/p>\n\n\n\n<p class=\"has-text-align-center has-vivid-cyan-blue-color has-very-light-gray-background-color has-text-color has-background wp-block-paragraph\"><strong><a href=\"https:\/\/adhilac.com.ar\/?page_id=8279\">BIBLIOTECA<\/a><\/strong><\/p>\n\n\n\n<p class=\"has-text-align-center has-very-light-gray-color has-vivid-cyan-blue-background-color has-text-color has-background wp-block-paragraph\"><strong><a href=\"https:\/\/adhilac.com.ar\/?page_id=1698\">ENLACES<\/a> <\/strong><\/p>\n\n\n\n<p class=\"has-text-align-center has-vivid-cyan-blue-color has-very-light-gray-background-color has-text-color has-background wp-block-paragraph\"><a href=\"http:\/\/www.ariadnatucma.com.ar\">VISITE ARIADNA TUCMA REVISTA LATINOAMERICANA<\/a><\/p>\n<\/div><\/div>\n","protected":false},"excerpt":{"rendered":"<p>Sergio Guerra Vilaboy Hoy pocos recuerdan la trascendental reforma agraria de Per\u00fa, promulgada el 24 de junio de 1969 por el general Juan Velasco Alvarado, con el lema \u201cCampesino, el patr\u00f3n no vivir\u00e1 de tu pobreza\u201d, un verdadero parteaguas en la historia del pa\u00eds andino. La llegada al poder de los militares peruanos, el 3 [&hellip;]<\/p>\n","protected":false},"author":17,"featured_media":0,"comment_status":"closed","ping_status":"open","sticky":false,"template":"","format":"standard","meta":{"_crdt_document":"","footnotes":""},"categories":[40],"tags":[],"class_list":["post-16701","post","type-post","status-publish","format-standard","hentry","category-informaciones"],"_links":{"self":[{"href":"https:\/\/adhilac.com.ar\/index.php?rest_route=\/wp\/v2\/posts\/16701","targetHints":{"allow":["GET"]}}],"collection":[{"href":"https:\/\/adhilac.com.ar\/index.php?rest_route=\/wp\/v2\/posts"}],"about":[{"href":"https:\/\/adhilac.com.ar\/index.php?rest_route=\/wp\/v2\/types\/post"}],"author":[{"embeddable":true,"href":"https:\/\/adhilac.com.ar\/index.php?rest_route=\/wp\/v2\/users\/17"}],"replies":[{"embeddable":true,"href":"https:\/\/adhilac.com.ar\/index.php?rest_route=%2Fwp%2Fv2%2Fcomments&post=16701"}],"version-history":[{"count":2,"href":"https:\/\/adhilac.com.ar\/index.php?rest_route=\/wp\/v2\/posts\/16701\/revisions"}],"predecessor-version":[{"id":16790,"href":"https:\/\/adhilac.com.ar\/index.php?rest_route=\/wp\/v2\/posts\/16701\/revisions\/16790"}],"wp:attachment":[{"href":"https:\/\/adhilac.com.ar\/index.php?rest_route=%2Fwp%2Fv2%2Fmedia&parent=16701"}],"wp:term":[{"taxonomy":"category","embeddable":true,"href":"https:\/\/adhilac.com.ar\/index.php?rest_route=%2Fwp%2Fv2%2Fcategories&post=16701"},{"taxonomy":"post_tag","embeddable":true,"href":"https:\/\/adhilac.com.ar\/index.php?rest_route=%2Fwp%2Fv2%2Ftags&post=16701"}],"curies":[{"name":"wp","href":"https:\/\/api.w.org\/{rel}","templated":true}]}}