{"id":16704,"date":"2020-07-18T09:06:00","date_gmt":"2020-07-18T12:06:00","guid":{"rendered":"https:\/\/adhilac.com.ar\/?p=16704"},"modified":"2020-08-13T08:15:34","modified_gmt":"2020-08-13T11:15:34","slug":"el-rapto-de-panama","status":"publish","type":"post","link":"https:\/\/adhilac.com.ar\/?p=16704","title":{"rendered":"El rapto de Panam\u00e1"},"content":{"rendered":"\n<div class=\"wp-block-media-text alignwide has-media-on-the-right is-stacked-on-mobile is-image-fill has-cool-to-warm-spectrum-gradient-background has-background\"><figure class=\"wp-block-media-text__media\" style=\"background-image:url(https:\/\/adhilac.com.ar\/wp-content\/uploads\/2020\/07\/Rapto-Panama.jpeg);background-position:50% 50%\"><img loading=\"lazy\" decoding=\"async\" width=\"1000\" height=\"600\" src=\"https:\/\/adhilac.com.ar\/wp-content\/uploads\/2020\/07\/Rapto-Panama.jpeg\" alt=\"\" class=\"wp-image-16706\" srcset=\"https:\/\/adhilac.com.ar\/wp-content\/uploads\/2020\/07\/Rapto-Panama.jpeg 1000w, https:\/\/adhilac.com.ar\/wp-content\/uploads\/2020\/07\/Rapto-Panama-500x300.jpeg 500w, https:\/\/adhilac.com.ar\/wp-content\/uploads\/2020\/07\/Rapto-Panama-768x461.jpeg 768w\" sizes=\"auto, (max-width: 1000px) 100vw, 1000px\" \/><\/figure><div class=\"wp-block-media-text__content\">\n<p class=\"has-text-align-center has-normal-font-size wp-block-paragraph\"><strong>Sergio Guerra Vilaboy <\/strong><\/p>\n<\/div><\/div>\n\n\n\n<!--more-->\n\n\n\n<p class=\"wp-block-paragraph\">Fue en Panam\u00e1 donde se aplic\u00f3 por primera vez la tristemente c\u00e9lebre pol\u00edtica estadounidense del <em>big sitck<\/em> o del garrote. Este peque\u00f1o territorio centroamericano, conquistado por Espa\u00f1a y perteneciente desde 1821 a Colombia, hab\u00eda disfrutado en toda su historia de dos momentos de esplendor econ\u00f3mico: el primero durante la existencia del sistema de flotas (1561-1748) y el segundo asociado a la comunicaci\u00f3n interna de Estados Unidos a mediados del siglo XIX.<\/p>\n\n\n\n<p class=\"wp-block-paragraph\">Despu\u00e9s de la Guerra Hispano-Cubano\u2013Norteamericana de 1898, el inter\u00e9s de Washington por una v\u00eda interoce\u00e1nica se reactiv\u00f3 por estrategia comercial y militar, al adquirir posesiones en el Pac\u00edfico y tener crecientes negocios con China y los pa\u00edses latinoamericanos con costas al oeste del continente. Desde 1881 hab\u00eda comenzado la construcci\u00f3n de un canal en Panam\u00e1 bajo la direcci\u00f3n de Ferdinand de Lesseps, el art\u00edfice del de Suez, aunque la compleja obra estaba detenida por problemas financieros, la enorme mortalidad causada por la fiebre amarilla y el desnivel de los oc\u00e9anos, no previsto en el proyecto original.<\/p>\n\n\n\n<p class=\"wp-block-paragraph\">El 19 de junio de 1902, tras ser desechada la alternativa de Nicaragua, el presidente Theodore Roosevelt tramit\u00f3 la compra de la obra francesa interrumpida y obtuvo del gobierno colombiano garant\u00edas exclusivas sobre la futura v\u00eda canalera. Estos derechos quedaron estampados en el Tratado Hay-Herr\u00e1n, del 22 de enero de 1903, que entregaba a Estados Unidos, por el resto del siglo, una franja de tierras de diez kil\u00f3metros de ancho. Pero el documento no fue ratificado por el congreso de Bogot\u00e1, con el argumento de que lesionaba su soberan\u00eda y no se recib\u00eda una adecuada compensaci\u00f3n.<\/p>\n\n\n\n<p class=\"wp-block-paragraph\">Ante el inesperado obst\u00e1culo, Estados Unidos propici\u00f3 la separaci\u00f3n de Panam\u00e1, aprovechando el inter\u00e9s existente por el canal. El congelamiento del tratado Hay-Herr\u00e1n por Colombia era una desgracia para la empobrecida econom\u00eda paname\u00f1a, que podr\u00eda resucitar la alternativa de Nicaragua. Eso explica que Estados Unidos pudiera aprovechar las leg\u00edtimas aspiraciones emancipadoras del pueblo paname\u00f1o.<\/p>\n\n\n\n<figure class=\"wp-block-image size-large\"><img loading=\"lazy\" decoding=\"async\" width=\"1000\" height=\"600\" src=\"https:\/\/adhilac.com.ar\/wp-content\/uploads\/2020\/07\/Rapto-Panama-2.jpeg\" alt=\"\" class=\"wp-image-16705\" srcset=\"https:\/\/adhilac.com.ar\/wp-content\/uploads\/2020\/07\/Rapto-Panama-2.jpeg 1000w, https:\/\/adhilac.com.ar\/wp-content\/uploads\/2020\/07\/Rapto-Panama-2-500x300.jpeg 500w, https:\/\/adhilac.com.ar\/wp-content\/uploads\/2020\/07\/Rapto-Panama-2-768x461.jpeg 768w\" sizes=\"auto, (max-width: 1000px) 100vw, 1000px\" \/><\/figure>\n\n\n\n<p class=\"wp-block-paragraph\">Los arraigados sentimientos nacionales de Panam\u00e1 se hab\u00edan afianzado a lo larg<em>o del siglo XIX y, sobre todo, a consecuencia de la mort\u00edfera<\/em> <em>Guerra de los Mil D\u00edas<\/em> (1899-1903) en Colombia. Los istme\u00f1os, que hab\u00edan perdido su autonom\u00eda en 1886, apoyaron la causa liberal colombiana para recuperar ese estatus, aunque en Panam\u00e1 la contienda adquiri\u00f3 un marcado car\u00e1cter social con las demandas agraristas enarboladas por los <em>cholos<\/em> del guerrillero Victoriano Lorenzo.<\/p>\n\n\n\n<p class=\"wp-block-paragraph\">Tras la ejecuci\u00f3n de este l\u00edder popular en Chiriqu\u00ed, el 15 de mayo de 1903, Estados Unidos pudo seguir adelante con sus planes. El 3 de noviembre de ese a\u00f1o, con la protecci\u00f3n de la escuadra norteamericana \u2013que impidi\u00f3 el desembarco de tropas colombianas-, se proclam\u00f3 la independencia de Panam\u00e1, reconocida al d\u00eda siguiente por Washington. Dos semanas despu\u00e9s, se firm\u00f3 el Tratado Hay-Bunau Varilla, que enajenaba la soberan\u00eda de la naciente rep\u00fablica sobre la zona canalera, a la vez que se pagaba a la empresa francesa representada por Philippe Bunau Varilla, su principal accionista.<\/p>\n\n\n\n<p class=\"wp-block-paragraph\">A continuaci\u00f3n, mediante el farisaico convenio Taft de diciembre de ese a\u00f1o, Panam\u00e1 qued\u00f3 convertido en un verdadero protectorado norteamericano, con una constituci\u00f3n (1904) que permit\u00eda la intervenci\u00f3n militar de Estados Unidos en su territorio, siguiendo la pauta de la enmienda Platt aplicada a Cuba tres a\u00f1os antes. Se hab\u00eda consumado el <em>Rapto de Panam\u00e1<\/em>, t\u00edtulo de un esclarecedor libro del periodista argentino Gregorio Selser.&nbsp;&nbsp;<\/p>\n\n\n\n<p class=\"wp-block-paragraph\">El canal fue inaugurado finalmente en 1914, tras resolverse los problemas financieros, de dise\u00f1o y de salubridad -esto \u00faltimo gracias al descubrimiento del agente trasmisor de la fiebre amarilla por el cubano Carlos J. Finlay- que hab\u00edan hecho fracasar el proyecto franc\u00e9s. La obra ingeniera report\u00f3 a Estados Unidos ganancias colosales y sus bases militares en la zona del canal se convertir\u00edan en un arma de control sobre todo el continente; hasta que el territorio secuestrado tuvo que ser finalmente devuelto a Panam\u00e1, gracias a la tesonera campa\u00f1a del general Omar Torrijos, que la hab\u00eda convertido en una causa anticolonialista de toda Nuestra Am\u00e9rica.<\/p>\n\n\n\n<p class=\"wp-block-paragraph\">Fuente: www.informefracto.com &#8211; 17 de julio de 2020 <\/p>\n\n\n\n<div style=\"height:20px\" aria-hidden=\"true\" class=\"wp-block-spacer\"><\/div>\n\n\n\n<p class=\"has-very-light-gray-color has-vivid-cyan-blue-background-color has-text-color has-background wp-block-paragraph\"><strong>Publicado por ADHILAC Internacional \u00a9 www.adhilac.com.ar<\/strong><\/p>\n\n\n\n<p class=\"has-vivid-cyan-blue-color has-very-light-gray-background-color has-text-color has-background wp-block-paragraph\"> Si Ud. desea asociarse de acuerdo a los Estatutos de ADHILAC&nbsp;<a href=\"https:\/\/adhilac.com.ar\/?page_id=263\">(ver)<\/a> complete el siguiente formulario&nbsp;(<a href=\"https:\/\/adhilac.com.ar\/?page_id=4779\">ver<\/a>)<\/p>\n\n\n\n<p class=\"has-very-light-gray-color has-vivid-cyan-blue-background-color has-text-color has-background wp-block-paragraph\"> E-mail:&nbsp;info@adhilac.com.ar <\/p>\n\n\n\n<p class=\"has-very-light-gray-color has-vivid-cyan-blue-background-color has-text-color has-background wp-block-paragraph\"> Twitter: @AdhilacInfo <\/p>\n\n\n\n<div class=\"wp-block-image\"><figure class=\"aligncenter size-large\"><img loading=\"lazy\" decoding=\"async\" width=\"85\" height=\"85\" src=\"https:\/\/adhilac.com.ar\/wp-content\/uploads\/2015\/02\/Logo-ADHILAC-Internacional-PEQ.jpg\" alt=\"\" class=\"wp-image-10473\"\/><\/figure><\/div>\n\n\n\n<p class=\"wp-block-paragraph\">Ver <a href=\"https:\/\/adhilac.com.ar\/?page_id=541\">Presentaci\u00f3n de ADHILAC<\/a><\/p>\n\n\n\n<div style=\"height:20px\" aria-hidden=\"true\" class=\"wp-block-spacer\"><\/div>\n\n\n\n<div class=\"wp-block-group\"><div class=\"wp-block-group__inner-container is-layout-flow wp-block-group-is-layout-flow\">\n<p class=\"has-text-align-center has-very-light-gray-color has-vivid-cyan-blue-background-color has-text-color has-background wp-block-paragraph\"><strong><a href=\"https:\/\/adhilac.com.ar\/?page_id=541\">QUIENES SOMOS<\/a><\/strong><\/p>\n\n\n\n<p class=\"has-text-align-center has-vivid-cyan-blue-color has-very-light-gray-background-color has-text-color has-background wp-block-paragraph\"><strong><a href=\"https:\/\/adhilac.com.ar\/?page_id=15507\">DIRECTIVA DE ADHILAC INTERNACIONAL<\/a><\/strong><\/p>\n\n\n\n<p class=\"has-text-align-center has-very-light-gray-color has-vivid-cyan-blue-background-color has-text-color has-background wp-block-paragraph\"><strong><a href=\"https:\/\/adhilac.com.ar\/?page_id=267\">Declaraci\u00f3n de Caracas de ADHILAC (2007)<\/a><\/strong><\/p>\n\n\n\n<p class=\"has-text-align-center has-vivid-cyan-blue-color has-very-light-gray-background-color has-text-color has-background wp-block-paragraph\"><strong><a href=\"https:\/\/adhilac.com.ar\/?page_id=15873\">ADHILAC: Historia &#8211; Historidorxs<\/a><\/strong><\/p>\n\n\n\n<p class=\"has-text-align-center has-very-light-gray-color has-vivid-cyan-blue-background-color has-text-color has-background wp-block-paragraph\"><strong><a href=\"https:\/\/adhilac.com.ar\/?page_id=15876\">ADHILAC 20 a\u00f1os despu\u00e9s (1974-1994)<\/a> <\/strong><\/p>\n\n\n\n<p class=\"has-text-align-center has-vivid-cyan-blue-color has-very-light-gray-background-color has-text-color has-background wp-block-paragraph\"><strong><a href=\"https:\/\/adhilac.com.ar\/?page_id=15861\">ADHILAC Breve Historia<\/a> <\/strong><\/p>\n\n\n\n<p class=\"has-text-align-center has-very-light-gray-color has-vivid-cyan-blue-background-color has-text-color has-background wp-block-paragraph\"><strong><a href=\"https:\/\/adhilac.com.ar\/?page_id=15887\">ADHILAC: Miembrxs fundadores<\/a><\/strong><\/p>\n\n\n\n<p class=\"has-text-align-center has-vivid-cyan-blue-color has-very-light-gray-background-color has-text-color has-background wp-block-paragraph\"><strong><a href=\"https:\/\/adhilac.com.ar\/?page_id=15943\">ADHILAC: Historiadorxs Destacadxs<\/a><\/strong><\/p>\n\n\n\n<p class=\"has-text-align-center has-very-light-gray-color has-vivid-cyan-blue-background-color has-text-color has-background wp-block-paragraph\"><strong><a href=\"https:\/\/adhilac.com.ar\/?page_id=4779\">SOCIXS<\/a><\/strong><\/p>\n\n\n\n<p class=\"has-text-align-center has-vivid-cyan-blue-color has-very-light-gray-background-color has-text-color has-background wp-block-paragraph\"><strong><a href=\"https:\/\/adhilac.com.ar\/?page_id=263\">Estatutos de ADHILAC<\/a><\/strong><\/p>\n\n\n\n<p class=\"has-text-align-center has-very-light-gray-color has-vivid-cyan-blue-background-color has-text-color has-background wp-block-paragraph\"><strong><a href=\"https:\/\/adhilac.com.ar\/?page_id=8220\">BICENTENARIO<\/a><\/strong><\/p>\n\n\n\n<p class=\"has-text-align-center has-vivid-cyan-blue-color has-very-light-gray-background-color has-text-color has-background wp-block-paragraph\"><strong><a href=\"https:\/\/adhilac.com.ar\/?page_id=8279\">BIBLIOTECA<\/a><\/strong><\/p>\n\n\n\n<p class=\"has-text-align-center has-very-light-gray-color has-vivid-cyan-blue-background-color has-text-color has-background wp-block-paragraph\"><strong><a href=\"https:\/\/adhilac.com.ar\/?page_id=1698\">ENLACES<\/a> <\/strong><\/p>\n\n\n\n<p class=\"has-text-align-center has-vivid-cyan-blue-color has-very-light-gray-background-color has-text-color has-background wp-block-paragraph\"><a href=\"http:\/\/www.ariadnatucma.com.ar\">VISITE ARIADNA TUCMA REVISTA LATINOAMERICANA<\/a><\/p>\n<\/div><\/div>\n","protected":false},"excerpt":{"rendered":"<p>Sergio Guerra Vilaboy<\/p>\n","protected":false},"author":17,"featured_media":0,"comment_status":"closed","ping_status":"closed","sticky":false,"template":"","format":"standard","meta":{"_crdt_document":"","footnotes":""},"categories":[15],"tags":[497],"class_list":["post-16704","post","type-post","status-publish","format-standard","hentry","category-historia","tag-panama"],"_links":{"self":[{"href":"https:\/\/adhilac.com.ar\/index.php?rest_route=\/wp\/v2\/posts\/16704","targetHints":{"allow":["GET"]}}],"collection":[{"href":"https:\/\/adhilac.com.ar\/index.php?rest_route=\/wp\/v2\/posts"}],"about":[{"href":"https:\/\/adhilac.com.ar\/index.php?rest_route=\/wp\/v2\/types\/post"}],"author":[{"embeddable":true,"href":"https:\/\/adhilac.com.ar\/index.php?rest_route=\/wp\/v2\/users\/17"}],"replies":[{"embeddable":true,"href":"https:\/\/adhilac.com.ar\/index.php?rest_route=%2Fwp%2Fv2%2Fcomments&post=16704"}],"version-history":[{"count":3,"href":"https:\/\/adhilac.com.ar\/index.php?rest_route=\/wp\/v2\/posts\/16704\/revisions"}],"predecessor-version":[{"id":16789,"href":"https:\/\/adhilac.com.ar\/index.php?rest_route=\/wp\/v2\/posts\/16704\/revisions\/16789"}],"wp:attachment":[{"href":"https:\/\/adhilac.com.ar\/index.php?rest_route=%2Fwp%2Fv2%2Fmedia&parent=16704"}],"wp:term":[{"taxonomy":"category","embeddable":true,"href":"https:\/\/adhilac.com.ar\/index.php?rest_route=%2Fwp%2Fv2%2Fcategories&post=16704"},{"taxonomy":"post_tag","embeddable":true,"href":"https:\/\/adhilac.com.ar\/index.php?rest_route=%2Fwp%2Fv2%2Ftags&post=16704"}],"curies":[{"name":"wp","href":"https:\/\/api.w.org\/{rel}","templated":true}]}}