{"id":16709,"date":"2020-07-22T09:12:00","date_gmt":"2020-07-22T12:12:00","guid":{"rendered":"https:\/\/adhilac.com.ar\/?p=16709"},"modified":"2020-08-13T08:14:55","modified_gmt":"2020-08-13T11:14:55","slug":"la-resistencia-de-zelaya-en-nicaragua","status":"publish","type":"post","link":"https:\/\/adhilac.com.ar\/?p=16709","title":{"rendered":"La resistencia de Zelaya en Nicaragua"},"content":{"rendered":"\n<div class=\"wp-block-media-text alignwide is-stacked-on-mobile is-image-fill has-luminous-vivid-orange-color has-text-color has-background\" style=\"background:linear-gradient(135deg,rgb(255,206,236) 29%,rgb(152,150,240) 80%)\"><figure class=\"wp-block-media-text__media\" style=\"background-image:url(https:\/\/adhilac.com.ar\/wp-content\/uploads\/2020\/07\/Zelaya-Nicaragua-1.jpeg);background-position:50% 50%\"><img loading=\"lazy\" decoding=\"async\" width=\"1000\" height=\"600\" src=\"https:\/\/adhilac.com.ar\/wp-content\/uploads\/2020\/07\/Zelaya-Nicaragua-1.jpeg\" alt=\"\" class=\"wp-image-16710\" srcset=\"https:\/\/adhilac.com.ar\/wp-content\/uploads\/2020\/07\/Zelaya-Nicaragua-1.jpeg 1000w, https:\/\/adhilac.com.ar\/wp-content\/uploads\/2020\/07\/Zelaya-Nicaragua-1-500x300.jpeg 500w, https:\/\/adhilac.com.ar\/wp-content\/uploads\/2020\/07\/Zelaya-Nicaragua-1-768x461.jpeg 768w\" sizes=\"auto, (max-width: 1000px) 100vw, 1000px\" \/><\/figure><div class=\"wp-block-media-text__content\">\n<p class=\"has-text-align-center has-luminous-vivid-orange-color has-text-color has-normal-font-size wp-block-paragraph\"><strong>Sergio Guerra Vilaboy<\/strong><\/p>\n<\/div><\/div>\n\n\n\n<p class=\"wp-block-paragraph\">La reforma liberal encabezada por Jos\u00e9 Santos Zelaya en Nicaragua fue, junto a la de Eloy Alfaro en Ecuador en 1895, que ya comentamos en una nota de <em>Madre Am\u00e9rica<\/em>, las dos \u00faltimas del siglo XIX.&nbsp;<\/p>\n\n\n\n<!--more-->\n\n\n\n<p class=\"wp-block-paragraph\">En 1893, los liberales nicarag\u00fcenses se levantaron en armas y tras la exitosa batalla de La Cuesta, pudieron entrar victoriosos en Managua, proclamada entonces nueva capital de la rep\u00fablica.&nbsp;<\/p>\n\n\n\n<p class=\"wp-block-paragraph\">Al conmemorarse el primer aniversario del triunfo de la revoluci\u00f3n liberal, el 11 de julio de 1894, fue aprobada una nueva constituci\u00f3n, que estableci\u00f3 la separaci\u00f3n de la Iglesia del Estado y derechos ciudadanos, entre ellos a una educaci\u00f3n gratuita y obligatoria. Al amparo de esta carta magna, que ser\u00eda reformada en 1897 y 1905, Zelaya pudo gobernar por algo m\u00e1s de quince a\u00f1os, mandato aprovechado para iniciar la modernizaci\u00f3n del pa\u00eds, construir escuelas e impulsar el desarrollo de la atrasada infraestructura.&nbsp;<\/p>\n\n\n\n<p class=\"wp-block-paragraph\">Entre sus logros estuvo tambi\u00e9n la recuperaci\u00f3n del territorio de la costa atl\u00e1ntica a la soberan\u00eda nacional (1894), hasta entonces bajo la \u201cprotecci\u00f3n\u201d de Inglaterra y que Estados Unidos ambicionaba desde la invasi\u00f3n de William Walker en 1855. Tambi\u00e9n el presidente nica promovi\u00f3 una especie de internacional liberal mediante el Pacto de Amapala, para sacar del poder a los conservadores en Centroam\u00e9rica y el Caribe hispano y favorecer la independencia de Cuba. Este acuerdo fue firmado por los representantes de los gobiernos liberales de Honduras y Venezuela, as\u00ed como los l\u00edderes revolucionarios Eloy Alfaro de Ecuador y el patriota cubano Antonio Maceo, radicado entonces en Costa Rica.<\/p>\n\n\n\n<p class=\"wp-block-paragraph\">Imbuido del ideario unionista centroamericano, Zelaya trat\u00f3 de avanzar en esa direcci\u00f3n con los tratados de Corinto (1901), rubricados con Honduras\u2013donde hab\u00eda nacido su padre-y El Salvador, mediante la creaci\u00f3n de una virtual zona de libre comercio y la construcci\u00f3n, con capital alem\u00e1n, de un ferrocarril que interconectara la regi\u00f3n, al que se opuso Estados Unidos. La aspiraci\u00f3n de abrir un canal interoce\u00e1nico por Nicaragua encontr\u00f3 tambi\u00e9n el rechazo de Washington, despu\u00e9s que Zelaya se negara a conceder derecho de soberan\u00eda sobre esa posible v\u00eda y rechazara un leonino empr\u00e9stito de Wall Street, lo que inclin\u00f3 a Estados Unidos por la ruta de Panam\u00e1.&nbsp;<\/p>\n\n\n\n<p class=\"wp-block-paragraph\">La postura independiente del mandatario de Nicaragua explica la ojeriza estadounidense y su apoyo a todos los planes en su contra, como la revuelta opositora que estall\u00f3 en la costa atl\u00e1ntica, liderada por el general conservador Emiliano Chamarro, con el respaldo del dictador de Guatemala Estrada Cabrera. En diciembre de 1909 el presidente William Taft se vali\u00f3 del conflicto para culpar a Zelaya de la creciente \u201cagitaci\u00f3n\u201d en Centroam\u00e9rica. Para agravar m\u00e1s las cosas, los norteamericanos Cannon y Groce, que combat\u00edan en las filas conservadoras, fueron capturados, juzgados y ejecutados, lo que sirvi\u00f3 de argumento a Estados Unidos para dar un ultim\u00e1tum al gobernante nica.&nbsp;<\/p>\n\n\n\n<p class=\"wp-block-paragraph\">Unos d\u00edas despu\u00e9s, <em>marines<\/em> de Estados Unidos desembarcaron en Nicaragua, iniciando la intervenci\u00f3n directa norteamericana que se extender\u00eda hasta la gesta de liberaci\u00f3n nacional de Augusto C. Sandino. Bajo esta enorme presi\u00f3n, el 16 de diciembre de 1909 Zelaya present\u00f3 su renuncia a la presidencia, obligado, seg\u00fan escribi\u00f3 al congreso nacional, por \u201c<em>la hostilidad manifestada por el gobierno de Estados Unidos, al cual no quiero dar pretexto para que pueda continuar interviniendo en ning\u00fan sentido en los destinos de este pa\u00eds<\/em>.\u201d&nbsp;<\/p>\n\n\n\n<p class=\"wp-block-paragraph\">Tras abandonar Nicaragua en una embarcaci\u00f3n facilitada por el presidente Porfirio D\u00edaz, se refugi\u00f3 en Francia y Espa\u00f1a. Aqu\u00ed public\u00f3 en 1910, para refutar las calumnias del c\u00f3nsul guatemalteco en Par\u00eds, su libro de denuncia <em>La revoluci\u00f3n en Nicaragua y los Estados Unidos<\/em>, elogiado por los famosos escritores Rub\u00e9n Dar\u00edo y Jos\u00e9 Mar\u00eda Vargas Vila. Jos\u00e9 Santos Zelaya muri\u00f3 en tierra extra\u00f1a el 17 de mayo de 1919. Casi un siglo despu\u00e9s, la Asamblea Nacional de Nicaragua lo declar\u00f3 h\u00e9roe de la patria y valeroso precursor del antimperialismo en Nuestra Am\u00e9rica.&nbsp;<\/p>\n\n\n\n<p class=\"wp-block-paragraph\">Fuente: Informefracto.com &#8211; 21 de julio de 2020 <\/p>\n\n\n\n<div style=\"height:20px\" aria-hidden=\"true\" class=\"wp-block-spacer\"><\/div>\n\n\n\n<p class=\"has-very-light-gray-color has-vivid-cyan-blue-background-color has-text-color has-background wp-block-paragraph\"><strong>Publicado por ADHILAC Internacional \u00a9 www.adhilac.com.ar<\/strong><\/p>\n\n\n\n<p class=\"has-vivid-cyan-blue-color has-very-light-gray-background-color has-text-color has-background wp-block-paragraph\"> Si Ud. desea asociarse de acuerdo a los Estatutos de ADHILAC&nbsp;<a href=\"https:\/\/adhilac.com.ar\/?page_id=263\">(ver)<\/a> complete el siguiente formulario&nbsp;(<a href=\"https:\/\/adhilac.com.ar\/?page_id=4779\">ver<\/a>)<\/p>\n\n\n\n<p class=\"has-very-light-gray-color has-vivid-cyan-blue-background-color has-text-color has-background wp-block-paragraph\"> E-mail:&nbsp;info@adhilac.com.ar <\/p>\n\n\n\n<p class=\"has-very-light-gray-color has-vivid-cyan-blue-background-color has-text-color has-background wp-block-paragraph\"> Twitter: @AdhilacInfo <\/p>\n\n\n\n<div class=\"wp-block-image\"><figure class=\"aligncenter size-large\"><img loading=\"lazy\" decoding=\"async\" width=\"85\" height=\"85\" src=\"https:\/\/adhilac.com.ar\/wp-content\/uploads\/2015\/02\/Logo-ADHILAC-Internacional-PEQ.jpg\" alt=\"\" class=\"wp-image-10473\"\/><\/figure><\/div>\n\n\n\n<p class=\"wp-block-paragraph\">Ver <a href=\"https:\/\/adhilac.com.ar\/?page_id=541\">Presentaci\u00f3n de ADHILAC<\/a><\/p>\n\n\n\n<div style=\"height:20px\" aria-hidden=\"true\" class=\"wp-block-spacer\"><\/div>\n\n\n\n<div class=\"wp-block-group\"><div class=\"wp-block-group__inner-container is-layout-flow wp-block-group-is-layout-flow\">\n<p class=\"has-text-align-center has-very-light-gray-color has-vivid-cyan-blue-background-color has-text-color has-background wp-block-paragraph\"><strong><a href=\"https:\/\/adhilac.com.ar\/?page_id=541\">QUIENES SOMOS<\/a><\/strong><\/p>\n\n\n\n<p class=\"has-text-align-center has-vivid-cyan-blue-color has-very-light-gray-background-color has-text-color has-background wp-block-paragraph\"><strong><a href=\"https:\/\/adhilac.com.ar\/?page_id=15507\">DIRECTIVA DE ADHILAC INTERNACIONAL<\/a><\/strong><\/p>\n\n\n\n<p class=\"has-text-align-center has-very-light-gray-color has-vivid-cyan-blue-background-color has-text-color has-background wp-block-paragraph\"><strong><a href=\"https:\/\/adhilac.com.ar\/?page_id=267\">Declaraci\u00f3n de Caracas de ADHILAC (2007)<\/a><\/strong><\/p>\n\n\n\n<p class=\"has-text-align-center has-vivid-cyan-blue-color has-very-light-gray-background-color has-text-color has-background wp-block-paragraph\"><strong><a href=\"https:\/\/adhilac.com.ar\/?page_id=15873\">ADHILAC: Historia &#8211; Historidorxs<\/a><\/strong><\/p>\n\n\n\n<p class=\"has-text-align-center has-very-light-gray-color has-vivid-cyan-blue-background-color has-text-color has-background wp-block-paragraph\"><strong><a href=\"https:\/\/adhilac.com.ar\/?page_id=15876\">ADHILAC 20 a\u00f1os despu\u00e9s (1974-1994)<\/a> <\/strong><\/p>\n\n\n\n<p class=\"has-text-align-center has-vivid-cyan-blue-color has-very-light-gray-background-color has-text-color has-background wp-block-paragraph\"><strong><a href=\"https:\/\/adhilac.com.ar\/?page_id=15861\">ADHILAC Breve Historia<\/a> <\/strong><\/p>\n\n\n\n<p class=\"has-text-align-center has-very-light-gray-color has-vivid-cyan-blue-background-color has-text-color has-background wp-block-paragraph\"><strong><a href=\"https:\/\/adhilac.com.ar\/?page_id=15887\">ADHILAC: Miembrxs fundadores<\/a><\/strong><\/p>\n\n\n\n<p class=\"has-text-align-center has-vivid-cyan-blue-color has-very-light-gray-background-color has-text-color has-background wp-block-paragraph\"><strong><a href=\"https:\/\/adhilac.com.ar\/?page_id=15943\">ADHILAC: Historiadorxs Destacadxs<\/a><\/strong><\/p>\n\n\n\n<p class=\"has-text-align-center has-very-light-gray-color has-vivid-cyan-blue-background-color has-text-color has-background wp-block-paragraph\"><strong><a href=\"https:\/\/adhilac.com.ar\/?page_id=4779\">SOCIXS<\/a><\/strong><\/p>\n\n\n\n<p class=\"has-text-align-center has-vivid-cyan-blue-color has-very-light-gray-background-color has-text-color has-background wp-block-paragraph\"><strong><a href=\"https:\/\/adhilac.com.ar\/?page_id=263\">Estatutos de ADHILAC<\/a><\/strong><\/p>\n\n\n\n<p class=\"has-text-align-center has-very-light-gray-color has-vivid-cyan-blue-background-color has-text-color has-background wp-block-paragraph\"><strong><a href=\"https:\/\/adhilac.com.ar\/?page_id=8220\">BICENTENARIO<\/a><\/strong><\/p>\n\n\n\n<p class=\"has-text-align-center has-vivid-cyan-blue-color has-very-light-gray-background-color has-text-color has-background wp-block-paragraph\"><strong><a href=\"https:\/\/adhilac.com.ar\/?page_id=8279\">BIBLIOTECA<\/a><\/strong><\/p>\n\n\n\n<p class=\"has-text-align-center has-very-light-gray-color has-vivid-cyan-blue-background-color has-text-color has-background wp-block-paragraph\"><strong><a href=\"https:\/\/adhilac.com.ar\/?page_id=1698\">ENLACES<\/a> <\/strong><\/p>\n\n\n\n<p class=\"has-text-align-center has-vivid-cyan-blue-color has-very-light-gray-background-color has-text-color has-background wp-block-paragraph\"><a href=\"http:\/\/www.ariadnatucma.com.ar\">VISITE ARIADNA TUCMA REVISTA LATINOAMERICANA<\/a><\/p>\n<\/div><\/div>\n","protected":false},"excerpt":{"rendered":"<p>Sergio Guerra Vilaboy La reforma liberal encabezada por Jos\u00e9 Santos Zelaya en Nicaragua fue, junto a la de Eloy Alfaro en Ecuador en 1895, que ya comentamos en una nota de Madre Am\u00e9rica, las dos \u00faltimas del siglo XIX.&nbsp;<\/p>\n","protected":false},"author":17,"featured_media":0,"comment_status":"closed","ping_status":"closed","sticky":false,"template":"","format":"standard","meta":{"_crdt_document":"","footnotes":""},"categories":[15],"tags":[369],"class_list":["post-16709","post","type-post","status-publish","format-standard","hentry","category-historia","tag-nicaragua"],"_links":{"self":[{"href":"https:\/\/adhilac.com.ar\/index.php?rest_route=\/wp\/v2\/posts\/16709","targetHints":{"allow":["GET"]}}],"collection":[{"href":"https:\/\/adhilac.com.ar\/index.php?rest_route=\/wp\/v2\/posts"}],"about":[{"href":"https:\/\/adhilac.com.ar\/index.php?rest_route=\/wp\/v2\/types\/post"}],"author":[{"embeddable":true,"href":"https:\/\/adhilac.com.ar\/index.php?rest_route=\/wp\/v2\/users\/17"}],"replies":[{"embeddable":true,"href":"https:\/\/adhilac.com.ar\/index.php?rest_route=%2Fwp%2Fv2%2Fcomments&post=16709"}],"version-history":[{"count":4,"href":"https:\/\/adhilac.com.ar\/index.php?rest_route=\/wp\/v2\/posts\/16709\/revisions"}],"predecessor-version":[{"id":16788,"href":"https:\/\/adhilac.com.ar\/index.php?rest_route=\/wp\/v2\/posts\/16709\/revisions\/16788"}],"wp:attachment":[{"href":"https:\/\/adhilac.com.ar\/index.php?rest_route=%2Fwp%2Fv2%2Fmedia&parent=16709"}],"wp:term":[{"taxonomy":"category","embeddable":true,"href":"https:\/\/adhilac.com.ar\/index.php?rest_route=%2Fwp%2Fv2%2Fcategories&post=16709"},{"taxonomy":"post_tag","embeddable":true,"href":"https:\/\/adhilac.com.ar\/index.php?rest_route=%2Fwp%2Fv2%2Ftags&post=16709"}],"curies":[{"name":"wp","href":"https:\/\/api.w.org\/{rel}","templated":true}]}}